{"id":1366,"date":"2011-11-09T16:36:08","date_gmt":"2011-11-09T16:36:08","guid":{"rendered":"https:\/\/www.noidiqua.it\/Montale\/?p=1366"},"modified":"2023-08-01T11:59:57","modified_gmt":"2023-08-01T09:59:57","slug":"appunti-di-redazione-2","status":"publish","type":"post","link":"https:\/\/www.noidiqua.it\/Montale\/appunti-di-redazione-2\/","title":{"rendered":"Appunti di Redazione"},"content":{"rendered":"<p style=\"text-align: justify;\"><em>di Giancarlo Zampini<\/em><\/p>\n<p style=\"text-align: justify;\"><em>novembre 2011<\/em><\/p>\n<p><a href=\"https:\/\/www.noidiqua.it\/Montale\/wp-content\/uploads\/2015\/12\/logo-Natale.png\" rel=\"wp-prettyPhoto[1366]\"><img loading=\"lazy\" decoding=\"async\" class=\"aligncenter size-full wp-image-7114\" src=\"https:\/\/www.noidiqua.it\/Montale\/wp-content\/uploads\/2015\/12\/logo-Natale.png\" alt=\"\" width=\"505\" height=\"356\" srcset=\"https:\/\/www.noidiqua.it\/Montale\/wp-content\/uploads\/2015\/12\/logo-Natale.png 505w, https:\/\/www.noidiqua.it\/Montale\/wp-content\/uploads\/2015\/12\/logo-Natale-300x211.png 300w\" sizes=\"auto, (max-width: 505px) 100vw, 505px\" \/><\/a><\/p>\n<p style=\"text-align: justify;\">\n<p style=\"text-align: justify;\">Siamo quasi a <em>Natale<\/em>\u2026auguri, questo \u00e8 il III\u00b0 numero di Noidiqua. Sembra ieri quando arrivammo nelle vostre case in punta di piedi, con un po\u2019 di timore, ottimisti visto i buoni risultati ottenuti con l\u2019edizione di Quarrata, ma anche per la squadra di collaboratori di valore come<em> Giacono Bini<\/em> e <em>Piera Salvi<\/em>. Tante cose sono cambiate in questi mesi, non solo nella Piana Pistoiese ma in tutta Italia, per questo mi trovo costretto ad affrontare temi che mai avrei voluto: mi riferisco alla crisi economica che attraversa il nostro paese. Proprio mentre scrivo, Berlusconi \u00e8 caduto, Mario Monti ricopre l\u2019incarico di primo ministro alla guida di un nuovo governo tecnico, niente elezioni quindi.<\/p>\n<p style=\"text-align: justify;\">Noi entriamo con la nostra pubblicazione in tutte le famiglie, a cui va il nostro pensiero perch\u00e9, come sempre accade, saranno loro a pagare il prezzo pi\u00f9 alto di questa crisi portata avanti ed alimentata da politici, banchieri e speculatori, non da muratori, falegnami, tessitori, contadini, ecc. Per questo sar\u00e0 un Natale fra i pi\u00f9 grigi degli ultimi anni, nelle famiglie\u2026.normali, figuriamoci dove ci sono padri o madri a cassa integrazione, uno o pi\u00f9 figli disoccupati, anziani con la pensione al minimo, spesso anche malati. Purtroppo sar\u00e0 un Natale grigio anche per le famiglie monoreddito, quelle che prima dell\u2019euro potevano vantare un certo benessere, dove entrava un paio di milioni al mese. Dal 2001 queste famiglie sono diventate povere, il cambio della moneta ha dimezzato il valore, con 1000 euro una famiglia non pu\u00f2 vivere dignitosamente, deve rinunciare a molte cose, difficile rimanere nella soglia della dignit\u00e0. Ma c\u2019\u00e8 anche un altro problema, quello dell\u2019occupazione giovanile, i nostri figli trovano lavoro con difficolt\u00e0, andranno in pensione a 70 anni con qualche spicciolo, avranno un futuro nero come la pece se le cose non cambiano.<\/p>\n<p style=\"text-align: justify;\">Ma voi gente con i capelli bianchi, di Montale, Agliana, lo capite bene, avete vissuto il famoso \u201cmiracolo economico\u201d degli anni 60, un periodo dove si poteva cambiare lavoro una volta al mese tanta era l\u2019offerta, ma ancora di pi\u00f9 erano quelli che mettevano in piedi un\u2019azienda artigiana di maglieria o tessile non faceva differenza. C\u2019\u00e8ra la voglia e la possibilit\u00e0 di fare impresa, pochi diritti, ma anche pochi doveri, 12 e pi\u00f9 ore al giorno di lavoro, in molti si sono costruiti una casa lavorando alla Domenica facendo il manovale all\u2019amico o parente muratore. Ma oggi chi \u00e8 quel pazzo che mette in piedi un\u2019azienda? Non fai a tempo ad aprire che sei sommerso di spese, tasse ed adempimenti. Ma se le aziende non nascono chi crea i posti di lavoro? Certamente no lo stato, considerato che abbiamo troppi dipendenti pubblici e le aziende di cui fa parte, vedi Le Poste, Ferrovie, ecc, fanno acqua da tutte le parti! Allora cari amici, <em>\u201cBuon Natale\u201d<\/em>, da una rivista che non pagate nemmeno un centesimo grazie agli inserzionisti pubblicitari, da un editore come Massimo Cappelli che \u00e8 contento quando non ci rimette, da una squadra che nel quotidiano si guadagna da vivere con un altro lavoro.<\/p>\n<p style=\"text-align: justify;\">","protected":false},"excerpt":{"rendered":"<p>di Giancarlo Zampini novembre 2011 Siamo quasi a Natale\u2026auguri, questo \u00e8 il III\u00b0 numero di Noidiqua. Sembra ieri quando arrivammo nelle vostre case in punta di piedi, con un po\u2019 di timore, ottimisti visto i buoni risultati ottenuti con l\u2019edizione di Quarrata, ma anche per la squadra di collaboratori di valore come Giacono Bini [&hellip;]<\/p>","protected":false},"author":4,"featured_media":0,"comment_status":"open","ping_status":"open","sticky":false,"template":"","format":"standard","meta":{"footnotes":""},"categories":[14,7],"tags":[91,995,113,125,126],"class_list":["post-1366","post","type-post","status-publish","format-standard","hentry","category-appuntired","category-mt","tag-il-montalese","tag-mt","tag-noidiqua","tag-quarrata","tag-redazionale"],"yoast_head":"<!-- This site is optimized with the Yoast SEO plugin v25.5 - https:\/\/yoast.com\/wordpress\/plugins\/seo\/ -->\n<title>Appunti di Redazione - Noi di Qua Testata giornalistica e di attualit\u00e0 di Agliana, Montale e Quarrata.<\/title>\n<meta name=\"robots\" content=\"index, follow, max-snippet:-1, max-image-preview:large, max-video-preview:-1\" \/>\n<link rel=\"canonical\" href=\"https:\/\/www.noidiqua.it\/Montale\/appunti-di-redazione-2\/\" \/>\n<meta property=\"og:locale\" content=\"it_IT\" \/>\n<meta property=\"og:type\" content=\"article\" \/>\n<meta property=\"og:title\" content=\"Appunti di Redazione - Noi di Qua Testata giornalistica e di attualit\u00e0 di Agliana, Montale e Quarrata.\" \/>\n<meta property=\"og:description\" content=\"di Giancarlo Zampini novembre 2011 Siamo quasi a Natale\u2026auguri, questo \u00e8 il III\u00b0 numero di Noidiqua. Sembra ieri quando arrivammo nelle vostre case in punta di piedi, con un po\u2019 di timore, ottimisti visto i buoni risultati ottenuti con l\u2019edizione di Quarrata, ma anche per la squadra di collaboratori di valore come Giacono Bini [&hellip;]\" \/>\n<meta property=\"og:url\" content=\"https:\/\/www.noidiqua.it\/Montale\/appunti-di-redazione-2\/\" \/>\n<meta property=\"og:site_name\" content=\"Noi di Qua Testata giornalistica e di attualit\u00e0 di Agliana, Montale e Quarrata.\" \/>\n<meta property=\"article:publisher\" content=\"https:\/\/www.facebook.com\/noidiqua.trimestrale\/\" \/>\n<meta property=\"article:published_time\" content=\"2011-11-09T16:36:08+00:00\" \/>\n<meta property=\"article:modified_time\" content=\"2023-08-01T09:59:57+00:00\" \/>\n<meta property=\"og:image\" content=\"https:\/\/www.noidiqua.it\/Montale\/wp-content\/uploads\/2015\/12\/logo-Natale.png\" \/>\n<meta name=\"author\" content=\"Giancarlo Zampini\" \/>\n<meta name=\"twitter:label1\" content=\"Scritto da\" \/>\n\t<meta name=\"twitter:data1\" content=\"Giancarlo Zampini\" \/>\n\t<meta name=\"twitter:label2\" content=\"Tempo di lettura stimato\" \/>\n\t<meta name=\"twitter:data2\" content=\"3 minuti\" \/>\n<script type=\"application\/ld+json\" class=\"yoast-schema-graph\">{\"@context\":\"https:\/\/schema.org\",\"@graph\":[{\"@type\":\"WebPage\",\"@id\":\"https:\/\/www.noidiqua.it\/Montale\/appunti-di-redazione-2\/\",\"url\":\"https:\/\/www.noidiqua.it\/Montale\/appunti-di-redazione-2\/\",\"name\":\"Appunti di Redazione - Noi di Qua Testata giornalistica e di attualit\u00e0 di Agliana, Montale e Quarrata.\",\"isPartOf\":{\"@id\":\"https:\/\/www.noidiqua.it\/Montale\/#website\"},\"primaryImageOfPage\":{\"@id\":\"https:\/\/www.noidiqua.it\/Montale\/appunti-di-redazione-2\/#primaryimage\"},\"image\":{\"@id\":\"https:\/\/www.noidiqua.it\/Montale\/appunti-di-redazione-2\/#primaryimage\"},\"thumbnailUrl\":\"https:\/\/www.noidiqua.it\/Montale\/wp-content\/uploads\/2015\/12\/logo-Natale.png\",\"datePublished\":\"2011-11-09T16:36:08+00:00\",\"dateModified\":\"2023-08-01T09:59:57+00:00\",\"author\":{\"@id\":\"https:\/\/www.noidiqua.it\/Montale\/#\/schema\/person\/30e3bbc8170470508bc65df034405391\"},\"breadcrumb\":{\"@id\":\"https:\/\/www.noidiqua.it\/Montale\/appunti-di-redazione-2\/#breadcrumb\"},\"inLanguage\":\"it-IT\",\"potentialAction\":[{\"@type\":\"ReadAction\",\"target\":[\"https:\/\/www.noidiqua.it\/Montale\/appunti-di-redazione-2\/\"]}]},{\"@type\":\"ImageObject\",\"inLanguage\":\"it-IT\",\"@id\":\"https:\/\/www.noidiqua.it\/Montale\/appunti-di-redazione-2\/#primaryimage\",\"url\":\"https:\/\/www.noidiqua.it\/Montale\/wp-content\/uploads\/2015\/12\/logo-Natale.png\",\"contentUrl\":\"https:\/\/www.noidiqua.it\/Montale\/wp-content\/uploads\/2015\/12\/logo-Natale.png\",\"width\":505,\"height\":356},{\"@type\":\"BreadcrumbList\",\"@id\":\"https:\/\/www.noidiqua.it\/Montale\/appunti-di-redazione-2\/#breadcrumb\",\"itemListElement\":[{\"@type\":\"ListItem\",\"position\":1,\"name\":\"Home\",\"item\":\"https:\/\/www.noidiqua.it\/Montale\/\"},{\"@type\":\"ListItem\",\"position\":2,\"name\":\"Appunti di Redazione\"}]},{\"@type\":\"WebSite\",\"@id\":\"https:\/\/www.noidiqua.it\/Montale\/#website\",\"url\":\"https:\/\/www.noidiqua.it\/Montale\/\",\"name\":\"Noi di Qua Testata giornalistica e di attualit\u00e0 di Agliana, Montale e Quarrata.\",\"description\":\"Testata Giornalistica Quarrata Montale Agliana\",\"potentialAction\":[{\"@type\":\"SearchAction\",\"target\":{\"@type\":\"EntryPoint\",\"urlTemplate\":\"https:\/\/www.noidiqua.it\/Montale\/?s={search_term_string}\"},\"query-input\":{\"@type\":\"PropertyValueSpecification\",\"valueRequired\":true,\"valueName\":\"search_term_string\"}}],\"inLanguage\":\"it-IT\"},{\"@type\":\"Person\",\"@id\":\"https:\/\/www.noidiqua.it\/Montale\/#\/schema\/person\/30e3bbc8170470508bc65df034405391\",\"name\":\"Giancarlo Zampini\",\"image\":{\"@type\":\"ImageObject\",\"inLanguage\":\"it-IT\",\"@id\":\"https:\/\/www.noidiqua.it\/Montale\/#\/schema\/person\/image\/\",\"url\":\"https:\/\/secure.gravatar.com\/avatar\/a23c75f41ddbdd13c745a6311eb76767e5935fb545b70acfa28c4c6b2a3396fe?s=96&d=mm&r=g\",\"contentUrl\":\"https:\/\/secure.gravatar.com\/avatar\/a23c75f41ddbdd13c745a6311eb76767e5935fb545b70acfa28c4c6b2a3396fe?s=96&d=mm&r=g\",\"caption\":\"Giancarlo Zampini\"},\"url\":\"https:\/\/www.noidiqua.it\/Montale\/author\/giancarlo-zampini\/\"}]}<\/script>\n<!-- \/ Yoast SEO plugin. -->","yoast_head_json":{"title":"Appunti di Redazione - Noi di Qua Testata giornalistica e di attualit\u00e0 di Agliana, Montale e Quarrata.","robots":{"index":"index","follow":"follow","max-snippet":"max-snippet:-1","max-image-preview":"max-image-preview:large","max-video-preview":"max-video-preview:-1"},"canonical":"https:\/\/www.noidiqua.it\/Montale\/appunti-di-redazione-2\/","og_locale":"it_IT","og_type":"article","og_title":"Appunti di Redazione - Noi di Qua Testata giornalistica e di attualit\u00e0 di Agliana, Montale e Quarrata.","og_description":"di Giancarlo Zampini novembre 2011 Siamo quasi a Natale\u2026auguri, questo \u00e8 il III\u00b0 numero di Noidiqua. Sembra ieri quando arrivammo nelle vostre case in punta di piedi, con un po\u2019 di timore, ottimisti visto i buoni risultati ottenuti con l\u2019edizione di Quarrata, ma anche per la squadra di collaboratori di valore come Giacono Bini [&hellip;]","og_url":"https:\/\/www.noidiqua.it\/Montale\/appunti-di-redazione-2\/","og_site_name":"Noi di Qua Testata giornalistica e di attualit\u00e0 di Agliana, Montale e Quarrata.","article_publisher":"https:\/\/www.facebook.com\/noidiqua.trimestrale\/","article_published_time":"2011-11-09T16:36:08+00:00","article_modified_time":"2023-08-01T09:59:57+00:00","og_image":[{"url":"https:\/\/www.noidiqua.it\/Montale\/wp-content\/uploads\/2015\/12\/logo-Natale.png","type":"","width":"","height":""}],"author":"Giancarlo Zampini","twitter_misc":{"Scritto da":"Giancarlo Zampini","Tempo di lettura stimato":"3 minuti"},"schema":{"@context":"https:\/\/schema.org","@graph":[{"@type":"WebPage","@id":"https:\/\/www.noidiqua.it\/Montale\/appunti-di-redazione-2\/","url":"https:\/\/www.noidiqua.it\/Montale\/appunti-di-redazione-2\/","name":"Appunti di Redazione - Noi di Qua Testata giornalistica e di attualit\u00e0 di Agliana, Montale e Quarrata.","isPartOf":{"@id":"https:\/\/www.noidiqua.it\/Montale\/#website"},"primaryImageOfPage":{"@id":"https:\/\/www.noidiqua.it\/Montale\/appunti-di-redazione-2\/#primaryimage"},"image":{"@id":"https:\/\/www.noidiqua.it\/Montale\/appunti-di-redazione-2\/#primaryimage"},"thumbnailUrl":"https:\/\/www.noidiqua.it\/Montale\/wp-content\/uploads\/2015\/12\/logo-Natale.png","datePublished":"2011-11-09T16:36:08+00:00","dateModified":"2023-08-01T09:59:57+00:00","author":{"@id":"https:\/\/www.noidiqua.it\/Montale\/#\/schema\/person\/30e3bbc8170470508bc65df034405391"},"breadcrumb":{"@id":"https:\/\/www.noidiqua.it\/Montale\/appunti-di-redazione-2\/#breadcrumb"},"inLanguage":"it-IT","potentialAction":[{"@type":"ReadAction","target":["https:\/\/www.noidiqua.it\/Montale\/appunti-di-redazione-2\/"]}]},{"@type":"ImageObject","inLanguage":"it-IT","@id":"https:\/\/www.noidiqua.it\/Montale\/appunti-di-redazione-2\/#primaryimage","url":"https:\/\/www.noidiqua.it\/Montale\/wp-content\/uploads\/2015\/12\/logo-Natale.png","contentUrl":"https:\/\/www.noidiqua.it\/Montale\/wp-content\/uploads\/2015\/12\/logo-Natale.png","width":505,"height":356},{"@type":"BreadcrumbList","@id":"https:\/\/www.noidiqua.it\/Montale\/appunti-di-redazione-2\/#breadcrumb","itemListElement":[{"@type":"ListItem","position":1,"name":"Home","item":"https:\/\/www.noidiqua.it\/Montale\/"},{"@type":"ListItem","position":2,"name":"Appunti di Redazione"}]},{"@type":"WebSite","@id":"https:\/\/www.noidiqua.it\/Montale\/#website","url":"https:\/\/www.noidiqua.it\/Montale\/","name":"Noi di Qua Testata giornalistica e di attualit\u00e0 di Agliana, Montale e Quarrata.","description":"Testata Giornalistica Quarrata Montale Agliana","potentialAction":[{"@type":"SearchAction","target":{"@type":"EntryPoint","urlTemplate":"https:\/\/www.noidiqua.it\/Montale\/?s={search_term_string}"},"query-input":{"@type":"PropertyValueSpecification","valueRequired":true,"valueName":"search_term_string"}}],"inLanguage":"it-IT"},{"@type":"Person","@id":"https:\/\/www.noidiqua.it\/Montale\/#\/schema\/person\/30e3bbc8170470508bc65df034405391","name":"Giancarlo Zampini","image":{"@type":"ImageObject","inLanguage":"it-IT","@id":"https:\/\/www.noidiqua.it\/Montale\/#\/schema\/person\/image\/","url":"https:\/\/secure.gravatar.com\/avatar\/a23c75f41ddbdd13c745a6311eb76767e5935fb545b70acfa28c4c6b2a3396fe?s=96&d=mm&r=g","contentUrl":"https:\/\/secure.gravatar.com\/avatar\/a23c75f41ddbdd13c745a6311eb76767e5935fb545b70acfa28c4c6b2a3396fe?s=96&d=mm&r=g","caption":"Giancarlo Zampini"},"url":"https:\/\/www.noidiqua.it\/Montale\/author\/giancarlo-zampini\/"}]}},"_links":{"self":[{"href":"https:\/\/www.noidiqua.it\/Montale\/wp-json\/wp\/v2\/posts\/1366","targetHints":{"allow":["GET"]}}],"collection":[{"href":"https:\/\/www.noidiqua.it\/Montale\/wp-json\/wp\/v2\/posts"}],"about":[{"href":"https:\/\/www.noidiqua.it\/Montale\/wp-json\/wp\/v2\/types\/post"}],"author":[{"embeddable":true,"href":"https:\/\/www.noidiqua.it\/Montale\/wp-json\/wp\/v2\/users\/4"}],"replies":[{"embeddable":true,"href":"https:\/\/www.noidiqua.it\/Montale\/wp-json\/wp\/v2\/comments?post=1366"}],"version-history":[{"count":4,"href":"https:\/\/www.noidiqua.it\/Montale\/wp-json\/wp\/v2\/posts\/1366\/revisions"}],"predecessor-version":[{"id":8177,"href":"https:\/\/www.noidiqua.it\/Montale\/wp-json\/wp\/v2\/posts\/1366\/revisions\/8177"}],"wp:attachment":[{"href":"https:\/\/www.noidiqua.it\/Montale\/wp-json\/wp\/v2\/media?parent=1366"}],"wp:term":[{"taxonomy":"category","embeddable":true,"href":"https:\/\/www.noidiqua.it\/Montale\/wp-json\/wp\/v2\/categories?post=1366"},{"taxonomy":"post_tag","embeddable":true,"href":"https:\/\/www.noidiqua.it\/Montale\/wp-json\/wp\/v2\/tags?post=1366"}],"curies":[{"name":"wp","href":"https:\/\/api.w.org\/{rel}","templated":true}]}}