{"id":1548,"date":"2012-02-16T10:29:07","date_gmt":"2012-02-16T10:29:07","guid":{"rendered":"https:\/\/www.noidiqua.it\/Montale\/?p=1548"},"modified":"2023-07-28T09:56:26","modified_gmt":"2023-07-28T07:56:26","slug":"sergio-brio-storia-di-un-campione","status":"publish","type":"post","link":"https:\/\/www.noidiqua.it\/Montale\/sergio-brio-storia-di-un-campione\/","title":{"rendered":"Sergio Brio &#8211; storia di un campione"},"content":{"rendered":"<p style=\"text-align: justify;\"><em>di Giacomo Bini. Foto:<a href=\"http:\/\/www.bellinigabriele.it\/\"> bellinigabriele.it<\/a><\/em><\/p>\n<p style=\"text-align: justify;\"><em><span style=\"color: #000000;\">febbraio 2012<\/span><\/em><\/p>\n<p><a href=\"https:\/\/www.noidiqua.it\/Montale\/wp-content\/uploads\/2012\/02\/brio-1.png\" rel=\"wp-prettyPhoto[1548]\"><img loading=\"lazy\" decoding=\"async\" class=\"aligncenter size-full wp-image-8131\" src=\"https:\/\/www.noidiqua.it\/Montale\/wp-content\/uploads\/2012\/02\/brio-1.png\" alt=\"\" width=\"505\" height=\"442\" srcset=\"https:\/\/www.noidiqua.it\/Montale\/wp-content\/uploads\/2012\/02\/brio-1.png 505w, https:\/\/www.noidiqua.it\/Montale\/wp-content\/uploads\/2012\/02\/brio-1-300x263.png 300w\" sizes=\"auto, (max-width: 505px) 100vw, 505px\" \/><\/a><\/p>\n<p><span style=\"color: #000000;\">Parli con<strong> Sergio Brio<\/strong> e capisci subito che lo <strong>\u201cStile Juve\u201d<\/strong> non \u00e8 solo forma, ma un abito di vita, che una volta indossato non si lascia pi\u00f9. La Juventus per Brio pi\u00f9 che una maglia, \u00e8 <em>&lt;&lt;un posto dove ti insegnano a stare al mondo, ti fanno capire che proprio perch\u00e9 sei famoso e ricco, hai il dovere di avere rispetto verso gli altri&gt;&gt;<\/em>. Anche per questo, oltre che per i tanti trofei conquistati, lo stopper titolare bianconero degli anni settanta e ottanta \u00e8 stato inserito tra le \u201c50 Stelle di tutti i tempi\u201d nella cerimonia d\u2019inaugurazione del nuovo stadio della Juve a <strong>Torino<\/strong>. <em>&lt;&lt;Con me c\u2019era tutta la squadra degli anni ottanta&gt;&gt;<\/em> spiega Sergio <em>&lt;&lt;non solo perch\u00e9 quella formazione ha vinto tutto, ma soprattutto perch\u00e9 era fatta di grandi uomini oltre che di grandi calciatori, persone serie, che hanno lasciato il segno nella\u00a0memoria di tutti. Quando andiamo allo stadio anche oggi ci fermano sempre, perch\u00e9 la gente sa che giocavamo per un ideale, per una passione e non, come accade spesso oggi, solo per soldi. Quando <strong>Trapattoni<\/strong> era allenatore dell\u2019<strong>Inter<\/strong>, mi voleva in nerazzurro ma rifiutai, perch\u00e9 non avevo dimenticato che<strong> Boniperti<\/strong>, anni prima, mi aveva rinnovato il contratto alla Juve quando ero infortunato&gt;&gt;<\/em>. Pi\u00f9 che i trofei, sono questi i valori che saldano per sempre rapporti di stima e amicizia. <em>&lt;&lt;Ogni settimana mi sento per telefono con Boniperti&gt;&gt;<\/em> rivela Sergio <em>&lt;&lt;e anche con <strong>Cabrini<\/strong>, <strong>Bonini<\/strong>, <strong>Causio<\/strong>. Sono persone con cui ho vissuto insieme ogni giorno per sedici anni. L\u2019unico rammarico \u00e8 la mancanza di <strong>Gaetano Scirea<\/strong>, un amico straordinario con cui sono stato fianco a fianco per tantissimi anni e il cui ricordo non mi abbandona mai&gt;&gt;<\/em>.<\/span><\/p>\n<p style=\"text-align: justify;\">\n<p><a href=\"https:\/\/www.noidiqua.it\/Montale\/wp-content\/uploads\/2012\/02\/brio-3.png\" rel=\"wp-prettyPhoto[1548]\"><img loading=\"lazy\" decoding=\"async\" class=\"aligncenter size-full wp-image-8132\" src=\"https:\/\/www.noidiqua.it\/Montale\/wp-content\/uploads\/2012\/02\/brio-3.png\" alt=\"\" width=\"325\" height=\"399\" srcset=\"https:\/\/www.noidiqua.it\/Montale\/wp-content\/uploads\/2012\/02\/brio-3.png 325w, https:\/\/www.noidiqua.it\/Montale\/wp-content\/uploads\/2012\/02\/brio-3-244x300.png 244w\" sizes=\"auto, (max-width: 325px) 100vw, 325px\" \/><\/a><\/p>\n<p style=\"text-align: justify;\"><span style=\"color: #000000;\">La Juve per Brio \u00e8 come una seconda famiglia dopo quella che ha formato a <strong>Montale<\/strong> sposando <strong>Elisabetta Bertini<\/strong> che ha conosciuto quando giocava nella <strong>Pistoiese<\/strong>. Ora Brio vive tra Pistoia, dove gestisce delle agenzie immobiliari, e <strong>Roma<\/strong>, dove lavora nel campo della comunicazione come opinionista a T9 e nella rete GBR in un programma il cui titolo potrebbe essere l\u2019insegna della sua vita: <em>&lt;&lt;La Juve \u00e8 sempre la Juve&gt;&gt;<\/em>. <\/span><\/p>\n<p style=\"text-align: justify;\"><span style=\"color: #000000;\">La sua carriera di calciatore \u00e8 cos\u00ec ricca di successi da fare impressione: quattro scudetti, una coppa dei Campioni, una coppa intercontinentale, altre tre coppe europee, tre coppe Italia e, nel 1977, un campionato di Serie C vinto con la Pistoiese. Di alto livello anche le esperienze in panchina, come vice-allenatore di Trapattoni alla Juve e al <strong>Cagliari<\/strong> e come tecnico al <strong>Mons<\/strong> in <strong>Belgio<\/strong>. Eppure come opinionista Sergio Brio non ama salire in cattedra e trinciare giudizi sommari. <em>&lt;&lt;Cerco sempre di mettermi dalla parte dei giocatori&gt;&gt;<\/em> dice <em>&lt;&lt;perch\u00e9 so quali sono le difficolt\u00e0 in campo e nello spogliatoio. Come commentatore ho seguito i travagli della Juve negli ultimi anni, ma sempre senza infierire, con affetto. Ora le cose vanno bene, sono certo che la Juve lotter\u00e0 fino in fondo quest\u2019anno e mi auguro che vinca&gt;&gt;<\/em>. E\u2019 tornato lo spirito dei tempi d\u2019oro? <em>&lt;&lt;Antonio Conte l\u2019ho fatto prendere io a Boniperti nel 1991, \u00e8 un uomo che viene da quella scuola&gt;&gt;<\/em>.<\/span><\/p>\n<p><a href=\"https:\/\/www.noidiqua.it\/Montale\/wp-content\/uploads\/2012\/02\/brio-2.png\" rel=\"wp-prettyPhoto[1548]\"><img loading=\"lazy\" decoding=\"async\" class=\"aligncenter size-full wp-image-8133\" src=\"https:\/\/www.noidiqua.it\/Montale\/wp-content\/uploads\/2012\/02\/brio-2.png\" alt=\"\" width=\"373\" height=\"396\" srcset=\"https:\/\/www.noidiqua.it\/Montale\/wp-content\/uploads\/2012\/02\/brio-2.png 373w, https:\/\/www.noidiqua.it\/Montale\/wp-content\/uploads\/2012\/02\/brio-2-283x300.png 283w\" sizes=\"auto, (max-width: 373px) 100vw, 373px\" \/><\/a><\/p>\n<p style=\"text-align: justify;\">","protected":false},"excerpt":{"rendered":"<p>di Giacomo Bini. Foto: bellinigabriele.it febbraio 2012 Parli con Sergio Brio e capisci subito che lo \u201cStile Juve\u201d non \u00e8 solo forma, ma un abito di vita, che una volta indossato non si lascia pi\u00f9. La Juventus per Brio pi\u00f9 che una maglia, \u00e8 &lt;&lt;un posto dove ti insegnano a stare al mondo, ti [&hellip;]<\/p>","protected":false},"author":12,"featured_media":0,"comment_status":"open","ping_status":"open","sticky":false,"template":"","format":"standard","meta":{"footnotes":""},"categories":[171,7,17],"tags":[50,91,995,113,146,151],"class_list":["post-1548","post","type-post","status-publish","format-standard","hentry","category-lo-sport-di-qua","category-mt","category-sport-qt","tag-calcio","tag-il-montalese","tag-mt","tag-noidiqua","tag-sergio-brio","tag-sport-e-spettacolo"],"yoast_head":"<!-- This site is optimized with the Yoast SEO plugin v25.5 - https:\/\/yoast.com\/wordpress\/plugins\/seo\/ -->\n<title>Sergio Brio - storia di un campione - Noi di Qua Testata giornalistica e di attualit\u00e0 di Agliana, Montale e Quarrata.<\/title>\n<meta name=\"robots\" content=\"index, follow, max-snippet:-1, max-image-preview:large, max-video-preview:-1\" \/>\n<link rel=\"canonical\" href=\"https:\/\/www.noidiqua.it\/Montale\/sergio-brio-storia-di-un-campione\/\" \/>\n<meta property=\"og:locale\" content=\"it_IT\" \/>\n<meta property=\"og:type\" content=\"article\" \/>\n<meta property=\"og:title\" content=\"Sergio Brio - storia di un campione - Noi di Qua Testata giornalistica e di attualit\u00e0 di Agliana, Montale e Quarrata.\" \/>\n<meta property=\"og:description\" content=\"di Giacomo Bini. Foto: bellinigabriele.it febbraio 2012 Parli con Sergio Brio e capisci subito che lo \u201cStile Juve\u201d non \u00e8 solo forma, ma un abito di vita, che una volta indossato non si lascia pi\u00f9. La Juventus per Brio pi\u00f9 che una maglia, \u00e8 &lt;&lt;un posto dove ti insegnano a stare al mondo, ti [&hellip;]\" \/>\n<meta property=\"og:url\" content=\"https:\/\/www.noidiqua.it\/Montale\/sergio-brio-storia-di-un-campione\/\" \/>\n<meta property=\"og:site_name\" content=\"Noi di Qua Testata giornalistica e di attualit\u00e0 di Agliana, Montale e Quarrata.\" \/>\n<meta property=\"article:publisher\" content=\"https:\/\/www.facebook.com\/noidiqua.trimestrale\/\" \/>\n<meta property=\"article:published_time\" content=\"2012-02-16T10:29:07+00:00\" \/>\n<meta property=\"article:modified_time\" content=\"2023-07-28T07:56:26+00:00\" \/>\n<meta property=\"og:image\" content=\"https:\/\/www.noidiqua.it\/Montale\/wp-content\/uploads\/2012\/02\/brio-1.png\" \/>\n<meta name=\"author\" content=\"Giacomo Bini\" \/>\n<meta name=\"twitter:label1\" content=\"Scritto da\" \/>\n\t<meta name=\"twitter:data1\" content=\"Giacomo Bini\" \/>\n\t<meta name=\"twitter:label2\" content=\"Tempo di lettura stimato\" \/>\n\t<meta name=\"twitter:data2\" content=\"3 minuti\" \/>\n<script type=\"application\/ld+json\" class=\"yoast-schema-graph\">{\"@context\":\"https:\/\/schema.org\",\"@graph\":[{\"@type\":\"WebPage\",\"@id\":\"https:\/\/www.noidiqua.it\/Montale\/sergio-brio-storia-di-un-campione\/\",\"url\":\"https:\/\/www.noidiqua.it\/Montale\/sergio-brio-storia-di-un-campione\/\",\"name\":\"Sergio Brio - storia di un campione - Noi di Qua Testata giornalistica e di attualit\u00e0 di Agliana, Montale e Quarrata.\",\"isPartOf\":{\"@id\":\"https:\/\/www.noidiqua.it\/Montale\/#website\"},\"primaryImageOfPage\":{\"@id\":\"https:\/\/www.noidiqua.it\/Montale\/sergio-brio-storia-di-un-campione\/#primaryimage\"},\"image\":{\"@id\":\"https:\/\/www.noidiqua.it\/Montale\/sergio-brio-storia-di-un-campione\/#primaryimage\"},\"thumbnailUrl\":\"https:\/\/www.noidiqua.it\/Montale\/wp-content\/uploads\/2012\/02\/brio-1.png\",\"datePublished\":\"2012-02-16T10:29:07+00:00\",\"dateModified\":\"2023-07-28T07:56:26+00:00\",\"author\":{\"@id\":\"https:\/\/www.noidiqua.it\/Montale\/#\/schema\/person\/e2e6f44da50af0dae9c90ad168e471a4\"},\"breadcrumb\":{\"@id\":\"https:\/\/www.noidiqua.it\/Montale\/sergio-brio-storia-di-un-campione\/#breadcrumb\"},\"inLanguage\":\"it-IT\",\"potentialAction\":[{\"@type\":\"ReadAction\",\"target\":[\"https:\/\/www.noidiqua.it\/Montale\/sergio-brio-storia-di-un-campione\/\"]}]},{\"@type\":\"ImageObject\",\"inLanguage\":\"it-IT\",\"@id\":\"https:\/\/www.noidiqua.it\/Montale\/sergio-brio-storia-di-un-campione\/#primaryimage\",\"url\":\"https:\/\/www.noidiqua.it\/Montale\/wp-content\/uploads\/2012\/02\/brio-1.png\",\"contentUrl\":\"https:\/\/www.noidiqua.it\/Montale\/wp-content\/uploads\/2012\/02\/brio-1.png\",\"width\":505,\"height\":442},{\"@type\":\"BreadcrumbList\",\"@id\":\"https:\/\/www.noidiqua.it\/Montale\/sergio-brio-storia-di-un-campione\/#breadcrumb\",\"itemListElement\":[{\"@type\":\"ListItem\",\"position\":1,\"name\":\"Home\",\"item\":\"https:\/\/www.noidiqua.it\/Montale\/\"},{\"@type\":\"ListItem\",\"position\":2,\"name\":\"Sergio Brio &#8211; storia di un campione\"}]},{\"@type\":\"WebSite\",\"@id\":\"https:\/\/www.noidiqua.it\/Montale\/#website\",\"url\":\"https:\/\/www.noidiqua.it\/Montale\/\",\"name\":\"Noi di Qua Testata giornalistica e di attualit\u00e0 di Agliana, Montale e Quarrata.\",\"description\":\"Testata Giornalistica Quarrata Montale Agliana\",\"potentialAction\":[{\"@type\":\"SearchAction\",\"target\":{\"@type\":\"EntryPoint\",\"urlTemplate\":\"https:\/\/www.noidiqua.it\/Montale\/?s={search_term_string}\"},\"query-input\":{\"@type\":\"PropertyValueSpecification\",\"valueRequired\":true,\"valueName\":\"search_term_string\"}}],\"inLanguage\":\"it-IT\"},{\"@type\":\"Person\",\"@id\":\"https:\/\/www.noidiqua.it\/Montale\/#\/schema\/person\/e2e6f44da50af0dae9c90ad168e471a4\",\"name\":\"Giacomo Bini\",\"image\":{\"@type\":\"ImageObject\",\"inLanguage\":\"it-IT\",\"@id\":\"https:\/\/www.noidiqua.it\/Montale\/#\/schema\/person\/image\/\",\"url\":\"https:\/\/secure.gravatar.com\/avatar\/e5c18ae41df5ae37397358f2c6046696187d51a120c5d0b8f0c49f7b606f46f4?s=96&d=mm&r=g\",\"contentUrl\":\"https:\/\/secure.gravatar.com\/avatar\/e5c18ae41df5ae37397358f2c6046696187d51a120c5d0b8f0c49f7b606f46f4?s=96&d=mm&r=g\",\"caption\":\"Giacomo Bini\"},\"url\":\"https:\/\/www.noidiqua.it\/Montale\/author\/giacomo-bini\/\"}]}<\/script>\n<!-- \/ Yoast SEO plugin. -->","yoast_head_json":{"title":"Sergio Brio - storia di un campione - Noi di Qua Testata giornalistica e di attualit\u00e0 di Agliana, Montale e Quarrata.","robots":{"index":"index","follow":"follow","max-snippet":"max-snippet:-1","max-image-preview":"max-image-preview:large","max-video-preview":"max-video-preview:-1"},"canonical":"https:\/\/www.noidiqua.it\/Montale\/sergio-brio-storia-di-un-campione\/","og_locale":"it_IT","og_type":"article","og_title":"Sergio Brio - storia di un campione - Noi di Qua Testata giornalistica e di attualit\u00e0 di Agliana, Montale e Quarrata.","og_description":"di Giacomo Bini. Foto: bellinigabriele.it febbraio 2012 Parli con Sergio Brio e capisci subito che lo \u201cStile Juve\u201d non \u00e8 solo forma, ma un abito di vita, che una volta indossato non si lascia pi\u00f9. La Juventus per Brio pi\u00f9 che una maglia, \u00e8 &lt;&lt;un posto dove ti insegnano a stare al mondo, ti [&hellip;]","og_url":"https:\/\/www.noidiqua.it\/Montale\/sergio-brio-storia-di-un-campione\/","og_site_name":"Noi di Qua Testata giornalistica e di attualit\u00e0 di Agliana, Montale e Quarrata.","article_publisher":"https:\/\/www.facebook.com\/noidiqua.trimestrale\/","article_published_time":"2012-02-16T10:29:07+00:00","article_modified_time":"2023-07-28T07:56:26+00:00","og_image":[{"url":"https:\/\/www.noidiqua.it\/Montale\/wp-content\/uploads\/2012\/02\/brio-1.png","type":"","width":"","height":""}],"author":"Giacomo Bini","twitter_misc":{"Scritto da":"Giacomo Bini","Tempo di lettura stimato":"3 minuti"},"schema":{"@context":"https:\/\/schema.org","@graph":[{"@type":"WebPage","@id":"https:\/\/www.noidiqua.it\/Montale\/sergio-brio-storia-di-un-campione\/","url":"https:\/\/www.noidiqua.it\/Montale\/sergio-brio-storia-di-un-campione\/","name":"Sergio Brio - storia di un campione - Noi di Qua Testata giornalistica e di attualit\u00e0 di Agliana, Montale e Quarrata.","isPartOf":{"@id":"https:\/\/www.noidiqua.it\/Montale\/#website"},"primaryImageOfPage":{"@id":"https:\/\/www.noidiqua.it\/Montale\/sergio-brio-storia-di-un-campione\/#primaryimage"},"image":{"@id":"https:\/\/www.noidiqua.it\/Montale\/sergio-brio-storia-di-un-campione\/#primaryimage"},"thumbnailUrl":"https:\/\/www.noidiqua.it\/Montale\/wp-content\/uploads\/2012\/02\/brio-1.png","datePublished":"2012-02-16T10:29:07+00:00","dateModified":"2023-07-28T07:56:26+00:00","author":{"@id":"https:\/\/www.noidiqua.it\/Montale\/#\/schema\/person\/e2e6f44da50af0dae9c90ad168e471a4"},"breadcrumb":{"@id":"https:\/\/www.noidiqua.it\/Montale\/sergio-brio-storia-di-un-campione\/#breadcrumb"},"inLanguage":"it-IT","potentialAction":[{"@type":"ReadAction","target":["https:\/\/www.noidiqua.it\/Montale\/sergio-brio-storia-di-un-campione\/"]}]},{"@type":"ImageObject","inLanguage":"it-IT","@id":"https:\/\/www.noidiqua.it\/Montale\/sergio-brio-storia-di-un-campione\/#primaryimage","url":"https:\/\/www.noidiqua.it\/Montale\/wp-content\/uploads\/2012\/02\/brio-1.png","contentUrl":"https:\/\/www.noidiqua.it\/Montale\/wp-content\/uploads\/2012\/02\/brio-1.png","width":505,"height":442},{"@type":"BreadcrumbList","@id":"https:\/\/www.noidiqua.it\/Montale\/sergio-brio-storia-di-un-campione\/#breadcrumb","itemListElement":[{"@type":"ListItem","position":1,"name":"Home","item":"https:\/\/www.noidiqua.it\/Montale\/"},{"@type":"ListItem","position":2,"name":"Sergio Brio &#8211; storia di un campione"}]},{"@type":"WebSite","@id":"https:\/\/www.noidiqua.it\/Montale\/#website","url":"https:\/\/www.noidiqua.it\/Montale\/","name":"Noi di Qua Testata giornalistica e di attualit\u00e0 di Agliana, Montale e Quarrata.","description":"Testata Giornalistica Quarrata Montale Agliana","potentialAction":[{"@type":"SearchAction","target":{"@type":"EntryPoint","urlTemplate":"https:\/\/www.noidiqua.it\/Montale\/?s={search_term_string}"},"query-input":{"@type":"PropertyValueSpecification","valueRequired":true,"valueName":"search_term_string"}}],"inLanguage":"it-IT"},{"@type":"Person","@id":"https:\/\/www.noidiqua.it\/Montale\/#\/schema\/person\/e2e6f44da50af0dae9c90ad168e471a4","name":"Giacomo Bini","image":{"@type":"ImageObject","inLanguage":"it-IT","@id":"https:\/\/www.noidiqua.it\/Montale\/#\/schema\/person\/image\/","url":"https:\/\/secure.gravatar.com\/avatar\/e5c18ae41df5ae37397358f2c6046696187d51a120c5d0b8f0c49f7b606f46f4?s=96&d=mm&r=g","contentUrl":"https:\/\/secure.gravatar.com\/avatar\/e5c18ae41df5ae37397358f2c6046696187d51a120c5d0b8f0c49f7b606f46f4?s=96&d=mm&r=g","caption":"Giacomo Bini"},"url":"https:\/\/www.noidiqua.it\/Montale\/author\/giacomo-bini\/"}]}},"_links":{"self":[{"href":"https:\/\/www.noidiqua.it\/Montale\/wp-json\/wp\/v2\/posts\/1548","targetHints":{"allow":["GET"]}}],"collection":[{"href":"https:\/\/www.noidiqua.it\/Montale\/wp-json\/wp\/v2\/posts"}],"about":[{"href":"https:\/\/www.noidiqua.it\/Montale\/wp-json\/wp\/v2\/types\/post"}],"author":[{"embeddable":true,"href":"https:\/\/www.noidiqua.it\/Montale\/wp-json\/wp\/v2\/users\/12"}],"replies":[{"embeddable":true,"href":"https:\/\/www.noidiqua.it\/Montale\/wp-json\/wp\/v2\/comments?post=1548"}],"version-history":[{"count":5,"href":"https:\/\/www.noidiqua.it\/Montale\/wp-json\/wp\/v2\/posts\/1548\/revisions"}],"predecessor-version":[{"id":8134,"href":"https:\/\/www.noidiqua.it\/Montale\/wp-json\/wp\/v2\/posts\/1548\/revisions\/8134"}],"wp:attachment":[{"href":"https:\/\/www.noidiqua.it\/Montale\/wp-json\/wp\/v2\/media?parent=1548"}],"wp:term":[{"taxonomy":"category","embeddable":true,"href":"https:\/\/www.noidiqua.it\/Montale\/wp-json\/wp\/v2\/categories?post=1548"},{"taxonomy":"post_tag","embeddable":true,"href":"https:\/\/www.noidiqua.it\/Montale\/wp-json\/wp\/v2\/tags?post=1548"}],"curies":[{"name":"wp","href":"https:\/\/api.w.org\/{rel}","templated":true}]}}