{"id":1571,"date":"2012-02-16T16:01:20","date_gmt":"2012-02-16T16:01:20","guid":{"rendered":"https:\/\/www.noidiqua.it\/Montale\/?p=1571"},"modified":"2023-07-28T10:45:04","modified_gmt":"2023-07-28T08:45:04","slug":"avis-comunale-montale-incontro-con-il-presidente-pasquale-rucci","status":"publish","type":"post","link":"https:\/\/www.noidiqua.it\/Montale\/avis-comunale-montale-incontro-con-il-presidente-pasquale-rucci\/","title":{"rendered":"Avis Comunale Montale &#8211; incontro con il presidente Pasquale Rucci"},"content":{"rendered":"<p><em>di David Colzi<\/em><\/p>\n<p><em>febbraio 2012<\/em><\/p>\n<p>&nbsp;<\/p>\n<p><a href=\"https:\/\/www.noidiqua.it\/Montale\/wp-content\/uploads\/2012\/02\/avis-3.png\" rel=\"wp-prettyPhoto[1571]\"><img loading=\"lazy\" decoding=\"async\" class=\"aligncenter size-full wp-image-8147\" src=\"https:\/\/www.noidiqua.it\/Montale\/wp-content\/uploads\/2012\/02\/avis-3.png\" alt=\"\" width=\"507\" height=\"371\" srcset=\"https:\/\/www.noidiqua.it\/Montale\/wp-content\/uploads\/2012\/02\/avis-3.png 507w, https:\/\/www.noidiqua.it\/Montale\/wp-content\/uploads\/2012\/02\/avis-3-300x220.png 300w\" sizes=\"auto, (max-width: 507px) 100vw, 507px\" \/><\/a><\/p>\n<p style=\"text-align: justify;\"><em>&lt;&lt;Per donare sangue non basta essere in salute, ma bisogna avere certi requisiti specifici, quindi chi ha questa fortuna \u201cdeve\u201d mettersi a disposizione degli altri, perch\u00e9 di sangue e plasma ce n\u2019\u00e8 sempre bisogno.&gt;&gt;<\/em> Con queste importanti parole, il presidente della sezione<strong> AVIS di Montale<\/strong>, <strong>Pasquale Rucci<\/strong> (Rudy per gli amici), ha iniziato a parlarci dell\u2019associazione che lo vede in carica come secondo presidente, mentre il primo \u00e8 stato sua moglie, <strong>Franca Bessi<\/strong>. I coniugi erano gi\u00e0 donatori per l\u2019Avis <strong>Quarrata<\/strong>, quando agli inizi del 2000, abitavano nella capitale del mobile. Poi nel 2004 si trasferirono a <strong>Montale<\/strong>, rendendosi conto che non c\u2019era una sezione AVIS, e siccome mancava anche ad <strong>Agliana<\/strong> (dove per\u00f2 \u00e8 presente la <strong>Fratres<\/strong>), Pasquale e Franca decisero di colmare la distanza con Quarrata, aprendo un centro nella nostra comunit\u00e0 il 14 novembre 2004. <em>&lt;&lt;Fondamentale&gt;&gt;<\/em> dice il Presidente\u00a0 Rucci <em>&lt;&lt;\u00e8 stato il sostegno di <strong>Carla Pecorin<\/strong>i della sezione AVIS Quarrata e del presidente provinciale <strong>Viviamo Tuci<\/strong>. Un grazie anche alla Croce d\u2019Oro che ci ha messo a disposizione alcuni dei suoi locali&gt;&gt;.<\/em><\/p>\n<p><a href=\"https:\/\/www.noidiqua.it\/Montale\/wp-content\/uploads\/2012\/02\/avis-4.png\" rel=\"wp-prettyPhoto[1571]\"><img loading=\"lazy\" decoding=\"async\" class=\"aligncenter size-full wp-image-8150\" src=\"https:\/\/www.noidiqua.it\/Montale\/wp-content\/uploads\/2012\/02\/avis-4.png\" alt=\"\" width=\"251\" height=\"395\" srcset=\"https:\/\/www.noidiqua.it\/Montale\/wp-content\/uploads\/2012\/02\/avis-4.png 251w, https:\/\/www.noidiqua.it\/Montale\/wp-content\/uploads\/2012\/02\/avis-4-191x300.png 191w\" sizes=\"auto, (max-width: 251px) 100vw, 251px\" \/><\/a><\/p>\n<p style=\"text-align: justify;\">Gi\u00e0 nella prima seduta, durante l\u2019inaugurazione, una ventina di montalesi (gi\u00e0 donatori) misero a disposizione \u201cle loro braccia\u201d per i primi prelievi e a fine giornata vennero fatte quattordici nuove adesioni. Da allora il numero \u00e8 sempre cresciuto e gi\u00e0 nel 2005 arrivarono novantasette nuovi donatori. Adesso la sezione AVIS di Montale ne conta quasi trecento effettivi, e cento ex donatori rimasti nell\u2019associazione. Questi numeri hanno permesso di chiudere il 2011 con cinquecentosettantaquattro prelievi. Altro dato interessante \u00e8 che negli ultimi tre anni, cio\u00e8 da quando \u00e8 in carica Pasquale Rucci, l\u2019et\u00e0 media dei nuovi iscritti \u00e8 di trentasette anni, dimostrando quindi una crescente attenzione da parte dei giovani.Qual \u00e8 la maggiore difficolt\u00e0? <strong>&lt;&lt;<\/strong><em>Per chi vuol iniziare a donare le problematiche sono sempre le stesse,&gt;&gt; <\/em>dice Rucci<em> &lt;&lt;cio\u00e8 avere un punto di riferimento dove chiedere informazioni e trovare persone preparate e disponibili per intraprendere assieme questo percorso. Noi offriamo tutto questo, perch\u00e9 i nostri associati sono prima di tutto persone, poi donatori.&gt;&gt; <\/em>Non solo donazioni dunque.<em>&lt;&lt;Vero, importante \u00e8 anche la partecipazione e l\u2019informazione&gt;&gt; <\/em>prosegue il presidente<em> &lt;&lt;infatti gi\u00e0 nel maggio 2005 abbiamo realizzato il nostro primo convegno medico assieme all\u2019A.I.D.O. Montale, che ho contribuito a fondare pochi mesi dopo l\u2019Avis. L\u2019argomento era la donazione di organi, sangue e cellule staminali&gt;&gt;.<\/em><\/p>\n<p><a href=\"https:\/\/www.noidiqua.it\/Montale\/wp-content\/uploads\/2012\/02\/avis-1.png\" rel=\"wp-prettyPhoto[1571]\"><img loading=\"lazy\" decoding=\"async\" class=\"aligncenter size-full wp-image-8148\" src=\"https:\/\/www.noidiqua.it\/Montale\/wp-content\/uploads\/2012\/02\/avis-1.png\" alt=\"\" width=\"495\" height=\"369\" srcset=\"https:\/\/www.noidiqua.it\/Montale\/wp-content\/uploads\/2012\/02\/avis-1.png 495w, https:\/\/www.noidiqua.it\/Montale\/wp-content\/uploads\/2012\/02\/avis-1-300x224.png 300w\" sizes=\"auto, (max-width: 495px) 100vw, 495px\" \/><\/a><\/p>\n<p style=\"text-align: justify;\">Oltre a questo, l\u2019Avis Montale \u00e8 presente con i suoi banchetti in tutte le feste ed eventi pubblici del Comune, avendo anche un occhio di riguardo per lo Sport; infatti due anni fa, l\u2019associazione ha sponsorizzato i borsoni dei ragazzi del<strong> \u201cCentro Basket Libertas\u201d<\/strong>, e quest\u2019anno l\u2019Avis ne \u00e8 diventata il primo sponsor, grazie anche al Presidente <strong>Dario Salvi<\/strong>, mentre, lo scorso maggio, \u00e8 stato realizzato il Primo Torneo AVIS Montale. In pi\u00f9 c\u2019\u00e8 un\u2019attiva collaborazione con la sezione di <strong>Montemurlo<\/strong> ed il centro sportivo <strong>\u201cIl Carbonizzo\u201d<\/strong>, dove i campionati di calcetto sono intitolati all\u2019Avis. Ma una sezione AVIS cos\u00ec virtuosa, riesce a coprire la richiesta di donazioni? <em>&lt;&lt;Non si riesce mai&gt;&gt; <\/em>afferma Rucci<em> &lt;&lt; perch\u00e9 la domanda aumenta ogni anno, sia a livello regionale che nazionale&gt;&gt;. <\/em>Qual \u00e8 il motivo? <em>&lt;&lt;Perch\u00e9 il sangue e i suoi emo-derivati sono impiegati non solo per operazioni d\u2019urgenza, ma anche in interventi programmati, come trapianti o parti. Poi il sangue si usa anche per trasfusioni a persone sottoposte a chemioterapia e radioterapia. Questi sono solo alcuni esempi che ci fanno capire quanto bisogno c\u2019\u00e8, soprattutto di plasma.&gt;&gt;<\/em><\/p>\n<p><a href=\"https:\/\/www.noidiqua.it\/Montale\/wp-content\/uploads\/2012\/02\/avis-2.png\" rel=\"wp-prettyPhoto[1571]\"><img loading=\"lazy\" decoding=\"async\" class=\"aligncenter size-full wp-image-8149\" src=\"https:\/\/www.noidiqua.it\/Montale\/wp-content\/uploads\/2012\/02\/avis-2.png\" alt=\"\" width=\"367\" height=\"397\" srcset=\"https:\/\/www.noidiqua.it\/Montale\/wp-content\/uploads\/2012\/02\/avis-2.png 367w, https:\/\/www.noidiqua.it\/Montale\/wp-content\/uploads\/2012\/02\/avis-2-277x300.png 277w\" sizes=\"auto, (max-width: 367px) 100vw, 367px\" \/><\/a><\/p>\n<p style=\"text-align: justify;\">Fare del bene&#8230; conviene?<em>&lt;&lt;Certo&gt;&gt; <\/em>conclude Pasquale Rucci &lt;&lt;<em>non solo perch\u00e9, purtroppo, pu\u00f2 capitare a tutti di aver bisogno di una trasfusione, ma anche perch\u00e9 per essere donatori, bisogna sottoporsi frequentemente ad analisi del sangue e questo ci aiuta a tenere sottocchio anche la nostra salute. Poi, chi dona sangue ha un ricambio cellulare, rinnovando cos\u00ec il vigore fisico&gt;&gt;.<\/em><\/p>","protected":false},"excerpt":{"rendered":"<p>di David Colzi febbraio 2012 &nbsp; &lt;&lt;Per donare sangue non basta essere in salute, ma bisogna avere certi requisiti specifici, quindi chi ha questa fortuna \u201cdeve\u201d mettersi a disposizione degli altri, perch\u00e9 di sangue e plasma ce n\u2019\u00e8 sempre bisogno.&gt;&gt; Con queste importanti parole, il presidente della sezione AVIS di Montale, Pasquale Rucci (Rudy [&hellip;]<\/p>","protected":false},"author":5,"featured_media":0,"comment_status":"open","ping_status":"open","sticky":false,"template":"","format":"standard","meta":{"footnotes":""},"categories":[7,12],"tags":[47,48,91,995,113,121,163],"class_list":["post-1571","post","type-post","status-publish","format-standard","hentry","category-mt","category-solidarieta-qt","tag-avis","tag-avis-comunale","tag-il-montalese","tag-mt","tag-noidiqua","tag-per-gli-altri","tag-volontariato"],"yoast_head":"<!-- This site is optimized with the Yoast SEO plugin v25.5 - https:\/\/yoast.com\/wordpress\/plugins\/seo\/ -->\n<title>Avis Comunale Montale - incontro con il presidente Pasquale Rucci - Noi di Qua Testata giornalistica e di attualit\u00e0 di Agliana, Montale e Quarrata.<\/title>\n<meta name=\"robots\" content=\"index, follow, max-snippet:-1, max-image-preview:large, max-video-preview:-1\" \/>\n<link rel=\"canonical\" href=\"https:\/\/www.noidiqua.it\/Montale\/avis-comunale-montale-incontro-con-il-presidente-pasquale-rucci\/\" \/>\n<meta property=\"og:locale\" content=\"it_IT\" \/>\n<meta property=\"og:type\" content=\"article\" \/>\n<meta property=\"og:title\" content=\"Avis Comunale Montale - incontro con il presidente Pasquale Rucci - Noi di Qua Testata giornalistica e di attualit\u00e0 di Agliana, Montale e Quarrata.\" \/>\n<meta property=\"og:description\" content=\"di David Colzi febbraio 2012 &nbsp; &lt;&lt;Per donare sangue non basta essere in salute, ma bisogna avere certi requisiti specifici, quindi chi ha questa fortuna \u201cdeve\u201d mettersi a disposizione degli altri, perch\u00e9 di sangue e plasma ce n\u2019\u00e8 sempre bisogno.&gt;&gt; Con queste importanti parole, il presidente della sezione AVIS di Montale, Pasquale Rucci (Rudy [&hellip;]\" \/>\n<meta property=\"og:url\" content=\"https:\/\/www.noidiqua.it\/Montale\/avis-comunale-montale-incontro-con-il-presidente-pasquale-rucci\/\" \/>\n<meta property=\"og:site_name\" content=\"Noi di Qua Testata giornalistica e di attualit\u00e0 di Agliana, Montale e Quarrata.\" \/>\n<meta property=\"article:publisher\" content=\"https:\/\/www.facebook.com\/noidiqua.trimestrale\/\" \/>\n<meta property=\"article:published_time\" content=\"2012-02-16T16:01:20+00:00\" \/>\n<meta property=\"article:modified_time\" content=\"2023-07-28T08:45:04+00:00\" \/>\n<meta property=\"og:image\" content=\"https:\/\/www.noidiqua.it\/Montale\/wp-content\/uploads\/2012\/02\/avis-3.png\" \/>\n<meta name=\"author\" content=\"David Colzi\" \/>\n<meta name=\"twitter:label1\" content=\"Scritto da\" \/>\n\t<meta name=\"twitter:data1\" content=\"David Colzi\" \/>\n\t<meta name=\"twitter:label2\" content=\"Tempo di lettura stimato\" \/>\n\t<meta name=\"twitter:data2\" content=\"4 minuti\" \/>\n<script type=\"application\/ld+json\" class=\"yoast-schema-graph\">{\"@context\":\"https:\/\/schema.org\",\"@graph\":[{\"@type\":\"WebPage\",\"@id\":\"https:\/\/www.noidiqua.it\/Montale\/avis-comunale-montale-incontro-con-il-presidente-pasquale-rucci\/\",\"url\":\"https:\/\/www.noidiqua.it\/Montale\/avis-comunale-montale-incontro-con-il-presidente-pasquale-rucci\/\",\"name\":\"Avis Comunale Montale - incontro con il presidente Pasquale Rucci - Noi di Qua Testata giornalistica e di attualit\u00e0 di Agliana, Montale e Quarrata.\",\"isPartOf\":{\"@id\":\"https:\/\/www.noidiqua.it\/Montale\/#website\"},\"primaryImageOfPage\":{\"@id\":\"https:\/\/www.noidiqua.it\/Montale\/avis-comunale-montale-incontro-con-il-presidente-pasquale-rucci\/#primaryimage\"},\"image\":{\"@id\":\"https:\/\/www.noidiqua.it\/Montale\/avis-comunale-montale-incontro-con-il-presidente-pasquale-rucci\/#primaryimage\"},\"thumbnailUrl\":\"https:\/\/www.noidiqua.it\/Montale\/wp-content\/uploads\/2012\/02\/avis-3.png\",\"datePublished\":\"2012-02-16T16:01:20+00:00\",\"dateModified\":\"2023-07-28T08:45:04+00:00\",\"author\":{\"@id\":\"https:\/\/www.noidiqua.it\/Montale\/#\/schema\/person\/3b45dd21eb2367c177b6a6d35c868ccc\"},\"breadcrumb\":{\"@id\":\"https:\/\/www.noidiqua.it\/Montale\/avis-comunale-montale-incontro-con-il-presidente-pasquale-rucci\/#breadcrumb\"},\"inLanguage\":\"it-IT\",\"potentialAction\":[{\"@type\":\"ReadAction\",\"target\":[\"https:\/\/www.noidiqua.it\/Montale\/avis-comunale-montale-incontro-con-il-presidente-pasquale-rucci\/\"]}]},{\"@type\":\"ImageObject\",\"inLanguage\":\"it-IT\",\"@id\":\"https:\/\/www.noidiqua.it\/Montale\/avis-comunale-montale-incontro-con-il-presidente-pasquale-rucci\/#primaryimage\",\"url\":\"https:\/\/www.noidiqua.it\/Montale\/wp-content\/uploads\/2012\/02\/avis-3.png\",\"contentUrl\":\"https:\/\/www.noidiqua.it\/Montale\/wp-content\/uploads\/2012\/02\/avis-3.png\",\"width\":507,\"height\":371},{\"@type\":\"BreadcrumbList\",\"@id\":\"https:\/\/www.noidiqua.it\/Montale\/avis-comunale-montale-incontro-con-il-presidente-pasquale-rucci\/#breadcrumb\",\"itemListElement\":[{\"@type\":\"ListItem\",\"position\":1,\"name\":\"Home\",\"item\":\"https:\/\/www.noidiqua.it\/Montale\/\"},{\"@type\":\"ListItem\",\"position\":2,\"name\":\"Avis Comunale Montale &#8211; incontro con il presidente Pasquale Rucci\"}]},{\"@type\":\"WebSite\",\"@id\":\"https:\/\/www.noidiqua.it\/Montale\/#website\",\"url\":\"https:\/\/www.noidiqua.it\/Montale\/\",\"name\":\"Noi di Qua Testata giornalistica e di attualit\u00e0 di Agliana, Montale e Quarrata.\",\"description\":\"Testata Giornalistica Quarrata Montale Agliana\",\"potentialAction\":[{\"@type\":\"SearchAction\",\"target\":{\"@type\":\"EntryPoint\",\"urlTemplate\":\"https:\/\/www.noidiqua.it\/Montale\/?s={search_term_string}\"},\"query-input\":{\"@type\":\"PropertyValueSpecification\",\"valueRequired\":true,\"valueName\":\"search_term_string\"}}],\"inLanguage\":\"it-IT\"},{\"@type\":\"Person\",\"@id\":\"https:\/\/www.noidiqua.it\/Montale\/#\/schema\/person\/3b45dd21eb2367c177b6a6d35c868ccc\",\"name\":\"David Colzi\",\"image\":{\"@type\":\"ImageObject\",\"inLanguage\":\"it-IT\",\"@id\":\"https:\/\/www.noidiqua.it\/Montale\/#\/schema\/person\/image\/\",\"url\":\"https:\/\/secure.gravatar.com\/avatar\/515ac68c0075b78a8243a0f28e5a361c9b5c466a1d6912ac3919ddd928c4db8c?s=96&d=mm&r=g\",\"contentUrl\":\"https:\/\/secure.gravatar.com\/avatar\/515ac68c0075b78a8243a0f28e5a361c9b5c466a1d6912ac3919ddd928c4db8c?s=96&d=mm&r=g\",\"caption\":\"David Colzi\"},\"url\":\"https:\/\/www.noidiqua.it\/Montale\/author\/david-colzi\/\"}]}<\/script>\n<!-- \/ Yoast SEO plugin. -->","yoast_head_json":{"title":"Avis Comunale Montale - incontro con il presidente Pasquale Rucci - Noi di Qua Testata giornalistica e di attualit\u00e0 di Agliana, Montale e Quarrata.","robots":{"index":"index","follow":"follow","max-snippet":"max-snippet:-1","max-image-preview":"max-image-preview:large","max-video-preview":"max-video-preview:-1"},"canonical":"https:\/\/www.noidiqua.it\/Montale\/avis-comunale-montale-incontro-con-il-presidente-pasquale-rucci\/","og_locale":"it_IT","og_type":"article","og_title":"Avis Comunale Montale - incontro con il presidente Pasquale Rucci - Noi di Qua Testata giornalistica e di attualit\u00e0 di Agliana, Montale e Quarrata.","og_description":"di David Colzi febbraio 2012 &nbsp; &lt;&lt;Per donare sangue non basta essere in salute, ma bisogna avere certi requisiti specifici, quindi chi ha questa fortuna \u201cdeve\u201d mettersi a disposizione degli altri, perch\u00e9 di sangue e plasma ce n\u2019\u00e8 sempre bisogno.&gt;&gt; Con queste importanti parole, il presidente della sezione AVIS di Montale, Pasquale Rucci (Rudy [&hellip;]","og_url":"https:\/\/www.noidiqua.it\/Montale\/avis-comunale-montale-incontro-con-il-presidente-pasquale-rucci\/","og_site_name":"Noi di Qua Testata giornalistica e di attualit\u00e0 di Agliana, Montale e Quarrata.","article_publisher":"https:\/\/www.facebook.com\/noidiqua.trimestrale\/","article_published_time":"2012-02-16T16:01:20+00:00","article_modified_time":"2023-07-28T08:45:04+00:00","og_image":[{"url":"https:\/\/www.noidiqua.it\/Montale\/wp-content\/uploads\/2012\/02\/avis-3.png","type":"","width":"","height":""}],"author":"David Colzi","twitter_misc":{"Scritto da":"David Colzi","Tempo di lettura stimato":"4 minuti"},"schema":{"@context":"https:\/\/schema.org","@graph":[{"@type":"WebPage","@id":"https:\/\/www.noidiqua.it\/Montale\/avis-comunale-montale-incontro-con-il-presidente-pasquale-rucci\/","url":"https:\/\/www.noidiqua.it\/Montale\/avis-comunale-montale-incontro-con-il-presidente-pasquale-rucci\/","name":"Avis Comunale Montale - incontro con il presidente Pasquale Rucci - Noi di Qua Testata giornalistica e di attualit\u00e0 di Agliana, Montale e Quarrata.","isPartOf":{"@id":"https:\/\/www.noidiqua.it\/Montale\/#website"},"primaryImageOfPage":{"@id":"https:\/\/www.noidiqua.it\/Montale\/avis-comunale-montale-incontro-con-il-presidente-pasquale-rucci\/#primaryimage"},"image":{"@id":"https:\/\/www.noidiqua.it\/Montale\/avis-comunale-montale-incontro-con-il-presidente-pasquale-rucci\/#primaryimage"},"thumbnailUrl":"https:\/\/www.noidiqua.it\/Montale\/wp-content\/uploads\/2012\/02\/avis-3.png","datePublished":"2012-02-16T16:01:20+00:00","dateModified":"2023-07-28T08:45:04+00:00","author":{"@id":"https:\/\/www.noidiqua.it\/Montale\/#\/schema\/person\/3b45dd21eb2367c177b6a6d35c868ccc"},"breadcrumb":{"@id":"https:\/\/www.noidiqua.it\/Montale\/avis-comunale-montale-incontro-con-il-presidente-pasquale-rucci\/#breadcrumb"},"inLanguage":"it-IT","potentialAction":[{"@type":"ReadAction","target":["https:\/\/www.noidiqua.it\/Montale\/avis-comunale-montale-incontro-con-il-presidente-pasquale-rucci\/"]}]},{"@type":"ImageObject","inLanguage":"it-IT","@id":"https:\/\/www.noidiqua.it\/Montale\/avis-comunale-montale-incontro-con-il-presidente-pasquale-rucci\/#primaryimage","url":"https:\/\/www.noidiqua.it\/Montale\/wp-content\/uploads\/2012\/02\/avis-3.png","contentUrl":"https:\/\/www.noidiqua.it\/Montale\/wp-content\/uploads\/2012\/02\/avis-3.png","width":507,"height":371},{"@type":"BreadcrumbList","@id":"https:\/\/www.noidiqua.it\/Montale\/avis-comunale-montale-incontro-con-il-presidente-pasquale-rucci\/#breadcrumb","itemListElement":[{"@type":"ListItem","position":1,"name":"Home","item":"https:\/\/www.noidiqua.it\/Montale\/"},{"@type":"ListItem","position":2,"name":"Avis Comunale Montale &#8211; incontro con il presidente Pasquale Rucci"}]},{"@type":"WebSite","@id":"https:\/\/www.noidiqua.it\/Montale\/#website","url":"https:\/\/www.noidiqua.it\/Montale\/","name":"Noi di Qua Testata giornalistica e di attualit\u00e0 di Agliana, Montale e Quarrata.","description":"Testata Giornalistica Quarrata Montale Agliana","potentialAction":[{"@type":"SearchAction","target":{"@type":"EntryPoint","urlTemplate":"https:\/\/www.noidiqua.it\/Montale\/?s={search_term_string}"},"query-input":{"@type":"PropertyValueSpecification","valueRequired":true,"valueName":"search_term_string"}}],"inLanguage":"it-IT"},{"@type":"Person","@id":"https:\/\/www.noidiqua.it\/Montale\/#\/schema\/person\/3b45dd21eb2367c177b6a6d35c868ccc","name":"David Colzi","image":{"@type":"ImageObject","inLanguage":"it-IT","@id":"https:\/\/www.noidiqua.it\/Montale\/#\/schema\/person\/image\/","url":"https:\/\/secure.gravatar.com\/avatar\/515ac68c0075b78a8243a0f28e5a361c9b5c466a1d6912ac3919ddd928c4db8c?s=96&d=mm&r=g","contentUrl":"https:\/\/secure.gravatar.com\/avatar\/515ac68c0075b78a8243a0f28e5a361c9b5c466a1d6912ac3919ddd928c4db8c?s=96&d=mm&r=g","caption":"David Colzi"},"url":"https:\/\/www.noidiqua.it\/Montale\/author\/david-colzi\/"}]}},"_links":{"self":[{"href":"https:\/\/www.noidiqua.it\/Montale\/wp-json\/wp\/v2\/posts\/1571","targetHints":{"allow":["GET"]}}],"collection":[{"href":"https:\/\/www.noidiqua.it\/Montale\/wp-json\/wp\/v2\/posts"}],"about":[{"href":"https:\/\/www.noidiqua.it\/Montale\/wp-json\/wp\/v2\/types\/post"}],"author":[{"embeddable":true,"href":"https:\/\/www.noidiqua.it\/Montale\/wp-json\/wp\/v2\/users\/5"}],"replies":[{"embeddable":true,"href":"https:\/\/www.noidiqua.it\/Montale\/wp-json\/wp\/v2\/comments?post=1571"}],"version-history":[{"count":4,"href":"https:\/\/www.noidiqua.it\/Montale\/wp-json\/wp\/v2\/posts\/1571\/revisions"}],"predecessor-version":[{"id":8151,"href":"https:\/\/www.noidiqua.it\/Montale\/wp-json\/wp\/v2\/posts\/1571\/revisions\/8151"}],"wp:attachment":[{"href":"https:\/\/www.noidiqua.it\/Montale\/wp-json\/wp\/v2\/media?parent=1571"}],"wp:term":[{"taxonomy":"category","embeddable":true,"href":"https:\/\/www.noidiqua.it\/Montale\/wp-json\/wp\/v2\/categories?post=1571"},{"taxonomy":"post_tag","embeddable":true,"href":"https:\/\/www.noidiqua.it\/Montale\/wp-json\/wp\/v2\/tags?post=1571"}],"curies":[{"name":"wp","href":"https:\/\/api.w.org\/{rel}","templated":true}]}}