{"id":1633,"date":"2012-02-16T16:45:53","date_gmt":"2012-02-16T16:45:53","guid":{"rendered":"https:\/\/www.noidiqua.it\/Montale\/?p=1633"},"modified":"2023-07-28T11:10:31","modified_gmt":"2023-07-28T09:10:31","slug":"contratto-con-i-lettori","status":"publish","type":"post","link":"https:\/\/www.noidiqua.it\/Montale\/contratto-con-i-lettori\/","title":{"rendered":"Concludendo &#8211; Contratto con i lettori"},"content":{"rendered":"<p style=\"text-align: justify;\"><em>di Massimo Cappelli<\/em><\/p>\n<p style=\"text-align: justify;\"><em>febbraio 2012<\/em><\/p>\n<p><a href=\"https:\/\/www.noidiqua.it\/Montale\/wp-content\/uploads\/2018\/03\/Logo-Noidiqua.png\" rel=\"wp-prettyPhoto[1633]\"><img loading=\"lazy\" decoding=\"async\" class=\"aligncenter size-full wp-image-6511\" src=\"https:\/\/www.noidiqua.it\/Montale\/wp-content\/uploads\/2018\/03\/Logo-Noidiqua.png\" alt=\"\" width=\"488\" height=\"344\" srcset=\"https:\/\/www.noidiqua.it\/Montale\/wp-content\/uploads\/2018\/03\/Logo-Noidiqua.png 488w, https:\/\/www.noidiqua.it\/Montale\/wp-content\/uploads\/2018\/03\/Logo-Noidiqua-300x211.png 300w\" sizes=\"auto, (max-width: 488px) 100vw, 488px\" \/><\/a><\/p>\n<p style=\"text-align: justify;\">\n<p style=\"text-align: justify;\"><em>Noidiqua \u00e9 il periodico che amo. Qui ho le mie \u201cradiciui\u201d, le mie speranze, i miei orizzonti. Da Noidiqua e dalla vita, ho imparato il mio mestiere di imprenditore. Qui ho anche appreso la passione per la liberta\u2019. <\/em><br \/>\n<em>&#8230;Ho scelto di scendere in campo&#8230;\u201d<\/em><\/p>\n<p style=\"text-align: justify;\">Cari e-lettori,<br \/>\nSiamo arrivati al secondo anno di Noidiqua (l\u2019aglianese e il montalese): o meglio, un anno \u00e8 appena passato, quindi devo richiedervi la fiducia per tutto il 2012 ( &#8230;oltre non vado, perch\u00e8 prima c\u2019\u00e8 da risolvere una certa controversia con i Maya).\u00a0Comunque sia, in questo spazio voglio fare un contratto con Voi, amatissimi lettori, dove io, Massimo Cappelli, nato a Pistoia il 1 aprile (di un certo anno), mi impegno a mantenere, in caso di rielezione, i seguenti punti:<\/p>\n<p style=\"text-align: justify;\">1) Mantenimento della distribuzione gratuita e conservazione alla esenzione totale di costo copia.<br \/>\n2) Proseguimento del piano sulla sicurezza di informazione gratuita ai cittadini.<br \/>\n3) Innalzamento del gradimento di lettura a tutti i pensionati, anche possessori di pensioni minime.<br \/>\n4) Crescita della occupazione nella lettura con il mantenimento dei dodici numeri (Agliana, Montale, Quarrata) e delle 86.000 copie distribuite all\u2019anno, nei rispettivi comuni.<br \/>\n5) Apertura di nuove edizioni in altri comuni della provincia come previsto dal piano di attuazione alla costituzione del periodico.<br \/>\nSe al termine dei dodici mesi del nuovo mandato, almeno quatto dei cinque traguardi di questo contratto non fossero stati raggiunti, Massimo Cappelli si impegna formalmente e solennemente, a non ripresentare la propria candidatura alle prossime elezioni.<br \/>\nFirmato e approvato.<\/p>\n<p style=\"text-align: justify;\">Cosa ci avete capito? Dove stanno i contenuti? Eppure se leggiamo distrattamente sembra un discorso sensato! Cos\u00ec come nella comunicazione scritta contano molto di pi\u00f9 i termini e la sintassi a dispetto dei contenuti, nella comunicazione verbale conta di pi\u00f9 il linguaggio del corpo e il timbro della voce, piuttosto che le parole. Alla faccia di Erich Fromm, in politica, non conta n\u00e9 l\u2019essere n\u00e9 l\u2019avere, conta saper comunicare: qualsiasi imbecille che sa mettere insieme quattro discorsi e si candida \u00e8 destinato a prendere un sacco di voti. A parte i\u2019 ruzzo, come dicevano i nostri vecchi, candidatura o no, ci apprestiamo ad iniziare un altro anno insieme. Questo \u00e8 il primo numero dei quattro previsti nel 2012, e anche quest\u2019anno, vi faremo compagnia con storie, personaggi, curiosit\u00e0 e quant\u2019altro si leghi al nostro territorio. A dicembre vi renderete maggiormente conto di quanto sia \u201cgrande\u201d la nostra \u201cpiccola\u201d rivista e che l\u2019idea di divulgare il gossippe di noattri sia stata\u2026 la fine del mondo, maremma Maja-la!<\/p>","protected":false},"excerpt":{"rendered":"<p>di Massimo Cappelli febbraio 2012 Noidiqua \u00e9 il periodico che amo. Qui ho le mie \u201cradiciui\u201d, le mie speranze, i miei orizzonti. Da Noidiqua e dalla vita, ho imparato il mio mestiere di imprenditore. Qui ho anche appreso la passione per la liberta\u2019. &#8230;Ho scelto di scendere in campo&#8230;\u201d Cari e-lettori, Siamo arrivati al [&hellip;]<\/p>","protected":false},"author":7,"featured_media":0,"comment_status":"open","ping_status":"open","sticky":false,"template":"","format":"standard","meta":{"footnotes":""},"categories":[24,7],"tags":[59,91,104,995,113,114,115],"class_list":["post-1633","post","type-post","status-publish","format-standard","hentry","category-concludendo-qt","category-mt","tag-concludendo","tag-il-montalese","tag-massimo-cappelli","tag-mt","tag-noidiqua","tag-noidiqua-il-montalese","tag-noidiqua-il-quarratini"],"yoast_head":"<!-- This site is optimized with the Yoast SEO plugin v25.5 - https:\/\/yoast.com\/wordpress\/plugins\/seo\/ -->\n<title>Concludendo - Contratto con i lettori - Noi di Qua Testata giornalistica e di attualit\u00e0 di Agliana, Montale e Quarrata.<\/title>\n<meta name=\"robots\" content=\"index, follow, max-snippet:-1, max-image-preview:large, max-video-preview:-1\" \/>\n<link rel=\"canonical\" href=\"https:\/\/www.noidiqua.it\/Montale\/contratto-con-i-lettori\/\" \/>\n<meta property=\"og:locale\" content=\"it_IT\" \/>\n<meta property=\"og:type\" content=\"article\" \/>\n<meta property=\"og:title\" content=\"Concludendo - Contratto con i lettori - Noi di Qua Testata giornalistica e di attualit\u00e0 di Agliana, Montale e Quarrata.\" \/>\n<meta property=\"og:description\" content=\"di Massimo Cappelli febbraio 2012 Noidiqua \u00e9 il periodico che amo. Qui ho le mie \u201cradiciui\u201d, le mie speranze, i miei orizzonti. Da Noidiqua e dalla vita, ho imparato il mio mestiere di imprenditore. Qui ho anche appreso la passione per la liberta\u2019. &#8230;Ho scelto di scendere in campo&#8230;\u201d Cari e-lettori, Siamo arrivati al [&hellip;]\" \/>\n<meta property=\"og:url\" content=\"https:\/\/www.noidiqua.it\/Montale\/contratto-con-i-lettori\/\" \/>\n<meta property=\"og:site_name\" content=\"Noi di Qua Testata giornalistica e di attualit\u00e0 di Agliana, Montale e Quarrata.\" \/>\n<meta property=\"article:publisher\" content=\"https:\/\/www.facebook.com\/noidiqua.trimestrale\/\" \/>\n<meta property=\"article:published_time\" content=\"2012-02-16T16:45:53+00:00\" \/>\n<meta property=\"article:modified_time\" content=\"2023-07-28T09:10:31+00:00\" \/>\n<meta property=\"og:image\" content=\"https:\/\/www.noidiqua.it\/Montale\/wp-content\/uploads\/2018\/03\/Logo-Noidiqua.png\" \/>\n<meta name=\"author\" content=\"Massimo Cappelli\" \/>\n<meta name=\"twitter:label1\" content=\"Scritto da\" \/>\n\t<meta name=\"twitter:data1\" content=\"Massimo Cappelli\" \/>\n\t<meta name=\"twitter:label2\" content=\"Tempo di lettura stimato\" \/>\n\t<meta name=\"twitter:data2\" content=\"3 minuti\" \/>\n<script type=\"application\/ld+json\" class=\"yoast-schema-graph\">{\"@context\":\"https:\/\/schema.org\",\"@graph\":[{\"@type\":\"WebPage\",\"@id\":\"https:\/\/www.noidiqua.it\/Montale\/contratto-con-i-lettori\/\",\"url\":\"https:\/\/www.noidiqua.it\/Montale\/contratto-con-i-lettori\/\",\"name\":\"Concludendo - Contratto con i lettori - Noi di Qua Testata giornalistica e di attualit\u00e0 di Agliana, Montale e Quarrata.\",\"isPartOf\":{\"@id\":\"https:\/\/www.noidiqua.it\/Montale\/#website\"},\"primaryImageOfPage\":{\"@id\":\"https:\/\/www.noidiqua.it\/Montale\/contratto-con-i-lettori\/#primaryimage\"},\"image\":{\"@id\":\"https:\/\/www.noidiqua.it\/Montale\/contratto-con-i-lettori\/#primaryimage\"},\"thumbnailUrl\":\"https:\/\/www.noidiqua.it\/Montale\/wp-content\/uploads\/2018\/03\/Logo-Noidiqua.png\",\"datePublished\":\"2012-02-16T16:45:53+00:00\",\"dateModified\":\"2023-07-28T09:10:31+00:00\",\"author\":{\"@id\":\"https:\/\/www.noidiqua.it\/Montale\/#\/schema\/person\/858b1b9db61101126e5ded39f94daedb\"},\"breadcrumb\":{\"@id\":\"https:\/\/www.noidiqua.it\/Montale\/contratto-con-i-lettori\/#breadcrumb\"},\"inLanguage\":\"it-IT\",\"potentialAction\":[{\"@type\":\"ReadAction\",\"target\":[\"https:\/\/www.noidiqua.it\/Montale\/contratto-con-i-lettori\/\"]}]},{\"@type\":\"ImageObject\",\"inLanguage\":\"it-IT\",\"@id\":\"https:\/\/www.noidiqua.it\/Montale\/contratto-con-i-lettori\/#primaryimage\",\"url\":\"https:\/\/www.noidiqua.it\/Montale\/wp-content\/uploads\/2018\/03\/Logo-Noidiqua.png\",\"contentUrl\":\"https:\/\/www.noidiqua.it\/Montale\/wp-content\/uploads\/2018\/03\/Logo-Noidiqua.png\",\"width\":488,\"height\":344},{\"@type\":\"BreadcrumbList\",\"@id\":\"https:\/\/www.noidiqua.it\/Montale\/contratto-con-i-lettori\/#breadcrumb\",\"itemListElement\":[{\"@type\":\"ListItem\",\"position\":1,\"name\":\"Home\",\"item\":\"https:\/\/www.noidiqua.it\/Montale\/\"},{\"@type\":\"ListItem\",\"position\":2,\"name\":\"Concludendo &#8211; Contratto con i lettori\"}]},{\"@type\":\"WebSite\",\"@id\":\"https:\/\/www.noidiqua.it\/Montale\/#website\",\"url\":\"https:\/\/www.noidiqua.it\/Montale\/\",\"name\":\"Noi di Qua Testata giornalistica e di attualit\u00e0 di Agliana, Montale e Quarrata.\",\"description\":\"Testata Giornalistica Quarrata Montale Agliana\",\"potentialAction\":[{\"@type\":\"SearchAction\",\"target\":{\"@type\":\"EntryPoint\",\"urlTemplate\":\"https:\/\/www.noidiqua.it\/Montale\/?s={search_term_string}\"},\"query-input\":{\"@type\":\"PropertyValueSpecification\",\"valueRequired\":true,\"valueName\":\"search_term_string\"}}],\"inLanguage\":\"it-IT\"},{\"@type\":\"Person\",\"@id\":\"https:\/\/www.noidiqua.it\/Montale\/#\/schema\/person\/858b1b9db61101126e5ded39f94daedb\",\"name\":\"Massimo Cappelli\",\"image\":{\"@type\":\"ImageObject\",\"inLanguage\":\"it-IT\",\"@id\":\"https:\/\/www.noidiqua.it\/Montale\/#\/schema\/person\/image\/\",\"url\":\"https:\/\/secure.gravatar.com\/avatar\/0e7261535228aa9bb0417ab8f42f3fadaf8ce23bdfde46c689c43410a676cfa9?s=96&d=mm&r=g\",\"contentUrl\":\"https:\/\/secure.gravatar.com\/avatar\/0e7261535228aa9bb0417ab8f42f3fadaf8ce23bdfde46c689c43410a676cfa9?s=96&d=mm&r=g\",\"caption\":\"Massimo Cappelli\"},\"url\":\"https:\/\/www.noidiqua.it\/Montale\/author\/massimo-cappelli\/\"}]}<\/script>\n<!-- \/ Yoast SEO plugin. -->","yoast_head_json":{"title":"Concludendo - Contratto con i lettori - Noi di Qua Testata giornalistica e di attualit\u00e0 di Agliana, Montale e Quarrata.","robots":{"index":"index","follow":"follow","max-snippet":"max-snippet:-1","max-image-preview":"max-image-preview:large","max-video-preview":"max-video-preview:-1"},"canonical":"https:\/\/www.noidiqua.it\/Montale\/contratto-con-i-lettori\/","og_locale":"it_IT","og_type":"article","og_title":"Concludendo - Contratto con i lettori - Noi di Qua Testata giornalistica e di attualit\u00e0 di Agliana, Montale e Quarrata.","og_description":"di Massimo Cappelli febbraio 2012 Noidiqua \u00e9 il periodico che amo. Qui ho le mie \u201cradiciui\u201d, le mie speranze, i miei orizzonti. Da Noidiqua e dalla vita, ho imparato il mio mestiere di imprenditore. Qui ho anche appreso la passione per la liberta\u2019. &#8230;Ho scelto di scendere in campo&#8230;\u201d Cari e-lettori, Siamo arrivati al [&hellip;]","og_url":"https:\/\/www.noidiqua.it\/Montale\/contratto-con-i-lettori\/","og_site_name":"Noi di Qua Testata giornalistica e di attualit\u00e0 di Agliana, Montale e Quarrata.","article_publisher":"https:\/\/www.facebook.com\/noidiqua.trimestrale\/","article_published_time":"2012-02-16T16:45:53+00:00","article_modified_time":"2023-07-28T09:10:31+00:00","og_image":[{"url":"https:\/\/www.noidiqua.it\/Montale\/wp-content\/uploads\/2018\/03\/Logo-Noidiqua.png","type":"","width":"","height":""}],"author":"Massimo Cappelli","twitter_misc":{"Scritto da":"Massimo Cappelli","Tempo di lettura stimato":"3 minuti"},"schema":{"@context":"https:\/\/schema.org","@graph":[{"@type":"WebPage","@id":"https:\/\/www.noidiqua.it\/Montale\/contratto-con-i-lettori\/","url":"https:\/\/www.noidiqua.it\/Montale\/contratto-con-i-lettori\/","name":"Concludendo - Contratto con i lettori - Noi di Qua Testata giornalistica e di attualit\u00e0 di Agliana, Montale e Quarrata.","isPartOf":{"@id":"https:\/\/www.noidiqua.it\/Montale\/#website"},"primaryImageOfPage":{"@id":"https:\/\/www.noidiqua.it\/Montale\/contratto-con-i-lettori\/#primaryimage"},"image":{"@id":"https:\/\/www.noidiqua.it\/Montale\/contratto-con-i-lettori\/#primaryimage"},"thumbnailUrl":"https:\/\/www.noidiqua.it\/Montale\/wp-content\/uploads\/2018\/03\/Logo-Noidiqua.png","datePublished":"2012-02-16T16:45:53+00:00","dateModified":"2023-07-28T09:10:31+00:00","author":{"@id":"https:\/\/www.noidiqua.it\/Montale\/#\/schema\/person\/858b1b9db61101126e5ded39f94daedb"},"breadcrumb":{"@id":"https:\/\/www.noidiqua.it\/Montale\/contratto-con-i-lettori\/#breadcrumb"},"inLanguage":"it-IT","potentialAction":[{"@type":"ReadAction","target":["https:\/\/www.noidiqua.it\/Montale\/contratto-con-i-lettori\/"]}]},{"@type":"ImageObject","inLanguage":"it-IT","@id":"https:\/\/www.noidiqua.it\/Montale\/contratto-con-i-lettori\/#primaryimage","url":"https:\/\/www.noidiqua.it\/Montale\/wp-content\/uploads\/2018\/03\/Logo-Noidiqua.png","contentUrl":"https:\/\/www.noidiqua.it\/Montale\/wp-content\/uploads\/2018\/03\/Logo-Noidiqua.png","width":488,"height":344},{"@type":"BreadcrumbList","@id":"https:\/\/www.noidiqua.it\/Montale\/contratto-con-i-lettori\/#breadcrumb","itemListElement":[{"@type":"ListItem","position":1,"name":"Home","item":"https:\/\/www.noidiqua.it\/Montale\/"},{"@type":"ListItem","position":2,"name":"Concludendo &#8211; Contratto con i lettori"}]},{"@type":"WebSite","@id":"https:\/\/www.noidiqua.it\/Montale\/#website","url":"https:\/\/www.noidiqua.it\/Montale\/","name":"Noi di Qua Testata giornalistica e di attualit\u00e0 di Agliana, Montale e Quarrata.","description":"Testata Giornalistica Quarrata Montale Agliana","potentialAction":[{"@type":"SearchAction","target":{"@type":"EntryPoint","urlTemplate":"https:\/\/www.noidiqua.it\/Montale\/?s={search_term_string}"},"query-input":{"@type":"PropertyValueSpecification","valueRequired":true,"valueName":"search_term_string"}}],"inLanguage":"it-IT"},{"@type":"Person","@id":"https:\/\/www.noidiqua.it\/Montale\/#\/schema\/person\/858b1b9db61101126e5ded39f94daedb","name":"Massimo Cappelli","image":{"@type":"ImageObject","inLanguage":"it-IT","@id":"https:\/\/www.noidiqua.it\/Montale\/#\/schema\/person\/image\/","url":"https:\/\/secure.gravatar.com\/avatar\/0e7261535228aa9bb0417ab8f42f3fadaf8ce23bdfde46c689c43410a676cfa9?s=96&d=mm&r=g","contentUrl":"https:\/\/secure.gravatar.com\/avatar\/0e7261535228aa9bb0417ab8f42f3fadaf8ce23bdfde46c689c43410a676cfa9?s=96&d=mm&r=g","caption":"Massimo Cappelli"},"url":"https:\/\/www.noidiqua.it\/Montale\/author\/massimo-cappelli\/"}]}},"_links":{"self":[{"href":"https:\/\/www.noidiqua.it\/Montale\/wp-json\/wp\/v2\/posts\/1633","targetHints":{"allow":["GET"]}}],"collection":[{"href":"https:\/\/www.noidiqua.it\/Montale\/wp-json\/wp\/v2\/posts"}],"about":[{"href":"https:\/\/www.noidiqua.it\/Montale\/wp-json\/wp\/v2\/types\/post"}],"author":[{"embeddable":true,"href":"https:\/\/www.noidiqua.it\/Montale\/wp-json\/wp\/v2\/users\/7"}],"replies":[{"embeddable":true,"href":"https:\/\/www.noidiqua.it\/Montale\/wp-json\/wp\/v2\/comments?post=1633"}],"version-history":[{"count":4,"href":"https:\/\/www.noidiqua.it\/Montale\/wp-json\/wp\/v2\/posts\/1633\/revisions"}],"predecessor-version":[{"id":8172,"href":"https:\/\/www.noidiqua.it\/Montale\/wp-json\/wp\/v2\/posts\/1633\/revisions\/8172"}],"wp:attachment":[{"href":"https:\/\/www.noidiqua.it\/Montale\/wp-json\/wp\/v2\/media?parent=1633"}],"wp:term":[{"taxonomy":"category","embeddable":true,"href":"https:\/\/www.noidiqua.it\/Montale\/wp-json\/wp\/v2\/categories?post=1633"},{"taxonomy":"post_tag","embeddable":true,"href":"https:\/\/www.noidiqua.it\/Montale\/wp-json\/wp\/v2\/tags?post=1633"}],"curies":[{"name":"wp","href":"https:\/\/api.w.org\/{rel}","templated":true}]}}