{"id":1697,"date":"2012-05-07T15:03:02","date_gmt":"2012-05-07T15:03:02","guid":{"rendered":"https:\/\/www.noidiqua.it\/Montale\/?p=1697"},"modified":"2023-07-27T12:57:45","modified_gmt":"2023-07-27T10:57:45","slug":"quando-don-camillo-e-peppone-sono-fratelli","status":"publish","type":"post","link":"https:\/\/www.noidiqua.it\/Montale\/quando-don-camillo-e-peppone-sono-fratelli\/","title":{"rendered":"Quando Don Camillo e Peppone&#8230; sono fratelli!"},"content":{"rendered":"<p style=\"text-align: justify;\"><em>di Massimo Cappelli<\/em><\/p>\n<p style=\"text-align: justify;\"><em>maggio 2012<\/em><\/p>\n<p style=\"text-align: justify;\"><a href=\"https:\/\/www.noidiqua.it\/Montale\/wp-content\/uploads\/2012\/05\/concludendo-falce-e-martello.png\" rel=\"wp-prettyPhoto[1697]\"><img loading=\"lazy\" decoding=\"async\" class=\"aligncenter size-full wp-image-8129\" src=\"https:\/\/www.noidiqua.it\/Montale\/wp-content\/uploads\/2012\/05\/concludendo-falce-e-martello.png\" alt=\"\" width=\"500\" height=\"353\" srcset=\"https:\/\/www.noidiqua.it\/Montale\/wp-content\/uploads\/2012\/05\/concludendo-falce-e-martello.png 500w, https:\/\/www.noidiqua.it\/Montale\/wp-content\/uploads\/2012\/05\/concludendo-falce-e-martello-300x212.png 300w\" sizes=\"auto, (max-width: 500px) 100vw, 500px\" \/><\/a><\/p>\n<p style=\"text-align: justify;\">\n<p style=\"text-align: justify;\">Amatissimi lettori,<\/p>\n<p style=\"text-align: justify;\">\u00c8 il 14 giugno e nella posta trovo un invito per me alquanto singolare: l\u2019ordinazione al presbiterato dell\u2019amico don Maurizio Andreini per questo 29 giugno. Devo dire la verit\u00e0, leggendo distrattamente \u201cdon Maurizio\u201d, non ho capito subito, ma ho avuto un flashback che mi ha ricondotto a Walter Matthau, l\u2019attore comico americano che ha interpretato il prete ne &#8220;Il piccolo diavolo&#8221; di Roberto Benigni. Poi, quando ho realizzato, sinceramente mi sono anche un po\u2019 commosso.<\/p>\n<p style=\"text-align: justify;\">Ho conosciuto Maurizio Andreini all\u2019inizio della mia carriera di pubblicitario nel 1988: suo padre Antonio, tappezziere in via Sestini a Pistoia, \u00e8 stato uno dei miei primi clienti. Maurizio con il fratello gemello Massimo, appena ventenni, erano da poco entrati a lavorare dal padre come collaboratori. Ora, qualcuno di voi penser\u00e0: <em>&#8220;O cosa c\u2019entra il titolo di questo concludendo?&#8221; <\/em>Ebbene, ho fatto riferimento ai personaggi di Guareschi prima di tutto perch\u00e9 la diversit\u00e0 che c\u2019\u00e8 fra Maurizio e Massimo mi rimanda a don Camillo e Peppone, <em>Il diavolo e l\u2019Acqua Santa<\/em>; ma soprattutto perch\u00e9, in queste due paginette, vorrei cercare di esprimere il mio umile pensiero sul senso della vita, e su come tutti noi, pur essendo diversi (anche due gemelli!) negli atteggiamenti, ci confermiamo, nelle nostre diversit\u00e0, straordinariamente importanti per la collettivit\u00e0.<\/p>\n<p style=\"text-align: justify;\">Prima di andare avanti, non posso per\u00f2 non collegare la storia dei gemelli Andreini a quella, analoga, dei gemelli Tofani. Anche loro quarratini: don Paolo, parroco di San Piero in Agliana e Santomato (fra l\u2019altro citato da Giacomo Bini nell\u2019articolo su Santomato) e suo fratello Patrizio, storico elettrauto in Quarrata, forse illuminato, pi\u00f9 che dalla Fede, dai fari dei camion del Chiti Romaro. In sostanza, la metafora \u00e8 questa: siamo tutti fratelli, cio\u00e8 a dire, quando un individuo si adopera con buonsenso per migliorare la societ\u00e0 in cui vive, per esempio attraverso il faticoso lavoro quotidiano, non \u00e8 molto diverso dal Sacerdote che dall\u2019Altare impartisce l\u2019omelia. Paolo e Maurizio hanno ricevuto dal Vescovo il Sacramento dell\u2019 Ordine, ma a Patrizio o a Massimo, moltissime persone, hanno trasmesso &#8220;l\u2019ordine&#8221; di far ripartire l\u2019auto o di abbellire, con nuove tende, la propria casa&#8230; e questi sono stati soddisfatti! <em>Chi lavora prega<\/em>, dice un vecchio proverbio toscano, anche se a volte, presi proprio dai problemi del lavoro, tanti vanno contro ai Comandamenti, e addirittura molti, per brutta abitudine, usano, nelle proprie conversazioni, la bestemmia al posto della punteggiatura. Io per\u00f2 sono convinto che quando si fanno peccati lavorando, ne vengono abbonati la met\u00e0.<\/p>\n<p style=\"text-align: justify;\">\u00a0<em>Tanti auguri a don Maurizio e grazie dell\u2019invito. Vedr\u00f2 di essere presente il 29 giugno all\u2019inizio del tuo Servizio Sacerdotale. Tanti auguri a don Paolo, anche se \u00e8 molto tempo che non ci vediamo, leggo sempre del tuo operato altruista, libero e genuino. Tanti auguri a Massimo Andreini, con la speranza di fare ancora tante campagne pubblicitarie assieme. Tantissimi auguri a Patrizione Tofani, che possa, per tanto tempo ancora, suonare il suo sax\u2026 \u00a0<\/em><em>migliorando!<\/em><\/p>\n<div style=\"text-align: justify;\"><em>\u00a0<\/em><\/div>","protected":false},"excerpt":{"rendered":"<p>di Massimo Cappelli maggio 2012 Amatissimi lettori, \u00c8 il 14 giugno e nella posta trovo un invito per me alquanto singolare: l\u2019ordinazione al presbiterato dell\u2019amico don Maurizio Andreini per questo 29 giugno. Devo dire la verit\u00e0, leggendo distrattamente \u201cdon Maurizio\u201d, non ho capito subito, ma ho avuto un flashback che mi ha ricondotto a [&hellip;]<\/p>","protected":false},"author":7,"featured_media":0,"comment_status":"open","ping_status":"open","sticky":false,"template":"","format":"standard","meta":{"footnotes":""},"categories":[24,7],"tags":[59,89,91,104,113,125],"class_list":["post-1697","post","type-post","status-publish","format-standard","hentry","category-concludendo-qt","category-mt","tag-concludendo","tag-i-brevi-di-noidiqua","tag-il-montalese","tag-massimo-cappelli","tag-noidiqua","tag-quarrata"],"yoast_head":"<!-- This site is optimized with the Yoast SEO plugin v25.5 - https:\/\/yoast.com\/wordpress\/plugins\/seo\/ -->\n<title>Quando Don Camillo e Peppone... sono fratelli! - Noi di Qua Testata giornalistica e di attualit\u00e0 di Agliana, Montale e Quarrata.<\/title>\n<meta name=\"robots\" content=\"index, follow, max-snippet:-1, max-image-preview:large, max-video-preview:-1\" \/>\n<link rel=\"canonical\" href=\"https:\/\/www.noidiqua.it\/Montale\/quando-don-camillo-e-peppone-sono-fratelli\/\" \/>\n<meta property=\"og:locale\" content=\"it_IT\" \/>\n<meta property=\"og:type\" content=\"article\" \/>\n<meta property=\"og:title\" content=\"Quando Don Camillo e Peppone... sono fratelli! - Noi di Qua Testata giornalistica e di attualit\u00e0 di Agliana, Montale e Quarrata.\" \/>\n<meta property=\"og:description\" content=\"di Massimo Cappelli maggio 2012 Amatissimi lettori, \u00c8 il 14 giugno e nella posta trovo un invito per me alquanto singolare: l\u2019ordinazione al presbiterato dell\u2019amico don Maurizio Andreini per questo 29 giugno. Devo dire la verit\u00e0, leggendo distrattamente \u201cdon Maurizio\u201d, non ho capito subito, ma ho avuto un flashback che mi ha ricondotto a [&hellip;]\" \/>\n<meta property=\"og:url\" content=\"https:\/\/www.noidiqua.it\/Montale\/quando-don-camillo-e-peppone-sono-fratelli\/\" \/>\n<meta property=\"og:site_name\" content=\"Noi di Qua Testata giornalistica e di attualit\u00e0 di Agliana, Montale e Quarrata.\" \/>\n<meta property=\"article:publisher\" content=\"https:\/\/www.facebook.com\/noidiqua.trimestrale\/\" \/>\n<meta property=\"article:published_time\" content=\"2012-05-07T15:03:02+00:00\" \/>\n<meta property=\"article:modified_time\" content=\"2023-07-27T10:57:45+00:00\" \/>\n<meta property=\"og:image\" content=\"https:\/\/www.noidiqua.it\/Montale\/wp-content\/uploads\/2012\/05\/concludendo-falce-e-martello.png\" \/>\n<meta name=\"author\" content=\"Massimo Cappelli\" \/>\n<meta name=\"twitter:label1\" content=\"Scritto da\" \/>\n\t<meta name=\"twitter:data1\" content=\"Massimo Cappelli\" \/>\n\t<meta name=\"twitter:label2\" content=\"Tempo di lettura stimato\" \/>\n\t<meta name=\"twitter:data2\" content=\"3 minuti\" \/>\n<script type=\"application\/ld+json\" class=\"yoast-schema-graph\">{\"@context\":\"https:\/\/schema.org\",\"@graph\":[{\"@type\":\"WebPage\",\"@id\":\"https:\/\/www.noidiqua.it\/Montale\/quando-don-camillo-e-peppone-sono-fratelli\/\",\"url\":\"https:\/\/www.noidiqua.it\/Montale\/quando-don-camillo-e-peppone-sono-fratelli\/\",\"name\":\"Quando Don Camillo e Peppone... sono fratelli! - Noi di Qua Testata giornalistica e di attualit\u00e0 di Agliana, Montale e Quarrata.\",\"isPartOf\":{\"@id\":\"https:\/\/www.noidiqua.it\/Montale\/#website\"},\"primaryImageOfPage\":{\"@id\":\"https:\/\/www.noidiqua.it\/Montale\/quando-don-camillo-e-peppone-sono-fratelli\/#primaryimage\"},\"image\":{\"@id\":\"https:\/\/www.noidiqua.it\/Montale\/quando-don-camillo-e-peppone-sono-fratelli\/#primaryimage\"},\"thumbnailUrl\":\"https:\/\/www.noidiqua.it\/Montale\/wp-content\/uploads\/2012\/05\/concludendo-falce-e-martello.png\",\"datePublished\":\"2012-05-07T15:03:02+00:00\",\"dateModified\":\"2023-07-27T10:57:45+00:00\",\"author\":{\"@id\":\"https:\/\/www.noidiqua.it\/Montale\/#\/schema\/person\/858b1b9db61101126e5ded39f94daedb\"},\"breadcrumb\":{\"@id\":\"https:\/\/www.noidiqua.it\/Montale\/quando-don-camillo-e-peppone-sono-fratelli\/#breadcrumb\"},\"inLanguage\":\"it-IT\",\"potentialAction\":[{\"@type\":\"ReadAction\",\"target\":[\"https:\/\/www.noidiqua.it\/Montale\/quando-don-camillo-e-peppone-sono-fratelli\/\"]}]},{\"@type\":\"ImageObject\",\"inLanguage\":\"it-IT\",\"@id\":\"https:\/\/www.noidiqua.it\/Montale\/quando-don-camillo-e-peppone-sono-fratelli\/#primaryimage\",\"url\":\"https:\/\/www.noidiqua.it\/Montale\/wp-content\/uploads\/2012\/05\/concludendo-falce-e-martello.png\",\"contentUrl\":\"https:\/\/www.noidiqua.it\/Montale\/wp-content\/uploads\/2012\/05\/concludendo-falce-e-martello.png\",\"width\":500,\"height\":353},{\"@type\":\"BreadcrumbList\",\"@id\":\"https:\/\/www.noidiqua.it\/Montale\/quando-don-camillo-e-peppone-sono-fratelli\/#breadcrumb\",\"itemListElement\":[{\"@type\":\"ListItem\",\"position\":1,\"name\":\"Home\",\"item\":\"https:\/\/www.noidiqua.it\/Montale\/\"},{\"@type\":\"ListItem\",\"position\":2,\"name\":\"Quando Don Camillo e Peppone&#8230; sono fratelli!\"}]},{\"@type\":\"WebSite\",\"@id\":\"https:\/\/www.noidiqua.it\/Montale\/#website\",\"url\":\"https:\/\/www.noidiqua.it\/Montale\/\",\"name\":\"Noi di Qua Testata giornalistica e di attualit\u00e0 di Agliana, Montale e Quarrata.\",\"description\":\"Testata Giornalistica Quarrata Montale Agliana\",\"potentialAction\":[{\"@type\":\"SearchAction\",\"target\":{\"@type\":\"EntryPoint\",\"urlTemplate\":\"https:\/\/www.noidiqua.it\/Montale\/?s={search_term_string}\"},\"query-input\":{\"@type\":\"PropertyValueSpecification\",\"valueRequired\":true,\"valueName\":\"search_term_string\"}}],\"inLanguage\":\"it-IT\"},{\"@type\":\"Person\",\"@id\":\"https:\/\/www.noidiqua.it\/Montale\/#\/schema\/person\/858b1b9db61101126e5ded39f94daedb\",\"name\":\"Massimo Cappelli\",\"image\":{\"@type\":\"ImageObject\",\"inLanguage\":\"it-IT\",\"@id\":\"https:\/\/www.noidiqua.it\/Montale\/#\/schema\/person\/image\/\",\"url\":\"https:\/\/secure.gravatar.com\/avatar\/0e7261535228aa9bb0417ab8f42f3fadaf8ce23bdfde46c689c43410a676cfa9?s=96&d=mm&r=g\",\"contentUrl\":\"https:\/\/secure.gravatar.com\/avatar\/0e7261535228aa9bb0417ab8f42f3fadaf8ce23bdfde46c689c43410a676cfa9?s=96&d=mm&r=g\",\"caption\":\"Massimo Cappelli\"},\"url\":\"https:\/\/www.noidiqua.it\/Montale\/author\/massimo-cappelli\/\"}]}<\/script>\n<!-- \/ Yoast SEO plugin. -->","yoast_head_json":{"title":"Quando Don Camillo e Peppone... sono fratelli! - Noi di Qua Testata giornalistica e di attualit\u00e0 di Agliana, Montale e Quarrata.","robots":{"index":"index","follow":"follow","max-snippet":"max-snippet:-1","max-image-preview":"max-image-preview:large","max-video-preview":"max-video-preview:-1"},"canonical":"https:\/\/www.noidiqua.it\/Montale\/quando-don-camillo-e-peppone-sono-fratelli\/","og_locale":"it_IT","og_type":"article","og_title":"Quando Don Camillo e Peppone... sono fratelli! - Noi di Qua Testata giornalistica e di attualit\u00e0 di Agliana, Montale e Quarrata.","og_description":"di Massimo Cappelli maggio 2012 Amatissimi lettori, \u00c8 il 14 giugno e nella posta trovo un invito per me alquanto singolare: l\u2019ordinazione al presbiterato dell\u2019amico don Maurizio Andreini per questo 29 giugno. Devo dire la verit\u00e0, leggendo distrattamente \u201cdon Maurizio\u201d, non ho capito subito, ma ho avuto un flashback che mi ha ricondotto a [&hellip;]","og_url":"https:\/\/www.noidiqua.it\/Montale\/quando-don-camillo-e-peppone-sono-fratelli\/","og_site_name":"Noi di Qua Testata giornalistica e di attualit\u00e0 di Agliana, Montale e Quarrata.","article_publisher":"https:\/\/www.facebook.com\/noidiqua.trimestrale\/","article_published_time":"2012-05-07T15:03:02+00:00","article_modified_time":"2023-07-27T10:57:45+00:00","og_image":[{"url":"https:\/\/www.noidiqua.it\/Montale\/wp-content\/uploads\/2012\/05\/concludendo-falce-e-martello.png","type":"","width":"","height":""}],"author":"Massimo Cappelli","twitter_misc":{"Scritto da":"Massimo Cappelli","Tempo di lettura stimato":"3 minuti"},"schema":{"@context":"https:\/\/schema.org","@graph":[{"@type":"WebPage","@id":"https:\/\/www.noidiqua.it\/Montale\/quando-don-camillo-e-peppone-sono-fratelli\/","url":"https:\/\/www.noidiqua.it\/Montale\/quando-don-camillo-e-peppone-sono-fratelli\/","name":"Quando Don Camillo e Peppone... sono fratelli! - Noi di Qua Testata giornalistica e di attualit\u00e0 di Agliana, Montale e Quarrata.","isPartOf":{"@id":"https:\/\/www.noidiqua.it\/Montale\/#website"},"primaryImageOfPage":{"@id":"https:\/\/www.noidiqua.it\/Montale\/quando-don-camillo-e-peppone-sono-fratelli\/#primaryimage"},"image":{"@id":"https:\/\/www.noidiqua.it\/Montale\/quando-don-camillo-e-peppone-sono-fratelli\/#primaryimage"},"thumbnailUrl":"https:\/\/www.noidiqua.it\/Montale\/wp-content\/uploads\/2012\/05\/concludendo-falce-e-martello.png","datePublished":"2012-05-07T15:03:02+00:00","dateModified":"2023-07-27T10:57:45+00:00","author":{"@id":"https:\/\/www.noidiqua.it\/Montale\/#\/schema\/person\/858b1b9db61101126e5ded39f94daedb"},"breadcrumb":{"@id":"https:\/\/www.noidiqua.it\/Montale\/quando-don-camillo-e-peppone-sono-fratelli\/#breadcrumb"},"inLanguage":"it-IT","potentialAction":[{"@type":"ReadAction","target":["https:\/\/www.noidiqua.it\/Montale\/quando-don-camillo-e-peppone-sono-fratelli\/"]}]},{"@type":"ImageObject","inLanguage":"it-IT","@id":"https:\/\/www.noidiqua.it\/Montale\/quando-don-camillo-e-peppone-sono-fratelli\/#primaryimage","url":"https:\/\/www.noidiqua.it\/Montale\/wp-content\/uploads\/2012\/05\/concludendo-falce-e-martello.png","contentUrl":"https:\/\/www.noidiqua.it\/Montale\/wp-content\/uploads\/2012\/05\/concludendo-falce-e-martello.png","width":500,"height":353},{"@type":"BreadcrumbList","@id":"https:\/\/www.noidiqua.it\/Montale\/quando-don-camillo-e-peppone-sono-fratelli\/#breadcrumb","itemListElement":[{"@type":"ListItem","position":1,"name":"Home","item":"https:\/\/www.noidiqua.it\/Montale\/"},{"@type":"ListItem","position":2,"name":"Quando Don Camillo e Peppone&#8230; sono fratelli!"}]},{"@type":"WebSite","@id":"https:\/\/www.noidiqua.it\/Montale\/#website","url":"https:\/\/www.noidiqua.it\/Montale\/","name":"Noi di Qua Testata giornalistica e di attualit\u00e0 di Agliana, Montale e Quarrata.","description":"Testata Giornalistica Quarrata Montale Agliana","potentialAction":[{"@type":"SearchAction","target":{"@type":"EntryPoint","urlTemplate":"https:\/\/www.noidiqua.it\/Montale\/?s={search_term_string}"},"query-input":{"@type":"PropertyValueSpecification","valueRequired":true,"valueName":"search_term_string"}}],"inLanguage":"it-IT"},{"@type":"Person","@id":"https:\/\/www.noidiqua.it\/Montale\/#\/schema\/person\/858b1b9db61101126e5ded39f94daedb","name":"Massimo Cappelli","image":{"@type":"ImageObject","inLanguage":"it-IT","@id":"https:\/\/www.noidiqua.it\/Montale\/#\/schema\/person\/image\/","url":"https:\/\/secure.gravatar.com\/avatar\/0e7261535228aa9bb0417ab8f42f3fadaf8ce23bdfde46c689c43410a676cfa9?s=96&d=mm&r=g","contentUrl":"https:\/\/secure.gravatar.com\/avatar\/0e7261535228aa9bb0417ab8f42f3fadaf8ce23bdfde46c689c43410a676cfa9?s=96&d=mm&r=g","caption":"Massimo Cappelli"},"url":"https:\/\/www.noidiqua.it\/Montale\/author\/massimo-cappelli\/"}]}},"_links":{"self":[{"href":"https:\/\/www.noidiqua.it\/Montale\/wp-json\/wp\/v2\/posts\/1697","targetHints":{"allow":["GET"]}}],"collection":[{"href":"https:\/\/www.noidiqua.it\/Montale\/wp-json\/wp\/v2\/posts"}],"about":[{"href":"https:\/\/www.noidiqua.it\/Montale\/wp-json\/wp\/v2\/types\/post"}],"author":[{"embeddable":true,"href":"https:\/\/www.noidiqua.it\/Montale\/wp-json\/wp\/v2\/users\/7"}],"replies":[{"embeddable":true,"href":"https:\/\/www.noidiqua.it\/Montale\/wp-json\/wp\/v2\/comments?post=1697"}],"version-history":[{"count":3,"href":"https:\/\/www.noidiqua.it\/Montale\/wp-json\/wp\/v2\/posts\/1697\/revisions"}],"predecessor-version":[{"id":8130,"href":"https:\/\/www.noidiqua.it\/Montale\/wp-json\/wp\/v2\/posts\/1697\/revisions\/8130"}],"wp:attachment":[{"href":"https:\/\/www.noidiqua.it\/Montale\/wp-json\/wp\/v2\/media?parent=1697"}],"wp:term":[{"taxonomy":"category","embeddable":true,"href":"https:\/\/www.noidiqua.it\/Montale\/wp-json\/wp\/v2\/categories?post=1697"},{"taxonomy":"post_tag","embeddable":true,"href":"https:\/\/www.noidiqua.it\/Montale\/wp-json\/wp\/v2\/tags?post=1697"}],"curies":[{"name":"wp","href":"https:\/\/api.w.org\/{rel}","templated":true}]}}