{"id":1710,"date":"2012-05-07T16:31:41","date_gmt":"2012-05-07T16:31:41","guid":{"rendered":"https:\/\/www.noidiqua.it\/Montale\/?p=1710"},"modified":"2023-07-27T12:11:41","modified_gmt":"2023-07-27T10:11:41","slug":"banda-di-fognano","status":"publish","type":"post","link":"https:\/\/www.noidiqua.it\/Montale\/banda-di-fognano\/","title":{"rendered":"Banda di Fognano"},"content":{"rendered":"<p style=\"text-align: justify;\"><em>di\u00a0 Marco Bagnoli<\/em><\/p>\n<div style=\"text-align: justify;\"><em>maggio 2012<\/em><\/div>\n<div style=\"text-align: justify;\"><\/div>\n<p><a href=\"https:\/\/www.noidiqua.it\/Montale\/wp-content\/uploads\/2012\/05\/banda-1.png\" rel=\"wp-prettyPhoto[1710]\"><img loading=\"lazy\" decoding=\"async\" class=\"aligncenter size-full wp-image-8095\" src=\"https:\/\/www.noidiqua.it\/Montale\/wp-content\/uploads\/2012\/05\/banda-1.png\" alt=\"\" width=\"508\" height=\"318\" srcset=\"https:\/\/www.noidiqua.it\/Montale\/wp-content\/uploads\/2012\/05\/banda-1.png 508w, https:\/\/www.noidiqua.it\/Montale\/wp-content\/uploads\/2012\/05\/banda-1-300x188.png 300w\" sizes=\"auto, (max-width: 508px) 100vw, 508px\" \/><\/a><\/p>\n<div style=\"text-align: justify;\"><\/div>\n<div style=\"text-align: justify;\"><\/div>\n<p style=\"text-align: justify;\">Rappresenta sicuramente un motivo d\u2019orgoglio per ogni abitante di <strong>Montale<\/strong> e chi resta indifferente, o non ha orecchio, o non ha cuore. Questa storia comincia nel lontano 1885, quando viene fondata la \u201cFilarmonica Fognanese\u201d, degna evoluzione dell\u2019originaria formazione mandolinistica. Sono scarse e fumose le notizie sui suoi primi anni di vita, scricchiolano e si sbriciolano come un sigaro toscano. A cavallo delle due guerre prende la bacchetta il Maestro <strong>Enrico Barni<\/strong>, sotto la cui direzione la banda rinasce e prospera per molti anni. Quando la <strong><em>Guerra fredda<\/em><\/strong> \u00e8 ormai prossima allo scongelamento, si verifica un passaggio importante per la filarmonica: viene eletto alla presidenza del consiglio direttivo <strong>Stefano Arnetoli<\/strong>, giovane, in gamba, animato dal giusto spirito per smuovere e rivitalizzare la banda nell\u2019imminenza del suo primo centenario; al suo fianco c\u2019\u00e8 <strong>Fabio Gherardini<\/strong>, un collaboratore prezioso, il presidente attualmente in carica. Nel frattempo il suo nome \u00e8 cambiato in <strong>\u201cCorpo musicale Giuseppe Verdi\u201d<\/strong> e i suoi componenti, i giovani e quelli meno giovani, possono affermare con sicurezza di essere qualcosa di pi\u00f9 di un gruppo di gente che soffia dentro l\u2019ottone: sono un gruppo di amici, una famiglia. Non sono pochi i rapporti di parentela tra le fila ingiacchettate: madri e figli, fidanzati, qualcuno porta la ragazza, qualcun altro trova moglie. \u00c8 una casa sicura in cui crescere assieme agli altri, i pi\u00f9 piccoli con i pi\u00f9 grandi.<\/p>\n<p><a href=\"https:\/\/www.noidiqua.it\/Montale\/wp-content\/uploads\/2012\/05\/banda-2.png\" rel=\"wp-prettyPhoto[1710]\"><img loading=\"lazy\" decoding=\"async\" class=\"aligncenter size-full wp-image-8096\" src=\"https:\/\/www.noidiqua.it\/Montale\/wp-content\/uploads\/2012\/05\/banda-2.png\" alt=\"\" width=\"502\" height=\"339\" srcset=\"https:\/\/www.noidiqua.it\/Montale\/wp-content\/uploads\/2012\/05\/banda-2.png 502w, https:\/\/www.noidiqua.it\/Montale\/wp-content\/uploads\/2012\/05\/banda-2-300x203.png 300w\" sizes=\"auto, (max-width: 502px) 100vw, 502px\" \/><\/a><\/p>\n<p style=\"text-align: justify;\">Ma siccome un po\u2019 di musica bisogner\u00e0 comunque suonarla, ecco che si provvede ad un rinforzino anche sul versante del pentagramma; i muscoli per questo lavoro ce li mette un nuovo maestro, il professor <strong>Mario Scavuzzo<\/strong>, clarinettista, 21 anni appena. \u00c8 lui che si prende cura dei musicisti, una sera la settimana, approntando gli arrangiamenti e componendo all\u2019occorrenza del materiale originale. Ancora non lo sanno, ma un giorno incideranno un disco tutto loro, <strong>\u201cEcco la banda\u201d<\/strong>, pubblicato poco prima della fine del millennio. Controparte insostituibile dell\u2019ensemble \u00e8 il capobanda, <strong>Nicola Mainardi<\/strong>, che apre il corteo e tiene in ordine i ranghi di marcia, oltre a suonare egli stesso uno strumento \u2013 un tandem di ruoli, quello tra maestro e capobanda, finalizzato ad ottimizzare la concentrazione delle prove e lo slancio della performance. La banda d\u00e0 il meglio di s\u00e9 in occasione del suo compleanno, celebrato nell\u201988, in modo memorabile. Negli anni immediatamente successivi il gruppo cresce di numero, si fa bello con le nuove divise e guarda fiducioso il futu ro. E infatti, nel 1994, non si fa scappare l\u2019occasione di andare a <strong>Roma<\/strong> per suonare nell\u2019Aula Nervi; e seduto davanti a loro c\u2019\u00e8 <strong>Giovanni Paolo II<\/strong>. Una grande emozione, che dura ancora oggi. Un po\u2019 per festeggiare e un po\u2019 per riprendersi, i nostri stringono allora amicizia con la sezione <strong>Alpini di Firenze<\/strong>, altra grande famiglia nella famiglia, assieme alla quale girano l\u2019Italia gagliarda ed entusiasta dei raduni Nazionali: l\u2019ultimo \u00e8 stato a <strong>Bolzano<\/strong>, banco di prova del musicista pi\u00f9 piccolo, di soli sette anni.<\/p>\n<p><a href=\"https:\/\/www.noidiqua.it\/Montale\/wp-content\/uploads\/2012\/05\/banda-3.png\" rel=\"wp-prettyPhoto[1710]\"><img loading=\"lazy\" decoding=\"async\" class=\"aligncenter size-full wp-image-8097\" src=\"https:\/\/www.noidiqua.it\/Montale\/wp-content\/uploads\/2012\/05\/banda-3.png\" alt=\"\" width=\"506\" height=\"337\" srcset=\"https:\/\/www.noidiqua.it\/Montale\/wp-content\/uploads\/2012\/05\/banda-3.png 506w, https:\/\/www.noidiqua.it\/Montale\/wp-content\/uploads\/2012\/05\/banda-3-300x200.png 300w\" sizes=\"auto, (max-width: 506px) 100vw, 506px\" \/><\/a><\/p>\n<p>Le occasioni d\u2019incontro si rinnovano coi gemellaggi stretti col<strong> \u201cCorpo bandistico Quirino Manzini\u201d di Montes<\/strong>e e il <strong>\u201cCoro di Montepiano\u201d<\/strong>, che coi nostri condivide, oltre la passione, persino lo stesso direttore. Una pagina irrecuperabile della loro storia viene per\u00f2 a strapparsi nel 1997, quando muore in un incidente automobilistico la loro amica <strong>Romina Betti<\/strong>: Romina ha soltanto ventinove anni, faceva parte del consiglio, ma soprattutto, nella banda, lei c\u2019era cresciuta, essendovi entrata quando era una bambina, all\u2019et\u00e0 di dieci anni. A lei viene intitolata la scuola di musica, che coi suoi 50 allievi sembra prometterci un\u2019altra festa di centenario, a cui tutti siamo gi\u00e0 invitati: \u00e8 infatti nella scuola che studiano gli strumentisti e coloro che ambiscono ad entrare in banda. Il contributo di Romina si \u00e8 rivelato fondamentale nel rendere tangibile un piccolo-grande sogno, che di anno in anno ha finito col mettere i capelli bianchi: quello di poter disporre di una nuova sede, di una casa meno angusta di quella attuale, piccola, bassa, anche se amatissima, certo. Questo disegno di fantasia, che entro breve sar\u00e0 realt\u00e0, \u00e8 stato colorato con fatica, pazienza, passandosi i pastelli fino a che ciascuno \u2013 ciascuno di loro e ciascuno di voi \u2013 non fosse riuscito a dare il suo contributo; e la Banda vi ringrazia, di tutto cuore, mettendoci ancora pi\u00f9 fiato e ancora pi\u00f9 forza.<\/p>\n<p style=\"text-align: justify;\">","protected":false},"excerpt":{"rendered":"<p>di\u00a0 Marco Bagnoli maggio 2012 Rappresenta sicuramente un motivo d\u2019orgoglio per ogni abitante di Montale e chi resta indifferente, o non ha orecchio, o non ha cuore. Questa storia comincia nel lontano 1885, quando viene fondata la \u201cFilarmonica Fognanese\u201d, degna evoluzione dell\u2019originaria formazione mandolinistica. Sono scarse e fumose le notizie sui suoi primi anni [&hellip;]<\/p>","protected":false},"author":3,"featured_media":0,"comment_status":"open","ping_status":"open","sticky":false,"template":"","format":"standard","meta":{"footnotes":""},"categories":[172,7],"tags":[49,91,995,113,149,151],"class_list":["post-1710","post","type-post","status-publish","format-standard","hentry","category-che-spettacolo","category-mt","tag-banda-banda-di-fognano","tag-il-montalese","tag-mt","tag-noidiqua","tag-spettacolo","tag-sport-e-spettacolo"],"yoast_head":"<!-- This site is optimized with the Yoast SEO plugin v25.5 - https:\/\/yoast.com\/wordpress\/plugins\/seo\/ -->\n<title>Banda di Fognano - Noi di Qua Testata giornalistica e di attualit\u00e0 di Agliana, Montale e Quarrata.<\/title>\n<meta name=\"robots\" content=\"index, follow, max-snippet:-1, max-image-preview:large, max-video-preview:-1\" \/>\n<link rel=\"canonical\" href=\"https:\/\/www.noidiqua.it\/Montale\/banda-di-fognano\/\" \/>\n<meta property=\"og:locale\" content=\"it_IT\" \/>\n<meta property=\"og:type\" content=\"article\" \/>\n<meta property=\"og:title\" content=\"Banda di Fognano - Noi di Qua Testata giornalistica e di attualit\u00e0 di Agliana, Montale e Quarrata.\" \/>\n<meta property=\"og:description\" content=\"di\u00a0 Marco Bagnoli maggio 2012 Rappresenta sicuramente un motivo d\u2019orgoglio per ogni abitante di Montale e chi resta indifferente, o non ha orecchio, o non ha cuore. Questa storia comincia nel lontano 1885, quando viene fondata la \u201cFilarmonica Fognanese\u201d, degna evoluzione dell\u2019originaria formazione mandolinistica. Sono scarse e fumose le notizie sui suoi primi anni [&hellip;]\" \/>\n<meta property=\"og:url\" content=\"https:\/\/www.noidiqua.it\/Montale\/banda-di-fognano\/\" \/>\n<meta property=\"og:site_name\" content=\"Noi di Qua Testata giornalistica e di attualit\u00e0 di Agliana, Montale e Quarrata.\" \/>\n<meta property=\"article:publisher\" content=\"https:\/\/www.facebook.com\/noidiqua.trimestrale\/\" \/>\n<meta property=\"article:published_time\" content=\"2012-05-07T16:31:41+00:00\" \/>\n<meta property=\"article:modified_time\" content=\"2023-07-27T10:11:41+00:00\" \/>\n<meta property=\"og:image\" content=\"https:\/\/www.noidiqua.it\/Montale\/wp-content\/uploads\/2012\/05\/banda-1.png\" \/>\n<meta name=\"author\" content=\"Marco Bagnoli\" \/>\n<meta name=\"twitter:label1\" content=\"Scritto da\" \/>\n\t<meta name=\"twitter:data1\" content=\"Marco Bagnoli\" \/>\n\t<meta name=\"twitter:label2\" content=\"Tempo di lettura stimato\" \/>\n\t<meta name=\"twitter:data2\" content=\"4 minuti\" \/>\n<script type=\"application\/ld+json\" class=\"yoast-schema-graph\">{\"@context\":\"https:\/\/schema.org\",\"@graph\":[{\"@type\":\"WebPage\",\"@id\":\"https:\/\/www.noidiqua.it\/Montale\/banda-di-fognano\/\",\"url\":\"https:\/\/www.noidiqua.it\/Montale\/banda-di-fognano\/\",\"name\":\"Banda di Fognano - Noi di Qua Testata giornalistica e di attualit\u00e0 di Agliana, Montale e Quarrata.\",\"isPartOf\":{\"@id\":\"https:\/\/www.noidiqua.it\/Montale\/#website\"},\"primaryImageOfPage\":{\"@id\":\"https:\/\/www.noidiqua.it\/Montale\/banda-di-fognano\/#primaryimage\"},\"image\":{\"@id\":\"https:\/\/www.noidiqua.it\/Montale\/banda-di-fognano\/#primaryimage\"},\"thumbnailUrl\":\"https:\/\/www.noidiqua.it\/Montale\/wp-content\/uploads\/2012\/05\/banda-1.png\",\"datePublished\":\"2012-05-07T16:31:41+00:00\",\"dateModified\":\"2023-07-27T10:11:41+00:00\",\"author\":{\"@id\":\"https:\/\/www.noidiqua.it\/Montale\/#\/schema\/person\/4e183cb0c6d7951e716a876aa702e1a2\"},\"breadcrumb\":{\"@id\":\"https:\/\/www.noidiqua.it\/Montale\/banda-di-fognano\/#breadcrumb\"},\"inLanguage\":\"it-IT\",\"potentialAction\":[{\"@type\":\"ReadAction\",\"target\":[\"https:\/\/www.noidiqua.it\/Montale\/banda-di-fognano\/\"]}]},{\"@type\":\"ImageObject\",\"inLanguage\":\"it-IT\",\"@id\":\"https:\/\/www.noidiqua.it\/Montale\/banda-di-fognano\/#primaryimage\",\"url\":\"https:\/\/www.noidiqua.it\/Montale\/wp-content\/uploads\/2012\/05\/banda-1.png\",\"contentUrl\":\"https:\/\/www.noidiqua.it\/Montale\/wp-content\/uploads\/2012\/05\/banda-1.png\",\"width\":508,\"height\":318},{\"@type\":\"BreadcrumbList\",\"@id\":\"https:\/\/www.noidiqua.it\/Montale\/banda-di-fognano\/#breadcrumb\",\"itemListElement\":[{\"@type\":\"ListItem\",\"position\":1,\"name\":\"Home\",\"item\":\"https:\/\/www.noidiqua.it\/Montale\/\"},{\"@type\":\"ListItem\",\"position\":2,\"name\":\"Banda di Fognano\"}]},{\"@type\":\"WebSite\",\"@id\":\"https:\/\/www.noidiqua.it\/Montale\/#website\",\"url\":\"https:\/\/www.noidiqua.it\/Montale\/\",\"name\":\"Noi di Qua Testata giornalistica e di attualit\u00e0 di Agliana, Montale e Quarrata.\",\"description\":\"Testata Giornalistica Quarrata Montale Agliana\",\"potentialAction\":[{\"@type\":\"SearchAction\",\"target\":{\"@type\":\"EntryPoint\",\"urlTemplate\":\"https:\/\/www.noidiqua.it\/Montale\/?s={search_term_string}\"},\"query-input\":{\"@type\":\"PropertyValueSpecification\",\"valueRequired\":true,\"valueName\":\"search_term_string\"}}],\"inLanguage\":\"it-IT\"},{\"@type\":\"Person\",\"@id\":\"https:\/\/www.noidiqua.it\/Montale\/#\/schema\/person\/4e183cb0c6d7951e716a876aa702e1a2\",\"name\":\"Marco Bagnoli\",\"image\":{\"@type\":\"ImageObject\",\"inLanguage\":\"it-IT\",\"@id\":\"https:\/\/www.noidiqua.it\/Montale\/#\/schema\/person\/image\/\",\"url\":\"https:\/\/secure.gravatar.com\/avatar\/73ace53724c50db9c48af54756f17b7cdb015a9d8d2c08c7e04e480539a94eee?s=96&d=mm&r=g\",\"contentUrl\":\"https:\/\/secure.gravatar.com\/avatar\/73ace53724c50db9c48af54756f17b7cdb015a9d8d2c08c7e04e480539a94eee?s=96&d=mm&r=g\",\"caption\":\"Marco Bagnoli\"},\"url\":\"https:\/\/www.noidiqua.it\/Montale\/author\/marco-bagnoli\/\"}]}<\/script>\n<!-- \/ Yoast SEO plugin. -->","yoast_head_json":{"title":"Banda di Fognano - Noi di Qua Testata giornalistica e di attualit\u00e0 di Agliana, Montale e Quarrata.","robots":{"index":"index","follow":"follow","max-snippet":"max-snippet:-1","max-image-preview":"max-image-preview:large","max-video-preview":"max-video-preview:-1"},"canonical":"https:\/\/www.noidiqua.it\/Montale\/banda-di-fognano\/","og_locale":"it_IT","og_type":"article","og_title":"Banda di Fognano - Noi di Qua Testata giornalistica e di attualit\u00e0 di Agliana, Montale e Quarrata.","og_description":"di\u00a0 Marco Bagnoli maggio 2012 Rappresenta sicuramente un motivo d\u2019orgoglio per ogni abitante di Montale e chi resta indifferente, o non ha orecchio, o non ha cuore. Questa storia comincia nel lontano 1885, quando viene fondata la \u201cFilarmonica Fognanese\u201d, degna evoluzione dell\u2019originaria formazione mandolinistica. Sono scarse e fumose le notizie sui suoi primi anni [&hellip;]","og_url":"https:\/\/www.noidiqua.it\/Montale\/banda-di-fognano\/","og_site_name":"Noi di Qua Testata giornalistica e di attualit\u00e0 di Agliana, Montale e Quarrata.","article_publisher":"https:\/\/www.facebook.com\/noidiqua.trimestrale\/","article_published_time":"2012-05-07T16:31:41+00:00","article_modified_time":"2023-07-27T10:11:41+00:00","og_image":[{"url":"https:\/\/www.noidiqua.it\/Montale\/wp-content\/uploads\/2012\/05\/banda-1.png","type":"","width":"","height":""}],"author":"Marco Bagnoli","twitter_misc":{"Scritto da":"Marco Bagnoli","Tempo di lettura stimato":"4 minuti"},"schema":{"@context":"https:\/\/schema.org","@graph":[{"@type":"WebPage","@id":"https:\/\/www.noidiqua.it\/Montale\/banda-di-fognano\/","url":"https:\/\/www.noidiqua.it\/Montale\/banda-di-fognano\/","name":"Banda di Fognano - Noi di Qua Testata giornalistica e di attualit\u00e0 di Agliana, Montale e Quarrata.","isPartOf":{"@id":"https:\/\/www.noidiqua.it\/Montale\/#website"},"primaryImageOfPage":{"@id":"https:\/\/www.noidiqua.it\/Montale\/banda-di-fognano\/#primaryimage"},"image":{"@id":"https:\/\/www.noidiqua.it\/Montale\/banda-di-fognano\/#primaryimage"},"thumbnailUrl":"https:\/\/www.noidiqua.it\/Montale\/wp-content\/uploads\/2012\/05\/banda-1.png","datePublished":"2012-05-07T16:31:41+00:00","dateModified":"2023-07-27T10:11:41+00:00","author":{"@id":"https:\/\/www.noidiqua.it\/Montale\/#\/schema\/person\/4e183cb0c6d7951e716a876aa702e1a2"},"breadcrumb":{"@id":"https:\/\/www.noidiqua.it\/Montale\/banda-di-fognano\/#breadcrumb"},"inLanguage":"it-IT","potentialAction":[{"@type":"ReadAction","target":["https:\/\/www.noidiqua.it\/Montale\/banda-di-fognano\/"]}]},{"@type":"ImageObject","inLanguage":"it-IT","@id":"https:\/\/www.noidiqua.it\/Montale\/banda-di-fognano\/#primaryimage","url":"https:\/\/www.noidiqua.it\/Montale\/wp-content\/uploads\/2012\/05\/banda-1.png","contentUrl":"https:\/\/www.noidiqua.it\/Montale\/wp-content\/uploads\/2012\/05\/banda-1.png","width":508,"height":318},{"@type":"BreadcrumbList","@id":"https:\/\/www.noidiqua.it\/Montale\/banda-di-fognano\/#breadcrumb","itemListElement":[{"@type":"ListItem","position":1,"name":"Home","item":"https:\/\/www.noidiqua.it\/Montale\/"},{"@type":"ListItem","position":2,"name":"Banda di Fognano"}]},{"@type":"WebSite","@id":"https:\/\/www.noidiqua.it\/Montale\/#website","url":"https:\/\/www.noidiqua.it\/Montale\/","name":"Noi di Qua Testata giornalistica e di attualit\u00e0 di Agliana, Montale e Quarrata.","description":"Testata Giornalistica Quarrata Montale Agliana","potentialAction":[{"@type":"SearchAction","target":{"@type":"EntryPoint","urlTemplate":"https:\/\/www.noidiqua.it\/Montale\/?s={search_term_string}"},"query-input":{"@type":"PropertyValueSpecification","valueRequired":true,"valueName":"search_term_string"}}],"inLanguage":"it-IT"},{"@type":"Person","@id":"https:\/\/www.noidiqua.it\/Montale\/#\/schema\/person\/4e183cb0c6d7951e716a876aa702e1a2","name":"Marco Bagnoli","image":{"@type":"ImageObject","inLanguage":"it-IT","@id":"https:\/\/www.noidiqua.it\/Montale\/#\/schema\/person\/image\/","url":"https:\/\/secure.gravatar.com\/avatar\/73ace53724c50db9c48af54756f17b7cdb015a9d8d2c08c7e04e480539a94eee?s=96&d=mm&r=g","contentUrl":"https:\/\/secure.gravatar.com\/avatar\/73ace53724c50db9c48af54756f17b7cdb015a9d8d2c08c7e04e480539a94eee?s=96&d=mm&r=g","caption":"Marco Bagnoli"},"url":"https:\/\/www.noidiqua.it\/Montale\/author\/marco-bagnoli\/"}]}},"_links":{"self":[{"href":"https:\/\/www.noidiqua.it\/Montale\/wp-json\/wp\/v2\/posts\/1710","targetHints":{"allow":["GET"]}}],"collection":[{"href":"https:\/\/www.noidiqua.it\/Montale\/wp-json\/wp\/v2\/posts"}],"about":[{"href":"https:\/\/www.noidiqua.it\/Montale\/wp-json\/wp\/v2\/types\/post"}],"author":[{"embeddable":true,"href":"https:\/\/www.noidiqua.it\/Montale\/wp-json\/wp\/v2\/users\/3"}],"replies":[{"embeddable":true,"href":"https:\/\/www.noidiqua.it\/Montale\/wp-json\/wp\/v2\/comments?post=1710"}],"version-history":[{"count":6,"href":"https:\/\/www.noidiqua.it\/Montale\/wp-json\/wp\/v2\/posts\/1710\/revisions"}],"predecessor-version":[{"id":8098,"href":"https:\/\/www.noidiqua.it\/Montale\/wp-json\/wp\/v2\/posts\/1710\/revisions\/8098"}],"wp:attachment":[{"href":"https:\/\/www.noidiqua.it\/Montale\/wp-json\/wp\/v2\/media?parent=1710"}],"wp:term":[{"taxonomy":"category","embeddable":true,"href":"https:\/\/www.noidiqua.it\/Montale\/wp-json\/wp\/v2\/categories?post=1710"},{"taxonomy":"post_tag","embeddable":true,"href":"https:\/\/www.noidiqua.it\/Montale\/wp-json\/wp\/v2\/tags?post=1710"}],"curies":[{"name":"wp","href":"https:\/\/api.w.org\/{rel}","templated":true}]}}