{"id":1745,"date":"2012-05-07T13:28:25","date_gmt":"2012-05-07T13:28:25","guid":{"rendered":"https:\/\/www.noidiqua.it\/Montale\/?p=1745"},"modified":"2023-07-27T12:42:48","modified_gmt":"2023-07-27T10:42:48","slug":"chiesa-di-san-giovanni-evangelista","status":"publish","type":"post","link":"https:\/\/www.noidiqua.it\/Montale\/chiesa-di-san-giovanni-evangelista\/","title":{"rendered":"Chiesa di San Giovanni Evangelista"},"content":{"rendered":"<p><em>di Marco Bagnoli<\/em><\/p>\n<div><em>maggio 2012<\/em><\/div>\n<div><\/div>\n<div><a href=\"https:\/\/www.noidiqua.it\/Montale\/wp-content\/uploads\/2012\/05\/chiesa_.png\" rel=\"wp-prettyPhoto[1745]\"><img loading=\"lazy\" decoding=\"async\" class=\"aligncenter size-full wp-image-8116\" src=\"https:\/\/www.noidiqua.it\/Montale\/wp-content\/uploads\/2012\/05\/chiesa_.png\" alt=\"\" width=\"524\" height=\"350\" srcset=\"https:\/\/www.noidiqua.it\/Montale\/wp-content\/uploads\/2012\/05\/chiesa_.png 524w, https:\/\/www.noidiqua.it\/Montale\/wp-content\/uploads\/2012\/05\/chiesa_-300x200.png 300w\" sizes=\"auto, (max-width: 524px) 100vw, 524px\" \/><\/a><\/div>\n<div><\/div>\n<p>&nbsp;<\/p>\n<p style=\"text-align: justify;\">In origine era una pieve e sorgeva nel territorio di <strong>Villiano<\/strong>, che in seguito diventer\u00e0 il paese di <strong>Montale<\/strong>; sconosciuta l\u2019epoca certa della sua fondazione, la ritroviamo in una carta del dicembre 957, al tempo del <strong>re Berengario<\/strong>. Non si trovava per\u00f2 in prossimit\u00e0 di un abitato, bens\u00ec in una posizione distaccata, come era sovente per la maggior parte delle pievi di epoca altomedievale. Tuttavia la sua presenza non pu\u00f2 che testimoniarci il punto di riferimento di una religiosit\u00e0 diffusa, per quanto dislocata. Nella prima met\u00e0 del X secolo, esauritasi la spinta invasiva ungara, le regioni della<strong> Tuscia<\/strong> poterono alfine sperimentare un relativo benessere, direttamente espresso da un contingente incremento demografico. Alcuni di questi nuclei abitativi risalivano sicuramente all\u2019epoca della centuriazione romana, tra la <strong>Cassia<\/strong> e la fitta <em>silva de Pacciana et Ronco<\/em>, rammentata ancora nel XI secolo.<\/p>\n<p style=\"text-align: justify;\">A nord della pieve sorgeva uno dei centri pi\u00f9 importanti della zona, quello di <strong>Vizzano<\/strong>; non passer\u00e0 molto tempo prima che la solitudine del Santo si faccia storia passata. Nel 1075 si ha notizia di una terra <em>con case, vigna ed orto<\/em>; nel 1173 compaiono tre appezzamenti ad oliveto, ed una terra <em>cum edificio<\/em> nel 1180; tutt\u2019attorno, per vasto errare, ancora zone allo stato di <em>boscum vel silva<\/em>. Del tipico assetto altomedievale nulla \u00e8 rimasto a trasmetterci testimonianza; si presume che la ricostruzione dell\u2019edificio sia avvenuto tra il XI e il XII secolo, su schema ad aula unica ed abside rivolta a levante: l\u2019altare maggiore dedicato alla Vergine e ai santi Pietro e Paolo; Lorenzo, Cecilia ed Agnese sull\u2019altare della parete nord, mentre su quella a sud gli apostoli Filippo e Giacomo e i santi <strong>Giovanni Battista<\/strong> e <strong>Giovanni Evangelista<\/strong>. Sar\u00e0 proprio\u00a0 a quest\u2019ultimo che verr\u00e0 intitolata la chiesa nella prima met\u00e0 del Cinquecento. Il gusto romanico ceder\u00e0 infine il passo ad un blando neoclassico, nella definitiva trasformazione dell\u2019architettura avvenuta nel 1806.<\/p>","protected":false},"excerpt":{"rendered":"<p>di Marco Bagnoli maggio 2012 &nbsp; In origine era una pieve e sorgeva nel territorio di Villiano, che in seguito diventer\u00e0 il paese di Montale; sconosciuta l\u2019epoca certa della sua fondazione, la ritroviamo in una carta del dicembre 957, al tempo del re Berengario. Non si trovava per\u00f2 in prossimit\u00e0 di un abitato, bens\u00ec [&hellip;]<\/p>","protected":false},"author":3,"featured_media":0,"comment_status":"open","ping_status":"open","sticky":false,"template":"","format":"standard","meta":{"footnotes":""},"categories":[7,18],"tags":[56,89,91,995,113,125],"class_list":["post-1745","post","type-post","status-publish","format-standard","hentry","category-mt","category-territorio-qt","tag-chiesa-san-giovanni-evangelista","tag-i-brevi-di-noidiqua","tag-il-montalese","tag-mt","tag-noidiqua","tag-quarrata"],"yoast_head":"<!-- This site is optimized with the Yoast SEO plugin v25.5 - https:\/\/yoast.com\/wordpress\/plugins\/seo\/ -->\n<title>Chiesa di San Giovanni Evangelista - Noi di Qua Testata giornalistica e di attualit\u00e0 di Agliana, Montale e Quarrata.<\/title>\n<meta name=\"robots\" content=\"index, follow, max-snippet:-1, max-image-preview:large, max-video-preview:-1\" \/>\n<link rel=\"canonical\" href=\"https:\/\/www.noidiqua.it\/Montale\/chiesa-di-san-giovanni-evangelista\/\" \/>\n<meta property=\"og:locale\" content=\"it_IT\" \/>\n<meta property=\"og:type\" content=\"article\" \/>\n<meta property=\"og:title\" content=\"Chiesa di San Giovanni Evangelista - Noi di Qua Testata giornalistica e di attualit\u00e0 di Agliana, Montale e Quarrata.\" \/>\n<meta property=\"og:description\" content=\"di Marco Bagnoli maggio 2012 &nbsp; In origine era una pieve e sorgeva nel territorio di Villiano, che in seguito diventer\u00e0 il paese di Montale; sconosciuta l\u2019epoca certa della sua fondazione, la ritroviamo in una carta del dicembre 957, al tempo del re Berengario. Non si trovava per\u00f2 in prossimit\u00e0 di un abitato, bens\u00ec [&hellip;]\" \/>\n<meta property=\"og:url\" content=\"https:\/\/www.noidiqua.it\/Montale\/chiesa-di-san-giovanni-evangelista\/\" \/>\n<meta property=\"og:site_name\" content=\"Noi di Qua Testata giornalistica e di attualit\u00e0 di Agliana, Montale e Quarrata.\" \/>\n<meta property=\"article:publisher\" content=\"https:\/\/www.facebook.com\/noidiqua.trimestrale\/\" \/>\n<meta property=\"article:published_time\" content=\"2012-05-07T13:28:25+00:00\" \/>\n<meta property=\"article:modified_time\" content=\"2023-07-27T10:42:48+00:00\" \/>\n<meta property=\"og:image\" content=\"https:\/\/www.noidiqua.it\/Montale\/wp-content\/uploads\/2012\/05\/chiesa_.png\" \/>\n<meta name=\"author\" content=\"Marco Bagnoli\" \/>\n<meta name=\"twitter:label1\" content=\"Scritto da\" \/>\n\t<meta name=\"twitter:data1\" content=\"Marco Bagnoli\" \/>\n\t<meta name=\"twitter:label2\" content=\"Tempo di lettura stimato\" \/>\n\t<meta name=\"twitter:data2\" content=\"2 minuti\" \/>\n<script type=\"application\/ld+json\" class=\"yoast-schema-graph\">{\"@context\":\"https:\/\/schema.org\",\"@graph\":[{\"@type\":\"WebPage\",\"@id\":\"https:\/\/www.noidiqua.it\/Montale\/chiesa-di-san-giovanni-evangelista\/\",\"url\":\"https:\/\/www.noidiqua.it\/Montale\/chiesa-di-san-giovanni-evangelista\/\",\"name\":\"Chiesa di San Giovanni Evangelista - Noi di Qua Testata giornalistica e di attualit\u00e0 di Agliana, Montale e Quarrata.\",\"isPartOf\":{\"@id\":\"https:\/\/www.noidiqua.it\/Montale\/#website\"},\"primaryImageOfPage\":{\"@id\":\"https:\/\/www.noidiqua.it\/Montale\/chiesa-di-san-giovanni-evangelista\/#primaryimage\"},\"image\":{\"@id\":\"https:\/\/www.noidiqua.it\/Montale\/chiesa-di-san-giovanni-evangelista\/#primaryimage\"},\"thumbnailUrl\":\"https:\/\/www.noidiqua.it\/Montale\/wp-content\/uploads\/2012\/05\/chiesa_.png\",\"datePublished\":\"2012-05-07T13:28:25+00:00\",\"dateModified\":\"2023-07-27T10:42:48+00:00\",\"author\":{\"@id\":\"https:\/\/www.noidiqua.it\/Montale\/#\/schema\/person\/4e183cb0c6d7951e716a876aa702e1a2\"},\"breadcrumb\":{\"@id\":\"https:\/\/www.noidiqua.it\/Montale\/chiesa-di-san-giovanni-evangelista\/#breadcrumb\"},\"inLanguage\":\"it-IT\",\"potentialAction\":[{\"@type\":\"ReadAction\",\"target\":[\"https:\/\/www.noidiqua.it\/Montale\/chiesa-di-san-giovanni-evangelista\/\"]}]},{\"@type\":\"ImageObject\",\"inLanguage\":\"it-IT\",\"@id\":\"https:\/\/www.noidiqua.it\/Montale\/chiesa-di-san-giovanni-evangelista\/#primaryimage\",\"url\":\"https:\/\/www.noidiqua.it\/Montale\/wp-content\/uploads\/2012\/05\/chiesa_.png\",\"contentUrl\":\"https:\/\/www.noidiqua.it\/Montale\/wp-content\/uploads\/2012\/05\/chiesa_.png\",\"width\":524,\"height\":350},{\"@type\":\"BreadcrumbList\",\"@id\":\"https:\/\/www.noidiqua.it\/Montale\/chiesa-di-san-giovanni-evangelista\/#breadcrumb\",\"itemListElement\":[{\"@type\":\"ListItem\",\"position\":1,\"name\":\"Home\",\"item\":\"https:\/\/www.noidiqua.it\/Montale\/\"},{\"@type\":\"ListItem\",\"position\":2,\"name\":\"Chiesa di San Giovanni Evangelista\"}]},{\"@type\":\"WebSite\",\"@id\":\"https:\/\/www.noidiqua.it\/Montale\/#website\",\"url\":\"https:\/\/www.noidiqua.it\/Montale\/\",\"name\":\"Noi di Qua Testata giornalistica e di attualit\u00e0 di Agliana, Montale e Quarrata.\",\"description\":\"Testata Giornalistica Quarrata Montale Agliana\",\"potentialAction\":[{\"@type\":\"SearchAction\",\"target\":{\"@type\":\"EntryPoint\",\"urlTemplate\":\"https:\/\/www.noidiqua.it\/Montale\/?s={search_term_string}\"},\"query-input\":{\"@type\":\"PropertyValueSpecification\",\"valueRequired\":true,\"valueName\":\"search_term_string\"}}],\"inLanguage\":\"it-IT\"},{\"@type\":\"Person\",\"@id\":\"https:\/\/www.noidiqua.it\/Montale\/#\/schema\/person\/4e183cb0c6d7951e716a876aa702e1a2\",\"name\":\"Marco Bagnoli\",\"image\":{\"@type\":\"ImageObject\",\"inLanguage\":\"it-IT\",\"@id\":\"https:\/\/www.noidiqua.it\/Montale\/#\/schema\/person\/image\/\",\"url\":\"https:\/\/secure.gravatar.com\/avatar\/73ace53724c50db9c48af54756f17b7cdb015a9d8d2c08c7e04e480539a94eee?s=96&d=mm&r=g\",\"contentUrl\":\"https:\/\/secure.gravatar.com\/avatar\/73ace53724c50db9c48af54756f17b7cdb015a9d8d2c08c7e04e480539a94eee?s=96&d=mm&r=g\",\"caption\":\"Marco Bagnoli\"},\"url\":\"https:\/\/www.noidiqua.it\/Montale\/author\/marco-bagnoli\/\"}]}<\/script>\n<!-- \/ Yoast SEO plugin. -->","yoast_head_json":{"title":"Chiesa di San Giovanni Evangelista - Noi di Qua Testata giornalistica e di attualit\u00e0 di Agliana, Montale e Quarrata.","robots":{"index":"index","follow":"follow","max-snippet":"max-snippet:-1","max-image-preview":"max-image-preview:large","max-video-preview":"max-video-preview:-1"},"canonical":"https:\/\/www.noidiqua.it\/Montale\/chiesa-di-san-giovanni-evangelista\/","og_locale":"it_IT","og_type":"article","og_title":"Chiesa di San Giovanni Evangelista - Noi di Qua Testata giornalistica e di attualit\u00e0 di Agliana, Montale e Quarrata.","og_description":"di Marco Bagnoli maggio 2012 &nbsp; In origine era una pieve e sorgeva nel territorio di Villiano, che in seguito diventer\u00e0 il paese di Montale; sconosciuta l\u2019epoca certa della sua fondazione, la ritroviamo in una carta del dicembre 957, al tempo del re Berengario. Non si trovava per\u00f2 in prossimit\u00e0 di un abitato, bens\u00ec [&hellip;]","og_url":"https:\/\/www.noidiqua.it\/Montale\/chiesa-di-san-giovanni-evangelista\/","og_site_name":"Noi di Qua Testata giornalistica e di attualit\u00e0 di Agliana, Montale e Quarrata.","article_publisher":"https:\/\/www.facebook.com\/noidiqua.trimestrale\/","article_published_time":"2012-05-07T13:28:25+00:00","article_modified_time":"2023-07-27T10:42:48+00:00","og_image":[{"url":"https:\/\/www.noidiqua.it\/Montale\/wp-content\/uploads\/2012\/05\/chiesa_.png","type":"","width":"","height":""}],"author":"Marco Bagnoli","twitter_misc":{"Scritto da":"Marco Bagnoli","Tempo di lettura stimato":"2 minuti"},"schema":{"@context":"https:\/\/schema.org","@graph":[{"@type":"WebPage","@id":"https:\/\/www.noidiqua.it\/Montale\/chiesa-di-san-giovanni-evangelista\/","url":"https:\/\/www.noidiqua.it\/Montale\/chiesa-di-san-giovanni-evangelista\/","name":"Chiesa di San Giovanni Evangelista - Noi di Qua Testata giornalistica e di attualit\u00e0 di Agliana, Montale e Quarrata.","isPartOf":{"@id":"https:\/\/www.noidiqua.it\/Montale\/#website"},"primaryImageOfPage":{"@id":"https:\/\/www.noidiqua.it\/Montale\/chiesa-di-san-giovanni-evangelista\/#primaryimage"},"image":{"@id":"https:\/\/www.noidiqua.it\/Montale\/chiesa-di-san-giovanni-evangelista\/#primaryimage"},"thumbnailUrl":"https:\/\/www.noidiqua.it\/Montale\/wp-content\/uploads\/2012\/05\/chiesa_.png","datePublished":"2012-05-07T13:28:25+00:00","dateModified":"2023-07-27T10:42:48+00:00","author":{"@id":"https:\/\/www.noidiqua.it\/Montale\/#\/schema\/person\/4e183cb0c6d7951e716a876aa702e1a2"},"breadcrumb":{"@id":"https:\/\/www.noidiqua.it\/Montale\/chiesa-di-san-giovanni-evangelista\/#breadcrumb"},"inLanguage":"it-IT","potentialAction":[{"@type":"ReadAction","target":["https:\/\/www.noidiqua.it\/Montale\/chiesa-di-san-giovanni-evangelista\/"]}]},{"@type":"ImageObject","inLanguage":"it-IT","@id":"https:\/\/www.noidiqua.it\/Montale\/chiesa-di-san-giovanni-evangelista\/#primaryimage","url":"https:\/\/www.noidiqua.it\/Montale\/wp-content\/uploads\/2012\/05\/chiesa_.png","contentUrl":"https:\/\/www.noidiqua.it\/Montale\/wp-content\/uploads\/2012\/05\/chiesa_.png","width":524,"height":350},{"@type":"BreadcrumbList","@id":"https:\/\/www.noidiqua.it\/Montale\/chiesa-di-san-giovanni-evangelista\/#breadcrumb","itemListElement":[{"@type":"ListItem","position":1,"name":"Home","item":"https:\/\/www.noidiqua.it\/Montale\/"},{"@type":"ListItem","position":2,"name":"Chiesa di San Giovanni Evangelista"}]},{"@type":"WebSite","@id":"https:\/\/www.noidiqua.it\/Montale\/#website","url":"https:\/\/www.noidiqua.it\/Montale\/","name":"Noi di Qua Testata giornalistica e di attualit\u00e0 di Agliana, Montale e Quarrata.","description":"Testata Giornalistica Quarrata Montale Agliana","potentialAction":[{"@type":"SearchAction","target":{"@type":"EntryPoint","urlTemplate":"https:\/\/www.noidiqua.it\/Montale\/?s={search_term_string}"},"query-input":{"@type":"PropertyValueSpecification","valueRequired":true,"valueName":"search_term_string"}}],"inLanguage":"it-IT"},{"@type":"Person","@id":"https:\/\/www.noidiqua.it\/Montale\/#\/schema\/person\/4e183cb0c6d7951e716a876aa702e1a2","name":"Marco Bagnoli","image":{"@type":"ImageObject","inLanguage":"it-IT","@id":"https:\/\/www.noidiqua.it\/Montale\/#\/schema\/person\/image\/","url":"https:\/\/secure.gravatar.com\/avatar\/73ace53724c50db9c48af54756f17b7cdb015a9d8d2c08c7e04e480539a94eee?s=96&d=mm&r=g","contentUrl":"https:\/\/secure.gravatar.com\/avatar\/73ace53724c50db9c48af54756f17b7cdb015a9d8d2c08c7e04e480539a94eee?s=96&d=mm&r=g","caption":"Marco Bagnoli"},"url":"https:\/\/www.noidiqua.it\/Montale\/author\/marco-bagnoli\/"}]}},"_links":{"self":[{"href":"https:\/\/www.noidiqua.it\/Montale\/wp-json\/wp\/v2\/posts\/1745","targetHints":{"allow":["GET"]}}],"collection":[{"href":"https:\/\/www.noidiqua.it\/Montale\/wp-json\/wp\/v2\/posts"}],"about":[{"href":"https:\/\/www.noidiqua.it\/Montale\/wp-json\/wp\/v2\/types\/post"}],"author":[{"embeddable":true,"href":"https:\/\/www.noidiqua.it\/Montale\/wp-json\/wp\/v2\/users\/3"}],"replies":[{"embeddable":true,"href":"https:\/\/www.noidiqua.it\/Montale\/wp-json\/wp\/v2\/comments?post=1745"}],"version-history":[{"count":3,"href":"https:\/\/www.noidiqua.it\/Montale\/wp-json\/wp\/v2\/posts\/1745\/revisions"}],"predecessor-version":[{"id":8117,"href":"https:\/\/www.noidiqua.it\/Montale\/wp-json\/wp\/v2\/posts\/1745\/revisions\/8117"}],"wp:attachment":[{"href":"https:\/\/www.noidiqua.it\/Montale\/wp-json\/wp\/v2\/media?parent=1745"}],"wp:term":[{"taxonomy":"category","embeddable":true,"href":"https:\/\/www.noidiqua.it\/Montale\/wp-json\/wp\/v2\/categories?post=1745"},{"taxonomy":"post_tag","embeddable":true,"href":"https:\/\/www.noidiqua.it\/Montale\/wp-json\/wp\/v2\/tags?post=1745"}],"curies":[{"name":"wp","href":"https:\/\/api.w.org\/{rel}","templated":true}]}}