{"id":1831,"date":"2012-08-19T10:03:07","date_gmt":"2012-08-19T10:03:07","guid":{"rendered":"https:\/\/www.noidiqua.it\/Montale\/?p=1831"},"modified":"2023-02-16T15:58:35","modified_gmt":"2023-02-16T14:58:35","slug":"basket-montale","status":"publish","type":"post","link":"https:\/\/www.noidiqua.it\/Montale\/basket-montale\/","title":{"rendered":"Basket Montale"},"content":{"rendered":"<p style=\"text-align: justify;\"><em>di David Colzi<br \/>\n<\/em><\/p>\n<p style=\"text-align: justify;\"><em>agosto 2012<\/em><\/p>\n<p><a href=\"https:\/\/www.noidiqua.it\/Montale\/wp-content\/uploads\/2012\/08\/basket-3.png\" rel=\"wp-prettyPhoto[1831]\"><img loading=\"lazy\" decoding=\"async\" class=\"aligncenter size-full wp-image-7897\" src=\"https:\/\/www.noidiqua.it\/Montale\/wp-content\/uploads\/2012\/08\/basket-3.png\" alt=\"\" width=\"507\" height=\"338\" srcset=\"https:\/\/www.noidiqua.it\/Montale\/wp-content\/uploads\/2012\/08\/basket-3.png 507w, https:\/\/www.noidiqua.it\/Montale\/wp-content\/uploads\/2012\/08\/basket-3-300x200.png 300w\" sizes=\"auto, (max-width: 507px) 100vw, 507px\" \/><\/a><\/p>\n<p style=\"text-align: justify;\">\n<p style=\"text-align: justify;\">Il \u201cCentro Basket Libertas Misericordia Montale\u201d \u00e8 un Associazione Sportiva Dilettantistica affiliata alla Federazione Italiana Pallacanestro (dal 1982, anno della nascita) e al Centro Nazionale Sportivo Libertas (dal 1985), oltre che alla UISP. Negli ultimi anni la societ\u00e0 ha portato avanti il settore giovanile e la Prima squadra che negli ultimi due campionati ha giocato in serie D. Per saperne di pi\u00f9, abbiamo incontrato <strong>il presidente Dario Salvi<\/strong>, per fare anche un bilancio dei primi trent\u2019anni di attivit\u00e0 di questo centro.<\/p>\n<p style=\"text-align: justify;\"><strong>Come sta andando la Prima Squadra?<\/strong><br \/>\n<em>Siamo soddisfatti, sia noi della dirigenza, che lo staff tecnico. I ragazzi sono bravi e anche per questo negli ultimi anni abbiamo cercato di lasciare invariato l\u2019assetto della squadra. Da sottolineare che alcuni di loro sono cresciuti nelle nostre giovanili, e questo, ovviamente, ci rende molto orgogliosi, per\u00f2 non ci dimentichiamo l\u2019apporto insostituibile degli altri ragazzi provenienti un po\u2019 da tutta la piana.<\/em><\/p>\n<p style=\"text-align: justify;\"><strong>La pi\u00f9 belle soddisfazione?<\/strong><br \/>\n<em>I quarti di finale dei Play Off della passata stagione, che poi \u00e8 il massimo risultato raggiunto dalla nostra societ\u00e0.<\/em><\/p>\n<p><a href=\"https:\/\/www.noidiqua.it\/Montale\/wp-content\/uploads\/2012\/08\/basket-2.png\" rel=\"wp-prettyPhoto[1831]\"><img loading=\"lazy\" decoding=\"async\" class=\"aligncenter size-full wp-image-7898\" src=\"https:\/\/www.noidiqua.it\/Montale\/wp-content\/uploads\/2012\/08\/basket-2.png\" alt=\"\" width=\"333\" height=\"395\" srcset=\"https:\/\/www.noidiqua.it\/Montale\/wp-content\/uploads\/2012\/08\/basket-2.png 333w, https:\/\/www.noidiqua.it\/Montale\/wp-content\/uploads\/2012\/08\/basket-2-253x300.png 253w\" sizes=\"auto, (max-width: 333px) 100vw, 333px\" \/><\/a><\/p>\n<p style=\"text-align: justify;\"><strong>Questo \u00e8 uno sport che si adatta ai pi\u00f9 piccoli?<\/strong><br \/>\n<em>S\u00ec, infatti viene consigliato di iniziare a sei anni, entrando nell\u2019\u201cEasy Basket\u201d che ha regole pi\u00f9 facilitate, poi si passa al \u201cMini Basket\u201d che \u00e8 quasi simile a quello degli adulti. Noi, nella passata stagione, abbiamo avuto circa trentacinque bimbi dai sette ai dieci anni. Se abbiamo potuto fare attivit\u00e0 giovanile \u00e8 anche grazie al \u201cMontemurlo Basket\u201d, che da poco \u00e8 diventata una nostra societ\u00e0 satellite. Poi, dopo gli undici anni, i nostri ragazzi passano nell\u2019\u201cUnder 13\u201d e da l\u00ec salgono le varie categorie. Attualmente ci stiamo organizzando per poter seguire i pi\u00f9 piccoli anche nella nostra palestra di Montale, facilitando cos\u00ec i genitori che normalmente li devono accompagnare a Montemurlo: a riguardo terremo corsi gratuiti per l\u2019avvicinamento a questo sport tra settembre e ottobre.<\/em><\/p>\n<p style=\"text-align: justify;\"><strong>La difficolt\u00e0 pi\u00f9 grande?<\/strong><br \/>\n<em>Da un punto di vista numerico \u00e8 quello di mantenere costante il numero dei ragazzi per fare le squadre, perch\u00e9 si sa che crescendo, molti giovani lasciano lo sport per fare altro. Noi ci difendiamo bene, proprio perch\u00e9 cerchiamo di coprire tutte le fasce di et\u00e0, consapevoli del fatto che il Basket non \u00e8 frequentato come il calcio.<\/em><\/p>\n<p style=\"text-align: justify;\"><strong>Com\u2019\u00e8 il vostro rapporto con il mondo dell\u2019associazionismo montalese?<\/strong><br \/>\n<em>Ottimo! Gi\u00e0 nel nostro nome compare un\u2019associazione, cio\u00e8 la Misericordia: infatti i fondatori del Basket montalese erano iscritti a quell\u2019associazione. Poi, da circa un anno e mezzo, collaboriamo attivamente con l\u2019Avis Montale che \u00e8 diventato il nostro primo sponsor e la Prima Squadra si \u00e8 cos\u00ec chiamata \u201cAvis Montale\u201d. Infine, grazie anche alla locale sezione dell\u2019Auser, possiamo ospitare nella nostra palestra corsi di ginnastica dolce per anziani, seguita dall\u2019istruttrice Paola Merildi.<\/em><\/p>\n<p><a href=\"https:\/\/www.noidiqua.it\/Montale\/wp-content\/uploads\/2012\/08\/basket-1.png\" rel=\"wp-prettyPhoto[1831]\"><img loading=\"lazy\" decoding=\"async\" class=\"aligncenter size-full wp-image-7899\" src=\"https:\/\/www.noidiqua.it\/Montale\/wp-content\/uploads\/2012\/08\/basket-1.png\" alt=\"\" width=\"264\" height=\"396\" srcset=\"https:\/\/www.noidiqua.it\/Montale\/wp-content\/uploads\/2012\/08\/basket-1.png 264w, https:\/\/www.noidiqua.it\/Montale\/wp-content\/uploads\/2012\/08\/basket-1-200x300.png 200w\" sizes=\"auto, (max-width: 264px) 100vw, 264px\" \/><\/a><\/p>\n<p style=\"text-align: justify;\"><strong>E il Comune fa la sua parte?<\/strong><br \/>\n<em>S\u00ec, avendoci dato in gestione la palestra dal 1997, anno della sua costruzione, e noi la curiamo sotto tutti i punti di vista, compresa la manutenzione: nell\u2019ultimo anno abbiamo realizzato il percorso pedonale esterno per l\u2019accesso al pubblico, mentre cinque anni fa abbiamo realizzato le tribune che oggi possono ospitare un centinaio di persone. Insomma, le risorse sono poche, ma quando avanza qualcosa, siamo sempre disposti a contribuire per migliorare questa struttura che ospita non solo il basket, ma anche la pallavolo femminile e l\u2019atletica.<\/em><\/p>\n<p style=\"text-align: justify;\"><strong>Lei \u00e8 un presidente giovane, classe 1981: come si trova a gestire il Basket montalese?<\/strong><br \/>\n<em>E\u2019 impegnativo ma gratificante, soprattutto quando vedo tanti ragazzi che si divertono: mi preme qui salutare Alessandro Fondaroli, il presidente che mi ha preceduto, in carica per tredici anni. Poi voglio ringraziare tutte le persone che, come me, mettono a disposizione il loro tempo libero per permettere a tutti di fruire della palestra, dai custodi che la puliscono e tengono aperta la struttura, a Simone Fedi, dirigente responsabile; citarli tutti sarebbe impossibile.<\/em><\/p>\n<p style=\"text-align: justify;\">\n<p style=\"text-align: justify;\">Foto in alto, in piedi da sinistra: Simone Lucchesi (Addetto agli arbitri), Rudy Rucci (Presidente Avis Montale, sponsor principale), Andrea Capecchi (allenatore), Christian Preitano (vice allenatore), Dario Salvi (Presidente), Simone Fedi (dirigente responsabile). Seduti da sinistra: Fabrizio Fornelli, Nicola Brizzi, Lorenzo Simoni, Matteo Nesi, Matteo Pieri, Mattia Vannacci, Marco Magnini, Andrea Crabu, Tommaso Della Rosa, Gianluca Pazzaglia, Roberto Franchi, Nicola Bruni.<\/p>","protected":false},"excerpt":{"rendered":"<p>di David Colzi agosto 2012 Il \u201cCentro Basket Libertas Misericordia Montale\u201d \u00e8 un Associazione Sportiva Dilettantistica affiliata alla Federazione Italiana Pallacanestro (dal 1982, anno della nascita) e al Centro Nazionale Sportivo Libertas (dal 1985), oltre che alla UISP. Negli ultimi anni la societ\u00e0 ha portato avanti il settore giovanile e la Prima squadra che [&hellip;]<\/p>","protected":false},"author":5,"featured_media":0,"comment_status":"open","ping_status":"open","sticky":false,"template":"","format":"standard","meta":{"footnotes":""},"categories":[171,7,17],"tags":[48,55,64,91,99,995,109,113,138,151],"class_list":["post-1831","post","type-post","status-publish","format-standard","hentry","category-lo-sport-di-qua","category-mt","category-sport-qt","tag-avis-comunale","tag-centro-basket","tag-dario","tag-il-montalese","tag-libertas","tag-mt","tag-montalese","tag-noidiqua","tag-salvi","tag-sport-e-spettacolo"],"yoast_head":"<!-- This site is optimized with the Yoast SEO plugin v25.5 - https:\/\/yoast.com\/wordpress\/plugins\/seo\/ -->\n<title>Basket Montale - Noi di Qua Testata giornalistica e di attualit\u00e0 di Agliana, Montale e Quarrata.<\/title>\n<meta name=\"robots\" content=\"index, follow, max-snippet:-1, max-image-preview:large, max-video-preview:-1\" \/>\n<link rel=\"canonical\" href=\"https:\/\/www.noidiqua.it\/Montale\/basket-montale\/\" \/>\n<meta property=\"og:locale\" content=\"it_IT\" \/>\n<meta property=\"og:type\" content=\"article\" \/>\n<meta property=\"og:title\" content=\"Basket Montale - Noi di Qua Testata giornalistica e di attualit\u00e0 di Agliana, Montale e Quarrata.\" \/>\n<meta property=\"og:description\" content=\"di David Colzi agosto 2012 Il \u201cCentro Basket Libertas Misericordia Montale\u201d \u00e8 un Associazione Sportiva Dilettantistica affiliata alla Federazione Italiana Pallacanestro (dal 1982, anno della nascita) e al Centro Nazionale Sportivo Libertas (dal 1985), oltre che alla UISP. Negli ultimi anni la societ\u00e0 ha portato avanti il settore giovanile e la Prima squadra che [&hellip;]\" \/>\n<meta property=\"og:url\" content=\"https:\/\/www.noidiqua.it\/Montale\/basket-montale\/\" \/>\n<meta property=\"og:site_name\" content=\"Noi di Qua Testata giornalistica e di attualit\u00e0 di Agliana, Montale e Quarrata.\" \/>\n<meta property=\"article:publisher\" content=\"https:\/\/www.facebook.com\/noidiqua.trimestrale\/\" \/>\n<meta property=\"article:published_time\" content=\"2012-08-19T10:03:07+00:00\" \/>\n<meta property=\"article:modified_time\" content=\"2023-02-16T14:58:35+00:00\" \/>\n<meta property=\"og:image\" content=\"https:\/\/www.noidiqua.it\/Montale\/wp-content\/uploads\/2012\/08\/basket-3.png\" \/>\n<meta name=\"author\" content=\"David Colzi\" \/>\n<meta name=\"twitter:label1\" content=\"Scritto da\" \/>\n\t<meta name=\"twitter:data1\" content=\"David Colzi\" \/>\n\t<meta name=\"twitter:label2\" content=\"Tempo di lettura stimato\" \/>\n\t<meta name=\"twitter:data2\" content=\"4 minuti\" \/>\n<script type=\"application\/ld+json\" class=\"yoast-schema-graph\">{\"@context\":\"https:\/\/schema.org\",\"@graph\":[{\"@type\":\"WebPage\",\"@id\":\"https:\/\/www.noidiqua.it\/Montale\/basket-montale\/\",\"url\":\"https:\/\/www.noidiqua.it\/Montale\/basket-montale\/\",\"name\":\"Basket Montale - Noi di Qua Testata giornalistica e di attualit\u00e0 di Agliana, Montale e Quarrata.\",\"isPartOf\":{\"@id\":\"https:\/\/www.noidiqua.it\/Montale\/#website\"},\"primaryImageOfPage\":{\"@id\":\"https:\/\/www.noidiqua.it\/Montale\/basket-montale\/#primaryimage\"},\"image\":{\"@id\":\"https:\/\/www.noidiqua.it\/Montale\/basket-montale\/#primaryimage\"},\"thumbnailUrl\":\"https:\/\/www.noidiqua.it\/Montale\/wp-content\/uploads\/2012\/08\/basket-3.png\",\"datePublished\":\"2012-08-19T10:03:07+00:00\",\"dateModified\":\"2023-02-16T14:58:35+00:00\",\"author\":{\"@id\":\"https:\/\/www.noidiqua.it\/Montale\/#\/schema\/person\/3b45dd21eb2367c177b6a6d35c868ccc\"},\"breadcrumb\":{\"@id\":\"https:\/\/www.noidiqua.it\/Montale\/basket-montale\/#breadcrumb\"},\"inLanguage\":\"it-IT\",\"potentialAction\":[{\"@type\":\"ReadAction\",\"target\":[\"https:\/\/www.noidiqua.it\/Montale\/basket-montale\/\"]}]},{\"@type\":\"ImageObject\",\"inLanguage\":\"it-IT\",\"@id\":\"https:\/\/www.noidiqua.it\/Montale\/basket-montale\/#primaryimage\",\"url\":\"https:\/\/www.noidiqua.it\/Montale\/wp-content\/uploads\/2012\/08\/basket-3.png\",\"contentUrl\":\"https:\/\/www.noidiqua.it\/Montale\/wp-content\/uploads\/2012\/08\/basket-3.png\",\"width\":507,\"height\":338},{\"@type\":\"BreadcrumbList\",\"@id\":\"https:\/\/www.noidiqua.it\/Montale\/basket-montale\/#breadcrumb\",\"itemListElement\":[{\"@type\":\"ListItem\",\"position\":1,\"name\":\"Home\",\"item\":\"https:\/\/www.noidiqua.it\/Montale\/\"},{\"@type\":\"ListItem\",\"position\":2,\"name\":\"Basket Montale\"}]},{\"@type\":\"WebSite\",\"@id\":\"https:\/\/www.noidiqua.it\/Montale\/#website\",\"url\":\"https:\/\/www.noidiqua.it\/Montale\/\",\"name\":\"Noi di Qua Testata giornalistica e di attualit\u00e0 di Agliana, Montale e Quarrata.\",\"description\":\"Testata Giornalistica Quarrata Montale Agliana\",\"potentialAction\":[{\"@type\":\"SearchAction\",\"target\":{\"@type\":\"EntryPoint\",\"urlTemplate\":\"https:\/\/www.noidiqua.it\/Montale\/?s={search_term_string}\"},\"query-input\":{\"@type\":\"PropertyValueSpecification\",\"valueRequired\":true,\"valueName\":\"search_term_string\"}}],\"inLanguage\":\"it-IT\"},{\"@type\":\"Person\",\"@id\":\"https:\/\/www.noidiqua.it\/Montale\/#\/schema\/person\/3b45dd21eb2367c177b6a6d35c868ccc\",\"name\":\"David Colzi\",\"image\":{\"@type\":\"ImageObject\",\"inLanguage\":\"it-IT\",\"@id\":\"https:\/\/www.noidiqua.it\/Montale\/#\/schema\/person\/image\/\",\"url\":\"https:\/\/secure.gravatar.com\/avatar\/515ac68c0075b78a8243a0f28e5a361c9b5c466a1d6912ac3919ddd928c4db8c?s=96&d=mm&r=g\",\"contentUrl\":\"https:\/\/secure.gravatar.com\/avatar\/515ac68c0075b78a8243a0f28e5a361c9b5c466a1d6912ac3919ddd928c4db8c?s=96&d=mm&r=g\",\"caption\":\"David Colzi\"},\"url\":\"https:\/\/www.noidiqua.it\/Montale\/author\/david-colzi\/\"}]}<\/script>\n<!-- \/ Yoast SEO plugin. -->","yoast_head_json":{"title":"Basket Montale - Noi di Qua Testata giornalistica e di attualit\u00e0 di Agliana, Montale e Quarrata.","robots":{"index":"index","follow":"follow","max-snippet":"max-snippet:-1","max-image-preview":"max-image-preview:large","max-video-preview":"max-video-preview:-1"},"canonical":"https:\/\/www.noidiqua.it\/Montale\/basket-montale\/","og_locale":"it_IT","og_type":"article","og_title":"Basket Montale - Noi di Qua Testata giornalistica e di attualit\u00e0 di Agliana, Montale e Quarrata.","og_description":"di David Colzi agosto 2012 Il \u201cCentro Basket Libertas Misericordia Montale\u201d \u00e8 un Associazione Sportiva Dilettantistica affiliata alla Federazione Italiana Pallacanestro (dal 1982, anno della nascita) e al Centro Nazionale Sportivo Libertas (dal 1985), oltre che alla UISP. Negli ultimi anni la societ\u00e0 ha portato avanti il settore giovanile e la Prima squadra che [&hellip;]","og_url":"https:\/\/www.noidiqua.it\/Montale\/basket-montale\/","og_site_name":"Noi di Qua Testata giornalistica e di attualit\u00e0 di Agliana, Montale e Quarrata.","article_publisher":"https:\/\/www.facebook.com\/noidiqua.trimestrale\/","article_published_time":"2012-08-19T10:03:07+00:00","article_modified_time":"2023-02-16T14:58:35+00:00","og_image":[{"url":"https:\/\/www.noidiqua.it\/Montale\/wp-content\/uploads\/2012\/08\/basket-3.png","type":"","width":"","height":""}],"author":"David Colzi","twitter_misc":{"Scritto da":"David Colzi","Tempo di lettura stimato":"4 minuti"},"schema":{"@context":"https:\/\/schema.org","@graph":[{"@type":"WebPage","@id":"https:\/\/www.noidiqua.it\/Montale\/basket-montale\/","url":"https:\/\/www.noidiqua.it\/Montale\/basket-montale\/","name":"Basket Montale - Noi di Qua Testata giornalistica e di attualit\u00e0 di Agliana, Montale e Quarrata.","isPartOf":{"@id":"https:\/\/www.noidiqua.it\/Montale\/#website"},"primaryImageOfPage":{"@id":"https:\/\/www.noidiqua.it\/Montale\/basket-montale\/#primaryimage"},"image":{"@id":"https:\/\/www.noidiqua.it\/Montale\/basket-montale\/#primaryimage"},"thumbnailUrl":"https:\/\/www.noidiqua.it\/Montale\/wp-content\/uploads\/2012\/08\/basket-3.png","datePublished":"2012-08-19T10:03:07+00:00","dateModified":"2023-02-16T14:58:35+00:00","author":{"@id":"https:\/\/www.noidiqua.it\/Montale\/#\/schema\/person\/3b45dd21eb2367c177b6a6d35c868ccc"},"breadcrumb":{"@id":"https:\/\/www.noidiqua.it\/Montale\/basket-montale\/#breadcrumb"},"inLanguage":"it-IT","potentialAction":[{"@type":"ReadAction","target":["https:\/\/www.noidiqua.it\/Montale\/basket-montale\/"]}]},{"@type":"ImageObject","inLanguage":"it-IT","@id":"https:\/\/www.noidiqua.it\/Montale\/basket-montale\/#primaryimage","url":"https:\/\/www.noidiqua.it\/Montale\/wp-content\/uploads\/2012\/08\/basket-3.png","contentUrl":"https:\/\/www.noidiqua.it\/Montale\/wp-content\/uploads\/2012\/08\/basket-3.png","width":507,"height":338},{"@type":"BreadcrumbList","@id":"https:\/\/www.noidiqua.it\/Montale\/basket-montale\/#breadcrumb","itemListElement":[{"@type":"ListItem","position":1,"name":"Home","item":"https:\/\/www.noidiqua.it\/Montale\/"},{"@type":"ListItem","position":2,"name":"Basket Montale"}]},{"@type":"WebSite","@id":"https:\/\/www.noidiqua.it\/Montale\/#website","url":"https:\/\/www.noidiqua.it\/Montale\/","name":"Noi di Qua Testata giornalistica e di attualit\u00e0 di Agliana, Montale e Quarrata.","description":"Testata Giornalistica Quarrata Montale Agliana","potentialAction":[{"@type":"SearchAction","target":{"@type":"EntryPoint","urlTemplate":"https:\/\/www.noidiqua.it\/Montale\/?s={search_term_string}"},"query-input":{"@type":"PropertyValueSpecification","valueRequired":true,"valueName":"search_term_string"}}],"inLanguage":"it-IT"},{"@type":"Person","@id":"https:\/\/www.noidiqua.it\/Montale\/#\/schema\/person\/3b45dd21eb2367c177b6a6d35c868ccc","name":"David Colzi","image":{"@type":"ImageObject","inLanguage":"it-IT","@id":"https:\/\/www.noidiqua.it\/Montale\/#\/schema\/person\/image\/","url":"https:\/\/secure.gravatar.com\/avatar\/515ac68c0075b78a8243a0f28e5a361c9b5c466a1d6912ac3919ddd928c4db8c?s=96&d=mm&r=g","contentUrl":"https:\/\/secure.gravatar.com\/avatar\/515ac68c0075b78a8243a0f28e5a361c9b5c466a1d6912ac3919ddd928c4db8c?s=96&d=mm&r=g","caption":"David Colzi"},"url":"https:\/\/www.noidiqua.it\/Montale\/author\/david-colzi\/"}]}},"_links":{"self":[{"href":"https:\/\/www.noidiqua.it\/Montale\/wp-json\/wp\/v2\/posts\/1831","targetHints":{"allow":["GET"]}}],"collection":[{"href":"https:\/\/www.noidiqua.it\/Montale\/wp-json\/wp\/v2\/posts"}],"about":[{"href":"https:\/\/www.noidiqua.it\/Montale\/wp-json\/wp\/v2\/types\/post"}],"author":[{"embeddable":true,"href":"https:\/\/www.noidiqua.it\/Montale\/wp-json\/wp\/v2\/users\/5"}],"replies":[{"embeddable":true,"href":"https:\/\/www.noidiqua.it\/Montale\/wp-json\/wp\/v2\/comments?post=1831"}],"version-history":[{"count":5,"href":"https:\/\/www.noidiqua.it\/Montale\/wp-json\/wp\/v2\/posts\/1831\/revisions"}],"predecessor-version":[{"id":7900,"href":"https:\/\/www.noidiqua.it\/Montale\/wp-json\/wp\/v2\/posts\/1831\/revisions\/7900"}],"wp:attachment":[{"href":"https:\/\/www.noidiqua.it\/Montale\/wp-json\/wp\/v2\/media?parent=1831"}],"wp:term":[{"taxonomy":"category","embeddable":true,"href":"https:\/\/www.noidiqua.it\/Montale\/wp-json\/wp\/v2\/categories?post=1831"},{"taxonomy":"post_tag","embeddable":true,"href":"https:\/\/www.noidiqua.it\/Montale\/wp-json\/wp\/v2\/tags?post=1831"}],"curies":[{"name":"wp","href":"https:\/\/api.w.org\/{rel}","templated":true}]}}