{"id":1896,"date":"2012-08-19T14:00:42","date_gmt":"2012-08-19T14:00:42","guid":{"rendered":"https:\/\/www.noidiqua.it\/Montale\/?p=1896"},"modified":"2023-02-16T15:42:52","modified_gmt":"2023-02-16T14:42:52","slug":"santa-cristina","status":"publish","type":"post","link":"https:\/\/www.noidiqua.it\/Montale\/santa-cristina\/","title":{"rendered":"Santa Cristina"},"content":{"rendered":"<p style=\"text-align: justify;\"><em>di Marco Bagnoli. Foto: <a href=\"http:\/\/www.bellinigabriele.it\/\">bellinigabriele.it<\/a><\/em><\/p>\n<div style=\"text-align: justify;\"><em>agosto 2012<\/em><\/div>\n<div style=\"text-align: justify;\"><\/div>\n<p><a href=\"https:\/\/www.noidiqua.it\/Montale\/wp-content\/uploads\/2012\/08\/santa-cristina.png\" rel=\"wp-prettyPhoto[1896]\"><img loading=\"lazy\" decoding=\"async\" class=\"aligncenter size-full wp-image-7895\" src=\"https:\/\/www.noidiqua.it\/Montale\/wp-content\/uploads\/2012\/08\/santa-cristina.png\" alt=\"\" width=\"501\" height=\"334\" srcset=\"https:\/\/www.noidiqua.it\/Montale\/wp-content\/uploads\/2012\/08\/santa-cristina.png 501w, https:\/\/www.noidiqua.it\/Montale\/wp-content\/uploads\/2012\/08\/santa-cristina-300x200.png 300w\" sizes=\"auto, (max-width: 501px) 100vw, 501px\" \/><\/a><\/p>\n<div style=\"text-align: justify;\"><\/div>\n<p style=\"text-align: justify;\">La costruzione di questa piccola chiesa risale al XI secolo; si ritiene infatti che proprio a lei ci si riferisca nelle carte per le decime annotate il 6 aprile del 1279, dove una<em> <strong>\u201cEcclesia Sanctae Christinae\u201d<\/strong><\/em> figura negli elenchi. Un ulteriore indizio, ben pi\u00f9 solido, \u00e8 incorporato nella pietre e nelle proporzioni delle sue pareti, e torna a confermare la nostra supposizione: \u00e8 il \u201cpiede di Liutprando\u201d, una unit\u00e0 di misura corrispondente a circa cinquanta centimetri, in uso nel territorio di Pistoia nel corso del XII secolo e oltre. Tuttavia, l\u2019unit\u00e0 di misura che andr\u00e0 a soppiantarlo a partire dal 1282, il cosiddetto \u201cbraccio a panno\u201d, \u00e8 ugualmente compatibile, con una discreta approssimazione all\u2019edificio, essendo superiore alla prima di poco pi\u00f9 di una decina di centimetri.<\/p>\n<p style=\"text-align: justify;\">La presenza di un affresco del trecento non ci serve per risalire ad un epoca meglio definita. Il motivo di questa mancanza di informazioni \u00e8 con tutta probabilit\u00e0 da ricondurre al fatto che la chiesa non fu edificata con funzioni parrocchiali, bens\u00ec private, dal momento che era verosimilmente ricompresa nella propriet\u00e0 degli <strong>Alberti<\/strong>, i conti di <strong>Vernio<\/strong>. \u00c8 il 1332 quando il fiorentino <strong>Piero di Gualterotto Bardi<\/strong> acquista la tenuta per diecimila fiorini d\u2019oro, dando cos\u00ec inizio al ramo dei <strong>Bardi<\/strong> di Vernio; questa per\u00f2 \u00e8 un\u2019altra storia. La propriet\u00e0 della chiesa, da parte della nobile famiglia, non costitu\u00ec comunque un impedimento alle consuete visite che il vescovo effettuava nel territorio a lui facente capo, tutt\u2019altro: a cavallo tra la prima e la seconda met\u00e0 del Cinquecento, le annotazioni che testimoniano la presenza del vescovo <strong>Antonio Pucci<\/strong>, e poi quella di <strong>Pier Francesco da Galliano<\/strong> e <strong>Lattanzio Lattanzi<\/strong>, definiscono variamente questa chiesa: prima come semplice \u201c<strong><em>Oratorium\u201d<\/em><\/strong>, quindi<em><strong> \u201cEcclesia Sanctae Cristiane de Montale\u201d<\/strong><\/em>, e infine una pi\u00f9 completa <em><strong>\u201cOratorio di Santa Cristina unito alla Chiesa di Montale\u201d<\/strong><\/em>.<\/p>\n<p style=\"text-align: justify;\">Tra il Seicento e il Settecento, Santa Cristina non \u00e8 inserita nella pianta della diocesi di Pistoia, forse perch\u00e9 temporaneamente chiusa al culto; visse invece un momento di grande importanza allorquando l\u2019arcivescovo di <strong>Firenze<\/strong>, <strong>Francesco Gaetano Incontri<\/strong>, riconobbe l\u2019autenticit\u00e0 della reliquia in essa custodita, <em><strong>\u201cParticulam ex ossibus Sanctae Cristinae V. et M.\u201d<\/strong><\/em>, vergine e martire. Gli elenchi del catasto granducale del 1793 riportano la dicitura \u201cOratorio di Santa Cristina con cimitero\u201d e testimoniano quindi l\u2019esistenza di un contatto tra questa chiesa e il territorio, dato che, per quanto privata, era comunque dipendente dalla Pieve di San Giovanni Evangelista di Montale.<\/p>\n<p style=\"text-align: justify;\">Sullo scorcio del secolo, \u00e8 proprio il pievano di Montale a decidere gli interventi di restauro, che interessano la decorazione pittorica e la chiusura della monofora nell\u2019abside e l\u2019apertura della finestra rettangolare sulla facciata; l\u2019affresco ritrae la \u201cMadonna col Bambino e santi\u201d, tra i quali la stessa Cristina, venerata nella zona il 10 di maggio ed invocata come protettrice dalle bufere.<\/p>","protected":false},"excerpt":{"rendered":"<p>di Marco Bagnoli. Foto: bellinigabriele.it agosto 2012 La costruzione di questa piccola chiesa risale al XI secolo; si ritiene infatti che proprio a lei ci si riferisca nelle carte per le decime annotate il 6 aprile del 1279, dove una \u201cEcclesia Sanctae Christinae\u201d figura negli elenchi. Un ulteriore indizio, ben pi\u00f9 solido, \u00e8 incorporato [&hellip;]<\/p>","protected":false},"author":3,"featured_media":0,"comment_status":"open","ping_status":"open","sticky":false,"template":"","format":"standard","meta":{"footnotes":""},"categories":[7,18],"tags":[91,995,114,154],"class_list":["post-1896","post","type-post","status-publish","format-standard","hentry","category-mt","category-territorio-qt","tag-il-montalese","tag-mt","tag-noidiqua-il-montalese","tag-territorio"],"yoast_head":"<!-- This site is optimized with the Yoast SEO plugin v25.5 - https:\/\/yoast.com\/wordpress\/plugins\/seo\/ -->\n<title>Santa Cristina - Noi di Qua Testata giornalistica e di attualit\u00e0 di Agliana, Montale e Quarrata.<\/title>\n<meta name=\"robots\" content=\"index, follow, max-snippet:-1, max-image-preview:large, max-video-preview:-1\" \/>\n<link rel=\"canonical\" href=\"https:\/\/www.noidiqua.it\/Montale\/santa-cristina\/\" \/>\n<meta property=\"og:locale\" content=\"it_IT\" \/>\n<meta property=\"og:type\" content=\"article\" \/>\n<meta property=\"og:title\" content=\"Santa Cristina - Noi di Qua Testata giornalistica e di attualit\u00e0 di Agliana, Montale e Quarrata.\" \/>\n<meta property=\"og:description\" content=\"di Marco Bagnoli. Foto: bellinigabriele.it agosto 2012 La costruzione di questa piccola chiesa risale al XI secolo; si ritiene infatti che proprio a lei ci si riferisca nelle carte per le decime annotate il 6 aprile del 1279, dove una \u201cEcclesia Sanctae Christinae\u201d figura negli elenchi. Un ulteriore indizio, ben pi\u00f9 solido, \u00e8 incorporato [&hellip;]\" \/>\n<meta property=\"og:url\" content=\"https:\/\/www.noidiqua.it\/Montale\/santa-cristina\/\" \/>\n<meta property=\"og:site_name\" content=\"Noi di Qua Testata giornalistica e di attualit\u00e0 di Agliana, Montale e Quarrata.\" \/>\n<meta property=\"article:publisher\" content=\"https:\/\/www.facebook.com\/noidiqua.trimestrale\/\" \/>\n<meta property=\"article:published_time\" content=\"2012-08-19T14:00:42+00:00\" \/>\n<meta property=\"article:modified_time\" content=\"2023-02-16T14:42:52+00:00\" \/>\n<meta property=\"og:image\" content=\"https:\/\/www.noidiqua.it\/Montale\/wp-content\/uploads\/2012\/08\/santa-cristina.png\" \/>\n<meta name=\"author\" content=\"Marco Bagnoli\" \/>\n<meta name=\"twitter:label1\" content=\"Scritto da\" \/>\n\t<meta name=\"twitter:data1\" content=\"Marco Bagnoli\" \/>\n\t<meta name=\"twitter:label2\" content=\"Tempo di lettura stimato\" \/>\n\t<meta name=\"twitter:data2\" content=\"3 minuti\" \/>\n<script type=\"application\/ld+json\" class=\"yoast-schema-graph\">{\"@context\":\"https:\/\/schema.org\",\"@graph\":[{\"@type\":\"WebPage\",\"@id\":\"https:\/\/www.noidiqua.it\/Montale\/santa-cristina\/\",\"url\":\"https:\/\/www.noidiqua.it\/Montale\/santa-cristina\/\",\"name\":\"Santa Cristina - Noi di Qua Testata giornalistica e di attualit\u00e0 di Agliana, Montale e Quarrata.\",\"isPartOf\":{\"@id\":\"https:\/\/www.noidiqua.it\/Montale\/#website\"},\"primaryImageOfPage\":{\"@id\":\"https:\/\/www.noidiqua.it\/Montale\/santa-cristina\/#primaryimage\"},\"image\":{\"@id\":\"https:\/\/www.noidiqua.it\/Montale\/santa-cristina\/#primaryimage\"},\"thumbnailUrl\":\"https:\/\/www.noidiqua.it\/Montale\/wp-content\/uploads\/2012\/08\/santa-cristina.png\",\"datePublished\":\"2012-08-19T14:00:42+00:00\",\"dateModified\":\"2023-02-16T14:42:52+00:00\",\"author\":{\"@id\":\"https:\/\/www.noidiqua.it\/Montale\/#\/schema\/person\/4e183cb0c6d7951e716a876aa702e1a2\"},\"breadcrumb\":{\"@id\":\"https:\/\/www.noidiqua.it\/Montale\/santa-cristina\/#breadcrumb\"},\"inLanguage\":\"it-IT\",\"potentialAction\":[{\"@type\":\"ReadAction\",\"target\":[\"https:\/\/www.noidiqua.it\/Montale\/santa-cristina\/\"]}]},{\"@type\":\"ImageObject\",\"inLanguage\":\"it-IT\",\"@id\":\"https:\/\/www.noidiqua.it\/Montale\/santa-cristina\/#primaryimage\",\"url\":\"https:\/\/www.noidiqua.it\/Montale\/wp-content\/uploads\/2012\/08\/santa-cristina.png\",\"contentUrl\":\"https:\/\/www.noidiqua.it\/Montale\/wp-content\/uploads\/2012\/08\/santa-cristina.png\",\"width\":501,\"height\":334},{\"@type\":\"BreadcrumbList\",\"@id\":\"https:\/\/www.noidiqua.it\/Montale\/santa-cristina\/#breadcrumb\",\"itemListElement\":[{\"@type\":\"ListItem\",\"position\":1,\"name\":\"Home\",\"item\":\"https:\/\/www.noidiqua.it\/Montale\/\"},{\"@type\":\"ListItem\",\"position\":2,\"name\":\"Santa Cristina\"}]},{\"@type\":\"WebSite\",\"@id\":\"https:\/\/www.noidiqua.it\/Montale\/#website\",\"url\":\"https:\/\/www.noidiqua.it\/Montale\/\",\"name\":\"Noi di Qua Testata giornalistica e di attualit\u00e0 di Agliana, Montale e Quarrata.\",\"description\":\"Testata Giornalistica Quarrata Montale Agliana\",\"potentialAction\":[{\"@type\":\"SearchAction\",\"target\":{\"@type\":\"EntryPoint\",\"urlTemplate\":\"https:\/\/www.noidiqua.it\/Montale\/?s={search_term_string}\"},\"query-input\":{\"@type\":\"PropertyValueSpecification\",\"valueRequired\":true,\"valueName\":\"search_term_string\"}}],\"inLanguage\":\"it-IT\"},{\"@type\":\"Person\",\"@id\":\"https:\/\/www.noidiqua.it\/Montale\/#\/schema\/person\/4e183cb0c6d7951e716a876aa702e1a2\",\"name\":\"Marco Bagnoli\",\"image\":{\"@type\":\"ImageObject\",\"inLanguage\":\"it-IT\",\"@id\":\"https:\/\/www.noidiqua.it\/Montale\/#\/schema\/person\/image\/\",\"url\":\"https:\/\/secure.gravatar.com\/avatar\/73ace53724c50db9c48af54756f17b7cdb015a9d8d2c08c7e04e480539a94eee?s=96&d=mm&r=g\",\"contentUrl\":\"https:\/\/secure.gravatar.com\/avatar\/73ace53724c50db9c48af54756f17b7cdb015a9d8d2c08c7e04e480539a94eee?s=96&d=mm&r=g\",\"caption\":\"Marco Bagnoli\"},\"url\":\"https:\/\/www.noidiqua.it\/Montale\/author\/marco-bagnoli\/\"}]}<\/script>\n<!-- \/ Yoast SEO plugin. -->","yoast_head_json":{"title":"Santa Cristina - Noi di Qua Testata giornalistica e di attualit\u00e0 di Agliana, Montale e Quarrata.","robots":{"index":"index","follow":"follow","max-snippet":"max-snippet:-1","max-image-preview":"max-image-preview:large","max-video-preview":"max-video-preview:-1"},"canonical":"https:\/\/www.noidiqua.it\/Montale\/santa-cristina\/","og_locale":"it_IT","og_type":"article","og_title":"Santa Cristina - Noi di Qua Testata giornalistica e di attualit\u00e0 di Agliana, Montale e Quarrata.","og_description":"di Marco Bagnoli. Foto: bellinigabriele.it agosto 2012 La costruzione di questa piccola chiesa risale al XI secolo; si ritiene infatti che proprio a lei ci si riferisca nelle carte per le decime annotate il 6 aprile del 1279, dove una \u201cEcclesia Sanctae Christinae\u201d figura negli elenchi. Un ulteriore indizio, ben pi\u00f9 solido, \u00e8 incorporato [&hellip;]","og_url":"https:\/\/www.noidiqua.it\/Montale\/santa-cristina\/","og_site_name":"Noi di Qua Testata giornalistica e di attualit\u00e0 di Agliana, Montale e Quarrata.","article_publisher":"https:\/\/www.facebook.com\/noidiqua.trimestrale\/","article_published_time":"2012-08-19T14:00:42+00:00","article_modified_time":"2023-02-16T14:42:52+00:00","og_image":[{"url":"https:\/\/www.noidiqua.it\/Montale\/wp-content\/uploads\/2012\/08\/santa-cristina.png","type":"","width":"","height":""}],"author":"Marco Bagnoli","twitter_misc":{"Scritto da":"Marco Bagnoli","Tempo di lettura stimato":"3 minuti"},"schema":{"@context":"https:\/\/schema.org","@graph":[{"@type":"WebPage","@id":"https:\/\/www.noidiqua.it\/Montale\/santa-cristina\/","url":"https:\/\/www.noidiqua.it\/Montale\/santa-cristina\/","name":"Santa Cristina - Noi di Qua Testata giornalistica e di attualit\u00e0 di Agliana, Montale e Quarrata.","isPartOf":{"@id":"https:\/\/www.noidiqua.it\/Montale\/#website"},"primaryImageOfPage":{"@id":"https:\/\/www.noidiqua.it\/Montale\/santa-cristina\/#primaryimage"},"image":{"@id":"https:\/\/www.noidiqua.it\/Montale\/santa-cristina\/#primaryimage"},"thumbnailUrl":"https:\/\/www.noidiqua.it\/Montale\/wp-content\/uploads\/2012\/08\/santa-cristina.png","datePublished":"2012-08-19T14:00:42+00:00","dateModified":"2023-02-16T14:42:52+00:00","author":{"@id":"https:\/\/www.noidiqua.it\/Montale\/#\/schema\/person\/4e183cb0c6d7951e716a876aa702e1a2"},"breadcrumb":{"@id":"https:\/\/www.noidiqua.it\/Montale\/santa-cristina\/#breadcrumb"},"inLanguage":"it-IT","potentialAction":[{"@type":"ReadAction","target":["https:\/\/www.noidiqua.it\/Montale\/santa-cristina\/"]}]},{"@type":"ImageObject","inLanguage":"it-IT","@id":"https:\/\/www.noidiqua.it\/Montale\/santa-cristina\/#primaryimage","url":"https:\/\/www.noidiqua.it\/Montale\/wp-content\/uploads\/2012\/08\/santa-cristina.png","contentUrl":"https:\/\/www.noidiqua.it\/Montale\/wp-content\/uploads\/2012\/08\/santa-cristina.png","width":501,"height":334},{"@type":"BreadcrumbList","@id":"https:\/\/www.noidiqua.it\/Montale\/santa-cristina\/#breadcrumb","itemListElement":[{"@type":"ListItem","position":1,"name":"Home","item":"https:\/\/www.noidiqua.it\/Montale\/"},{"@type":"ListItem","position":2,"name":"Santa Cristina"}]},{"@type":"WebSite","@id":"https:\/\/www.noidiqua.it\/Montale\/#website","url":"https:\/\/www.noidiqua.it\/Montale\/","name":"Noi di Qua Testata giornalistica e di attualit\u00e0 di Agliana, Montale e Quarrata.","description":"Testata Giornalistica Quarrata Montale Agliana","potentialAction":[{"@type":"SearchAction","target":{"@type":"EntryPoint","urlTemplate":"https:\/\/www.noidiqua.it\/Montale\/?s={search_term_string}"},"query-input":{"@type":"PropertyValueSpecification","valueRequired":true,"valueName":"search_term_string"}}],"inLanguage":"it-IT"},{"@type":"Person","@id":"https:\/\/www.noidiqua.it\/Montale\/#\/schema\/person\/4e183cb0c6d7951e716a876aa702e1a2","name":"Marco Bagnoli","image":{"@type":"ImageObject","inLanguage":"it-IT","@id":"https:\/\/www.noidiqua.it\/Montale\/#\/schema\/person\/image\/","url":"https:\/\/secure.gravatar.com\/avatar\/73ace53724c50db9c48af54756f17b7cdb015a9d8d2c08c7e04e480539a94eee?s=96&d=mm&r=g","contentUrl":"https:\/\/secure.gravatar.com\/avatar\/73ace53724c50db9c48af54756f17b7cdb015a9d8d2c08c7e04e480539a94eee?s=96&d=mm&r=g","caption":"Marco Bagnoli"},"url":"https:\/\/www.noidiqua.it\/Montale\/author\/marco-bagnoli\/"}]}},"_links":{"self":[{"href":"https:\/\/www.noidiqua.it\/Montale\/wp-json\/wp\/v2\/posts\/1896","targetHints":{"allow":["GET"]}}],"collection":[{"href":"https:\/\/www.noidiqua.it\/Montale\/wp-json\/wp\/v2\/posts"}],"about":[{"href":"https:\/\/www.noidiqua.it\/Montale\/wp-json\/wp\/v2\/types\/post"}],"author":[{"embeddable":true,"href":"https:\/\/www.noidiqua.it\/Montale\/wp-json\/wp\/v2\/users\/3"}],"replies":[{"embeddable":true,"href":"https:\/\/www.noidiqua.it\/Montale\/wp-json\/wp\/v2\/comments?post=1896"}],"version-history":[{"count":3,"href":"https:\/\/www.noidiqua.it\/Montale\/wp-json\/wp\/v2\/posts\/1896\/revisions"}],"predecessor-version":[{"id":7896,"href":"https:\/\/www.noidiqua.it\/Montale\/wp-json\/wp\/v2\/posts\/1896\/revisions\/7896"}],"wp:attachment":[{"href":"https:\/\/www.noidiqua.it\/Montale\/wp-json\/wp\/v2\/media?parent=1896"}],"wp:term":[{"taxonomy":"category","embeddable":true,"href":"https:\/\/www.noidiqua.it\/Montale\/wp-json\/wp\/v2\/categories?post=1896"},{"taxonomy":"post_tag","embeddable":true,"href":"https:\/\/www.noidiqua.it\/Montale\/wp-json\/wp\/v2\/tags?post=1896"}],"curies":[{"name":"wp","href":"https:\/\/api.w.org\/{rel}","templated":true}]}}