{"id":1901,"date":"2012-10-12T14:05:42","date_gmt":"2012-10-12T14:05:42","guid":{"rendered":"https:\/\/www.noidiqua.it\/Montale\/?p=1901"},"modified":"2023-02-16T15:11:59","modified_gmt":"2023-02-16T14:11:59","slug":"villa-colle-alberto","status":"publish","type":"post","link":"https:\/\/www.noidiqua.it\/Montale\/villa-colle-alberto\/","title":{"rendered":"Villa Colle Alberto"},"content":{"rendered":"<p style=\"text-align: justify;\"><em>di Marco Bagnoli. Foto: <a href=\"http:\/\/www.bellinigabriele.it\/\">bellinigabriele.it<\/a><\/em><\/p>\n<div style=\"text-align: justify;\"><em>agosto 2012<\/em><\/div>\n<div><\/div>\n<div><a href=\"https:\/\/www.noidiqua.it\/Montale\/wp-content\/uploads\/2012\/10\/colle-alberto-1.png\" rel=\"wp-prettyPhoto[1901]\"><img loading=\"lazy\" decoding=\"async\" class=\"aligncenter size-full wp-image-7888\" src=\"https:\/\/www.noidiqua.it\/Montale\/wp-content\/uploads\/2012\/10\/colle-alberto-1.png\" alt=\"\" width=\"501\" height=\"334\" srcset=\"https:\/\/www.noidiqua.it\/Montale\/wp-content\/uploads\/2012\/10\/colle-alberto-1.png 501w, https:\/\/www.noidiqua.it\/Montale\/wp-content\/uploads\/2012\/10\/colle-alberto-1-300x200.png 300w\" sizes=\"auto, (max-width: 501px) 100vw, 501px\" \/><\/a><\/div>\n<div style=\"text-align: justify;\"><\/div>\n<p>&nbsp;<\/p>\n<p style=\"text-align: justify;\">La villa sorge sull\u2019antico possedimento dei conti <strong>Alberti<\/strong> di <strong>Prato<\/strong>, di probabile origine longobarda; qui si trova ancora oggi la piccola chiesa di <strong>Santa Cristina<\/strong>, di epoca medievale, una sorta di cappella privata della famiglia. Nel 1332 si compie il passaggio di propriet\u00e0 di queste terre a nord di Prato, in cui si erge tra l\u2019altro il castello di Vernio; la somma di diecimila fiorini d\u2019oro viene sborsata da <strong>Piero di Gualterotto<\/strong>, dell\u2019illustre famiglia fiorentina dei <strong>Bardi<\/strong>, che si allarga cos\u00ec nel ramo di <strong>Vernio<\/strong>.<\/p>\n<p><a href=\"https:\/\/www.noidiqua.it\/Montale\/wp-content\/uploads\/2012\/10\/colle-alberto-3.png\" rel=\"wp-prettyPhoto[1901]\"><img loading=\"lazy\" decoding=\"async\" class=\"aligncenter size-full wp-image-7889\" src=\"https:\/\/www.noidiqua.it\/Montale\/wp-content\/uploads\/2012\/10\/colle-alberto-3.png\" alt=\"\" width=\"502\" height=\"335\" srcset=\"https:\/\/www.noidiqua.it\/Montale\/wp-content\/uploads\/2012\/10\/colle-alberto-3.png 502w, https:\/\/www.noidiqua.it\/Montale\/wp-content\/uploads\/2012\/10\/colle-alberto-3-300x200.png 300w\" sizes=\"auto, (max-width: 502px) 100vw, 502px\" \/><\/a><\/p>\n<p style=\"text-align: justify;\">\u00c8 per volere di Alberto che nel 1606 si iniziano i lavori di costruzione della villa, che tra il 1756 e il 1766, pu\u00f2 avvalersi dell\u2019esperienza dell\u2019architetto Gherardo Silvani, che le conferisce l\u2019aspetto che sostanzialmente mantiene ancora oggi. La villa si sviluppa su tre piani \u2013 il primo, il cosiddetto piano nobile, \u00e8 pregevolmente arricchito da decorazioni allegoriche, vedute naturalistiche e motivi geometrici; dotata di un ampio giardino e di terreni adibiti alla coltivazione, la propriet\u00e0 si estende per oltre cinquecentocinquanta ettari. Le sole altre modifiche che la riguardano vengono eseguite nella seconda met\u00e0 dell\u2019Ottocento, dopo che il conte Pietro Bardi l\u2019ebbe lasciata in eredit\u00e0 a Francesco e Ferdinando <strong>Guicciardini<\/strong>, conti di <strong>Firenze<\/strong>, nel 1810; quella dei Guicciardini \u00e8 un\u2019altra delle famiglie nobiliari pi\u00f9 importanti di Firenze, determinanti nella storia della citt\u00e0 dall\u2019alleanza coi <strong>Medici<\/strong> ai tempi del <strong>Magnifico<\/strong> fino alle cariche di sindaco e deputato tra Otto e Novecento; sono loro che aggiungono la scalinata e il portale sulla facciata settentrionale della villa. Nel 1815 vi nasce il famoso letterato Pietro Fanfani, figlio del fattore, destinato a farsi un nome come filologo.<\/p>\n<p><a href=\"https:\/\/www.noidiqua.it\/Montale\/wp-content\/uploads\/2012\/10\/colle-alberto-2.png\" rel=\"wp-prettyPhoto[1901]\"><img loading=\"lazy\" decoding=\"async\" class=\"aligncenter size-full wp-image-7890\" src=\"https:\/\/www.noidiqua.it\/Montale\/wp-content\/uploads\/2012\/10\/colle-alberto-2.png\" alt=\"\" width=\"497\" height=\"331\" srcset=\"https:\/\/www.noidiqua.it\/Montale\/wp-content\/uploads\/2012\/10\/colle-alberto-2.png 497w, https:\/\/www.noidiqua.it\/Montale\/wp-content\/uploads\/2012\/10\/colle-alberto-2-300x200.png 300w\" sizes=\"auto, (max-width: 497px) 100vw, 497px\" \/><\/a><\/p>\n<p style=\"text-align: justify;\">\n<p style=\"text-align: justify;\">Nel 1909 la propriet\u00e0 passa di nuovo di mano, dai Guicciardini ai <strong>Rospigliosi<\/strong>, e infine alla <strong>Venerabile Arciconfraternita<\/strong> della <strong>Misericordia di Pistoia<\/strong>, come lascito del cavalier<strong> Clemente Rospigliosi<\/strong>. Attualmente la villa \u00e8 il centro ideale per una serie di attivit\u00e0 sociali e culturali, non ultima la sua riconversione in agriturismo; \u00e8 immersa nel verde, circondata di uliveti e vigneti, ospita un\u2019azienda agricola che produce un Chianti D.O.C.G. di elevata qualit\u00e0 e un olio extravergine che ha ottenuto notevoli riconoscimenti in vari concorsi. \u00c8 presente inoltre un laghetto per la pesca sportiva e una vasta riserva faunistico-venatoria di circa duecentosettanta ettari.<\/p>\n<p><a href=\"https:\/\/www.noidiqua.it\/Montale\/wp-content\/uploads\/2012\/10\/colle-alberto-4.png\" rel=\"wp-prettyPhoto[1901]\"><img loading=\"lazy\" decoding=\"async\" class=\"aligncenter size-full wp-image-7891\" src=\"https:\/\/www.noidiqua.it\/Montale\/wp-content\/uploads\/2012\/10\/colle-alberto-4.png\" alt=\"\" width=\"507\" height=\"338\" srcset=\"https:\/\/www.noidiqua.it\/Montale\/wp-content\/uploads\/2012\/10\/colle-alberto-4.png 507w, https:\/\/www.noidiqua.it\/Montale\/wp-content\/uploads\/2012\/10\/colle-alberto-4-300x200.png 300w\" sizes=\"auto, (max-width: 507px) 100vw, 507px\" \/><\/a><\/p>","protected":false},"excerpt":{"rendered":"<p>di Marco Bagnoli. Foto: bellinigabriele.it agosto 2012 &nbsp; La villa sorge sull\u2019antico possedimento dei conti Alberti di Prato, di probabile origine longobarda; qui si trova ancora oggi la piccola chiesa di Santa Cristina, di epoca medievale, una sorta di cappella privata della famiglia. Nel 1332 si compie il passaggio di propriet\u00e0 di queste terre [&hellip;]<\/p>","protected":false},"author":3,"featured_media":0,"comment_status":"open","ping_status":"open","sticky":false,"template":"","format":"standard","meta":{"footnotes":""},"categories":[7,18],"tags":[35,58,89,91,995,113,114,161],"class_list":["post-1901","post","type-post","status-publish","format-standard","hentry","category-mt","category-territorio-qt","tag-alberto","tag-colle","tag-i-brevi-di-noidiqua","tag-il-montalese","tag-mt","tag-noidiqua","tag-noidiqua-il-montalese","tag-villa"],"yoast_head":"<!-- This site is optimized with the Yoast SEO plugin v25.5 - https:\/\/yoast.com\/wordpress\/plugins\/seo\/ -->\n<title>Villa Colle Alberto - Noi di Qua Testata giornalistica e di attualit\u00e0 di Agliana, Montale e Quarrata.<\/title>\n<meta name=\"robots\" content=\"index, follow, max-snippet:-1, max-image-preview:large, max-video-preview:-1\" \/>\n<link rel=\"canonical\" href=\"https:\/\/www.noidiqua.it\/Montale\/villa-colle-alberto\/\" \/>\n<meta property=\"og:locale\" content=\"it_IT\" \/>\n<meta property=\"og:type\" content=\"article\" \/>\n<meta property=\"og:title\" content=\"Villa Colle Alberto - Noi di Qua Testata giornalistica e di attualit\u00e0 di Agliana, Montale e Quarrata.\" \/>\n<meta property=\"og:description\" content=\"di Marco Bagnoli. Foto: bellinigabriele.it agosto 2012 &nbsp; La villa sorge sull\u2019antico possedimento dei conti Alberti di Prato, di probabile origine longobarda; qui si trova ancora oggi la piccola chiesa di Santa Cristina, di epoca medievale, una sorta di cappella privata della famiglia. Nel 1332 si compie il passaggio di propriet\u00e0 di queste terre [&hellip;]\" \/>\n<meta property=\"og:url\" content=\"https:\/\/www.noidiqua.it\/Montale\/villa-colle-alberto\/\" \/>\n<meta property=\"og:site_name\" content=\"Noi di Qua Testata giornalistica e di attualit\u00e0 di Agliana, Montale e Quarrata.\" \/>\n<meta property=\"article:publisher\" content=\"https:\/\/www.facebook.com\/noidiqua.trimestrale\/\" \/>\n<meta property=\"article:published_time\" content=\"2012-10-12T14:05:42+00:00\" \/>\n<meta property=\"article:modified_time\" content=\"2023-02-16T14:11:59+00:00\" \/>\n<meta property=\"og:image\" content=\"https:\/\/www.noidiqua.it\/Montale\/wp-content\/uploads\/2012\/10\/colle-alberto-1.png\" \/>\n<meta name=\"author\" content=\"Marco Bagnoli\" \/>\n<meta name=\"twitter:label1\" content=\"Scritto da\" \/>\n\t<meta name=\"twitter:data1\" content=\"Marco Bagnoli\" \/>\n\t<meta name=\"twitter:label2\" content=\"Tempo di lettura stimato\" \/>\n\t<meta name=\"twitter:data2\" content=\"3 minuti\" \/>\n<script type=\"application\/ld+json\" class=\"yoast-schema-graph\">{\"@context\":\"https:\/\/schema.org\",\"@graph\":[{\"@type\":\"WebPage\",\"@id\":\"https:\/\/www.noidiqua.it\/Montale\/villa-colle-alberto\/\",\"url\":\"https:\/\/www.noidiqua.it\/Montale\/villa-colle-alberto\/\",\"name\":\"Villa Colle Alberto - Noi di Qua Testata giornalistica e di attualit\u00e0 di Agliana, Montale e Quarrata.\",\"isPartOf\":{\"@id\":\"https:\/\/www.noidiqua.it\/Montale\/#website\"},\"primaryImageOfPage\":{\"@id\":\"https:\/\/www.noidiqua.it\/Montale\/villa-colle-alberto\/#primaryimage\"},\"image\":{\"@id\":\"https:\/\/www.noidiqua.it\/Montale\/villa-colle-alberto\/#primaryimage\"},\"thumbnailUrl\":\"https:\/\/www.noidiqua.it\/Montale\/wp-content\/uploads\/2012\/10\/colle-alberto-1.png\",\"datePublished\":\"2012-10-12T14:05:42+00:00\",\"dateModified\":\"2023-02-16T14:11:59+00:00\",\"author\":{\"@id\":\"https:\/\/www.noidiqua.it\/Montale\/#\/schema\/person\/4e183cb0c6d7951e716a876aa702e1a2\"},\"breadcrumb\":{\"@id\":\"https:\/\/www.noidiqua.it\/Montale\/villa-colle-alberto\/#breadcrumb\"},\"inLanguage\":\"it-IT\",\"potentialAction\":[{\"@type\":\"ReadAction\",\"target\":[\"https:\/\/www.noidiqua.it\/Montale\/villa-colle-alberto\/\"]}]},{\"@type\":\"ImageObject\",\"inLanguage\":\"it-IT\",\"@id\":\"https:\/\/www.noidiqua.it\/Montale\/villa-colle-alberto\/#primaryimage\",\"url\":\"https:\/\/www.noidiqua.it\/Montale\/wp-content\/uploads\/2012\/10\/colle-alberto-1.png\",\"contentUrl\":\"https:\/\/www.noidiqua.it\/Montale\/wp-content\/uploads\/2012\/10\/colle-alberto-1.png\",\"width\":501,\"height\":334},{\"@type\":\"BreadcrumbList\",\"@id\":\"https:\/\/www.noidiqua.it\/Montale\/villa-colle-alberto\/#breadcrumb\",\"itemListElement\":[{\"@type\":\"ListItem\",\"position\":1,\"name\":\"Home\",\"item\":\"https:\/\/www.noidiqua.it\/Montale\/\"},{\"@type\":\"ListItem\",\"position\":2,\"name\":\"Villa Colle Alberto\"}]},{\"@type\":\"WebSite\",\"@id\":\"https:\/\/www.noidiqua.it\/Montale\/#website\",\"url\":\"https:\/\/www.noidiqua.it\/Montale\/\",\"name\":\"Noi di Qua Testata giornalistica e di attualit\u00e0 di Agliana, Montale e Quarrata.\",\"description\":\"Testata Giornalistica Quarrata Montale Agliana\",\"potentialAction\":[{\"@type\":\"SearchAction\",\"target\":{\"@type\":\"EntryPoint\",\"urlTemplate\":\"https:\/\/www.noidiqua.it\/Montale\/?s={search_term_string}\"},\"query-input\":{\"@type\":\"PropertyValueSpecification\",\"valueRequired\":true,\"valueName\":\"search_term_string\"}}],\"inLanguage\":\"it-IT\"},{\"@type\":\"Person\",\"@id\":\"https:\/\/www.noidiqua.it\/Montale\/#\/schema\/person\/4e183cb0c6d7951e716a876aa702e1a2\",\"name\":\"Marco Bagnoli\",\"image\":{\"@type\":\"ImageObject\",\"inLanguage\":\"it-IT\",\"@id\":\"https:\/\/www.noidiqua.it\/Montale\/#\/schema\/person\/image\/\",\"url\":\"https:\/\/secure.gravatar.com\/avatar\/73ace53724c50db9c48af54756f17b7cdb015a9d8d2c08c7e04e480539a94eee?s=96&d=mm&r=g\",\"contentUrl\":\"https:\/\/secure.gravatar.com\/avatar\/73ace53724c50db9c48af54756f17b7cdb015a9d8d2c08c7e04e480539a94eee?s=96&d=mm&r=g\",\"caption\":\"Marco Bagnoli\"},\"url\":\"https:\/\/www.noidiqua.it\/Montale\/author\/marco-bagnoli\/\"}]}<\/script>\n<!-- \/ Yoast SEO plugin. -->","yoast_head_json":{"title":"Villa Colle Alberto - Noi di Qua Testata giornalistica e di attualit\u00e0 di Agliana, Montale e Quarrata.","robots":{"index":"index","follow":"follow","max-snippet":"max-snippet:-1","max-image-preview":"max-image-preview:large","max-video-preview":"max-video-preview:-1"},"canonical":"https:\/\/www.noidiqua.it\/Montale\/villa-colle-alberto\/","og_locale":"it_IT","og_type":"article","og_title":"Villa Colle Alberto - Noi di Qua Testata giornalistica e di attualit\u00e0 di Agliana, Montale e Quarrata.","og_description":"di Marco Bagnoli. Foto: bellinigabriele.it agosto 2012 &nbsp; La villa sorge sull\u2019antico possedimento dei conti Alberti di Prato, di probabile origine longobarda; qui si trova ancora oggi la piccola chiesa di Santa Cristina, di epoca medievale, una sorta di cappella privata della famiglia. Nel 1332 si compie il passaggio di propriet\u00e0 di queste terre [&hellip;]","og_url":"https:\/\/www.noidiqua.it\/Montale\/villa-colle-alberto\/","og_site_name":"Noi di Qua Testata giornalistica e di attualit\u00e0 di Agliana, Montale e Quarrata.","article_publisher":"https:\/\/www.facebook.com\/noidiqua.trimestrale\/","article_published_time":"2012-10-12T14:05:42+00:00","article_modified_time":"2023-02-16T14:11:59+00:00","og_image":[{"url":"https:\/\/www.noidiqua.it\/Montale\/wp-content\/uploads\/2012\/10\/colle-alberto-1.png","type":"","width":"","height":""}],"author":"Marco Bagnoli","twitter_misc":{"Scritto da":"Marco Bagnoli","Tempo di lettura stimato":"3 minuti"},"schema":{"@context":"https:\/\/schema.org","@graph":[{"@type":"WebPage","@id":"https:\/\/www.noidiqua.it\/Montale\/villa-colle-alberto\/","url":"https:\/\/www.noidiqua.it\/Montale\/villa-colle-alberto\/","name":"Villa Colle Alberto - Noi di Qua Testata giornalistica e di attualit\u00e0 di Agliana, Montale e Quarrata.","isPartOf":{"@id":"https:\/\/www.noidiqua.it\/Montale\/#website"},"primaryImageOfPage":{"@id":"https:\/\/www.noidiqua.it\/Montale\/villa-colle-alberto\/#primaryimage"},"image":{"@id":"https:\/\/www.noidiqua.it\/Montale\/villa-colle-alberto\/#primaryimage"},"thumbnailUrl":"https:\/\/www.noidiqua.it\/Montale\/wp-content\/uploads\/2012\/10\/colle-alberto-1.png","datePublished":"2012-10-12T14:05:42+00:00","dateModified":"2023-02-16T14:11:59+00:00","author":{"@id":"https:\/\/www.noidiqua.it\/Montale\/#\/schema\/person\/4e183cb0c6d7951e716a876aa702e1a2"},"breadcrumb":{"@id":"https:\/\/www.noidiqua.it\/Montale\/villa-colle-alberto\/#breadcrumb"},"inLanguage":"it-IT","potentialAction":[{"@type":"ReadAction","target":["https:\/\/www.noidiqua.it\/Montale\/villa-colle-alberto\/"]}]},{"@type":"ImageObject","inLanguage":"it-IT","@id":"https:\/\/www.noidiqua.it\/Montale\/villa-colle-alberto\/#primaryimage","url":"https:\/\/www.noidiqua.it\/Montale\/wp-content\/uploads\/2012\/10\/colle-alberto-1.png","contentUrl":"https:\/\/www.noidiqua.it\/Montale\/wp-content\/uploads\/2012\/10\/colle-alberto-1.png","width":501,"height":334},{"@type":"BreadcrumbList","@id":"https:\/\/www.noidiqua.it\/Montale\/villa-colle-alberto\/#breadcrumb","itemListElement":[{"@type":"ListItem","position":1,"name":"Home","item":"https:\/\/www.noidiqua.it\/Montale\/"},{"@type":"ListItem","position":2,"name":"Villa Colle Alberto"}]},{"@type":"WebSite","@id":"https:\/\/www.noidiqua.it\/Montale\/#website","url":"https:\/\/www.noidiqua.it\/Montale\/","name":"Noi di Qua Testata giornalistica e di attualit\u00e0 di Agliana, Montale e Quarrata.","description":"Testata Giornalistica Quarrata Montale Agliana","potentialAction":[{"@type":"SearchAction","target":{"@type":"EntryPoint","urlTemplate":"https:\/\/www.noidiqua.it\/Montale\/?s={search_term_string}"},"query-input":{"@type":"PropertyValueSpecification","valueRequired":true,"valueName":"search_term_string"}}],"inLanguage":"it-IT"},{"@type":"Person","@id":"https:\/\/www.noidiqua.it\/Montale\/#\/schema\/person\/4e183cb0c6d7951e716a876aa702e1a2","name":"Marco Bagnoli","image":{"@type":"ImageObject","inLanguage":"it-IT","@id":"https:\/\/www.noidiqua.it\/Montale\/#\/schema\/person\/image\/","url":"https:\/\/secure.gravatar.com\/avatar\/73ace53724c50db9c48af54756f17b7cdb015a9d8d2c08c7e04e480539a94eee?s=96&d=mm&r=g","contentUrl":"https:\/\/secure.gravatar.com\/avatar\/73ace53724c50db9c48af54756f17b7cdb015a9d8d2c08c7e04e480539a94eee?s=96&d=mm&r=g","caption":"Marco Bagnoli"},"url":"https:\/\/www.noidiqua.it\/Montale\/author\/marco-bagnoli\/"}]}},"_links":{"self":[{"href":"https:\/\/www.noidiqua.it\/Montale\/wp-json\/wp\/v2\/posts\/1901","targetHints":{"allow":["GET"]}}],"collection":[{"href":"https:\/\/www.noidiqua.it\/Montale\/wp-json\/wp\/v2\/posts"}],"about":[{"href":"https:\/\/www.noidiqua.it\/Montale\/wp-json\/wp\/v2\/types\/post"}],"author":[{"embeddable":true,"href":"https:\/\/www.noidiqua.it\/Montale\/wp-json\/wp\/v2\/users\/3"}],"replies":[{"embeddable":true,"href":"https:\/\/www.noidiqua.it\/Montale\/wp-json\/wp\/v2\/comments?post=1901"}],"version-history":[{"count":3,"href":"https:\/\/www.noidiqua.it\/Montale\/wp-json\/wp\/v2\/posts\/1901\/revisions"}],"predecessor-version":[{"id":7892,"href":"https:\/\/www.noidiqua.it\/Montale\/wp-json\/wp\/v2\/posts\/1901\/revisions\/7892"}],"wp:attachment":[{"href":"https:\/\/www.noidiqua.it\/Montale\/wp-json\/wp\/v2\/media?parent=1901"}],"wp:term":[{"taxonomy":"category","embeddable":true,"href":"https:\/\/www.noidiqua.it\/Montale\/wp-json\/wp\/v2\/categories?post=1901"},{"taxonomy":"post_tag","embeddable":true,"href":"https:\/\/www.noidiqua.it\/Montale\/wp-json\/wp\/v2\/tags?post=1901"}],"curies":[{"name":"wp","href":"https:\/\/api.w.org\/{rel}","templated":true}]}}