{"id":1969,"date":"2012-11-09T11:11:02","date_gmt":"2012-11-09T11:11:02","guid":{"rendered":"https:\/\/www.noidiqua.it\/Montale\/?p=1969"},"modified":"2023-02-09T16:00:02","modified_gmt":"2023-02-09T15:00:02","slug":"claudio-bigagli","status":"publish","type":"post","link":"https:\/\/www.noidiqua.it\/Montale\/claudio-bigagli\/","title":{"rendered":"Claudio Bigagli &#8211; attore, scrittore, regista"},"content":{"rendered":"<p style=\"text-align: justify;\"><em><em>di Giacomo Bini<\/em><br \/>\n<\/em><\/p>\n<div style=\"text-align: justify;\"><em>dicembre 2012<\/em><\/div>\n<div><\/div>\n<div><a href=\"https:\/\/www.noidiqua.it\/Montale\/wp-content\/uploads\/2012\/11\/bigagli-1.png\" rel=\"wp-prettyPhoto[1969]\"><img loading=\"lazy\" decoding=\"async\" class=\"aligncenter  wp-image-7851\" src=\"https:\/\/www.noidiqua.it\/Montale\/wp-content\/uploads\/2012\/11\/bigagli-1.png\" alt=\"\" width=\"427\" height=\"378\" srcset=\"https:\/\/www.noidiqua.it\/Montale\/wp-content\/uploads\/2012\/11\/bigagli-1.png 509w, https:\/\/www.noidiqua.it\/Montale\/wp-content\/uploads\/2012\/11\/bigagli-1-300x266.png 300w\" sizes=\"auto, (max-width: 427px) 100vw, 427px\" \/><\/a><\/div>\n<div style=\"text-align: justify;\"><\/div>\n<p style=\"text-align: justify;\">Parliamo al telefono con <strong>Claudio Bigagli<\/strong> dopo il ritorno dalla Mostra Internazionale di Arte Cinematografica di Venezia, dove ha presentato con successo il film \u201cUn giorno speciale\u201d, tratto dal suo romanzo <strong>\u201cIl cielo con un dito\u201d<\/strong> pubblicato da Garzanti.<\/p>\n<p style=\"text-align: justify;\">\nLa sua voce \u00e8 sempre quella del ragazzo con cui si scherzava in piazza, davanti al bar di <em>Trombino<\/em>, con quel guizzo inconfondibile di ironia anche quando si parla di cose serie. E\u2019 un montalese di cui andare fieri, Bigagli, un artista di quelli coerenti, che si \u00e8 costruito con tenacia una carriera all\u2019insegna della qualit\u00e0 e della seriet\u00e0 professionale. Anche, talvolta, pagando qualche prezzo. Da qui, forse, la sua attenzione per le difficolt\u00e0 dei giovani come i protagonisti del suo romanzo: una ragazza che cerca di sfondare nel mondo dello spettacolo con l\u2019appoggio di un uomo politico e un ragazzo che fa l\u2019autista e la va a prendere col \u201cmacchinone\u201d blu. <em>&lt;&lt;E\u2019 un film contro quel vizio per cui devi pagare un prezzo anche per quello che ti \u00e8 dovuto.&gt;&gt;<\/em> dice Bigagli <em>&lt;&lt;Anch\u2019io sono stato di quei giovani che hanno fatto fatica, con una carriera sempre in salita in cui ogni volta si ricomincia da capo. Comunque per me \u00e8 stata una cosa naturale, anche se mi \u00e8 costato perdere qualche amicizia e qualche lavoro&gt;&gt;.<\/em><\/p>\n<p><a href=\"https:\/\/www.noidiqua.it\/Montale\/wp-content\/uploads\/2012\/11\/bigagli-4.png\" rel=\"wp-prettyPhoto[1969]\"><img loading=\"lazy\" decoding=\"async\" class=\"aligncenter size-full wp-image-7852\" src=\"https:\/\/www.noidiqua.it\/Montale\/wp-content\/uploads\/2012\/11\/bigagli-4.png\" alt=\"\" width=\"516\" height=\"304\" srcset=\"https:\/\/www.noidiqua.it\/Montale\/wp-content\/uploads\/2012\/11\/bigagli-4.png 516w, https:\/\/www.noidiqua.it\/Montale\/wp-content\/uploads\/2012\/11\/bigagli-4-300x177.png 300w\" sizes=\"auto, (max-width: 516px) 100vw, 516px\" \/><\/a><\/p>\n<p style=\"text-align: justify;\">Basta scorrere l\u2019elenco dei registi con cui Bigagli ha lavorato per cogliere lo spessore del suo percorso artistico: Paolo ed Emilio <strong>Taviani<\/strong>, Nanni<strong> Moretti<\/strong>, Roberto <strong>Benigni<\/strong>, Gabriele <strong>Salvatores<\/strong>, Paolo <strong>Virz\u00ec<\/strong>, Daniele <strong>Luchetti<\/strong>, Ettore <strong>Scola<\/strong>, Carlo <strong>Lizzani<\/strong>, insomma il meglio del cinema italiano. Bigagli \u00e8 anche regista (con il \u201cGuerriero Camillo\u201d e \u201cCommedia Sexy\u201d) e autore di teatro, con la fortunatissima commedia \u201cPiccoli Equivoci\u201d, diventata un film di Ricky <strong>Tognazzi<\/strong> e ora ripresa in teatro da Francesco Montanari. Il romanzo \u201cIl cielo con un dito\u201d \u00e8 nato dalla solita scommessa di provare cose nuove che continua ad accompagnare l\u2019attivit\u00e0 di un artista cui piace la variet\u00e0 e non rifugge dalle sfide. <em>&lt;&lt;L\u2019idea era di fare una sceneggiatura per un film&gt;&gt;<\/em> racconta Bigagli <em>&lt;&lt;ma c\u2019era una situazione politica che precludeva i finanziamenti ad un\u2019opera del genere, allora mi sono rivolto all\u2019editoria e ho trovato subito disponibilit\u00e0 nel direttore editoriale di Garzanti Oliviero Ponte di Pino. Dopo l\u2019uscita del libro si \u00e8 creato l\u2019interesse per farne un film; Francesca Comencini si \u00e8 innamorata della storia ed \u00e8 riuscita a realizzarlo come produttore indipendente, senza soldi pubblici. Il film \u00e8 stato fatto a bassi costi ed io, pur di vederlo nascere, ho ceduto i diritti gratis. Sono contento perch\u00e9 \u00e8 venuto bene, \u00e8 una storia che funziona, ha una struttura forte svolgendosi tutta nell\u2019arco di un solo giorno&gt;&gt;<\/em>.<\/p>\n<p><a href=\"https:\/\/www.noidiqua.it\/Montale\/wp-content\/uploads\/2012\/11\/bigagli-2.png\" rel=\"wp-prettyPhoto[1969]\"><img loading=\"lazy\" decoding=\"async\" class=\"aligncenter size-full wp-image-7853\" src=\"https:\/\/www.noidiqua.it\/Montale\/wp-content\/uploads\/2012\/11\/bigagli-2.png\" alt=\"\" width=\"497\" height=\"363\" srcset=\"https:\/\/www.noidiqua.it\/Montale\/wp-content\/uploads\/2012\/11\/bigagli-2.png 497w, https:\/\/www.noidiqua.it\/Montale\/wp-content\/uploads\/2012\/11\/bigagli-2-300x219.png 300w\" sizes=\"auto, (max-width: 497px) 100vw, 497px\" \/><\/a><\/p>\n<p style=\"text-align: justify;\">In questo momento Bigagli sta scrivendo \u201ccose nuove\u201d, sceneggiature, ma naturalmente continua a fare anche l\u2019attore per il cinema e in TV. Grande prova di bravura, per esempio, la sua interpretazione in \u201cC\u2019\u00e8 chi dice no\u201d, un film sul nepotismo dei baroni universitari (<em>&lt;&lt;Faccio uno stronzone di professore&gt;&gt;<\/em>) accanto a Giorgio Albertazzi. <em>&lt;&lt;La recitazione \u00e8 come sciare&gt;&gt;<\/em> dice Bigagli <em>&lt;&lt;non si disimpara anzi, siccome \u00e8 un mestiere in cui si usano le cose dell\u2019anima, il vivere aggiunge e non toglie&gt;&gt;.<\/em><\/p>\n<p style=\"text-align: justify;\">","protected":false},"excerpt":{"rendered":"<p>di Giacomo Bini dicembre 2012 Parliamo al telefono con Claudio Bigagli dopo il ritorno dalla Mostra Internazionale di Arte Cinematografica di Venezia, dove ha presentato con successo il film \u201cUn giorno speciale\u201d, tratto dal suo romanzo \u201cIl cielo con un dito\u201d pubblicato da Garzanti. La sua voce \u00e8 sempre quella del ragazzo con cui [&hellip;]<\/p>","protected":false},"author":12,"featured_media":0,"comment_status":"open","ping_status":"open","sticky":false,"template":"","format":"standard","meta":{"footnotes":""},"categories":[172,7],"tags":[81,91,995,109,114,151],"class_list":["post-1969","post","type-post","status-publish","format-standard","hentry","category-che-spettacolo","category-mt","tag-gente-di-qua","tag-il-montalese","tag-mt","tag-montalese","tag-noidiqua-il-montalese","tag-sport-e-spettacolo"],"yoast_head":"<!-- This site is optimized with the Yoast SEO plugin v25.5 - https:\/\/yoast.com\/wordpress\/plugins\/seo\/ -->\n<title>Claudio Bigagli - attore, scrittore, regista - Noi di Qua Testata giornalistica e di attualit\u00e0 di Agliana, Montale e Quarrata.<\/title>\n<meta name=\"robots\" content=\"index, follow, max-snippet:-1, max-image-preview:large, max-video-preview:-1\" \/>\n<link rel=\"canonical\" href=\"https:\/\/www.noidiqua.it\/Montale\/claudio-bigagli\/\" \/>\n<meta property=\"og:locale\" content=\"it_IT\" \/>\n<meta property=\"og:type\" content=\"article\" \/>\n<meta property=\"og:title\" content=\"Claudio Bigagli - attore, scrittore, regista - Noi di Qua Testata giornalistica e di attualit\u00e0 di Agliana, Montale e Quarrata.\" \/>\n<meta property=\"og:description\" content=\"di Giacomo Bini dicembre 2012 Parliamo al telefono con Claudio Bigagli dopo il ritorno dalla Mostra Internazionale di Arte Cinematografica di Venezia, dove ha presentato con successo il film \u201cUn giorno speciale\u201d, tratto dal suo romanzo \u201cIl cielo con un dito\u201d pubblicato da Garzanti. La sua voce \u00e8 sempre quella del ragazzo con cui [&hellip;]\" \/>\n<meta property=\"og:url\" content=\"https:\/\/www.noidiqua.it\/Montale\/claudio-bigagli\/\" \/>\n<meta property=\"og:site_name\" content=\"Noi di Qua Testata giornalistica e di attualit\u00e0 di Agliana, Montale e Quarrata.\" \/>\n<meta property=\"article:publisher\" content=\"https:\/\/www.facebook.com\/noidiqua.trimestrale\/\" \/>\n<meta property=\"article:published_time\" content=\"2012-11-09T11:11:02+00:00\" \/>\n<meta property=\"article:modified_time\" content=\"2023-02-09T15:00:02+00:00\" \/>\n<meta property=\"og:image\" content=\"https:\/\/www.noidiqua.it\/Montale\/wp-content\/uploads\/2012\/11\/bigagli-1.png\" \/>\n<meta name=\"author\" content=\"Giacomo Bini\" \/>\n<meta name=\"twitter:label1\" content=\"Scritto da\" \/>\n\t<meta name=\"twitter:data1\" content=\"Giacomo Bini\" \/>\n\t<meta name=\"twitter:label2\" content=\"Tempo di lettura stimato\" \/>\n\t<meta name=\"twitter:data2\" content=\"3 minuti\" \/>\n<script type=\"application\/ld+json\" class=\"yoast-schema-graph\">{\"@context\":\"https:\/\/schema.org\",\"@graph\":[{\"@type\":\"WebPage\",\"@id\":\"https:\/\/www.noidiqua.it\/Montale\/claudio-bigagli\/\",\"url\":\"https:\/\/www.noidiqua.it\/Montale\/claudio-bigagli\/\",\"name\":\"Claudio Bigagli - attore, scrittore, regista - Noi di Qua Testata giornalistica e di attualit\u00e0 di Agliana, Montale e Quarrata.\",\"isPartOf\":{\"@id\":\"https:\/\/www.noidiqua.it\/Montale\/#website\"},\"primaryImageOfPage\":{\"@id\":\"https:\/\/www.noidiqua.it\/Montale\/claudio-bigagli\/#primaryimage\"},\"image\":{\"@id\":\"https:\/\/www.noidiqua.it\/Montale\/claudio-bigagli\/#primaryimage\"},\"thumbnailUrl\":\"https:\/\/www.noidiqua.it\/Montale\/wp-content\/uploads\/2012\/11\/bigagli-1.png\",\"datePublished\":\"2012-11-09T11:11:02+00:00\",\"dateModified\":\"2023-02-09T15:00:02+00:00\",\"author\":{\"@id\":\"https:\/\/www.noidiqua.it\/Montale\/#\/schema\/person\/e2e6f44da50af0dae9c90ad168e471a4\"},\"breadcrumb\":{\"@id\":\"https:\/\/www.noidiqua.it\/Montale\/claudio-bigagli\/#breadcrumb\"},\"inLanguage\":\"it-IT\",\"potentialAction\":[{\"@type\":\"ReadAction\",\"target\":[\"https:\/\/www.noidiqua.it\/Montale\/claudio-bigagli\/\"]}]},{\"@type\":\"ImageObject\",\"inLanguage\":\"it-IT\",\"@id\":\"https:\/\/www.noidiqua.it\/Montale\/claudio-bigagli\/#primaryimage\",\"url\":\"https:\/\/www.noidiqua.it\/Montale\/wp-content\/uploads\/2012\/11\/bigagli-1.png\",\"contentUrl\":\"https:\/\/www.noidiqua.it\/Montale\/wp-content\/uploads\/2012\/11\/bigagli-1.png\",\"width\":509,\"height\":451},{\"@type\":\"BreadcrumbList\",\"@id\":\"https:\/\/www.noidiqua.it\/Montale\/claudio-bigagli\/#breadcrumb\",\"itemListElement\":[{\"@type\":\"ListItem\",\"position\":1,\"name\":\"Home\",\"item\":\"https:\/\/www.noidiqua.it\/Montale\/\"},{\"@type\":\"ListItem\",\"position\":2,\"name\":\"Claudio Bigagli &#8211; attore, scrittore, regista\"}]},{\"@type\":\"WebSite\",\"@id\":\"https:\/\/www.noidiqua.it\/Montale\/#website\",\"url\":\"https:\/\/www.noidiqua.it\/Montale\/\",\"name\":\"Noi di Qua Testata giornalistica e di attualit\u00e0 di Agliana, Montale e Quarrata.\",\"description\":\"Testata Giornalistica Quarrata Montale Agliana\",\"potentialAction\":[{\"@type\":\"SearchAction\",\"target\":{\"@type\":\"EntryPoint\",\"urlTemplate\":\"https:\/\/www.noidiqua.it\/Montale\/?s={search_term_string}\"},\"query-input\":{\"@type\":\"PropertyValueSpecification\",\"valueRequired\":true,\"valueName\":\"search_term_string\"}}],\"inLanguage\":\"it-IT\"},{\"@type\":\"Person\",\"@id\":\"https:\/\/www.noidiqua.it\/Montale\/#\/schema\/person\/e2e6f44da50af0dae9c90ad168e471a4\",\"name\":\"Giacomo Bini\",\"image\":{\"@type\":\"ImageObject\",\"inLanguage\":\"it-IT\",\"@id\":\"https:\/\/www.noidiqua.it\/Montale\/#\/schema\/person\/image\/\",\"url\":\"https:\/\/secure.gravatar.com\/avatar\/e5c18ae41df5ae37397358f2c6046696187d51a120c5d0b8f0c49f7b606f46f4?s=96&d=mm&r=g\",\"contentUrl\":\"https:\/\/secure.gravatar.com\/avatar\/e5c18ae41df5ae37397358f2c6046696187d51a120c5d0b8f0c49f7b606f46f4?s=96&d=mm&r=g\",\"caption\":\"Giacomo Bini\"},\"url\":\"https:\/\/www.noidiqua.it\/Montale\/author\/giacomo-bini\/\"}]}<\/script>\n<!-- \/ Yoast SEO plugin. -->","yoast_head_json":{"title":"Claudio Bigagli - attore, scrittore, regista - Noi di Qua Testata giornalistica e di attualit\u00e0 di Agliana, Montale e Quarrata.","robots":{"index":"index","follow":"follow","max-snippet":"max-snippet:-1","max-image-preview":"max-image-preview:large","max-video-preview":"max-video-preview:-1"},"canonical":"https:\/\/www.noidiqua.it\/Montale\/claudio-bigagli\/","og_locale":"it_IT","og_type":"article","og_title":"Claudio Bigagli - attore, scrittore, regista - Noi di Qua Testata giornalistica e di attualit\u00e0 di Agliana, Montale e Quarrata.","og_description":"di Giacomo Bini dicembre 2012 Parliamo al telefono con Claudio Bigagli dopo il ritorno dalla Mostra Internazionale di Arte Cinematografica di Venezia, dove ha presentato con successo il film \u201cUn giorno speciale\u201d, tratto dal suo romanzo \u201cIl cielo con un dito\u201d pubblicato da Garzanti. La sua voce \u00e8 sempre quella del ragazzo con cui [&hellip;]","og_url":"https:\/\/www.noidiqua.it\/Montale\/claudio-bigagli\/","og_site_name":"Noi di Qua Testata giornalistica e di attualit\u00e0 di Agliana, Montale e Quarrata.","article_publisher":"https:\/\/www.facebook.com\/noidiqua.trimestrale\/","article_published_time":"2012-11-09T11:11:02+00:00","article_modified_time":"2023-02-09T15:00:02+00:00","og_image":[{"url":"https:\/\/www.noidiqua.it\/Montale\/wp-content\/uploads\/2012\/11\/bigagli-1.png","type":"","width":"","height":""}],"author":"Giacomo Bini","twitter_misc":{"Scritto da":"Giacomo Bini","Tempo di lettura stimato":"3 minuti"},"schema":{"@context":"https:\/\/schema.org","@graph":[{"@type":"WebPage","@id":"https:\/\/www.noidiqua.it\/Montale\/claudio-bigagli\/","url":"https:\/\/www.noidiqua.it\/Montale\/claudio-bigagli\/","name":"Claudio Bigagli - attore, scrittore, regista - Noi di Qua Testata giornalistica e di attualit\u00e0 di Agliana, Montale e Quarrata.","isPartOf":{"@id":"https:\/\/www.noidiqua.it\/Montale\/#website"},"primaryImageOfPage":{"@id":"https:\/\/www.noidiqua.it\/Montale\/claudio-bigagli\/#primaryimage"},"image":{"@id":"https:\/\/www.noidiqua.it\/Montale\/claudio-bigagli\/#primaryimage"},"thumbnailUrl":"https:\/\/www.noidiqua.it\/Montale\/wp-content\/uploads\/2012\/11\/bigagli-1.png","datePublished":"2012-11-09T11:11:02+00:00","dateModified":"2023-02-09T15:00:02+00:00","author":{"@id":"https:\/\/www.noidiqua.it\/Montale\/#\/schema\/person\/e2e6f44da50af0dae9c90ad168e471a4"},"breadcrumb":{"@id":"https:\/\/www.noidiqua.it\/Montale\/claudio-bigagli\/#breadcrumb"},"inLanguage":"it-IT","potentialAction":[{"@type":"ReadAction","target":["https:\/\/www.noidiqua.it\/Montale\/claudio-bigagli\/"]}]},{"@type":"ImageObject","inLanguage":"it-IT","@id":"https:\/\/www.noidiqua.it\/Montale\/claudio-bigagli\/#primaryimage","url":"https:\/\/www.noidiqua.it\/Montale\/wp-content\/uploads\/2012\/11\/bigagli-1.png","contentUrl":"https:\/\/www.noidiqua.it\/Montale\/wp-content\/uploads\/2012\/11\/bigagli-1.png","width":509,"height":451},{"@type":"BreadcrumbList","@id":"https:\/\/www.noidiqua.it\/Montale\/claudio-bigagli\/#breadcrumb","itemListElement":[{"@type":"ListItem","position":1,"name":"Home","item":"https:\/\/www.noidiqua.it\/Montale\/"},{"@type":"ListItem","position":2,"name":"Claudio Bigagli &#8211; attore, scrittore, regista"}]},{"@type":"WebSite","@id":"https:\/\/www.noidiqua.it\/Montale\/#website","url":"https:\/\/www.noidiqua.it\/Montale\/","name":"Noi di Qua Testata giornalistica e di attualit\u00e0 di Agliana, Montale e Quarrata.","description":"Testata Giornalistica Quarrata Montale Agliana","potentialAction":[{"@type":"SearchAction","target":{"@type":"EntryPoint","urlTemplate":"https:\/\/www.noidiqua.it\/Montale\/?s={search_term_string}"},"query-input":{"@type":"PropertyValueSpecification","valueRequired":true,"valueName":"search_term_string"}}],"inLanguage":"it-IT"},{"@type":"Person","@id":"https:\/\/www.noidiqua.it\/Montale\/#\/schema\/person\/e2e6f44da50af0dae9c90ad168e471a4","name":"Giacomo Bini","image":{"@type":"ImageObject","inLanguage":"it-IT","@id":"https:\/\/www.noidiqua.it\/Montale\/#\/schema\/person\/image\/","url":"https:\/\/secure.gravatar.com\/avatar\/e5c18ae41df5ae37397358f2c6046696187d51a120c5d0b8f0c49f7b606f46f4?s=96&d=mm&r=g","contentUrl":"https:\/\/secure.gravatar.com\/avatar\/e5c18ae41df5ae37397358f2c6046696187d51a120c5d0b8f0c49f7b606f46f4?s=96&d=mm&r=g","caption":"Giacomo Bini"},"url":"https:\/\/www.noidiqua.it\/Montale\/author\/giacomo-bini\/"}]}},"_links":{"self":[{"href":"https:\/\/www.noidiqua.it\/Montale\/wp-json\/wp\/v2\/posts\/1969","targetHints":{"allow":["GET"]}}],"collection":[{"href":"https:\/\/www.noidiqua.it\/Montale\/wp-json\/wp\/v2\/posts"}],"about":[{"href":"https:\/\/www.noidiqua.it\/Montale\/wp-json\/wp\/v2\/types\/post"}],"author":[{"embeddable":true,"href":"https:\/\/www.noidiqua.it\/Montale\/wp-json\/wp\/v2\/users\/12"}],"replies":[{"embeddable":true,"href":"https:\/\/www.noidiqua.it\/Montale\/wp-json\/wp\/v2\/comments?post=1969"}],"version-history":[{"count":4,"href":"https:\/\/www.noidiqua.it\/Montale\/wp-json\/wp\/v2\/posts\/1969\/revisions"}],"predecessor-version":[{"id":7854,"href":"https:\/\/www.noidiqua.it\/Montale\/wp-json\/wp\/v2\/posts\/1969\/revisions\/7854"}],"wp:attachment":[{"href":"https:\/\/www.noidiqua.it\/Montale\/wp-json\/wp\/v2\/media?parent=1969"}],"wp:term":[{"taxonomy":"category","embeddable":true,"href":"https:\/\/www.noidiqua.it\/Montale\/wp-json\/wp\/v2\/categories?post=1969"},{"taxonomy":"post_tag","embeddable":true,"href":"https:\/\/www.noidiqua.it\/Montale\/wp-json\/wp\/v2\/tags?post=1969"}],"curies":[{"name":"wp","href":"https:\/\/api.w.org\/{rel}","templated":true}]}}