{"id":2000,"date":"2012-11-09T14:55:14","date_gmt":"2012-11-09T14:55:14","guid":{"rendered":"https:\/\/www.noidiqua.it\/Montale\/?p=2000"},"modified":"2023-07-17T17:59:14","modified_gmt":"2023-07-17T15:59:14","slug":"parco-monumentale-di-fognano","status":"publish","type":"post","link":"https:\/\/www.noidiqua.it\/Montale\/parco-monumentale-di-fognano\/","title":{"rendered":"Parco monumentale di Fognano"},"content":{"rendered":"<p><em>di Marco Bagnoli Foto <a href=\"http:\/\/www.bellinigabriele.it\">Gabriele Bellini<\/a><br \/>\n<\/em><\/p>\n<p><em>dicembre <\/em><em>2012<\/em><\/p>\n<p><a href=\"https:\/\/www.noidiqua.it\/Montale\/wp-content\/uploads\/2012\/11\/parco-1.png\" rel=\"wp-prettyPhoto[2000]\"><img loading=\"lazy\" decoding=\"async\" class=\"aligncenter size-full wp-image-6051\" src=\"https:\/\/www.noidiqua.it\/Montale\/wp-content\/uploads\/2012\/11\/parco-1.png\" alt=\"\" width=\"489\" height=\"326\" srcset=\"https:\/\/www.noidiqua.it\/Montale\/wp-content\/uploads\/2012\/11\/parco-1.png 489w, https:\/\/www.noidiqua.it\/Montale\/wp-content\/uploads\/2012\/11\/parco-1-300x200.png 300w\" sizes=\"auto, (max-width: 489px) 100vw, 489px\" \/><\/a><\/p>\n<p style=\"text-align: justify;\">\u00c8 una delle maggiori attrattive artistiche che il territorio di Montale possa vantare, ancor pi\u00f9 importante in quanto opera moderna. Il suo autore, <strong>Jorio Vivarelli<\/strong>, nostro contemporaneo, anticipa la vocazione cosmopolita di cui stiamo adesso sperimentando una prima consapevolezza. Originario di<strong> Fognano<\/strong> e residente abituale della grande casa dell\u2019arte, che nel suo caso si estendeva da <strong>Firenze<\/strong> a <strong>Philadelphia<\/strong>, da <strong>Roma<\/strong> a <strong>Nagasaki<\/strong>. Muore il primo settembre di quattro anni fa, lasciandoci le essenze dure e ostinate scolpite nelle sue opere. Quella che abbiamo qua, <em>\u201cIl sacrificio \u00abuna morte per una vita\u00bb\u201d<\/em> riassume efficacemente la poetica perseguita dal maestro nel corso di tutta una vita, come il monumento in memoria di <strong>Giacomo Matteotti<\/strong><em> \u201cL\u2019idea, la morte\u201d<\/em>,<em> l\u2019\u201dInno alla Vita\u201d<\/em> per le vittime del conflitto atomico, o la fontana delle <em>\u201cRagazze toscane\u201d<\/em> che si trova negli Stati Uniti. Come dire, un grande rispetto per la vita, la morte, tutto quello che le muove e il resto che sta nel mezzo \u2013 ma in questo, critici pi\u00f9 competenti, si sono gi\u00e0 spesi.<\/p>\n<p style=\"text-align: justify;\">\u00c8 la primavera del 1985 quando il<strong> Comune di Montale<\/strong> richiede la collaborazione di Jorio Vivarelli per sviluppare il progetto del parco pubblico di Fognano: <em>\u201c\u00e8 una scultura-altare che porta, in una lama d\u2019acciaio, un atto di violenza\u201d<\/em>, ci spiega l\u2019autore; <em>\u201cla lama spezza un frutto di questa terra. Tutto sembrerebbe concluso nell\u2019immobilit\u00e0 della morte. Ma poco lontano uno splendente seme di quel frutto si fa largo tra la materia. Lo lambisce una fontana che nutre questa promessa di nuova vita. Gli ulivi attorno rappresentano la drammaticit\u00e0 della vita cos\u00ec come il fatto artistico rafforza il senso di appartenenza ai propri luoghi\u201d<\/em>.<em> \u201c(\u2026) ho sentito che qualcosa stava cambiando rapidamente\u2026 Il mondo stava cambiando\u2026 Stava cominciando ad andare in discesa a rotta di collo\u2026 senza freni\u2026 I grandi ricchi, i grandi poteri\u2026 e si arriva velocemente fino ai cannoni, agli aeroplani, alle bombe\u201d<\/em> ricorda ancora nel novembre del 2003; <em>\u201cin questa parte del mondo c\u2019\u00e8 troppa ricchezza, troppe macchine, troppi coltelli, troppe rivoltelle\u2026 (\u2026) Si autodistrugge minuto per minuto\u2026 (\u2026) e troppa gente che muore di fame\u2026 Con quello che si spende per fare un aeroplano si mantiene un popolo per un mese\u201d<\/em>.<\/p>\n<p><a href=\"https:\/\/www.noidiqua.it\/Montale\/wp-content\/uploads\/2012\/11\/parco-2.png\" rel=\"wp-prettyPhoto[2000]\"><img loading=\"lazy\" decoding=\"async\" class=\"aligncenter size-full wp-image-6052\" src=\"https:\/\/www.noidiqua.it\/Montale\/wp-content\/uploads\/2012\/11\/parco-2.png\" alt=\"\" width=\"488\" height=\"325\" srcset=\"https:\/\/www.noidiqua.it\/Montale\/wp-content\/uploads\/2012\/11\/parco-2.png 488w, https:\/\/www.noidiqua.it\/Montale\/wp-content\/uploads\/2012\/11\/parco-2-300x200.png 300w\" sizes=\"auto, (max-width: 488px) 100vw, 488px\" \/><\/a><\/p>\n<p style=\"text-align: justify;\">Situata all\u2019incrocio fra via Antonio Gramsci e via Carlo Marx, la realizzazione del <strong>Maestro<\/strong> Vivarelli tiene assieme la presenza cromatica del cotto imprunetino col marmo bianco e il grigio dell\u2019acciaio; \u00e8 un gioco di gradi e pareti, che al contempo separano ed accolgono. Il progetto, ultimato nel 1987, chiama in causa anche gli architetti Fabio Fortuzzi, Rolando Fede il geometra Riccardo Vivona; non meno importanti sono stati i contributi dell\u2019azienda agraria Chiavacci e dell\u2019impresa edile Pierattini, oltre alle istituzioni bancarie di <strong>Chiazzano<\/strong>, <strong>Pistoia<\/strong> e <strong>Pescia<\/strong>.<em> \u201cIl sacrificio \u00abuna morte per una vita\u00bb\u201d<\/em> \u00e8 il primo capitolo del ciclo <em>\u201cLe pietre dei saggi\u201d<\/em>, nelle parole di Vivarelli: <em>\u201c(\u2026) il pensiero ha bisogno di nuove forme per alludere a nuova vita. Ho messo insieme otto grandi sculture che parlano questa nuova lingua umana e artistica (\u2026)\u201d<\/em>.<\/p>","protected":false},"excerpt":{"rendered":"<p>di Marco Bagnoli Foto Gabriele Bellini dicembre 2012 \u00c8 una delle maggiori attrattive artistiche che il territorio di Montale possa vantare, ancor pi\u00f9 importante in quanto opera moderna. Il suo autore, Jorio Vivarelli, nostro contemporaneo, anticipa la vocazione cosmopolita di cui stiamo adesso sperimentando una prima consapevolezza. Originario di Fognano e residente abituale della [&hellip;]<\/p>","protected":false},"author":3,"featured_media":0,"comment_status":"open","ping_status":"open","sticky":false,"template":"","format":"standard","meta":{"footnotes":""},"categories":[7,18],"tags":[89,91,995,109,154],"class_list":["post-2000","post","type-post","status-publish","format-standard","hentry","category-mt","category-territorio-qt","tag-i-brevi-di-noidiqua","tag-il-montalese","tag-mt","tag-montalese","tag-territorio"],"yoast_head":"<!-- This site is optimized with the Yoast SEO plugin v25.5 - https:\/\/yoast.com\/wordpress\/plugins\/seo\/ -->\n<title>Parco monumentale di Fognano - Noi di Qua Testata giornalistica e di attualit\u00e0 di Agliana, Montale e Quarrata.<\/title>\n<meta name=\"robots\" content=\"index, follow, max-snippet:-1, max-image-preview:large, max-video-preview:-1\" \/>\n<link rel=\"canonical\" href=\"https:\/\/www.noidiqua.it\/Montale\/parco-monumentale-di-fognano\/\" \/>\n<meta property=\"og:locale\" content=\"it_IT\" \/>\n<meta property=\"og:type\" content=\"article\" \/>\n<meta property=\"og:title\" content=\"Parco monumentale di Fognano - Noi di Qua Testata giornalistica e di attualit\u00e0 di Agliana, Montale e Quarrata.\" \/>\n<meta property=\"og:description\" content=\"di Marco Bagnoli Foto Gabriele Bellini dicembre 2012 \u00c8 una delle maggiori attrattive artistiche che il territorio di Montale possa vantare, ancor pi\u00f9 importante in quanto opera moderna. Il suo autore, Jorio Vivarelli, nostro contemporaneo, anticipa la vocazione cosmopolita di cui stiamo adesso sperimentando una prima consapevolezza. Originario di Fognano e residente abituale della [&hellip;]\" \/>\n<meta property=\"og:url\" content=\"https:\/\/www.noidiqua.it\/Montale\/parco-monumentale-di-fognano\/\" \/>\n<meta property=\"og:site_name\" content=\"Noi di Qua Testata giornalistica e di attualit\u00e0 di Agliana, Montale e Quarrata.\" \/>\n<meta property=\"article:publisher\" content=\"https:\/\/www.facebook.com\/noidiqua.trimestrale\/\" \/>\n<meta property=\"article:published_time\" content=\"2012-11-09T14:55:14+00:00\" \/>\n<meta property=\"article:modified_time\" content=\"2023-07-17T15:59:14+00:00\" \/>\n<meta property=\"og:image\" content=\"https:\/\/www.noidiqua.it\/Montale\/wp-content\/uploads\/2012\/11\/parco-1.png\" \/>\n<meta name=\"author\" content=\"Marco Bagnoli\" \/>\n<meta name=\"twitter:label1\" content=\"Scritto da\" \/>\n\t<meta name=\"twitter:data1\" content=\"Marco Bagnoli\" \/>\n\t<meta name=\"twitter:label2\" content=\"Tempo di lettura stimato\" \/>\n\t<meta name=\"twitter:data2\" content=\"3 minuti\" \/>\n<script type=\"application\/ld+json\" class=\"yoast-schema-graph\">{\"@context\":\"https:\/\/schema.org\",\"@graph\":[{\"@type\":\"WebPage\",\"@id\":\"https:\/\/www.noidiqua.it\/Montale\/parco-monumentale-di-fognano\/\",\"url\":\"https:\/\/www.noidiqua.it\/Montale\/parco-monumentale-di-fognano\/\",\"name\":\"Parco monumentale di Fognano - Noi di Qua Testata giornalistica e di attualit\u00e0 di Agliana, Montale e Quarrata.\",\"isPartOf\":{\"@id\":\"https:\/\/www.noidiqua.it\/Montale\/#website\"},\"primaryImageOfPage\":{\"@id\":\"https:\/\/www.noidiqua.it\/Montale\/parco-monumentale-di-fognano\/#primaryimage\"},\"image\":{\"@id\":\"https:\/\/www.noidiqua.it\/Montale\/parco-monumentale-di-fognano\/#primaryimage\"},\"thumbnailUrl\":\"https:\/\/www.noidiqua.it\/Montale\/wp-content\/uploads\/2012\/11\/parco-1.png\",\"datePublished\":\"2012-11-09T14:55:14+00:00\",\"dateModified\":\"2023-07-17T15:59:14+00:00\",\"author\":{\"@id\":\"https:\/\/www.noidiqua.it\/Montale\/#\/schema\/person\/4e183cb0c6d7951e716a876aa702e1a2\"},\"breadcrumb\":{\"@id\":\"https:\/\/www.noidiqua.it\/Montale\/parco-monumentale-di-fognano\/#breadcrumb\"},\"inLanguage\":\"it-IT\",\"potentialAction\":[{\"@type\":\"ReadAction\",\"target\":[\"https:\/\/www.noidiqua.it\/Montale\/parco-monumentale-di-fognano\/\"]}]},{\"@type\":\"ImageObject\",\"inLanguage\":\"it-IT\",\"@id\":\"https:\/\/www.noidiqua.it\/Montale\/parco-monumentale-di-fognano\/#primaryimage\",\"url\":\"https:\/\/www.noidiqua.it\/Montale\/wp-content\/uploads\/2012\/11\/parco-1.png\",\"contentUrl\":\"https:\/\/www.noidiqua.it\/Montale\/wp-content\/uploads\/2012\/11\/parco-1.png\",\"width\":489,\"height\":326},{\"@type\":\"BreadcrumbList\",\"@id\":\"https:\/\/www.noidiqua.it\/Montale\/parco-monumentale-di-fognano\/#breadcrumb\",\"itemListElement\":[{\"@type\":\"ListItem\",\"position\":1,\"name\":\"Home\",\"item\":\"https:\/\/www.noidiqua.it\/Montale\/\"},{\"@type\":\"ListItem\",\"position\":2,\"name\":\"Parco monumentale di Fognano\"}]},{\"@type\":\"WebSite\",\"@id\":\"https:\/\/www.noidiqua.it\/Montale\/#website\",\"url\":\"https:\/\/www.noidiqua.it\/Montale\/\",\"name\":\"Noi di Qua Testata giornalistica e di attualit\u00e0 di Agliana, Montale e Quarrata.\",\"description\":\"Testata Giornalistica Quarrata Montale Agliana\",\"potentialAction\":[{\"@type\":\"SearchAction\",\"target\":{\"@type\":\"EntryPoint\",\"urlTemplate\":\"https:\/\/www.noidiqua.it\/Montale\/?s={search_term_string}\"},\"query-input\":{\"@type\":\"PropertyValueSpecification\",\"valueRequired\":true,\"valueName\":\"search_term_string\"}}],\"inLanguage\":\"it-IT\"},{\"@type\":\"Person\",\"@id\":\"https:\/\/www.noidiqua.it\/Montale\/#\/schema\/person\/4e183cb0c6d7951e716a876aa702e1a2\",\"name\":\"Marco Bagnoli\",\"image\":{\"@type\":\"ImageObject\",\"inLanguage\":\"it-IT\",\"@id\":\"https:\/\/www.noidiqua.it\/Montale\/#\/schema\/person\/image\/\",\"url\":\"https:\/\/secure.gravatar.com\/avatar\/73ace53724c50db9c48af54756f17b7cdb015a9d8d2c08c7e04e480539a94eee?s=96&d=mm&r=g\",\"contentUrl\":\"https:\/\/secure.gravatar.com\/avatar\/73ace53724c50db9c48af54756f17b7cdb015a9d8d2c08c7e04e480539a94eee?s=96&d=mm&r=g\",\"caption\":\"Marco Bagnoli\"},\"url\":\"https:\/\/www.noidiqua.it\/Montale\/author\/marco-bagnoli\/\"}]}<\/script>\n<!-- \/ Yoast SEO plugin. -->","yoast_head_json":{"title":"Parco monumentale di Fognano - Noi di Qua Testata giornalistica e di attualit\u00e0 di Agliana, Montale e Quarrata.","robots":{"index":"index","follow":"follow","max-snippet":"max-snippet:-1","max-image-preview":"max-image-preview:large","max-video-preview":"max-video-preview:-1"},"canonical":"https:\/\/www.noidiqua.it\/Montale\/parco-monumentale-di-fognano\/","og_locale":"it_IT","og_type":"article","og_title":"Parco monumentale di Fognano - Noi di Qua Testata giornalistica e di attualit\u00e0 di Agliana, Montale e Quarrata.","og_description":"di Marco Bagnoli Foto Gabriele Bellini dicembre 2012 \u00c8 una delle maggiori attrattive artistiche che il territorio di Montale possa vantare, ancor pi\u00f9 importante in quanto opera moderna. Il suo autore, Jorio Vivarelli, nostro contemporaneo, anticipa la vocazione cosmopolita di cui stiamo adesso sperimentando una prima consapevolezza. Originario di Fognano e residente abituale della [&hellip;]","og_url":"https:\/\/www.noidiqua.it\/Montale\/parco-monumentale-di-fognano\/","og_site_name":"Noi di Qua Testata giornalistica e di attualit\u00e0 di Agliana, Montale e Quarrata.","article_publisher":"https:\/\/www.facebook.com\/noidiqua.trimestrale\/","article_published_time":"2012-11-09T14:55:14+00:00","article_modified_time":"2023-07-17T15:59:14+00:00","og_image":[{"url":"https:\/\/www.noidiqua.it\/Montale\/wp-content\/uploads\/2012\/11\/parco-1.png","type":"","width":"","height":""}],"author":"Marco Bagnoli","twitter_misc":{"Scritto da":"Marco Bagnoli","Tempo di lettura stimato":"3 minuti"},"schema":{"@context":"https:\/\/schema.org","@graph":[{"@type":"WebPage","@id":"https:\/\/www.noidiqua.it\/Montale\/parco-monumentale-di-fognano\/","url":"https:\/\/www.noidiqua.it\/Montale\/parco-monumentale-di-fognano\/","name":"Parco monumentale di Fognano - Noi di Qua Testata giornalistica e di attualit\u00e0 di Agliana, Montale e Quarrata.","isPartOf":{"@id":"https:\/\/www.noidiqua.it\/Montale\/#website"},"primaryImageOfPage":{"@id":"https:\/\/www.noidiqua.it\/Montale\/parco-monumentale-di-fognano\/#primaryimage"},"image":{"@id":"https:\/\/www.noidiqua.it\/Montale\/parco-monumentale-di-fognano\/#primaryimage"},"thumbnailUrl":"https:\/\/www.noidiqua.it\/Montale\/wp-content\/uploads\/2012\/11\/parco-1.png","datePublished":"2012-11-09T14:55:14+00:00","dateModified":"2023-07-17T15:59:14+00:00","author":{"@id":"https:\/\/www.noidiqua.it\/Montale\/#\/schema\/person\/4e183cb0c6d7951e716a876aa702e1a2"},"breadcrumb":{"@id":"https:\/\/www.noidiqua.it\/Montale\/parco-monumentale-di-fognano\/#breadcrumb"},"inLanguage":"it-IT","potentialAction":[{"@type":"ReadAction","target":["https:\/\/www.noidiqua.it\/Montale\/parco-monumentale-di-fognano\/"]}]},{"@type":"ImageObject","inLanguage":"it-IT","@id":"https:\/\/www.noidiqua.it\/Montale\/parco-monumentale-di-fognano\/#primaryimage","url":"https:\/\/www.noidiqua.it\/Montale\/wp-content\/uploads\/2012\/11\/parco-1.png","contentUrl":"https:\/\/www.noidiqua.it\/Montale\/wp-content\/uploads\/2012\/11\/parco-1.png","width":489,"height":326},{"@type":"BreadcrumbList","@id":"https:\/\/www.noidiqua.it\/Montale\/parco-monumentale-di-fognano\/#breadcrumb","itemListElement":[{"@type":"ListItem","position":1,"name":"Home","item":"https:\/\/www.noidiqua.it\/Montale\/"},{"@type":"ListItem","position":2,"name":"Parco monumentale di Fognano"}]},{"@type":"WebSite","@id":"https:\/\/www.noidiqua.it\/Montale\/#website","url":"https:\/\/www.noidiqua.it\/Montale\/","name":"Noi di Qua Testata giornalistica e di attualit\u00e0 di Agliana, Montale e Quarrata.","description":"Testata Giornalistica Quarrata Montale Agliana","potentialAction":[{"@type":"SearchAction","target":{"@type":"EntryPoint","urlTemplate":"https:\/\/www.noidiqua.it\/Montale\/?s={search_term_string}"},"query-input":{"@type":"PropertyValueSpecification","valueRequired":true,"valueName":"search_term_string"}}],"inLanguage":"it-IT"},{"@type":"Person","@id":"https:\/\/www.noidiqua.it\/Montale\/#\/schema\/person\/4e183cb0c6d7951e716a876aa702e1a2","name":"Marco Bagnoli","image":{"@type":"ImageObject","inLanguage":"it-IT","@id":"https:\/\/www.noidiqua.it\/Montale\/#\/schema\/person\/image\/","url":"https:\/\/secure.gravatar.com\/avatar\/73ace53724c50db9c48af54756f17b7cdb015a9d8d2c08c7e04e480539a94eee?s=96&d=mm&r=g","contentUrl":"https:\/\/secure.gravatar.com\/avatar\/73ace53724c50db9c48af54756f17b7cdb015a9d8d2c08c7e04e480539a94eee?s=96&d=mm&r=g","caption":"Marco Bagnoli"},"url":"https:\/\/www.noidiqua.it\/Montale\/author\/marco-bagnoli\/"}]}},"_links":{"self":[{"href":"https:\/\/www.noidiqua.it\/Montale\/wp-json\/wp\/v2\/posts\/2000","targetHints":{"allow":["GET"]}}],"collection":[{"href":"https:\/\/www.noidiqua.it\/Montale\/wp-json\/wp\/v2\/posts"}],"about":[{"href":"https:\/\/www.noidiqua.it\/Montale\/wp-json\/wp\/v2\/types\/post"}],"author":[{"embeddable":true,"href":"https:\/\/www.noidiqua.it\/Montale\/wp-json\/wp\/v2\/users\/3"}],"replies":[{"embeddable":true,"href":"https:\/\/www.noidiqua.it\/Montale\/wp-json\/wp\/v2\/comments?post=2000"}],"version-history":[{"count":5,"href":"https:\/\/www.noidiqua.it\/Montale\/wp-json\/wp\/v2\/posts\/2000\/revisions"}],"predecessor-version":[{"id":8083,"href":"https:\/\/www.noidiqua.it\/Montale\/wp-json\/wp\/v2\/posts\/2000\/revisions\/8083"}],"wp:attachment":[{"href":"https:\/\/www.noidiqua.it\/Montale\/wp-json\/wp\/v2\/media?parent=2000"}],"wp:term":[{"taxonomy":"category","embeddable":true,"href":"https:\/\/www.noidiqua.it\/Montale\/wp-json\/wp\/v2\/categories?post=2000"},{"taxonomy":"post_tag","embeddable":true,"href":"https:\/\/www.noidiqua.it\/Montale\/wp-json\/wp\/v2\/tags?post=2000"}],"curies":[{"name":"wp","href":"https:\/\/api.w.org\/{rel}","templated":true}]}}