{"id":2103,"date":"2013-02-06T14:42:52","date_gmt":"2013-02-06T14:42:52","guid":{"rendered":"https:\/\/www.noidiqua.it\/Montale\/?p=2103"},"modified":"2023-02-06T09:31:18","modified_gmt":"2023-02-06T08:31:18","slug":"appunti-di-redazione-6","status":"publish","type":"post","link":"https:\/\/www.noidiqua.it\/Montale\/appunti-di-redazione-6\/","title":{"rendered":"Appunti di redazione"},"content":{"rendered":"<p style=\"text-align: justify;\"><em>di Giacomo Bini<br \/>\n<\/em><\/p>\n<p style=\"text-align: justify;\"><em>Febbraio <\/em><em>2013<\/em><\/p>\n<p><a href=\"https:\/\/www.noidiqua.it\/Montale\/wp-content\/uploads\/2018\/03\/Logo-Noidiqua.png\" rel=\"wp-prettyPhoto[2103]\"><img loading=\"lazy\" decoding=\"async\" class=\"aligncenter size-full wp-image-6511\" src=\"https:\/\/www.noidiqua.it\/Montale\/wp-content\/uploads\/2018\/03\/Logo-Noidiqua.png\" alt=\"\" width=\"488\" height=\"344\" srcset=\"https:\/\/www.noidiqua.it\/Montale\/wp-content\/uploads\/2018\/03\/Logo-Noidiqua.png 488w, https:\/\/www.noidiqua.it\/Montale\/wp-content\/uploads\/2018\/03\/Logo-Noidiqua-300x211.png 300w\" sizes=\"auto, (max-width: 488px) 100vw, 488px\" \/><\/a><\/p>\n<p style=\"text-align: justify;\">\n<p style=\"text-align: justify;\">Innanzitutto, da parte di tutta la redazione di Noidiqua, Buon Compleanno a tutti gli aglianesi che festeggiano il centesimo anniversario della nascita del loro Comune, avvenuta nel 1913 in seguito al distacco amministrativo del territorio di Agliana da quello di Montale. A tale importante anniversario \u00e8 giusto che partecipino, con il loro sincero augurio, anche i cittadini dei comuni vicini, in particolare Montale, Quarrata e Montemurlo.\u00a0Le ricorrenze per\u00f2 non devono solo rafforzare in una comunit\u00e0 il senso delle sue radici, ma anche offrire l\u2019occasione per riflettere sul loro futuro. E cercando di guardare in avanti, non \u00e8 difficile individuare una tendenza ineludibile: i quattro territori di Montale, Agliana, Quarrata e Montemurlo, che vengono da storie diverse, sono destinati ad integrarsi sempre di pi\u00f9 al di l\u00e0 dei campanile e dei municipi. Non perderanno certo la loro identit\u00e0 ma si avvicineranno sempre pi\u00f9 fin a rendere sempre meno marcati i loro confini. Del resto basta guardare una foto aerea per rendersi conto che quest\u2019area di oltre 70 mila abitanti \u00e8 ormai una realt\u00e0 urbanistica sostanzialmente unitaria, dall\u2019Appennino al Montalbano, con caratteristiche e problemi del tutto simili.<\/p>\n<p style=\"text-align: justify;\">Questa verit\u00e0, in apparenza cos\u00ec evidente e perfino ovvia, non si riflette per\u00f2, almeno non sempre, nelle scelte amministrative e nei servizi pubblici. Succede per esempio che le aliquote dell\u2019Imu o la tariffa dei rifiuti, dell\u2019asilo nido o della mensa scolastica, siano diverse, talvolta in modo sensibile, da un comune all\u2019altro, cosicch\u00e9 le aziende e le famiglie si trovano ad essere sottoposte a trattamenti fiscali o tariffari differenziati pur essendo distanti pochi chilometri e soprattutto pochi minuti di automobile le une dalle altre. E questo vale anche per le regole urbanistiche, la cui difformit\u00e0 da un comune all\u2019altro, non \u00e8 sempre giustificata dalla necessit\u00e0 di adeguarsi a conformazioni geografiche e paesaggistiche diverse.<strong> In sostanza succede che i diritti e i doveri per i cittadini cambiano a seconda che si viva di qua o di l\u00e0 dall\u2019Agna, a nord o a sud della Bure o dell\u2019Ombrone<\/strong>. Anche in un settore dove la collaborazione tra le amministrazioni \u00e8 pi\u00f9 stretta, come nella gestione dei rifiuti, si registra che la raccolta differenziata \u00e8 avviata in tempi diversi e con modalit\u00e0 diversificate perfino nei tre comuni della piana proprietari del Cis. La bottiglia di vetro si porta nella campana o si raccoglie porta a porta a seconda del Comune di appartenenza. Se c\u2019\u00e8 una cosa che non conosce confini \u00e8 l\u2019aria che respiriamo eppure sul problema dell\u2019inquinamento dell\u2019aria da PM10, registrato inesorabilmente dalla centralina di Stazione a Montale, manca ancora una convinta strategia comune per capire l\u2019origine delle fonti inquinanti e le soluzioni da adottare. Esiste un protocollo provinciale in materia ma ancora non c\u2019\u00e8 un\u2019effettiva conformit\u00e0 di azione.<\/p>\n<p style=\"text-align: justify;\"><strong>Ma il punto maggiormente dolente \u00e8 quello della viabilit\u00e0 e dei servizi di trasporto pubblico. La stazione ferroviaria di Montale-Agliana, che serve anche i cittadini di Montemurlo e di Quarrata, \u00e8 forse l\u2019unica al mondo priva di collegamenti con mezzi pubblici con i centri vicini e perfino con il centro di Montale che dista tre chilometri. Chi scende dal treno non ha altre possibilit\u00e0 che andare a piedi o chiedere un passaggio<\/strong>. L\u2019autobus del Copit che transita da Montale a Quarrata passa poche volte al giorno e un utente della ferrovia non ci pu\u00f2 contare. I quattro comuni si sono messi insieme, anche con i comuni di Prato e Pistoia, per realizzare lo snodo viario intorno al casello autostradale di Prato-Ovest, ma i lavori, che pure sono in corso, procedono con grande lentezza e al momento n\u00e9 Quarrata n\u00e9 Montale sono degnamente collegati all\u2019autostrada. Le quattro amministrazioni dovrebbero incentivare maggiormente la collaborazione, anche per cercare forme di risparmio nei costi amministrativi. E\u2019 vero che \u00e8 pi\u00f9 facile a dirsi che a farsi, ma la via da seguire \u00e8 quella. E anche il ricordo del passato pu\u00f2 incoraggiare perch\u00e9 nel 1403, quando Firenze pretese un esborso fiscale supplementare da parte del territorio pistoiese, mentre la citt\u00e0 fu possibilista, il contado, cio\u00e8 le podesterie di Montale, che comprendeva anche la Lega di Agliana e di Tizzana, si opposero vivacemente inducendo i funzionari fiorentini a pi\u00f9 miti consigli.<\/p>","protected":false},"excerpt":{"rendered":"<p>di Giacomo Bini Febbraio 2013 Innanzitutto, da parte di tutta la redazione di Noidiqua, Buon Compleanno a tutti gli aglianesi che festeggiano il centesimo anniversario della nascita del loro Comune, avvenuta nel 1913 in seguito al distacco amministrativo del territorio di Agliana da quello di Montale. A tale importante anniversario \u00e8 giusto che partecipino, [&hellip;]<\/p>","protected":false},"author":12,"featured_media":0,"comment_status":"open","ping_status":"open","sticky":false,"template":"","format":"standard","meta":{"footnotes":""},"categories":[14],"tags":[91,995,109,113,114,126],"class_list":["post-2103","post","type-post","status-publish","format-standard","hentry","category-appuntired","tag-il-montalese","tag-mt","tag-montalese","tag-noidiqua","tag-noidiqua-il-montalese","tag-redazionale"],"yoast_head":"<!-- This site is optimized with the Yoast SEO plugin v25.5 - https:\/\/yoast.com\/wordpress\/plugins\/seo\/ -->\n<title>Appunti di redazione - Noi di Qua Testata giornalistica e di attualit\u00e0 di Agliana, Montale e Quarrata.<\/title>\n<meta name=\"robots\" content=\"index, follow, max-snippet:-1, max-image-preview:large, max-video-preview:-1\" \/>\n<link rel=\"canonical\" href=\"https:\/\/www.noidiqua.it\/Montale\/appunti-di-redazione-6\/\" \/>\n<meta property=\"og:locale\" content=\"it_IT\" \/>\n<meta property=\"og:type\" content=\"article\" \/>\n<meta property=\"og:title\" content=\"Appunti di redazione - Noi di Qua Testata giornalistica e di attualit\u00e0 di Agliana, Montale e Quarrata.\" \/>\n<meta property=\"og:description\" content=\"di Giacomo Bini Febbraio 2013 Innanzitutto, da parte di tutta la redazione di Noidiqua, Buon Compleanno a tutti gli aglianesi che festeggiano il centesimo anniversario della nascita del loro Comune, avvenuta nel 1913 in seguito al distacco amministrativo del territorio di Agliana da quello di Montale. A tale importante anniversario \u00e8 giusto che partecipino, [&hellip;]\" \/>\n<meta property=\"og:url\" content=\"https:\/\/www.noidiqua.it\/Montale\/appunti-di-redazione-6\/\" \/>\n<meta property=\"og:site_name\" content=\"Noi di Qua Testata giornalistica e di attualit\u00e0 di Agliana, Montale e Quarrata.\" \/>\n<meta property=\"article:publisher\" content=\"https:\/\/www.facebook.com\/noidiqua.trimestrale\/\" \/>\n<meta property=\"article:published_time\" content=\"2013-02-06T14:42:52+00:00\" \/>\n<meta property=\"article:modified_time\" content=\"2023-02-06T08:31:18+00:00\" \/>\n<meta property=\"og:image\" content=\"https:\/\/www.noidiqua.it\/Montale\/wp-content\/uploads\/2018\/03\/Logo-Noidiqua.png\" \/>\n<meta name=\"author\" content=\"Giacomo Bini\" \/>\n<meta name=\"twitter:label1\" content=\"Scritto da\" \/>\n\t<meta name=\"twitter:data1\" content=\"Giacomo Bini\" \/>\n\t<meta name=\"twitter:label2\" content=\"Tempo di lettura stimato\" \/>\n\t<meta name=\"twitter:data2\" content=\"4 minuti\" \/>\n<script type=\"application\/ld+json\" class=\"yoast-schema-graph\">{\"@context\":\"https:\/\/schema.org\",\"@graph\":[{\"@type\":\"WebPage\",\"@id\":\"https:\/\/www.noidiqua.it\/Montale\/appunti-di-redazione-6\/\",\"url\":\"https:\/\/www.noidiqua.it\/Montale\/appunti-di-redazione-6\/\",\"name\":\"Appunti di redazione - Noi di Qua Testata giornalistica e di attualit\u00e0 di Agliana, Montale e Quarrata.\",\"isPartOf\":{\"@id\":\"https:\/\/www.noidiqua.it\/Montale\/#website\"},\"primaryImageOfPage\":{\"@id\":\"https:\/\/www.noidiqua.it\/Montale\/appunti-di-redazione-6\/#primaryimage\"},\"image\":{\"@id\":\"https:\/\/www.noidiqua.it\/Montale\/appunti-di-redazione-6\/#primaryimage\"},\"thumbnailUrl\":\"https:\/\/www.noidiqua.it\/Montale\/wp-content\/uploads\/2018\/03\/Logo-Noidiqua.png\",\"datePublished\":\"2013-02-06T14:42:52+00:00\",\"dateModified\":\"2023-02-06T08:31:18+00:00\",\"author\":{\"@id\":\"https:\/\/www.noidiqua.it\/Montale\/#\/schema\/person\/e2e6f44da50af0dae9c90ad168e471a4\"},\"breadcrumb\":{\"@id\":\"https:\/\/www.noidiqua.it\/Montale\/appunti-di-redazione-6\/#breadcrumb\"},\"inLanguage\":\"it-IT\",\"potentialAction\":[{\"@type\":\"ReadAction\",\"target\":[\"https:\/\/www.noidiqua.it\/Montale\/appunti-di-redazione-6\/\"]}]},{\"@type\":\"ImageObject\",\"inLanguage\":\"it-IT\",\"@id\":\"https:\/\/www.noidiqua.it\/Montale\/appunti-di-redazione-6\/#primaryimage\",\"url\":\"https:\/\/www.noidiqua.it\/Montale\/wp-content\/uploads\/2018\/03\/Logo-Noidiqua.png\",\"contentUrl\":\"https:\/\/www.noidiqua.it\/Montale\/wp-content\/uploads\/2018\/03\/Logo-Noidiqua.png\",\"width\":488,\"height\":344},{\"@type\":\"BreadcrumbList\",\"@id\":\"https:\/\/www.noidiqua.it\/Montale\/appunti-di-redazione-6\/#breadcrumb\",\"itemListElement\":[{\"@type\":\"ListItem\",\"position\":1,\"name\":\"Home\",\"item\":\"https:\/\/www.noidiqua.it\/Montale\/\"},{\"@type\":\"ListItem\",\"position\":2,\"name\":\"Appunti di redazione\"}]},{\"@type\":\"WebSite\",\"@id\":\"https:\/\/www.noidiqua.it\/Montale\/#website\",\"url\":\"https:\/\/www.noidiqua.it\/Montale\/\",\"name\":\"Noi di Qua Testata giornalistica e di attualit\u00e0 di Agliana, Montale e Quarrata.\",\"description\":\"Testata Giornalistica Quarrata Montale Agliana\",\"potentialAction\":[{\"@type\":\"SearchAction\",\"target\":{\"@type\":\"EntryPoint\",\"urlTemplate\":\"https:\/\/www.noidiqua.it\/Montale\/?s={search_term_string}\"},\"query-input\":{\"@type\":\"PropertyValueSpecification\",\"valueRequired\":true,\"valueName\":\"search_term_string\"}}],\"inLanguage\":\"it-IT\"},{\"@type\":\"Person\",\"@id\":\"https:\/\/www.noidiqua.it\/Montale\/#\/schema\/person\/e2e6f44da50af0dae9c90ad168e471a4\",\"name\":\"Giacomo Bini\",\"image\":{\"@type\":\"ImageObject\",\"inLanguage\":\"it-IT\",\"@id\":\"https:\/\/www.noidiqua.it\/Montale\/#\/schema\/person\/image\/\",\"url\":\"https:\/\/secure.gravatar.com\/avatar\/e5c18ae41df5ae37397358f2c6046696187d51a120c5d0b8f0c49f7b606f46f4?s=96&d=mm&r=g\",\"contentUrl\":\"https:\/\/secure.gravatar.com\/avatar\/e5c18ae41df5ae37397358f2c6046696187d51a120c5d0b8f0c49f7b606f46f4?s=96&d=mm&r=g\",\"caption\":\"Giacomo Bini\"},\"url\":\"https:\/\/www.noidiqua.it\/Montale\/author\/giacomo-bini\/\"}]}<\/script>\n<!-- \/ Yoast SEO plugin. -->","yoast_head_json":{"title":"Appunti di redazione - Noi di Qua Testata giornalistica e di attualit\u00e0 di Agliana, Montale e Quarrata.","robots":{"index":"index","follow":"follow","max-snippet":"max-snippet:-1","max-image-preview":"max-image-preview:large","max-video-preview":"max-video-preview:-1"},"canonical":"https:\/\/www.noidiqua.it\/Montale\/appunti-di-redazione-6\/","og_locale":"it_IT","og_type":"article","og_title":"Appunti di redazione - Noi di Qua Testata giornalistica e di attualit\u00e0 di Agliana, Montale e Quarrata.","og_description":"di Giacomo Bini Febbraio 2013 Innanzitutto, da parte di tutta la redazione di Noidiqua, Buon Compleanno a tutti gli aglianesi che festeggiano il centesimo anniversario della nascita del loro Comune, avvenuta nel 1913 in seguito al distacco amministrativo del territorio di Agliana da quello di Montale. A tale importante anniversario \u00e8 giusto che partecipino, [&hellip;]","og_url":"https:\/\/www.noidiqua.it\/Montale\/appunti-di-redazione-6\/","og_site_name":"Noi di Qua Testata giornalistica e di attualit\u00e0 di Agliana, Montale e Quarrata.","article_publisher":"https:\/\/www.facebook.com\/noidiqua.trimestrale\/","article_published_time":"2013-02-06T14:42:52+00:00","article_modified_time":"2023-02-06T08:31:18+00:00","og_image":[{"url":"https:\/\/www.noidiqua.it\/Montale\/wp-content\/uploads\/2018\/03\/Logo-Noidiqua.png","type":"","width":"","height":""}],"author":"Giacomo Bini","twitter_misc":{"Scritto da":"Giacomo Bini","Tempo di lettura stimato":"4 minuti"},"schema":{"@context":"https:\/\/schema.org","@graph":[{"@type":"WebPage","@id":"https:\/\/www.noidiqua.it\/Montale\/appunti-di-redazione-6\/","url":"https:\/\/www.noidiqua.it\/Montale\/appunti-di-redazione-6\/","name":"Appunti di redazione - Noi di Qua Testata giornalistica e di attualit\u00e0 di Agliana, Montale e Quarrata.","isPartOf":{"@id":"https:\/\/www.noidiqua.it\/Montale\/#website"},"primaryImageOfPage":{"@id":"https:\/\/www.noidiqua.it\/Montale\/appunti-di-redazione-6\/#primaryimage"},"image":{"@id":"https:\/\/www.noidiqua.it\/Montale\/appunti-di-redazione-6\/#primaryimage"},"thumbnailUrl":"https:\/\/www.noidiqua.it\/Montale\/wp-content\/uploads\/2018\/03\/Logo-Noidiqua.png","datePublished":"2013-02-06T14:42:52+00:00","dateModified":"2023-02-06T08:31:18+00:00","author":{"@id":"https:\/\/www.noidiqua.it\/Montale\/#\/schema\/person\/e2e6f44da50af0dae9c90ad168e471a4"},"breadcrumb":{"@id":"https:\/\/www.noidiqua.it\/Montale\/appunti-di-redazione-6\/#breadcrumb"},"inLanguage":"it-IT","potentialAction":[{"@type":"ReadAction","target":["https:\/\/www.noidiqua.it\/Montale\/appunti-di-redazione-6\/"]}]},{"@type":"ImageObject","inLanguage":"it-IT","@id":"https:\/\/www.noidiqua.it\/Montale\/appunti-di-redazione-6\/#primaryimage","url":"https:\/\/www.noidiqua.it\/Montale\/wp-content\/uploads\/2018\/03\/Logo-Noidiqua.png","contentUrl":"https:\/\/www.noidiqua.it\/Montale\/wp-content\/uploads\/2018\/03\/Logo-Noidiqua.png","width":488,"height":344},{"@type":"BreadcrumbList","@id":"https:\/\/www.noidiqua.it\/Montale\/appunti-di-redazione-6\/#breadcrumb","itemListElement":[{"@type":"ListItem","position":1,"name":"Home","item":"https:\/\/www.noidiqua.it\/Montale\/"},{"@type":"ListItem","position":2,"name":"Appunti di redazione"}]},{"@type":"WebSite","@id":"https:\/\/www.noidiqua.it\/Montale\/#website","url":"https:\/\/www.noidiqua.it\/Montale\/","name":"Noi di Qua Testata giornalistica e di attualit\u00e0 di Agliana, Montale e Quarrata.","description":"Testata Giornalistica Quarrata Montale Agliana","potentialAction":[{"@type":"SearchAction","target":{"@type":"EntryPoint","urlTemplate":"https:\/\/www.noidiqua.it\/Montale\/?s={search_term_string}"},"query-input":{"@type":"PropertyValueSpecification","valueRequired":true,"valueName":"search_term_string"}}],"inLanguage":"it-IT"},{"@type":"Person","@id":"https:\/\/www.noidiqua.it\/Montale\/#\/schema\/person\/e2e6f44da50af0dae9c90ad168e471a4","name":"Giacomo Bini","image":{"@type":"ImageObject","inLanguage":"it-IT","@id":"https:\/\/www.noidiqua.it\/Montale\/#\/schema\/person\/image\/","url":"https:\/\/secure.gravatar.com\/avatar\/e5c18ae41df5ae37397358f2c6046696187d51a120c5d0b8f0c49f7b606f46f4?s=96&d=mm&r=g","contentUrl":"https:\/\/secure.gravatar.com\/avatar\/e5c18ae41df5ae37397358f2c6046696187d51a120c5d0b8f0c49f7b606f46f4?s=96&d=mm&r=g","caption":"Giacomo Bini"},"url":"https:\/\/www.noidiqua.it\/Montale\/author\/giacomo-bini\/"}]}},"_links":{"self":[{"href":"https:\/\/www.noidiqua.it\/Montale\/wp-json\/wp\/v2\/posts\/2103","targetHints":{"allow":["GET"]}}],"collection":[{"href":"https:\/\/www.noidiqua.it\/Montale\/wp-json\/wp\/v2\/posts"}],"about":[{"href":"https:\/\/www.noidiqua.it\/Montale\/wp-json\/wp\/v2\/types\/post"}],"author":[{"embeddable":true,"href":"https:\/\/www.noidiqua.it\/Montale\/wp-json\/wp\/v2\/users\/12"}],"replies":[{"embeddable":true,"href":"https:\/\/www.noidiqua.it\/Montale\/wp-json\/wp\/v2\/comments?post=2103"}],"version-history":[{"count":3,"href":"https:\/\/www.noidiqua.it\/Montale\/wp-json\/wp\/v2\/posts\/2103\/revisions"}],"predecessor-version":[{"id":7800,"href":"https:\/\/www.noidiqua.it\/Montale\/wp-json\/wp\/v2\/posts\/2103\/revisions\/7800"}],"wp:attachment":[{"href":"https:\/\/www.noidiqua.it\/Montale\/wp-json\/wp\/v2\/media?parent=2103"}],"wp:term":[{"taxonomy":"category","embeddable":true,"href":"https:\/\/www.noidiqua.it\/Montale\/wp-json\/wp\/v2\/categories?post=2103"},{"taxonomy":"post_tag","embeddable":true,"href":"https:\/\/www.noidiqua.it\/Montale\/wp-json\/wp\/v2\/tags?post=2103"}],"curies":[{"name":"wp","href":"https:\/\/api.w.org\/{rel}","templated":true}]}}