{"id":2119,"date":"2013-02-06T15:19:01","date_gmt":"2013-02-06T15:19:01","guid":{"rendered":"https:\/\/www.noidiqua.it\/Montale\/?p=2119"},"modified":"2023-02-03T16:44:47","modified_gmt":"2023-02-03T15:44:47","slug":"geniale-ruffa","status":"publish","type":"post","link":"https:\/\/www.noidiqua.it\/Montale\/geniale-ruffa\/","title":{"rendered":"Geniale Ruffa &#8211; artista"},"content":{"rendered":"<p style=\"text-align: justify;\"><em>di Marco Bagnoli Foto: <a href=\"http:\/\/www.bellinigabriele.it\">Gabriele Bellini<\/a><br \/>\n<\/em><\/p>\n<p style=\"text-align: justify;\"><em>Febbraio <\/em><em>2013<\/em><\/p>\n<p><a href=\"https:\/\/www.noidiqua.it\/Montale\/wp-content\/uploads\/2013\/02\/Ruffa-3.png\" rel=\"wp-prettyPhoto[2119]\"><img loading=\"lazy\" decoding=\"async\" class=\"aligncenter size-full wp-image-7789\" src=\"https:\/\/www.noidiqua.it\/Montale\/wp-content\/uploads\/2013\/02\/Ruffa-3.png\" alt=\"\" width=\"505\" height=\"392\" srcset=\"https:\/\/www.noidiqua.it\/Montale\/wp-content\/uploads\/2013\/02\/Ruffa-3.png 505w, https:\/\/www.noidiqua.it\/Montale\/wp-content\/uploads\/2013\/02\/Ruffa-3-300x233.png 300w\" sizes=\"auto, (max-width: 505px) 100vw, 505px\" \/><\/a><\/p>\n<p>Assecondando le nostre abitudini, anche questa volta siamo andati in casa dell\u2019artista per farci raccontare la sua storia. <strong>Geniale Ruffa<\/strong> nasce a Mileto, vicino Catanzaro, ma la famiglia si \u00e8 trasferita a <strong>Agliana<\/strong> quando ancora non aveva sei mesi. Poi un bel giorno ha preso moglie e si \u00e8 accasato qua a<strong> Montale<\/strong> \u2013 che sembra un attimo, ma ormai sono pi\u00f9 di trent\u2019anni. Fine della storia, direte voi. Eh, no, la storia continua, ma soprattutto comincia. Comincia ad Agliana, nella parrocchia di <strong>San Niccol\u00f2<\/strong>, per la precisione, nel circolo <strong>Arci<\/strong> che sta davanti alla chiesa: siamo nei primi anni sessanta e i giovani non sanno come riempire le giornate \u2013 niente internet, niente Facebook n\u00e9 telefonini, non c\u2019\u00e8 neppure la televisione al pomeriggio in questo paese di provincia ancora pieno di strade sterrate.\u00a0L\u2019iniziativa parte da qualcuno del circolo, Brandisio, che faceva il tessitore ma era anche appassionato di arte \u2013 la butta un po\u2019 l\u00ec \u2013 magari si potrebbe mettere a disposizione una stanza per delle attivit\u00e0, che so, arte o cose cos\u00ec. L\u2019idea \u00e8 buona, ma il merito \u00e8 degli stessi ragazzi, che sanno cogliere al volo l\u2019opportunit\u00e0, per niente scontata, di combinare qualcosa del loro tempo libero.<\/p>\n<p>Geniale si fa avanti nel 1965, varca la soglia del Gruppo popolare di pittura <strong>\u201cIl Circolino\u201d<\/strong>, dopodich\u00e9 niente sar\u00e0 pi\u00f9 come prima. Assieme a lui ci sono <strong>Paolo Palandri<\/strong>, <strong>Magni Magnino<\/strong>, <strong>Giovanni Giagnoni<\/strong>, ragazzi qualunque che sapranno lasciare il segno; la prendono un po\u2019 come uno scherzo e i loro inizi sono quelli di tanti altri, si mettono a dipingere, a fare ritratti, con le tele, i colori e i pennelli messi a disposizione dal circolo. Fin da subito si tengono in contatto con quello che accade intorno a loro, a<strong> Pistoia<\/strong>, <strong>Montecatini<\/strong>, <strong>Viareggio<\/strong>.<\/p>\n<p><a href=\"https:\/\/www.noidiqua.it\/Montale\/wp-content\/uploads\/2013\/02\/Ruffa-2.png\" rel=\"wp-prettyPhoto[2119]\"><img loading=\"lazy\" decoding=\"async\" class=\"aligncenter size-full wp-image-7790\" src=\"https:\/\/www.noidiqua.it\/Montale\/wp-content\/uploads\/2013\/02\/Ruffa-2.png\" alt=\"\" width=\"507\" height=\"345\" srcset=\"https:\/\/www.noidiqua.it\/Montale\/wp-content\/uploads\/2013\/02\/Ruffa-2.png 507w, https:\/\/www.noidiqua.it\/Montale\/wp-content\/uploads\/2013\/02\/Ruffa-2-300x204.png 300w\" sizes=\"auto, (max-width: 507px) 100vw, 507px\" \/><\/a><\/p>\n<p style=\"text-align: justify;\">\n<p style=\"text-align: justify;\">Negli anni Ottanta a San Niccol\u00f2 prende forma il <strong>Centro arti visive<\/strong>, mirabilmente fornito di ben due camere oscure: qui si sperimenta l\u2019estro dell\u2019obiettivo e la possibilit\u00e0 di lambiccare le emulsioni e i fissatori non solo sulla carta, ma anche sulla tela e sulle pietre. Lavorare con la fotografia costringe i nostri giovani talenti a confrontarsi direttamente con quello che sta loro attorno, con la realt\u00e0 materiale degli oggetti e degli ambienti nei quali si imbattono quotidianamente. \u00c8 del tutto naturale quindi che gli scorci e le vedute dei muri e degli stanzoni delle filature, entrassero a sbirciare nella finestra dell\u2019inquadratura e lo stesso accade con le minute componenti di quei mitici anni sessanta, ormai alle spalle, destinati a rimanere scarti dell\u2019era industriale, se non ci fossero l\u2019occhio, la mano e la barba meditativa dell\u2019artista a farne buon uso.<\/p>\n<p style=\"text-align: justify;\"><a href=\"https:\/\/www.noidiqua.it\/Montale\/wp-content\/uploads\/2013\/02\/Ruffa-1.png\" rel=\"wp-prettyPhoto[2119]\"><img loading=\"lazy\" decoding=\"async\" class=\"aligncenter size-full wp-image-7791\" src=\"https:\/\/www.noidiqua.it\/Montale\/wp-content\/uploads\/2013\/02\/Ruffa-1.png\" alt=\"\" width=\"501\" height=\"334\" srcset=\"https:\/\/www.noidiqua.it\/Montale\/wp-content\/uploads\/2013\/02\/Ruffa-1.png 501w, https:\/\/www.noidiqua.it\/Montale\/wp-content\/uploads\/2013\/02\/Ruffa-1-300x200.png 300w\" sizes=\"auto, (max-width: 501px) 100vw, 501px\" \/><\/a><\/p>\n<p style=\"text-align: justify;\">Non sar\u00e0 un caso se Geniale entrer\u00e0 anche nel gruppo culturale il <strong>\u201cMestolo\u201d<\/strong>, che verso gli anni Novanta si preoccupa della conservazione della memoria contadina. Nel corso degli anni Geniale appoggia le sue creazioni sulle pareti e sui cavalletti di <strong>Lucca<\/strong>, <strong>Firenze<\/strong>, <strong>Bologna<\/strong> e <strong>Roma<\/strong>, per tornare a Montale e fare un salto fino in Francia. Nel 2012 \u00e8 nuovamente alla <strong>Smilea<\/strong>, mentre capita ancora che la sua passionaccia stupisca persino i suoi, la moglie Luciana, o magari suo nipote Matteo. Oggi Geniale \u00e8 impegnato in un corso d\u2019arte coi bambini dell\u2019<strong>asilo di Fognano<\/strong> \u2013 ha detto loro di portare tutto quello che gli piace \u2013 le figurine, le carte delle cioccolata \u2013 dopodich\u00e9 ciascuno mischia i propri tesori con quelli degli altri, e poi pescando a caso cominciano a fare il loro collage. Chiunque sappia fare una piccola cosa fa un\u2019opera d\u2019arte, si tratti di disegnare un paio di pantaloni di tela o di legare due piante per un innesto; <em>l\u2019arte \u00e8 dappertutto e tutti quanti a modo loro sono artisti<\/em>, dice Geniale. Il suo unico cruccio \u00e8 vedere tutte quelle persone che prima si ritrovavano per stare insieme a parlare di tante cose e che oggi si sono disperse; quindi si fa avanti e si offre come referente, perch\u00e9 gli spazi ci sono, basta solo aver la voglia di riempirli.<\/p>","protected":false},"excerpt":{"rendered":"<p>di Marco Bagnoli Foto: Gabriele Bellini Febbraio 2013 Assecondando le nostre abitudini, anche questa volta siamo andati in casa dell\u2019artista per farci raccontare la sua storia. Geniale Ruffa nasce a Mileto, vicino Catanzaro, ma la famiglia si \u00e8 trasferita a Agliana quando ancora non aveva sei mesi. Poi un bel giorno ha preso moglie [&hellip;]<\/p>","protected":false},"author":3,"featured_media":0,"comment_status":"open","ping_status":"open","sticky":false,"template":"","format":"standard","meta":{"footnotes":""},"categories":[23,7],"tags":[42,81,91,995,109,113,114],"class_list":["post-2119","post","type-post","status-publish","format-standard","hentry","category-arte-artigianato-qt","category-mt","tag-arti-e-mestieri","tag-gente-di-qua","tag-il-montalese","tag-mt","tag-montalese","tag-noidiqua","tag-noidiqua-il-montalese"],"yoast_head":"<!-- This site is optimized with the Yoast SEO plugin v25.5 - https:\/\/yoast.com\/wordpress\/plugins\/seo\/ -->\n<title>Geniale Ruffa - artista - Noi di Qua Testata giornalistica e di attualit\u00e0 di Agliana, Montale e Quarrata.<\/title>\n<meta name=\"robots\" content=\"index, follow, max-snippet:-1, max-image-preview:large, max-video-preview:-1\" \/>\n<link rel=\"canonical\" href=\"https:\/\/www.noidiqua.it\/Montale\/geniale-ruffa\/\" \/>\n<meta property=\"og:locale\" content=\"it_IT\" \/>\n<meta property=\"og:type\" content=\"article\" \/>\n<meta property=\"og:title\" content=\"Geniale Ruffa - artista - Noi di Qua Testata giornalistica e di attualit\u00e0 di Agliana, Montale e Quarrata.\" \/>\n<meta property=\"og:description\" content=\"di Marco Bagnoli Foto: Gabriele Bellini Febbraio 2013 Assecondando le nostre abitudini, anche questa volta siamo andati in casa dell\u2019artista per farci raccontare la sua storia. Geniale Ruffa nasce a Mileto, vicino Catanzaro, ma la famiglia si \u00e8 trasferita a Agliana quando ancora non aveva sei mesi. Poi un bel giorno ha preso moglie [&hellip;]\" \/>\n<meta property=\"og:url\" content=\"https:\/\/www.noidiqua.it\/Montale\/geniale-ruffa\/\" \/>\n<meta property=\"og:site_name\" content=\"Noi di Qua Testata giornalistica e di attualit\u00e0 di Agliana, Montale e Quarrata.\" \/>\n<meta property=\"article:publisher\" content=\"https:\/\/www.facebook.com\/noidiqua.trimestrale\/\" \/>\n<meta property=\"article:published_time\" content=\"2013-02-06T15:19:01+00:00\" \/>\n<meta property=\"article:modified_time\" content=\"2023-02-03T15:44:47+00:00\" \/>\n<meta property=\"og:image\" content=\"https:\/\/www.noidiqua.it\/Montale\/wp-content\/uploads\/2013\/02\/Ruffa-3.png\" \/>\n<meta name=\"author\" content=\"Marco Bagnoli\" \/>\n<meta name=\"twitter:label1\" content=\"Scritto da\" \/>\n\t<meta name=\"twitter:data1\" content=\"Marco Bagnoli\" \/>\n\t<meta name=\"twitter:label2\" content=\"Tempo di lettura stimato\" \/>\n\t<meta name=\"twitter:data2\" content=\"4 minuti\" \/>\n<script type=\"application\/ld+json\" class=\"yoast-schema-graph\">{\"@context\":\"https:\/\/schema.org\",\"@graph\":[{\"@type\":\"WebPage\",\"@id\":\"https:\/\/www.noidiqua.it\/Montale\/geniale-ruffa\/\",\"url\":\"https:\/\/www.noidiqua.it\/Montale\/geniale-ruffa\/\",\"name\":\"Geniale Ruffa - artista - Noi di Qua Testata giornalistica e di attualit\u00e0 di Agliana, Montale e Quarrata.\",\"isPartOf\":{\"@id\":\"https:\/\/www.noidiqua.it\/Montale\/#website\"},\"primaryImageOfPage\":{\"@id\":\"https:\/\/www.noidiqua.it\/Montale\/geniale-ruffa\/#primaryimage\"},\"image\":{\"@id\":\"https:\/\/www.noidiqua.it\/Montale\/geniale-ruffa\/#primaryimage\"},\"thumbnailUrl\":\"https:\/\/www.noidiqua.it\/Montale\/wp-content\/uploads\/2013\/02\/Ruffa-3.png\",\"datePublished\":\"2013-02-06T15:19:01+00:00\",\"dateModified\":\"2023-02-03T15:44:47+00:00\",\"author\":{\"@id\":\"https:\/\/www.noidiqua.it\/Montale\/#\/schema\/person\/4e183cb0c6d7951e716a876aa702e1a2\"},\"breadcrumb\":{\"@id\":\"https:\/\/www.noidiqua.it\/Montale\/geniale-ruffa\/#breadcrumb\"},\"inLanguage\":\"it-IT\",\"potentialAction\":[{\"@type\":\"ReadAction\",\"target\":[\"https:\/\/www.noidiqua.it\/Montale\/geniale-ruffa\/\"]}]},{\"@type\":\"ImageObject\",\"inLanguage\":\"it-IT\",\"@id\":\"https:\/\/www.noidiqua.it\/Montale\/geniale-ruffa\/#primaryimage\",\"url\":\"https:\/\/www.noidiqua.it\/Montale\/wp-content\/uploads\/2013\/02\/Ruffa-3.png\",\"contentUrl\":\"https:\/\/www.noidiqua.it\/Montale\/wp-content\/uploads\/2013\/02\/Ruffa-3.png\",\"width\":505,\"height\":392},{\"@type\":\"BreadcrumbList\",\"@id\":\"https:\/\/www.noidiqua.it\/Montale\/geniale-ruffa\/#breadcrumb\",\"itemListElement\":[{\"@type\":\"ListItem\",\"position\":1,\"name\":\"Home\",\"item\":\"https:\/\/www.noidiqua.it\/Montale\/\"},{\"@type\":\"ListItem\",\"position\":2,\"name\":\"Geniale Ruffa &#8211; artista\"}]},{\"@type\":\"WebSite\",\"@id\":\"https:\/\/www.noidiqua.it\/Montale\/#website\",\"url\":\"https:\/\/www.noidiqua.it\/Montale\/\",\"name\":\"Noi di Qua Testata giornalistica e di attualit\u00e0 di Agliana, Montale e Quarrata.\",\"description\":\"Testata Giornalistica Quarrata Montale Agliana\",\"potentialAction\":[{\"@type\":\"SearchAction\",\"target\":{\"@type\":\"EntryPoint\",\"urlTemplate\":\"https:\/\/www.noidiqua.it\/Montale\/?s={search_term_string}\"},\"query-input\":{\"@type\":\"PropertyValueSpecification\",\"valueRequired\":true,\"valueName\":\"search_term_string\"}}],\"inLanguage\":\"it-IT\"},{\"@type\":\"Person\",\"@id\":\"https:\/\/www.noidiqua.it\/Montale\/#\/schema\/person\/4e183cb0c6d7951e716a876aa702e1a2\",\"name\":\"Marco Bagnoli\",\"image\":{\"@type\":\"ImageObject\",\"inLanguage\":\"it-IT\",\"@id\":\"https:\/\/www.noidiqua.it\/Montale\/#\/schema\/person\/image\/\",\"url\":\"https:\/\/secure.gravatar.com\/avatar\/73ace53724c50db9c48af54756f17b7cdb015a9d8d2c08c7e04e480539a94eee?s=96&d=mm&r=g\",\"contentUrl\":\"https:\/\/secure.gravatar.com\/avatar\/73ace53724c50db9c48af54756f17b7cdb015a9d8d2c08c7e04e480539a94eee?s=96&d=mm&r=g\",\"caption\":\"Marco Bagnoli\"},\"url\":\"https:\/\/www.noidiqua.it\/Montale\/author\/marco-bagnoli\/\"}]}<\/script>\n<!-- \/ Yoast SEO plugin. -->","yoast_head_json":{"title":"Geniale Ruffa - artista - Noi di Qua Testata giornalistica e di attualit\u00e0 di Agliana, Montale e Quarrata.","robots":{"index":"index","follow":"follow","max-snippet":"max-snippet:-1","max-image-preview":"max-image-preview:large","max-video-preview":"max-video-preview:-1"},"canonical":"https:\/\/www.noidiqua.it\/Montale\/geniale-ruffa\/","og_locale":"it_IT","og_type":"article","og_title":"Geniale Ruffa - artista - Noi di Qua Testata giornalistica e di attualit\u00e0 di Agliana, Montale e Quarrata.","og_description":"di Marco Bagnoli Foto: Gabriele Bellini Febbraio 2013 Assecondando le nostre abitudini, anche questa volta siamo andati in casa dell\u2019artista per farci raccontare la sua storia. Geniale Ruffa nasce a Mileto, vicino Catanzaro, ma la famiglia si \u00e8 trasferita a Agliana quando ancora non aveva sei mesi. Poi un bel giorno ha preso moglie [&hellip;]","og_url":"https:\/\/www.noidiqua.it\/Montale\/geniale-ruffa\/","og_site_name":"Noi di Qua Testata giornalistica e di attualit\u00e0 di Agliana, Montale e Quarrata.","article_publisher":"https:\/\/www.facebook.com\/noidiqua.trimestrale\/","article_published_time":"2013-02-06T15:19:01+00:00","article_modified_time":"2023-02-03T15:44:47+00:00","og_image":[{"url":"https:\/\/www.noidiqua.it\/Montale\/wp-content\/uploads\/2013\/02\/Ruffa-3.png","type":"","width":"","height":""}],"author":"Marco Bagnoli","twitter_misc":{"Scritto da":"Marco Bagnoli","Tempo di lettura stimato":"4 minuti"},"schema":{"@context":"https:\/\/schema.org","@graph":[{"@type":"WebPage","@id":"https:\/\/www.noidiqua.it\/Montale\/geniale-ruffa\/","url":"https:\/\/www.noidiqua.it\/Montale\/geniale-ruffa\/","name":"Geniale Ruffa - artista - Noi di Qua Testata giornalistica e di attualit\u00e0 di Agliana, Montale e Quarrata.","isPartOf":{"@id":"https:\/\/www.noidiqua.it\/Montale\/#website"},"primaryImageOfPage":{"@id":"https:\/\/www.noidiqua.it\/Montale\/geniale-ruffa\/#primaryimage"},"image":{"@id":"https:\/\/www.noidiqua.it\/Montale\/geniale-ruffa\/#primaryimage"},"thumbnailUrl":"https:\/\/www.noidiqua.it\/Montale\/wp-content\/uploads\/2013\/02\/Ruffa-3.png","datePublished":"2013-02-06T15:19:01+00:00","dateModified":"2023-02-03T15:44:47+00:00","author":{"@id":"https:\/\/www.noidiqua.it\/Montale\/#\/schema\/person\/4e183cb0c6d7951e716a876aa702e1a2"},"breadcrumb":{"@id":"https:\/\/www.noidiqua.it\/Montale\/geniale-ruffa\/#breadcrumb"},"inLanguage":"it-IT","potentialAction":[{"@type":"ReadAction","target":["https:\/\/www.noidiqua.it\/Montale\/geniale-ruffa\/"]}]},{"@type":"ImageObject","inLanguage":"it-IT","@id":"https:\/\/www.noidiqua.it\/Montale\/geniale-ruffa\/#primaryimage","url":"https:\/\/www.noidiqua.it\/Montale\/wp-content\/uploads\/2013\/02\/Ruffa-3.png","contentUrl":"https:\/\/www.noidiqua.it\/Montale\/wp-content\/uploads\/2013\/02\/Ruffa-3.png","width":505,"height":392},{"@type":"BreadcrumbList","@id":"https:\/\/www.noidiqua.it\/Montale\/geniale-ruffa\/#breadcrumb","itemListElement":[{"@type":"ListItem","position":1,"name":"Home","item":"https:\/\/www.noidiqua.it\/Montale\/"},{"@type":"ListItem","position":2,"name":"Geniale Ruffa &#8211; artista"}]},{"@type":"WebSite","@id":"https:\/\/www.noidiqua.it\/Montale\/#website","url":"https:\/\/www.noidiqua.it\/Montale\/","name":"Noi di Qua Testata giornalistica e di attualit\u00e0 di Agliana, Montale e Quarrata.","description":"Testata Giornalistica Quarrata Montale Agliana","potentialAction":[{"@type":"SearchAction","target":{"@type":"EntryPoint","urlTemplate":"https:\/\/www.noidiqua.it\/Montale\/?s={search_term_string}"},"query-input":{"@type":"PropertyValueSpecification","valueRequired":true,"valueName":"search_term_string"}}],"inLanguage":"it-IT"},{"@type":"Person","@id":"https:\/\/www.noidiqua.it\/Montale\/#\/schema\/person\/4e183cb0c6d7951e716a876aa702e1a2","name":"Marco Bagnoli","image":{"@type":"ImageObject","inLanguage":"it-IT","@id":"https:\/\/www.noidiqua.it\/Montale\/#\/schema\/person\/image\/","url":"https:\/\/secure.gravatar.com\/avatar\/73ace53724c50db9c48af54756f17b7cdb015a9d8d2c08c7e04e480539a94eee?s=96&d=mm&r=g","contentUrl":"https:\/\/secure.gravatar.com\/avatar\/73ace53724c50db9c48af54756f17b7cdb015a9d8d2c08c7e04e480539a94eee?s=96&d=mm&r=g","caption":"Marco Bagnoli"},"url":"https:\/\/www.noidiqua.it\/Montale\/author\/marco-bagnoli\/"}]}},"_links":{"self":[{"href":"https:\/\/www.noidiqua.it\/Montale\/wp-json\/wp\/v2\/posts\/2119","targetHints":{"allow":["GET"]}}],"collection":[{"href":"https:\/\/www.noidiqua.it\/Montale\/wp-json\/wp\/v2\/posts"}],"about":[{"href":"https:\/\/www.noidiqua.it\/Montale\/wp-json\/wp\/v2\/types\/post"}],"author":[{"embeddable":true,"href":"https:\/\/www.noidiqua.it\/Montale\/wp-json\/wp\/v2\/users\/3"}],"replies":[{"embeddable":true,"href":"https:\/\/www.noidiqua.it\/Montale\/wp-json\/wp\/v2\/comments?post=2119"}],"version-history":[{"count":3,"href":"https:\/\/www.noidiqua.it\/Montale\/wp-json\/wp\/v2\/posts\/2119\/revisions"}],"predecessor-version":[{"id":7792,"href":"https:\/\/www.noidiqua.it\/Montale\/wp-json\/wp\/v2\/posts\/2119\/revisions\/7792"}],"wp:attachment":[{"href":"https:\/\/www.noidiqua.it\/Montale\/wp-json\/wp\/v2\/media?parent=2119"}],"wp:term":[{"taxonomy":"category","embeddable":true,"href":"https:\/\/www.noidiqua.it\/Montale\/wp-json\/wp\/v2\/categories?post=2119"},{"taxonomy":"post_tag","embeddable":true,"href":"https:\/\/www.noidiqua.it\/Montale\/wp-json\/wp\/v2\/tags?post=2119"}],"curies":[{"name":"wp","href":"https:\/\/api.w.org\/{rel}","templated":true}]}}