{"id":2138,"date":"2013-02-06T16:10:51","date_gmt":"2013-02-06T16:10:51","guid":{"rendered":"https:\/\/www.noidiqua.it\/Montale\/?p=2138"},"modified":"2023-02-06T10:18:21","modified_gmt":"2023-02-06T09:18:21","slug":"montale-e-montemurlo-storia-collegata","status":"publish","type":"post","link":"https:\/\/www.noidiqua.it\/Montale\/montale-e-montemurlo-storia-collegata\/","title":{"rendered":"Montale e Montemurlo, una storia&#8230; collegata!"},"content":{"rendered":"<p style=\"text-align: justify;\"><em>di Giacomo Bini Foto: <a href=\"http:\/\/www.bellinigabriele.it\">Gabriele Bellini<\/a><br \/>\n<\/em><\/p>\n<p style=\"text-align: justify;\"><em>Febbraio <\/em><em>2013<\/em><\/p>\n<p><a href=\"https:\/\/www.noidiqua.it\/Montale\/wp-content\/uploads\/2013\/02\/Montale-Montumurlo-3.png\" rel=\"wp-prettyPhoto[2138]\"><img loading=\"lazy\" decoding=\"async\" class=\"aligncenter size-full wp-image-7814\" src=\"https:\/\/www.noidiqua.it\/Montale\/wp-content\/uploads\/2013\/02\/Montale-Montumurlo-3.png\" alt=\"\" width=\"502\" height=\"335\" srcset=\"https:\/\/www.noidiqua.it\/Montale\/wp-content\/uploads\/2013\/02\/Montale-Montumurlo-3.png 502w, https:\/\/www.noidiqua.it\/Montale\/wp-content\/uploads\/2013\/02\/Montale-Montumurlo-3-300x200.png 300w\" sizes=\"auto, (max-width: 502px) 100vw, 502px\" \/><\/a><\/p>\n<p>Tre nuovi ponti sull\u2019Agna uniranno <strong>Montale<\/strong> a <strong>Montemurlo<\/strong>. E\u2019 una previsione urbanistica condivisa dalle due amministrazioni comunali che \u00e8 destinata a trasformare il torrente <strong>Agna<\/strong> da elemento di separazione, com\u2019\u00e8 stato per secoli, a motivo di congiunzione tra due realt\u00e0 territoriali che, al dispetto delle antiche contrapposizioni medievali, hanno sempre maggiori ragioni di integrazione. Attualmente i collegamenti viari sono assicurati dall\u2019antico Ponte all\u2019Agna sulla vecchia via montalese e dal nuovo ponte, tutt\u2019ora senza nome per un\u2019indifferenza alla toponomastica delle moderne amministrazioni, che si trova sulla tangenziale e che corre a sud dell\u2019abitato dei due centri storici. Il primo dei tre nuovi ponti previsti dai piani strutturali dovr\u00e0 sorgere immediatamente a sud del paese di <strong>Fognano<\/strong> intorno al punto in cui si congiungono i dure rami del torrente Agna.<\/p>\n<p>Sar\u00e0 un ponte percorribile solo in bicicletta e a piedi e permetter\u00e0 di collegare i due versanti della valle d\u2019Agna. Il secondo ponte, \u00e8 previsto un po\u2019 pi\u00f9 a sud, in corrispondenza della zona dove si trova, sul versante montalese, la chiesa di <strong>Santa Cristina<\/strong>. In un primo tempo i due comuni lo avevano pensato come ponte carrabile ma alla fine, saggiamente, \u00e8 stato invece previsto solo in forma ciclabile e pedonale. Entrambi i nuovi ponti sono concepiti nell\u2019ambito di un recupero e di una valorizzazione degli argini del torrente Agna, che dovranno essere utilizzati per creare percorsi pedonali.<\/p>\n<p><a href=\"https:\/\/www.noidiqua.it\/Montale\/wp-content\/uploads\/2013\/02\/Montale-Montumurlo-2.png\" rel=\"wp-prettyPhoto[2138]\"><img loading=\"lazy\" decoding=\"async\" class=\"aligncenter size-full wp-image-7815\" src=\"https:\/\/www.noidiqua.it\/Montale\/wp-content\/uploads\/2013\/02\/Montale-Montumurlo-2.png\" alt=\"\" width=\"502\" height=\"335\" srcset=\"https:\/\/www.noidiqua.it\/Montale\/wp-content\/uploads\/2013\/02\/Montale-Montumurlo-2.png 502w, https:\/\/www.noidiqua.it\/Montale\/wp-content\/uploads\/2013\/02\/Montale-Montumurlo-2-300x200.png 300w\" sizes=\"auto, (max-width: 502px) 100vw, 502px\" \/><\/a><\/p>\n<p>In effetti l\u2019Agna \u00e8 un patrimonio paesaggistico e ambientale finora piuttosto trascurato da entrambe le sponde e che invece dovr\u00e0 costituire un polmone verde e un luogo di incontro per le due comunit\u00e0. Il fatto che l\u2019Agna nel medioevo sia stata risagomata dai <strong>pistoiesi<\/strong> per scaricare sul territorio <strong>pratese<\/strong> i problemi idrogeologici, cio\u00e8 gli allagamenti, \u00e8 ormai \u201cacqua passata\u201d e anche il lungo stato di servizio del torrente, come confine di provincia, sembra vicino al tramonto visti il programma di accorpamento tra le province di <strong>Prato<\/strong> e di <strong>Pistoia<\/strong>. Il terzo ponte previsto dai piani strutturali dei due comuni \u00e8 quello con la maggiore incidenza urbanistica, perch\u00e9 percorribile con le automobili. Il ponte dovrebbe sorgere in corrispondenza di via Giordano Bruno a Montale, cio\u00e8 nella zona a nord della Badia, e dovrebbe fare da anello di congiunzione di un percorso stradale che nel lato montalese conduce attraverso via Parini e il Belvedere fino alla zona di Montale Alto mentre nel lato di Montemurlo conduce fino alla rocca. In sostanza si tratterebbe di un collegamento viario tra i due castelli, quello che c\u2019\u00e8 ancora, cio\u00e8 la Rocca di Montemurlo, e quello che non c\u2019\u00e8 pi\u00f9, cio\u00e8 il castello di <strong>Montale Alto<\/strong>.<\/p>\n<p>L\u2019unione tra i due castelli rappresenterebbe davvero una svolta anche simbolica nei rapporti tra i due paesi, perch\u00e9 i due castelli nel medioevo erano l\u2019uno contro l\u2019altro e sono appartenuti quasi sempre a potenze nemiche. La rocca di Montemurlo era un presidio dei conti Guidi e poi della repubblica di Firenze, mentre il castello di Montale fu fondato dal comune di Pistoia nel 1206 e distrutto nel 1303 dai fiorentini, che venivano proprio da oltre Agna e se ne ritornarono a casa portandosi via la campana del castello di Montale, detta la <strong>\u201cMontalina\u201d<\/strong>. E\u2019 un passato ormai superato e sepolto da uno sviluppo economico e urbanistico recente che ha fatto dei due comuni un\u2019unica realt\u00e0 produttiva e abitativa. E anche i problemi di viabilit\u00e0 e di tutela ambientale sono ormai gli stessi per entrambi. Il previsto riordino delle province dar\u00e0 il colpo di grazia ad ogni divisione tradizionale rendendo l\u2019Agna sempre pi\u00f9 stretta e relegando la rivalit\u00e0 di campanile, anzi di castello, ai campi di calcio.<\/p>\n<p><a href=\"https:\/\/www.noidiqua.it\/Montale\/wp-content\/uploads\/2013\/02\/Montale-Montumurlo-1.png\" rel=\"wp-prettyPhoto[2138]\"><img loading=\"lazy\" decoding=\"async\" class=\"aligncenter size-full wp-image-7816\" src=\"https:\/\/www.noidiqua.it\/Montale\/wp-content\/uploads\/2013\/02\/Montale-Montumurlo-1.png\" alt=\"\" width=\"504\" height=\"332\" srcset=\"https:\/\/www.noidiqua.it\/Montale\/wp-content\/uploads\/2013\/02\/Montale-Montumurlo-1.png 504w, https:\/\/www.noidiqua.it\/Montale\/wp-content\/uploads\/2013\/02\/Montale-Montumurlo-1-300x198.png 300w\" sizes=\"auto, (max-width: 504px) 100vw, 504px\" \/><\/a><\/p>\n<p style=\"text-align: justify;\">\n<p style=\"text-align: justify;\">\n<p style=\"text-align: justify;\">","protected":false},"excerpt":{"rendered":"<p>di Giacomo Bini Foto: Gabriele Bellini Febbraio 2013 Tre nuovi ponti sull\u2019Agna uniranno Montale a Montemurlo. E\u2019 una previsione urbanistica condivisa dalle due amministrazioni comunali che \u00e8 destinata a trasformare il torrente Agna da elemento di separazione, com\u2019\u00e8 stato per secoli, a motivo di congiunzione tra due realt\u00e0 territoriali che, al dispetto delle antiche [&hellip;]<\/p>","protected":false},"author":12,"featured_media":0,"comment_status":"open","ping_status":"open","sticky":false,"template":"","format":"standard","meta":{"footnotes":""},"categories":[31,7],"tags":[91,995,109,113,114],"class_list":["post-2138","post","type-post","status-publish","format-standard","hentry","category-storia-qt","category-mt","tag-il-montalese","tag-mt","tag-montalese","tag-noidiqua","tag-noidiqua-il-montalese"],"yoast_head":"<!-- This site is optimized with the Yoast SEO plugin v25.5 - https:\/\/yoast.com\/wordpress\/plugins\/seo\/ -->\n<title>Montale e Montemurlo, una storia... collegata! - Noi di Qua Testata giornalistica e di attualit\u00e0 di Agliana, Montale e Quarrata.<\/title>\n<meta name=\"robots\" content=\"index, follow, max-snippet:-1, max-image-preview:large, max-video-preview:-1\" \/>\n<link rel=\"canonical\" href=\"https:\/\/www.noidiqua.it\/Montale\/montale-e-montemurlo-storia-collegata\/\" \/>\n<meta property=\"og:locale\" content=\"it_IT\" \/>\n<meta property=\"og:type\" content=\"article\" \/>\n<meta property=\"og:title\" content=\"Montale e Montemurlo, una storia... collegata! - Noi di Qua Testata giornalistica e di attualit\u00e0 di Agliana, Montale e Quarrata.\" \/>\n<meta property=\"og:description\" content=\"di Giacomo Bini Foto: Gabriele Bellini Febbraio 2013 Tre nuovi ponti sull\u2019Agna uniranno Montale a Montemurlo. E\u2019 una previsione urbanistica condivisa dalle due amministrazioni comunali che \u00e8 destinata a trasformare il torrente Agna da elemento di separazione, com\u2019\u00e8 stato per secoli, a motivo di congiunzione tra due realt\u00e0 territoriali che, al dispetto delle antiche [&hellip;]\" \/>\n<meta property=\"og:url\" content=\"https:\/\/www.noidiqua.it\/Montale\/montale-e-montemurlo-storia-collegata\/\" \/>\n<meta property=\"og:site_name\" content=\"Noi di Qua Testata giornalistica e di attualit\u00e0 di Agliana, Montale e Quarrata.\" \/>\n<meta property=\"article:publisher\" content=\"https:\/\/www.facebook.com\/noidiqua.trimestrale\/\" \/>\n<meta property=\"article:published_time\" content=\"2013-02-06T16:10:51+00:00\" \/>\n<meta property=\"article:modified_time\" content=\"2023-02-06T09:18:21+00:00\" \/>\n<meta property=\"og:image\" content=\"https:\/\/www.noidiqua.it\/Montale\/wp-content\/uploads\/2013\/02\/Montale-Montumurlo-3.png\" \/>\n<meta name=\"author\" content=\"Giacomo Bini\" \/>\n<meta name=\"twitter:label1\" content=\"Scritto da\" \/>\n\t<meta name=\"twitter:data1\" content=\"Giacomo Bini\" \/>\n\t<meta name=\"twitter:label2\" content=\"Tempo di lettura stimato\" \/>\n\t<meta name=\"twitter:data2\" content=\"4 minuti\" \/>\n<script type=\"application\/ld+json\" class=\"yoast-schema-graph\">{\"@context\":\"https:\/\/schema.org\",\"@graph\":[{\"@type\":\"WebPage\",\"@id\":\"https:\/\/www.noidiqua.it\/Montale\/montale-e-montemurlo-storia-collegata\/\",\"url\":\"https:\/\/www.noidiqua.it\/Montale\/montale-e-montemurlo-storia-collegata\/\",\"name\":\"Montale e Montemurlo, una storia... collegata! - Noi di Qua Testata giornalistica e di attualit\u00e0 di Agliana, Montale e Quarrata.\",\"isPartOf\":{\"@id\":\"https:\/\/www.noidiqua.it\/Montale\/#website\"},\"primaryImageOfPage\":{\"@id\":\"https:\/\/www.noidiqua.it\/Montale\/montale-e-montemurlo-storia-collegata\/#primaryimage\"},\"image\":{\"@id\":\"https:\/\/www.noidiqua.it\/Montale\/montale-e-montemurlo-storia-collegata\/#primaryimage\"},\"thumbnailUrl\":\"https:\/\/www.noidiqua.it\/Montale\/wp-content\/uploads\/2013\/02\/Montale-Montumurlo-3.png\",\"datePublished\":\"2013-02-06T16:10:51+00:00\",\"dateModified\":\"2023-02-06T09:18:21+00:00\",\"author\":{\"@id\":\"https:\/\/www.noidiqua.it\/Montale\/#\/schema\/person\/e2e6f44da50af0dae9c90ad168e471a4\"},\"breadcrumb\":{\"@id\":\"https:\/\/www.noidiqua.it\/Montale\/montale-e-montemurlo-storia-collegata\/#breadcrumb\"},\"inLanguage\":\"it-IT\",\"potentialAction\":[{\"@type\":\"ReadAction\",\"target\":[\"https:\/\/www.noidiqua.it\/Montale\/montale-e-montemurlo-storia-collegata\/\"]}]},{\"@type\":\"ImageObject\",\"inLanguage\":\"it-IT\",\"@id\":\"https:\/\/www.noidiqua.it\/Montale\/montale-e-montemurlo-storia-collegata\/#primaryimage\",\"url\":\"https:\/\/www.noidiqua.it\/Montale\/wp-content\/uploads\/2013\/02\/Montale-Montumurlo-3.png\",\"contentUrl\":\"https:\/\/www.noidiqua.it\/Montale\/wp-content\/uploads\/2013\/02\/Montale-Montumurlo-3.png\",\"width\":502,\"height\":335},{\"@type\":\"BreadcrumbList\",\"@id\":\"https:\/\/www.noidiqua.it\/Montale\/montale-e-montemurlo-storia-collegata\/#breadcrumb\",\"itemListElement\":[{\"@type\":\"ListItem\",\"position\":1,\"name\":\"Home\",\"item\":\"https:\/\/www.noidiqua.it\/Montale\/\"},{\"@type\":\"ListItem\",\"position\":2,\"name\":\"Montale e Montemurlo, una storia&#8230; collegata!\"}]},{\"@type\":\"WebSite\",\"@id\":\"https:\/\/www.noidiqua.it\/Montale\/#website\",\"url\":\"https:\/\/www.noidiqua.it\/Montale\/\",\"name\":\"Noi di Qua Testata giornalistica e di attualit\u00e0 di Agliana, Montale e Quarrata.\",\"description\":\"Testata Giornalistica Quarrata Montale Agliana\",\"potentialAction\":[{\"@type\":\"SearchAction\",\"target\":{\"@type\":\"EntryPoint\",\"urlTemplate\":\"https:\/\/www.noidiqua.it\/Montale\/?s={search_term_string}\"},\"query-input\":{\"@type\":\"PropertyValueSpecification\",\"valueRequired\":true,\"valueName\":\"search_term_string\"}}],\"inLanguage\":\"it-IT\"},{\"@type\":\"Person\",\"@id\":\"https:\/\/www.noidiqua.it\/Montale\/#\/schema\/person\/e2e6f44da50af0dae9c90ad168e471a4\",\"name\":\"Giacomo Bini\",\"image\":{\"@type\":\"ImageObject\",\"inLanguage\":\"it-IT\",\"@id\":\"https:\/\/www.noidiqua.it\/Montale\/#\/schema\/person\/image\/\",\"url\":\"https:\/\/secure.gravatar.com\/avatar\/e5c18ae41df5ae37397358f2c6046696187d51a120c5d0b8f0c49f7b606f46f4?s=96&d=mm&r=g\",\"contentUrl\":\"https:\/\/secure.gravatar.com\/avatar\/e5c18ae41df5ae37397358f2c6046696187d51a120c5d0b8f0c49f7b606f46f4?s=96&d=mm&r=g\",\"caption\":\"Giacomo Bini\"},\"url\":\"https:\/\/www.noidiqua.it\/Montale\/author\/giacomo-bini\/\"}]}<\/script>\n<!-- \/ Yoast SEO plugin. -->","yoast_head_json":{"title":"Montale e Montemurlo, una storia... collegata! - Noi di Qua Testata giornalistica e di attualit\u00e0 di Agliana, Montale e Quarrata.","robots":{"index":"index","follow":"follow","max-snippet":"max-snippet:-1","max-image-preview":"max-image-preview:large","max-video-preview":"max-video-preview:-1"},"canonical":"https:\/\/www.noidiqua.it\/Montale\/montale-e-montemurlo-storia-collegata\/","og_locale":"it_IT","og_type":"article","og_title":"Montale e Montemurlo, una storia... collegata! - Noi di Qua Testata giornalistica e di attualit\u00e0 di Agliana, Montale e Quarrata.","og_description":"di Giacomo Bini Foto: Gabriele Bellini Febbraio 2013 Tre nuovi ponti sull\u2019Agna uniranno Montale a Montemurlo. E\u2019 una previsione urbanistica condivisa dalle due amministrazioni comunali che \u00e8 destinata a trasformare il torrente Agna da elemento di separazione, com\u2019\u00e8 stato per secoli, a motivo di congiunzione tra due realt\u00e0 territoriali che, al dispetto delle antiche [&hellip;]","og_url":"https:\/\/www.noidiqua.it\/Montale\/montale-e-montemurlo-storia-collegata\/","og_site_name":"Noi di Qua Testata giornalistica e di attualit\u00e0 di Agliana, Montale e Quarrata.","article_publisher":"https:\/\/www.facebook.com\/noidiqua.trimestrale\/","article_published_time":"2013-02-06T16:10:51+00:00","article_modified_time":"2023-02-06T09:18:21+00:00","og_image":[{"url":"https:\/\/www.noidiqua.it\/Montale\/wp-content\/uploads\/2013\/02\/Montale-Montumurlo-3.png","type":"","width":"","height":""}],"author":"Giacomo Bini","twitter_misc":{"Scritto da":"Giacomo Bini","Tempo di lettura stimato":"4 minuti"},"schema":{"@context":"https:\/\/schema.org","@graph":[{"@type":"WebPage","@id":"https:\/\/www.noidiqua.it\/Montale\/montale-e-montemurlo-storia-collegata\/","url":"https:\/\/www.noidiqua.it\/Montale\/montale-e-montemurlo-storia-collegata\/","name":"Montale e Montemurlo, una storia... collegata! - Noi di Qua Testata giornalistica e di attualit\u00e0 di Agliana, Montale e Quarrata.","isPartOf":{"@id":"https:\/\/www.noidiqua.it\/Montale\/#website"},"primaryImageOfPage":{"@id":"https:\/\/www.noidiqua.it\/Montale\/montale-e-montemurlo-storia-collegata\/#primaryimage"},"image":{"@id":"https:\/\/www.noidiqua.it\/Montale\/montale-e-montemurlo-storia-collegata\/#primaryimage"},"thumbnailUrl":"https:\/\/www.noidiqua.it\/Montale\/wp-content\/uploads\/2013\/02\/Montale-Montumurlo-3.png","datePublished":"2013-02-06T16:10:51+00:00","dateModified":"2023-02-06T09:18:21+00:00","author":{"@id":"https:\/\/www.noidiqua.it\/Montale\/#\/schema\/person\/e2e6f44da50af0dae9c90ad168e471a4"},"breadcrumb":{"@id":"https:\/\/www.noidiqua.it\/Montale\/montale-e-montemurlo-storia-collegata\/#breadcrumb"},"inLanguage":"it-IT","potentialAction":[{"@type":"ReadAction","target":["https:\/\/www.noidiqua.it\/Montale\/montale-e-montemurlo-storia-collegata\/"]}]},{"@type":"ImageObject","inLanguage":"it-IT","@id":"https:\/\/www.noidiqua.it\/Montale\/montale-e-montemurlo-storia-collegata\/#primaryimage","url":"https:\/\/www.noidiqua.it\/Montale\/wp-content\/uploads\/2013\/02\/Montale-Montumurlo-3.png","contentUrl":"https:\/\/www.noidiqua.it\/Montale\/wp-content\/uploads\/2013\/02\/Montale-Montumurlo-3.png","width":502,"height":335},{"@type":"BreadcrumbList","@id":"https:\/\/www.noidiqua.it\/Montale\/montale-e-montemurlo-storia-collegata\/#breadcrumb","itemListElement":[{"@type":"ListItem","position":1,"name":"Home","item":"https:\/\/www.noidiqua.it\/Montale\/"},{"@type":"ListItem","position":2,"name":"Montale e Montemurlo, una storia&#8230; collegata!"}]},{"@type":"WebSite","@id":"https:\/\/www.noidiqua.it\/Montale\/#website","url":"https:\/\/www.noidiqua.it\/Montale\/","name":"Noi di Qua Testata giornalistica e di attualit\u00e0 di Agliana, Montale e Quarrata.","description":"Testata Giornalistica Quarrata Montale Agliana","potentialAction":[{"@type":"SearchAction","target":{"@type":"EntryPoint","urlTemplate":"https:\/\/www.noidiqua.it\/Montale\/?s={search_term_string}"},"query-input":{"@type":"PropertyValueSpecification","valueRequired":true,"valueName":"search_term_string"}}],"inLanguage":"it-IT"},{"@type":"Person","@id":"https:\/\/www.noidiqua.it\/Montale\/#\/schema\/person\/e2e6f44da50af0dae9c90ad168e471a4","name":"Giacomo Bini","image":{"@type":"ImageObject","inLanguage":"it-IT","@id":"https:\/\/www.noidiqua.it\/Montale\/#\/schema\/person\/image\/","url":"https:\/\/secure.gravatar.com\/avatar\/e5c18ae41df5ae37397358f2c6046696187d51a120c5d0b8f0c49f7b606f46f4?s=96&d=mm&r=g","contentUrl":"https:\/\/secure.gravatar.com\/avatar\/e5c18ae41df5ae37397358f2c6046696187d51a120c5d0b8f0c49f7b606f46f4?s=96&d=mm&r=g","caption":"Giacomo Bini"},"url":"https:\/\/www.noidiqua.it\/Montale\/author\/giacomo-bini\/"}]}},"_links":{"self":[{"href":"https:\/\/www.noidiqua.it\/Montale\/wp-json\/wp\/v2\/posts\/2138","targetHints":{"allow":["GET"]}}],"collection":[{"href":"https:\/\/www.noidiqua.it\/Montale\/wp-json\/wp\/v2\/posts"}],"about":[{"href":"https:\/\/www.noidiqua.it\/Montale\/wp-json\/wp\/v2\/types\/post"}],"author":[{"embeddable":true,"href":"https:\/\/www.noidiqua.it\/Montale\/wp-json\/wp\/v2\/users\/12"}],"replies":[{"embeddable":true,"href":"https:\/\/www.noidiqua.it\/Montale\/wp-json\/wp\/v2\/comments?post=2138"}],"version-history":[{"count":3,"href":"https:\/\/www.noidiqua.it\/Montale\/wp-json\/wp\/v2\/posts\/2138\/revisions"}],"predecessor-version":[{"id":7817,"href":"https:\/\/www.noidiqua.it\/Montale\/wp-json\/wp\/v2\/posts\/2138\/revisions\/7817"}],"wp:attachment":[{"href":"https:\/\/www.noidiqua.it\/Montale\/wp-json\/wp\/v2\/media?parent=2138"}],"wp:term":[{"taxonomy":"category","embeddable":true,"href":"https:\/\/www.noidiqua.it\/Montale\/wp-json\/wp\/v2\/categories?post=2138"},{"taxonomy":"post_tag","embeddable":true,"href":"https:\/\/www.noidiqua.it\/Montale\/wp-json\/wp\/v2\/tags?post=2138"}],"curies":[{"name":"wp","href":"https:\/\/api.w.org\/{rel}","templated":true}]}}