{"id":2183,"date":"2013-02-06T09:16:48","date_gmt":"2013-02-06T09:16:48","guid":{"rendered":"https:\/\/www.noidiqua.it\/Montale\/?p=2183"},"modified":"2023-02-06T10:34:53","modified_gmt":"2023-02-06T09:34:53","slug":"profezia-maya-punto-e-a-capo","status":"publish","type":"post","link":"https:\/\/www.noidiqua.it\/Montale\/profezia-maya-punto-e-a-capo\/","title":{"rendered":"Profezia Maya\u2026 punto e a capo!"},"content":{"rendered":"<p style=\"text-align: justify;\"><em>di Massimo Cappelli<br \/>\n<\/em><\/p>\n<p style=\"text-align: justify;\"><em>Febbraio <\/em><em>2013<\/em><\/p>\n<p><a href=\"https:\/\/www.noidiqua.it\/Montale\/wp-content\/uploads\/2013\/02\/maya-kalender.png\" rel=\"wp-prettyPhoto[2183]\"><img loading=\"lazy\" decoding=\"async\" class=\"aligncenter size-full wp-image-7830\" src=\"https:\/\/www.noidiqua.it\/Montale\/wp-content\/uploads\/2013\/02\/maya-kalender.png\" alt=\"\" width=\"500\" height=\"386\" srcset=\"https:\/\/www.noidiqua.it\/Montale\/wp-content\/uploads\/2013\/02\/maya-kalender.png 500w, https:\/\/www.noidiqua.it\/Montale\/wp-content\/uploads\/2013\/02\/maya-kalender-300x232.png 300w\" sizes=\"auto, (max-width: 500px) 100vw, 500px\" \/><\/a><\/p>\n<p style=\"text-align: justify;\">\n<p style=\"text-align: justify;\">Diciamoci la verit\u00e0, un po\u2019 di strizza per\u00f2 s\u2019\u00e8 avuta eh? Alzi la mano chi non ha passato il ventuno dicembre scorso in famiglia, della serie \u201cse succeder\u00e0 veramente, voglio condividere con i miei anche la fine del mondo!\u201d E invece siamo ancora qua, a met\u00e0 febbraio 2013, a scrivere le cazzate che il prossimo mese leggerete. Tartassati dalle performance sanremesi, in piena campagna elettorale, con la sede di <strong>Palazzo Chigi<\/strong> vacante e quella di <strong>Palazzo Madama<\/strong> idem. Fra poco anche il Quirinale vedr\u00e0 il suo nuovo inquilino, e a giorni, la poltrona sar\u00e0 vuota anche in <strong>Vaticano<\/strong>, ma a differenza di sempre, questa volta solo perch\u00e9 il Pontefice, vivo e vegeto, ha detto ai suoi: squisio! Con voi non gioco pi\u00f9! Fra pochi giorni, spiriti liberi e spiriti ispirati (Spirito Santo incluso) voteranno vecchie e nuove facce per il cambiamento.<\/p>\n<p style=\"text-align: justify;\">Tutti noi andremo a fare il nostro dovere mentre il paese adesso come non mai, \u00e8 travolto dagli scandali. Metteremo la croce sul simbolo che ci convince di pi\u00f9, del tutto consapevoli di conoscere solo una piccola parte di questi scandali, uno degli ultimi per esempio, che la pi\u00f9 vecchia banca del mondo non esiste pi\u00f9, sta sprofondando insieme alla propria fondazione trascinando con s\u00e9 tutto il benessere che aveva concesso, nei secoli al territorio senese, fiore all\u2019occhiello della nostra bella e amata Toscana. Chiss\u00e0 se voteremo, forse, rimpiangendo la <strong>tangentopoli<\/strong> del \u201992? Ricordate? Quella che pose fine alla \u201cprima repubblica\u201d fruttando a tanti farabutti, tanti miliardi! Miliardi s\u00ec\u2026 Ma di lire, non di euro!<br \/>\nE visto che agli scandali e alle ruberie si aggiunge anche un asteroide passato a meno di 28.000 km. dalla terra, in concomitanza ad una meteora che ha colpito gli Urali provocando pi\u00f9 di 1.300 feriti, mi chiedo: se questa non \u00e8 la fine del mondo\u2026 cos\u2019\u00e8? Dunque, siete sicuri che il ventuno dicembre scorso non sia successo proprio niente? Siccome stiamo veramente toccando il fondo, mi piace pensare che la fine e l\u2019inizio si siano gi\u00e0 susseguiti ed una nuova era sia gi\u00e0 iniziata, non sul piano materiale, corporeo e concreto, ma dal punto di vista trascendentale, etereo e astratto. Allora, visto che siamo ancora qui, che siamo ancora vivi e che l\u2019annunciata catastrofe non \u00e8 avvenuta, non potrebbe essere l\u2019occasione per ripartire con rinnovato buonsenso? (Partendo da chi scrive, ovvio!) Buonsenso, rispetto, consapevolezza, condivisione; io credo che se non recuperiamo questi valori sar\u00e0 veramente la fine. La storia ci insegna che questi ideali, di solito, vengono fuori spontaneamente dopo aver passato periodi brutti come la guerra, la dittatura, la repressione; dopo aver lottato insieme contro il tiranno, di solito ci abbracciamo e ci vogliamo pi\u00f9 bene. Sono passati quasi settant\u2019anni dall\u2019ultima volta che questo \u00e8 avvenuto, ce ne siamo dimenticati da un pezzo e ormai l\u2019individualismo, l\u2019egoismo e l\u2019avidit\u00e0 hanno preso il sopravvento, in gran parte di noi.<\/p>\n<p style=\"text-align: justify;\">Chi per un verso chi per un altro, in molti individui prevale il distacco e l\u2019alienazione: siamo diventati <strong>italieni<\/strong> e non \u00e8 un termine alla Lino Banfi (<em>porca puttena<\/em>) bens\u00ec una parola inventata ora ora, che per\u00f2 dovrebbe farci riflettere. Parliamo tanto dei politici, ma essi non sono altro che i nostri rappresentanti, <strong>sono italieni al governo<\/strong>! Dobbiamo recuperare tutti l\u2019amor di Patria, non dimentichiamoci che centocinquantadue anni fa i ragazzi di vent\u2019anni andavano volontariamente a farsi ammazzare per l\u2019amore della Patria, per il senso dello Stato. Oggi, pare che lo Stato e le sue leggi siano solo qualcosa da raggirare, il legislatore, italieno anche lui, lo sa, e partendo da questo presupposto rincara sempre la dose: Non se ne esce!<br \/>\nAllora\u2026 voglio dire\u2026 come direbbe il grande Giancarlo Zampini, abbiamo la possibilit\u00e0 di ripartire da capo, come dopo una guerra, una dittatura, come dopo una catastrofe, ma fortunatamente senza che la catastrofe sia avvenuta e non credete sia una cosa buona? Come nelle ultime scene di \u201cNovecento\u201d, il capolavoro di Bertolucci, cerchiamo di avvicinarci l\u2019uno all\u2019altro e di far regnare la condivisione: coltiviamo l\u2019orto e alleviamo le galline scambiandoci uova e insalata. Accogliamo pure gli sfollati con la mucca, potremmo cos\u00ec avere anche latte fresco per i bambini, potremmo apprendere e al contempo insegnare tanto. Tutto questo non pu\u00f2 che essere positivo, cerchiamo di essere pi\u00f9 <strong>italiani<\/strong> e meno <strong>italieni<\/strong>.<\/p>\n<p style=\"text-align: justify;\">Partiamo da Montale!<\/p>","protected":false},"excerpt":{"rendered":"<p>di Massimo Cappelli Febbraio 2013 Diciamoci la verit\u00e0, un po\u2019 di strizza per\u00f2 s\u2019\u00e8 avuta eh? Alzi la mano chi non ha passato il ventuno dicembre scorso in famiglia, della serie \u201cse succeder\u00e0 veramente, voglio condividere con i miei anche la fine del mondo!\u201d E invece siamo ancora qua, a met\u00e0 febbraio 2013, a [&hellip;]<\/p>","protected":false},"author":7,"featured_media":0,"comment_status":"open","ping_status":"open","sticky":false,"template":"","format":"standard","meta":{"footnotes":""},"categories":[24,7],"tags":[91,995,109,113,114,126],"class_list":["post-2183","post","type-post","status-publish","format-standard","hentry","category-concludendo-qt","category-mt","tag-il-montalese","tag-mt","tag-montalese","tag-noidiqua","tag-noidiqua-il-montalese","tag-redazionale"],"yoast_head":"<!-- This site is optimized with the Yoast SEO plugin v25.5 - https:\/\/yoast.com\/wordpress\/plugins\/seo\/ -->\n<title>Profezia Maya\u2026 punto e a capo! - Noi di Qua Testata giornalistica e di attualit\u00e0 di Agliana, Montale e Quarrata.<\/title>\n<meta name=\"robots\" content=\"index, follow, max-snippet:-1, max-image-preview:large, max-video-preview:-1\" \/>\n<link rel=\"canonical\" href=\"https:\/\/www.noidiqua.it\/Montale\/profezia-maya-punto-e-a-capo\/\" \/>\n<meta property=\"og:locale\" content=\"it_IT\" \/>\n<meta property=\"og:type\" content=\"article\" \/>\n<meta property=\"og:title\" content=\"Profezia Maya\u2026 punto e a capo! - Noi di Qua Testata giornalistica e di attualit\u00e0 di Agliana, Montale e Quarrata.\" \/>\n<meta property=\"og:description\" content=\"di Massimo Cappelli Febbraio 2013 Diciamoci la verit\u00e0, un po\u2019 di strizza per\u00f2 s\u2019\u00e8 avuta eh? Alzi la mano chi non ha passato il ventuno dicembre scorso in famiglia, della serie \u201cse succeder\u00e0 veramente, voglio condividere con i miei anche la fine del mondo!\u201d E invece siamo ancora qua, a met\u00e0 febbraio 2013, a [&hellip;]\" \/>\n<meta property=\"og:url\" content=\"https:\/\/www.noidiqua.it\/Montale\/profezia-maya-punto-e-a-capo\/\" \/>\n<meta property=\"og:site_name\" content=\"Noi di Qua Testata giornalistica e di attualit\u00e0 di Agliana, Montale e Quarrata.\" \/>\n<meta property=\"article:publisher\" content=\"https:\/\/www.facebook.com\/noidiqua.trimestrale\/\" \/>\n<meta property=\"article:published_time\" content=\"2013-02-06T09:16:48+00:00\" \/>\n<meta property=\"article:modified_time\" content=\"2023-02-06T09:34:53+00:00\" \/>\n<meta property=\"og:image\" content=\"https:\/\/www.noidiqua.it\/Montale\/wp-content\/uploads\/2013\/02\/maya-kalender.png\" \/>\n<meta name=\"author\" content=\"Massimo Cappelli\" \/>\n<meta name=\"twitter:label1\" content=\"Scritto da\" \/>\n\t<meta name=\"twitter:data1\" content=\"Massimo Cappelli\" \/>\n\t<meta name=\"twitter:label2\" content=\"Tempo di lettura stimato\" \/>\n\t<meta name=\"twitter:data2\" content=\"4 minuti\" \/>\n<script type=\"application\/ld+json\" class=\"yoast-schema-graph\">{\"@context\":\"https:\/\/schema.org\",\"@graph\":[{\"@type\":\"WebPage\",\"@id\":\"https:\/\/www.noidiqua.it\/Montale\/profezia-maya-punto-e-a-capo\/\",\"url\":\"https:\/\/www.noidiqua.it\/Montale\/profezia-maya-punto-e-a-capo\/\",\"name\":\"Profezia Maya\u2026 punto e a capo! - Noi di Qua Testata giornalistica e di attualit\u00e0 di Agliana, Montale e Quarrata.\",\"isPartOf\":{\"@id\":\"https:\/\/www.noidiqua.it\/Montale\/#website\"},\"primaryImageOfPage\":{\"@id\":\"https:\/\/www.noidiqua.it\/Montale\/profezia-maya-punto-e-a-capo\/#primaryimage\"},\"image\":{\"@id\":\"https:\/\/www.noidiqua.it\/Montale\/profezia-maya-punto-e-a-capo\/#primaryimage\"},\"thumbnailUrl\":\"https:\/\/www.noidiqua.it\/Montale\/wp-content\/uploads\/2013\/02\/maya-kalender.png\",\"datePublished\":\"2013-02-06T09:16:48+00:00\",\"dateModified\":\"2023-02-06T09:34:53+00:00\",\"author\":{\"@id\":\"https:\/\/www.noidiqua.it\/Montale\/#\/schema\/person\/858b1b9db61101126e5ded39f94daedb\"},\"breadcrumb\":{\"@id\":\"https:\/\/www.noidiqua.it\/Montale\/profezia-maya-punto-e-a-capo\/#breadcrumb\"},\"inLanguage\":\"it-IT\",\"potentialAction\":[{\"@type\":\"ReadAction\",\"target\":[\"https:\/\/www.noidiqua.it\/Montale\/profezia-maya-punto-e-a-capo\/\"]}]},{\"@type\":\"ImageObject\",\"inLanguage\":\"it-IT\",\"@id\":\"https:\/\/www.noidiqua.it\/Montale\/profezia-maya-punto-e-a-capo\/#primaryimage\",\"url\":\"https:\/\/www.noidiqua.it\/Montale\/wp-content\/uploads\/2013\/02\/maya-kalender.png\",\"contentUrl\":\"https:\/\/www.noidiqua.it\/Montale\/wp-content\/uploads\/2013\/02\/maya-kalender.png\",\"width\":500,\"height\":386},{\"@type\":\"BreadcrumbList\",\"@id\":\"https:\/\/www.noidiqua.it\/Montale\/profezia-maya-punto-e-a-capo\/#breadcrumb\",\"itemListElement\":[{\"@type\":\"ListItem\",\"position\":1,\"name\":\"Home\",\"item\":\"https:\/\/www.noidiqua.it\/Montale\/\"},{\"@type\":\"ListItem\",\"position\":2,\"name\":\"Profezia Maya\u2026 punto e a capo!\"}]},{\"@type\":\"WebSite\",\"@id\":\"https:\/\/www.noidiqua.it\/Montale\/#website\",\"url\":\"https:\/\/www.noidiqua.it\/Montale\/\",\"name\":\"Noi di Qua Testata giornalistica e di attualit\u00e0 di Agliana, Montale e Quarrata.\",\"description\":\"Testata Giornalistica Quarrata Montale Agliana\",\"potentialAction\":[{\"@type\":\"SearchAction\",\"target\":{\"@type\":\"EntryPoint\",\"urlTemplate\":\"https:\/\/www.noidiqua.it\/Montale\/?s={search_term_string}\"},\"query-input\":{\"@type\":\"PropertyValueSpecification\",\"valueRequired\":true,\"valueName\":\"search_term_string\"}}],\"inLanguage\":\"it-IT\"},{\"@type\":\"Person\",\"@id\":\"https:\/\/www.noidiqua.it\/Montale\/#\/schema\/person\/858b1b9db61101126e5ded39f94daedb\",\"name\":\"Massimo Cappelli\",\"image\":{\"@type\":\"ImageObject\",\"inLanguage\":\"it-IT\",\"@id\":\"https:\/\/www.noidiqua.it\/Montale\/#\/schema\/person\/image\/\",\"url\":\"https:\/\/secure.gravatar.com\/avatar\/0e7261535228aa9bb0417ab8f42f3fadaf8ce23bdfde46c689c43410a676cfa9?s=96&d=mm&r=g\",\"contentUrl\":\"https:\/\/secure.gravatar.com\/avatar\/0e7261535228aa9bb0417ab8f42f3fadaf8ce23bdfde46c689c43410a676cfa9?s=96&d=mm&r=g\",\"caption\":\"Massimo Cappelli\"},\"url\":\"https:\/\/www.noidiqua.it\/Montale\/author\/massimo-cappelli\/\"}]}<\/script>\n<!-- \/ Yoast SEO plugin. -->","yoast_head_json":{"title":"Profezia Maya\u2026 punto e a capo! - Noi di Qua Testata giornalistica e di attualit\u00e0 di Agliana, Montale e Quarrata.","robots":{"index":"index","follow":"follow","max-snippet":"max-snippet:-1","max-image-preview":"max-image-preview:large","max-video-preview":"max-video-preview:-1"},"canonical":"https:\/\/www.noidiqua.it\/Montale\/profezia-maya-punto-e-a-capo\/","og_locale":"it_IT","og_type":"article","og_title":"Profezia Maya\u2026 punto e a capo! - Noi di Qua Testata giornalistica e di attualit\u00e0 di Agliana, Montale e Quarrata.","og_description":"di Massimo Cappelli Febbraio 2013 Diciamoci la verit\u00e0, un po\u2019 di strizza per\u00f2 s\u2019\u00e8 avuta eh? Alzi la mano chi non ha passato il ventuno dicembre scorso in famiglia, della serie \u201cse succeder\u00e0 veramente, voglio condividere con i miei anche la fine del mondo!\u201d E invece siamo ancora qua, a met\u00e0 febbraio 2013, a [&hellip;]","og_url":"https:\/\/www.noidiqua.it\/Montale\/profezia-maya-punto-e-a-capo\/","og_site_name":"Noi di Qua Testata giornalistica e di attualit\u00e0 di Agliana, Montale e Quarrata.","article_publisher":"https:\/\/www.facebook.com\/noidiqua.trimestrale\/","article_published_time":"2013-02-06T09:16:48+00:00","article_modified_time":"2023-02-06T09:34:53+00:00","og_image":[{"url":"https:\/\/www.noidiqua.it\/Montale\/wp-content\/uploads\/2013\/02\/maya-kalender.png","type":"","width":"","height":""}],"author":"Massimo Cappelli","twitter_misc":{"Scritto da":"Massimo Cappelli","Tempo di lettura stimato":"4 minuti"},"schema":{"@context":"https:\/\/schema.org","@graph":[{"@type":"WebPage","@id":"https:\/\/www.noidiqua.it\/Montale\/profezia-maya-punto-e-a-capo\/","url":"https:\/\/www.noidiqua.it\/Montale\/profezia-maya-punto-e-a-capo\/","name":"Profezia Maya\u2026 punto e a capo! - Noi di Qua Testata giornalistica e di attualit\u00e0 di Agliana, Montale e Quarrata.","isPartOf":{"@id":"https:\/\/www.noidiqua.it\/Montale\/#website"},"primaryImageOfPage":{"@id":"https:\/\/www.noidiqua.it\/Montale\/profezia-maya-punto-e-a-capo\/#primaryimage"},"image":{"@id":"https:\/\/www.noidiqua.it\/Montale\/profezia-maya-punto-e-a-capo\/#primaryimage"},"thumbnailUrl":"https:\/\/www.noidiqua.it\/Montale\/wp-content\/uploads\/2013\/02\/maya-kalender.png","datePublished":"2013-02-06T09:16:48+00:00","dateModified":"2023-02-06T09:34:53+00:00","author":{"@id":"https:\/\/www.noidiqua.it\/Montale\/#\/schema\/person\/858b1b9db61101126e5ded39f94daedb"},"breadcrumb":{"@id":"https:\/\/www.noidiqua.it\/Montale\/profezia-maya-punto-e-a-capo\/#breadcrumb"},"inLanguage":"it-IT","potentialAction":[{"@type":"ReadAction","target":["https:\/\/www.noidiqua.it\/Montale\/profezia-maya-punto-e-a-capo\/"]}]},{"@type":"ImageObject","inLanguage":"it-IT","@id":"https:\/\/www.noidiqua.it\/Montale\/profezia-maya-punto-e-a-capo\/#primaryimage","url":"https:\/\/www.noidiqua.it\/Montale\/wp-content\/uploads\/2013\/02\/maya-kalender.png","contentUrl":"https:\/\/www.noidiqua.it\/Montale\/wp-content\/uploads\/2013\/02\/maya-kalender.png","width":500,"height":386},{"@type":"BreadcrumbList","@id":"https:\/\/www.noidiqua.it\/Montale\/profezia-maya-punto-e-a-capo\/#breadcrumb","itemListElement":[{"@type":"ListItem","position":1,"name":"Home","item":"https:\/\/www.noidiqua.it\/Montale\/"},{"@type":"ListItem","position":2,"name":"Profezia Maya\u2026 punto e a capo!"}]},{"@type":"WebSite","@id":"https:\/\/www.noidiqua.it\/Montale\/#website","url":"https:\/\/www.noidiqua.it\/Montale\/","name":"Noi di Qua Testata giornalistica e di attualit\u00e0 di Agliana, Montale e Quarrata.","description":"Testata Giornalistica Quarrata Montale Agliana","potentialAction":[{"@type":"SearchAction","target":{"@type":"EntryPoint","urlTemplate":"https:\/\/www.noidiqua.it\/Montale\/?s={search_term_string}"},"query-input":{"@type":"PropertyValueSpecification","valueRequired":true,"valueName":"search_term_string"}}],"inLanguage":"it-IT"},{"@type":"Person","@id":"https:\/\/www.noidiqua.it\/Montale\/#\/schema\/person\/858b1b9db61101126e5ded39f94daedb","name":"Massimo Cappelli","image":{"@type":"ImageObject","inLanguage":"it-IT","@id":"https:\/\/www.noidiqua.it\/Montale\/#\/schema\/person\/image\/","url":"https:\/\/secure.gravatar.com\/avatar\/0e7261535228aa9bb0417ab8f42f3fadaf8ce23bdfde46c689c43410a676cfa9?s=96&d=mm&r=g","contentUrl":"https:\/\/secure.gravatar.com\/avatar\/0e7261535228aa9bb0417ab8f42f3fadaf8ce23bdfde46c689c43410a676cfa9?s=96&d=mm&r=g","caption":"Massimo Cappelli"},"url":"https:\/\/www.noidiqua.it\/Montale\/author\/massimo-cappelli\/"}]}},"_links":{"self":[{"href":"https:\/\/www.noidiqua.it\/Montale\/wp-json\/wp\/v2\/posts\/2183","targetHints":{"allow":["GET"]}}],"collection":[{"href":"https:\/\/www.noidiqua.it\/Montale\/wp-json\/wp\/v2\/posts"}],"about":[{"href":"https:\/\/www.noidiqua.it\/Montale\/wp-json\/wp\/v2\/types\/post"}],"author":[{"embeddable":true,"href":"https:\/\/www.noidiqua.it\/Montale\/wp-json\/wp\/v2\/users\/7"}],"replies":[{"embeddable":true,"href":"https:\/\/www.noidiqua.it\/Montale\/wp-json\/wp\/v2\/comments?post=2183"}],"version-history":[{"count":4,"href":"https:\/\/www.noidiqua.it\/Montale\/wp-json\/wp\/v2\/posts\/2183\/revisions"}],"predecessor-version":[{"id":7832,"href":"https:\/\/www.noidiqua.it\/Montale\/wp-json\/wp\/v2\/posts\/2183\/revisions\/7832"}],"wp:attachment":[{"href":"https:\/\/www.noidiqua.it\/Montale\/wp-json\/wp\/v2\/media?parent=2183"}],"wp:term":[{"taxonomy":"category","embeddable":true,"href":"https:\/\/www.noidiqua.it\/Montale\/wp-json\/wp\/v2\/categories?post=2183"},{"taxonomy":"post_tag","embeddable":true,"href":"https:\/\/www.noidiqua.it\/Montale\/wp-json\/wp\/v2\/tags?post=2183"}],"curies":[{"name":"wp","href":"https:\/\/api.w.org\/{rel}","templated":true}]}}