{"id":2273,"date":"2013-05-07T13:24:53","date_gmt":"2013-05-07T13:24:53","guid":{"rendered":"https:\/\/www.noidiqua.it\/Montale\/?p=2273"},"modified":"2023-02-02T09:56:53","modified_gmt":"2023-02-02T08:56:53","slug":"centro-ascolto-caritas-montale","status":"publish","type":"post","link":"https:\/\/www.noidiqua.it\/Montale\/centro-ascolto-caritas-montale\/","title":{"rendered":"Centro Ascolto Caritas Montale"},"content":{"rendered":"<p><em>di Marco Bagnoli. Foto: <a href=\"http:\/\/www.bellinigabriele.it\">Gabriele Bellini<\/a><br \/>\n<\/em><\/p>\n<p><em>maggio 2013<\/em><\/p>\n<p><a href=\"https:\/\/www.noidiqua.it\/Montale\/wp-content\/uploads\/2013\/05\/caritas-1.png\" rel=\"wp-prettyPhoto[2273]\"><img loading=\"lazy\" decoding=\"async\" class=\"aligncenter size-full wp-image-7758\" src=\"https:\/\/www.noidiqua.it\/Montale\/wp-content\/uploads\/2013\/05\/caritas-1.png\" alt=\"\" width=\"495\" height=\"326\" srcset=\"https:\/\/www.noidiqua.it\/Montale\/wp-content\/uploads\/2013\/05\/caritas-1.png 495w, https:\/\/www.noidiqua.it\/Montale\/wp-content\/uploads\/2013\/05\/caritas-1-300x198.png 300w\" sizes=\"auto, (max-width: 495px) 100vw, 495px\" \/><\/a><\/p>\n<p>Abbiamo incontrato <strong>don Paolo Firindelli<\/strong> per farci raccontare come funziona la <strong>Caritas di Montale<\/strong>. La cronaca di questa crisi economica \u00e8 ormai un vero e proprio bollettino di guerra, che sembra colpire ogni giorno sempre pi\u00f9 da vicino; i segni di questo scontro scendono gi\u00f9 dai titoli dei giornali e ci camminano incontro \u2013 molti di questi sono dei perfetti estranei, altri no.<\/p>\n<p style=\"text-align: justify;\">La Caritas di Montale si muove all\u2019interno dell\u2019ampio organismo della Caritas diocesana di <strong>Pistoia<\/strong>, una realt\u00e0 esistente da dodici anni, che estende la sua attivit\u00e0 su un territorio ancora pi\u00f9 esteso di quello della provincia, comprendendo anche alcune localit\u00e0 nei dintorni di <strong>Prato<\/strong> e<strong> Firenze<\/strong>. La sede che fa riferimento alla propositura di <strong>San Giovanni Evangelista<\/strong> \u00e8 sorta da poco pi\u00f9 di un anno, forse in quello che non \u00e8 esagerato definire l\u2019occhio del ciclone di questa sciagurata congiuntura internazionale, quando anche i politici in televisione hanno smesso di considerarla una specie di inopportuna superstizione popolare e sulla parola \u201ccrisi\u201d hanno sperimentato i loro incantesimi elettorali. Qualcuno a questo punto potrebbe suggerire che anche un organismo di emanazione ecclesiastica avrebbe al massimo invocato una benedizione, o tentato un esorcismo; gli uomini e le donne che operano per far funzionare la Caritas sono invece del tutto sprovviste di trucchi, possiedono solo quel sapere antico chiamato solidariet\u00e0. L\u2019attivit\u00e0 principale del Centro di ascolto \u00e8 appunto quella di prestare attenzione alle diverse situazioni di disagio sociale, in modo da individuare al meglio problematiche e soluzioni; la semplice distribuzione di beni di necessit\u00e0 \u00e8 infatti un passaggio successivo a quello dell\u2019accoglienza e dell\u2019analisi, e non \u00e8 nemmeno l\u2019ultimo, dal momento che l\u2019elemento forte di tutto il meccanismo \u00e8 la costruzione di un rapporto continuativo e di una fiducia, cosa ancor pi\u00f9 determinante quando si \u00e8 in difficolt\u00e0. \u00c8 per questo che ogni singolo centro della diocesi \u00e8 collegato in una rete che consenta un efficiente monitoraggio della realt\u00e0 del territorio.<\/p>\n<p><a href=\"https:\/\/www.noidiqua.it\/Montale\/wp-content\/uploads\/2013\/05\/caritas-2.png\" rel=\"wp-prettyPhoto[2273]\"><img loading=\"lazy\" decoding=\"async\" class=\"aligncenter size-full wp-image-7759\" src=\"https:\/\/www.noidiqua.it\/Montale\/wp-content\/uploads\/2013\/05\/caritas-2.png\" alt=\"\" width=\"328\" height=\"399\" srcset=\"https:\/\/www.noidiqua.it\/Montale\/wp-content\/uploads\/2013\/05\/caritas-2.png 328w, https:\/\/www.noidiqua.it\/Montale\/wp-content\/uploads\/2013\/05\/caritas-2-247x300.png 247w\" sizes=\"auto, (max-width: 328px) 100vw, 328px\" \/><\/a><\/p>\n<p style=\"text-align: justify;\">La sede di Montale si \u00e8 inserita in questo percorso quando un dato falsamente rassicurante si era ormai drasticamente modificato: stiamo parlando della composizione del bacino di utenza, fino al 2009, costituito per circa il 70% da stranieri, e da allora equamente ripartito 50-50 con il numero degli italiani. Chi si rivolge al centro di ascolto pu\u00f2 inoltre far affidamento su una consulenza legale, per tutto quello che riguarda le difficolt\u00e0 finanziarie, dalle bollette allo sfratto. L\u2019attivit\u00e0 viene portata avanti in stretta sinergia con le istituzioni pubbliche, permettendo al centro di aggiungere le pietanze non distribuite nel circuito delle mense comunali al consueto magazzino di alimenti a lunga conservazione \u2013 anche questo un segno dei tempi, una risorsa, quella del \u201cfresco\u201d, fino a poco tempo fa nemmeno presa in considerazione da centri Caritas di pi\u00f9 estesa esperienza, come quello di Agliana, uno dei primi della diocesi.<\/p>\n<p style=\"text-align: justify;\">La collaborazione funziona anche con la <strong>Coop<\/strong> locale, che provvede ad offrire il fresco invenduto e l\u2019inscatolato prossimo alla scadenza: il flusso di utenza del centro Caritas \u00e8 infatti costante e le 130 persone complessivamente sostenute, ripartite in nuclei familiari pi\u00f9 o meno estesi, non sono che il vertice pi\u00f9 disagiato di un iceberg umano comunque socialmente ansioso. Se le amministrazioni comunali sono anch\u2019esse in difficolt\u00e0 finanziarie, non per questo la Caritas pu\u00f2 tirarsi indietro, e infatti il centro della propositura di Montale accoglie indistintamente anche gli individui delle altre parrocchie del comprensorio, nonostante le raccolte di fondi, vestiario e alimenti siano disgiunti per ciascuna realt\u00e0. Don Paolo, parroco dal 2009, non pu\u00f2 che confidare nella bont\u00e0 della direzione intrapresa, quella della solidariet\u00e0, che si evidenzia anche nelle attivit\u00e0 del doposcuola, da lui promosso con qualche titubanza e invece accolto con grande entusiasmo dai 60 volontari \u2013 universitari, professori ed ex insegnanti \u2013 che si impegnano costantemente a fianco dei 200 alunni delle elementari e delle medie: la \u201ccaritas\u201d \u00e8 ci\u00f2 che fa camminare la Fede, e quindi la Chiesa, che, altrimenti, sarebbe zoppa.<\/p>","protected":false},"excerpt":{"rendered":"<p>di Marco Bagnoli. Foto: Gabriele Bellini maggio 2013 Abbiamo incontrato don Paolo Firindelli per farci raccontare come funziona la Caritas di Montale. La cronaca di questa crisi economica \u00e8 ormai un vero e proprio bollettino di guerra, che sembra colpire ogni giorno sempre pi\u00f9 da vicino; i segni di questo scontro scendono gi\u00f9 dai [&hellip;]<\/p>","protected":false},"author":3,"featured_media":0,"comment_status":"open","ping_status":"open","sticky":false,"template":"","format":"standard","meta":{"footnotes":""},"categories":[7,12],"tags":[81,91,107,995,109,113,114,121],"class_list":["post-2273","post","type-post","status-publish","format-standard","hentry","category-mt","category-solidarieta-qt","tag-gente-di-qua","tag-il-montalese","tag-misericordia","tag-mt","tag-montalese","tag-noidiqua","tag-noidiqua-il-montalese","tag-per-gli-altri"],"yoast_head":"<!-- This site is optimized with the Yoast SEO plugin v25.5 - https:\/\/yoast.com\/wordpress\/plugins\/seo\/ -->\n<title>Centro Ascolto Caritas Montale - Noi di Qua Testata giornalistica e di attualit\u00e0 di Agliana, Montale e Quarrata.<\/title>\n<meta name=\"robots\" content=\"index, follow, max-snippet:-1, max-image-preview:large, max-video-preview:-1\" \/>\n<link rel=\"canonical\" href=\"https:\/\/www.noidiqua.it\/Montale\/centro-ascolto-caritas-montale\/\" \/>\n<meta property=\"og:locale\" content=\"it_IT\" \/>\n<meta property=\"og:type\" content=\"article\" \/>\n<meta property=\"og:title\" content=\"Centro Ascolto Caritas Montale - Noi di Qua Testata giornalistica e di attualit\u00e0 di Agliana, Montale e Quarrata.\" \/>\n<meta property=\"og:description\" content=\"di Marco Bagnoli. Foto: Gabriele Bellini maggio 2013 Abbiamo incontrato don Paolo Firindelli per farci raccontare come funziona la Caritas di Montale. La cronaca di questa crisi economica \u00e8 ormai un vero e proprio bollettino di guerra, che sembra colpire ogni giorno sempre pi\u00f9 da vicino; i segni di questo scontro scendono gi\u00f9 dai [&hellip;]\" \/>\n<meta property=\"og:url\" content=\"https:\/\/www.noidiqua.it\/Montale\/centro-ascolto-caritas-montale\/\" \/>\n<meta property=\"og:site_name\" content=\"Noi di Qua Testata giornalistica e di attualit\u00e0 di Agliana, Montale e Quarrata.\" \/>\n<meta property=\"article:publisher\" content=\"https:\/\/www.facebook.com\/noidiqua.trimestrale\/\" \/>\n<meta property=\"article:published_time\" content=\"2013-05-07T13:24:53+00:00\" \/>\n<meta property=\"article:modified_time\" content=\"2023-02-02T08:56:53+00:00\" \/>\n<meta property=\"og:image\" content=\"https:\/\/www.noidiqua.it\/Montale\/wp-content\/uploads\/2013\/05\/caritas-1.png\" \/>\n<meta name=\"author\" content=\"Marco Bagnoli\" \/>\n<meta name=\"twitter:label1\" content=\"Scritto da\" \/>\n\t<meta name=\"twitter:data1\" content=\"Marco Bagnoli\" \/>\n\t<meta name=\"twitter:label2\" content=\"Tempo di lettura stimato\" \/>\n\t<meta name=\"twitter:data2\" content=\"4 minuti\" \/>\n<script type=\"application\/ld+json\" class=\"yoast-schema-graph\">{\"@context\":\"https:\/\/schema.org\",\"@graph\":[{\"@type\":\"WebPage\",\"@id\":\"https:\/\/www.noidiqua.it\/Montale\/centro-ascolto-caritas-montale\/\",\"url\":\"https:\/\/www.noidiqua.it\/Montale\/centro-ascolto-caritas-montale\/\",\"name\":\"Centro Ascolto Caritas Montale - Noi di Qua Testata giornalistica e di attualit\u00e0 di Agliana, Montale e Quarrata.\",\"isPartOf\":{\"@id\":\"https:\/\/www.noidiqua.it\/Montale\/#website\"},\"primaryImageOfPage\":{\"@id\":\"https:\/\/www.noidiqua.it\/Montale\/centro-ascolto-caritas-montale\/#primaryimage\"},\"image\":{\"@id\":\"https:\/\/www.noidiqua.it\/Montale\/centro-ascolto-caritas-montale\/#primaryimage\"},\"thumbnailUrl\":\"https:\/\/www.noidiqua.it\/Montale\/wp-content\/uploads\/2013\/05\/caritas-1.png\",\"datePublished\":\"2013-05-07T13:24:53+00:00\",\"dateModified\":\"2023-02-02T08:56:53+00:00\",\"author\":{\"@id\":\"https:\/\/www.noidiqua.it\/Montale\/#\/schema\/person\/4e183cb0c6d7951e716a876aa702e1a2\"},\"breadcrumb\":{\"@id\":\"https:\/\/www.noidiqua.it\/Montale\/centro-ascolto-caritas-montale\/#breadcrumb\"},\"inLanguage\":\"it-IT\",\"potentialAction\":[{\"@type\":\"ReadAction\",\"target\":[\"https:\/\/www.noidiqua.it\/Montale\/centro-ascolto-caritas-montale\/\"]}]},{\"@type\":\"ImageObject\",\"inLanguage\":\"it-IT\",\"@id\":\"https:\/\/www.noidiqua.it\/Montale\/centro-ascolto-caritas-montale\/#primaryimage\",\"url\":\"https:\/\/www.noidiqua.it\/Montale\/wp-content\/uploads\/2013\/05\/caritas-1.png\",\"contentUrl\":\"https:\/\/www.noidiqua.it\/Montale\/wp-content\/uploads\/2013\/05\/caritas-1.png\",\"width\":495,\"height\":326},{\"@type\":\"BreadcrumbList\",\"@id\":\"https:\/\/www.noidiqua.it\/Montale\/centro-ascolto-caritas-montale\/#breadcrumb\",\"itemListElement\":[{\"@type\":\"ListItem\",\"position\":1,\"name\":\"Home\",\"item\":\"https:\/\/www.noidiqua.it\/Montale\/\"},{\"@type\":\"ListItem\",\"position\":2,\"name\":\"Centro Ascolto Caritas Montale\"}]},{\"@type\":\"WebSite\",\"@id\":\"https:\/\/www.noidiqua.it\/Montale\/#website\",\"url\":\"https:\/\/www.noidiqua.it\/Montale\/\",\"name\":\"Noi di Qua Testata giornalistica e di attualit\u00e0 di Agliana, Montale e Quarrata.\",\"description\":\"Testata Giornalistica Quarrata Montale Agliana\",\"potentialAction\":[{\"@type\":\"SearchAction\",\"target\":{\"@type\":\"EntryPoint\",\"urlTemplate\":\"https:\/\/www.noidiqua.it\/Montale\/?s={search_term_string}\"},\"query-input\":{\"@type\":\"PropertyValueSpecification\",\"valueRequired\":true,\"valueName\":\"search_term_string\"}}],\"inLanguage\":\"it-IT\"},{\"@type\":\"Person\",\"@id\":\"https:\/\/www.noidiqua.it\/Montale\/#\/schema\/person\/4e183cb0c6d7951e716a876aa702e1a2\",\"name\":\"Marco Bagnoli\",\"image\":{\"@type\":\"ImageObject\",\"inLanguage\":\"it-IT\",\"@id\":\"https:\/\/www.noidiqua.it\/Montale\/#\/schema\/person\/image\/\",\"url\":\"https:\/\/secure.gravatar.com\/avatar\/73ace53724c50db9c48af54756f17b7cdb015a9d8d2c08c7e04e480539a94eee?s=96&d=mm&r=g\",\"contentUrl\":\"https:\/\/secure.gravatar.com\/avatar\/73ace53724c50db9c48af54756f17b7cdb015a9d8d2c08c7e04e480539a94eee?s=96&d=mm&r=g\",\"caption\":\"Marco Bagnoli\"},\"url\":\"https:\/\/www.noidiqua.it\/Montale\/author\/marco-bagnoli\/\"}]}<\/script>\n<!-- \/ Yoast SEO plugin. -->","yoast_head_json":{"title":"Centro Ascolto Caritas Montale - Noi di Qua Testata giornalistica e di attualit\u00e0 di Agliana, Montale e Quarrata.","robots":{"index":"index","follow":"follow","max-snippet":"max-snippet:-1","max-image-preview":"max-image-preview:large","max-video-preview":"max-video-preview:-1"},"canonical":"https:\/\/www.noidiqua.it\/Montale\/centro-ascolto-caritas-montale\/","og_locale":"it_IT","og_type":"article","og_title":"Centro Ascolto Caritas Montale - Noi di Qua Testata giornalistica e di attualit\u00e0 di Agliana, Montale e Quarrata.","og_description":"di Marco Bagnoli. Foto: Gabriele Bellini maggio 2013 Abbiamo incontrato don Paolo Firindelli per farci raccontare come funziona la Caritas di Montale. La cronaca di questa crisi economica \u00e8 ormai un vero e proprio bollettino di guerra, che sembra colpire ogni giorno sempre pi\u00f9 da vicino; i segni di questo scontro scendono gi\u00f9 dai [&hellip;]","og_url":"https:\/\/www.noidiqua.it\/Montale\/centro-ascolto-caritas-montale\/","og_site_name":"Noi di Qua Testata giornalistica e di attualit\u00e0 di Agliana, Montale e Quarrata.","article_publisher":"https:\/\/www.facebook.com\/noidiqua.trimestrale\/","article_published_time":"2013-05-07T13:24:53+00:00","article_modified_time":"2023-02-02T08:56:53+00:00","og_image":[{"url":"https:\/\/www.noidiqua.it\/Montale\/wp-content\/uploads\/2013\/05\/caritas-1.png","type":"","width":"","height":""}],"author":"Marco Bagnoli","twitter_misc":{"Scritto da":"Marco Bagnoli","Tempo di lettura stimato":"4 minuti"},"schema":{"@context":"https:\/\/schema.org","@graph":[{"@type":"WebPage","@id":"https:\/\/www.noidiqua.it\/Montale\/centro-ascolto-caritas-montale\/","url":"https:\/\/www.noidiqua.it\/Montale\/centro-ascolto-caritas-montale\/","name":"Centro Ascolto Caritas Montale - Noi di Qua Testata giornalistica e di attualit\u00e0 di Agliana, Montale e Quarrata.","isPartOf":{"@id":"https:\/\/www.noidiqua.it\/Montale\/#website"},"primaryImageOfPage":{"@id":"https:\/\/www.noidiqua.it\/Montale\/centro-ascolto-caritas-montale\/#primaryimage"},"image":{"@id":"https:\/\/www.noidiqua.it\/Montale\/centro-ascolto-caritas-montale\/#primaryimage"},"thumbnailUrl":"https:\/\/www.noidiqua.it\/Montale\/wp-content\/uploads\/2013\/05\/caritas-1.png","datePublished":"2013-05-07T13:24:53+00:00","dateModified":"2023-02-02T08:56:53+00:00","author":{"@id":"https:\/\/www.noidiqua.it\/Montale\/#\/schema\/person\/4e183cb0c6d7951e716a876aa702e1a2"},"breadcrumb":{"@id":"https:\/\/www.noidiqua.it\/Montale\/centro-ascolto-caritas-montale\/#breadcrumb"},"inLanguage":"it-IT","potentialAction":[{"@type":"ReadAction","target":["https:\/\/www.noidiqua.it\/Montale\/centro-ascolto-caritas-montale\/"]}]},{"@type":"ImageObject","inLanguage":"it-IT","@id":"https:\/\/www.noidiqua.it\/Montale\/centro-ascolto-caritas-montale\/#primaryimage","url":"https:\/\/www.noidiqua.it\/Montale\/wp-content\/uploads\/2013\/05\/caritas-1.png","contentUrl":"https:\/\/www.noidiqua.it\/Montale\/wp-content\/uploads\/2013\/05\/caritas-1.png","width":495,"height":326},{"@type":"BreadcrumbList","@id":"https:\/\/www.noidiqua.it\/Montale\/centro-ascolto-caritas-montale\/#breadcrumb","itemListElement":[{"@type":"ListItem","position":1,"name":"Home","item":"https:\/\/www.noidiqua.it\/Montale\/"},{"@type":"ListItem","position":2,"name":"Centro Ascolto Caritas Montale"}]},{"@type":"WebSite","@id":"https:\/\/www.noidiqua.it\/Montale\/#website","url":"https:\/\/www.noidiqua.it\/Montale\/","name":"Noi di Qua Testata giornalistica e di attualit\u00e0 di Agliana, Montale e Quarrata.","description":"Testata Giornalistica Quarrata Montale Agliana","potentialAction":[{"@type":"SearchAction","target":{"@type":"EntryPoint","urlTemplate":"https:\/\/www.noidiqua.it\/Montale\/?s={search_term_string}"},"query-input":{"@type":"PropertyValueSpecification","valueRequired":true,"valueName":"search_term_string"}}],"inLanguage":"it-IT"},{"@type":"Person","@id":"https:\/\/www.noidiqua.it\/Montale\/#\/schema\/person\/4e183cb0c6d7951e716a876aa702e1a2","name":"Marco Bagnoli","image":{"@type":"ImageObject","inLanguage":"it-IT","@id":"https:\/\/www.noidiqua.it\/Montale\/#\/schema\/person\/image\/","url":"https:\/\/secure.gravatar.com\/avatar\/73ace53724c50db9c48af54756f17b7cdb015a9d8d2c08c7e04e480539a94eee?s=96&d=mm&r=g","contentUrl":"https:\/\/secure.gravatar.com\/avatar\/73ace53724c50db9c48af54756f17b7cdb015a9d8d2c08c7e04e480539a94eee?s=96&d=mm&r=g","caption":"Marco Bagnoli"},"url":"https:\/\/www.noidiqua.it\/Montale\/author\/marco-bagnoli\/"}]}},"_links":{"self":[{"href":"https:\/\/www.noidiqua.it\/Montale\/wp-json\/wp\/v2\/posts\/2273","targetHints":{"allow":["GET"]}}],"collection":[{"href":"https:\/\/www.noidiqua.it\/Montale\/wp-json\/wp\/v2\/posts"}],"about":[{"href":"https:\/\/www.noidiqua.it\/Montale\/wp-json\/wp\/v2\/types\/post"}],"author":[{"embeddable":true,"href":"https:\/\/www.noidiqua.it\/Montale\/wp-json\/wp\/v2\/users\/3"}],"replies":[{"embeddable":true,"href":"https:\/\/www.noidiqua.it\/Montale\/wp-json\/wp\/v2\/comments?post=2273"}],"version-history":[{"count":3,"href":"https:\/\/www.noidiqua.it\/Montale\/wp-json\/wp\/v2\/posts\/2273\/revisions"}],"predecessor-version":[{"id":7760,"href":"https:\/\/www.noidiqua.it\/Montale\/wp-json\/wp\/v2\/posts\/2273\/revisions\/7760"}],"wp:attachment":[{"href":"https:\/\/www.noidiqua.it\/Montale\/wp-json\/wp\/v2\/media?parent=2273"}],"wp:term":[{"taxonomy":"category","embeddable":true,"href":"https:\/\/www.noidiqua.it\/Montale\/wp-json\/wp\/v2\/categories?post=2273"},{"taxonomy":"post_tag","embeddable":true,"href":"https:\/\/www.noidiqua.it\/Montale\/wp-json\/wp\/v2\/tags?post=2273"}],"curies":[{"name":"wp","href":"https:\/\/api.w.org\/{rel}","templated":true}]}}