{"id":2324,"date":"2013-03-07T14:48:38","date_gmt":"2013-03-07T13:48:38","guid":{"rendered":"https:\/\/www.noidiqua.it\/Montale\/?p=2324"},"modified":"2025-01-16T15:18:40","modified_gmt":"2025-01-16T14:18:40","slug":"genitori-volontari-sistamano-giardino","status":"publish","type":"post","link":"https:\/\/www.noidiqua.it\/Montale\/genitori-volontari-sistamano-giardino\/","title":{"rendered":"Genitori volontari sistemano giardino"},"content":{"rendered":"<p><em>di Giacomo Bini<br \/>\n<\/em><\/p>\n<p><em>maggio 2013<\/em><\/p>\n<p><a href=\"https:\/\/www.noidiqua.it\/Montale\/wp-content\/uploads\/2013\/03\/genitori-1.png\" rel=\"wp-prettyPhoto[2324]\"><img loading=\"lazy\" decoding=\"async\" class=\"aligncenter size-full wp-image-7782\" src=\"https:\/\/www.noidiqua.it\/Montale\/wp-content\/uploads\/2013\/03\/genitori-1.png\" alt=\"\" width=\"502\" height=\"344\" srcset=\"https:\/\/www.noidiqua.it\/Montale\/wp-content\/uploads\/2013\/03\/genitori-1.png 502w, https:\/\/www.noidiqua.it\/Montale\/wp-content\/uploads\/2013\/03\/genitori-1-300x206.png 300w\" sizes=\"auto, (max-width: 502px) 100vw, 502px\" \/><\/a><\/p>\n<p style=\"text-align: justify;\">\n<p style=\"text-align: justify;\"><em>\u00abIn quel giardino devono giocare i nostri figli, se il Comune non lo mette a posto ci pensiamo da soli\u00bb<\/em>. Cos\u00ec ha ragionato un gruppo di genitori che ha risistemato il giardino della scuola dell\u2019infanzia comunale di <strong>via Vignolini<\/strong>. Sabato e domenica, con rastrello e tosaerba per spianare, livellare, seminare e mettere a dimora nuove piante. Il giardino era abbandonato e senza manutenzione da molto tempo: terreno sconnesso, erba alta, tombini in rilievo. I genitori hanno messo tutto a posto, hanno eliminato situazioni a rischio e ripulito lo scivolo e gli altri giochi, restituendo allo spazio verde un aspetto decoroso. <em>\u00abL\u2019abbiamo fatto per la sicurezza dei nostri bambini\u00bb<\/em> dicono i genitori <em>\u00abin Comune ci hanno detto che non avevano soldi per la manutenzione e allora ci siamo rimboccati le maniche\u00bb.<\/em> I commercianti del paese hanno dato una mano fornendo materiale e un contributo economico. Insomma \u00e8 stata una mobilitazione di tutta la comunit\u00e0. Oltre a pagare le tasse per avere i servizi, stavolta i cittadini &#8211; contribuenti sono passati all\u2019azione diretta.<\/p>\n<p><a href=\"https:\/\/www.noidiqua.it\/Montale\/wp-content\/uploads\/2013\/03\/genitori-3.png\" rel=\"wp-prettyPhoto[2324]\"><img loading=\"lazy\" decoding=\"async\" class=\"aligncenter size-full wp-image-7783\" src=\"https:\/\/www.noidiqua.it\/Montale\/wp-content\/uploads\/2013\/03\/genitori-3.png\" alt=\"\" width=\"499\" height=\"357\" srcset=\"https:\/\/www.noidiqua.it\/Montale\/wp-content\/uploads\/2013\/03\/genitori-3.png 499w, https:\/\/www.noidiqua.it\/Montale\/wp-content\/uploads\/2013\/03\/genitori-3-300x215.png 300w\" sizes=\"auto, (max-width: 499px) 100vw, 499px\" \/><\/a><\/p>\n<p style=\"text-align: justify;\">La necessit\u00e0 aguzza l\u2019impegno per il bene pubblico. Anche perch\u00e9 lamentarsi che il giardino \u00e8 brutto non serve a renderlo migliore, tanto vale allora fare una sudata e creare un ambiente vivibile per i propri figlioli.<em> \u00abL\u2019Amministrazione \u00e8 grata a questi genitori\u00bb<\/em> dice l\u2019assessore Giada Lunghi, intervenuta durante i lavori insieme al Sindaco David Scatragli \u00ab<em>sono un esempio per tutti, dimostrano cosa pu\u00f2 fare lo spirito di appartenenza alla comunit\u00e0. Non sono pi\u00f9 tempi di vacche grasse, ora se si vuole vivere decorosamente occorre che ognuno faccia qualcosa anche per i beni che sono di tutti\u00bb<\/em>.<\/p>\n<p><a href=\"https:\/\/www.noidiqua.it\/Montale\/wp-content\/uploads\/2013\/03\/genitori-2.png\" rel=\"wp-prettyPhoto[2324]\"><img loading=\"lazy\" decoding=\"async\" class=\"aligncenter  wp-image-7784\" src=\"https:\/\/www.noidiqua.it\/Montale\/wp-content\/uploads\/2013\/03\/genitori-2.png\" alt=\"\" width=\"445\" height=\"331\" srcset=\"https:\/\/www.noidiqua.it\/Montale\/wp-content\/uploads\/2013\/03\/genitori-2.png 501w, https:\/\/www.noidiqua.it\/Montale\/wp-content\/uploads\/2013\/03\/genitori-2-300x223.png 300w\" sizes=\"auto, (max-width: 445px) 100vw, 445px\" \/><\/a><\/p>\n<p style=\"text-align: justify;\">I genitori ringraziano i commercianti che hanno contribuito: P<strong>ierucci Agricoltura di Agliana<\/strong>, <strong>Spagnesi edilizia<\/strong>, <strong>Supermercato Votino<\/strong>, <strong>Foto Ottica Selene<\/strong>, <strong>Mesticheria Montalese<\/strong>, <strong>Arti Orafe<\/strong>, <strong>Moreno Gai calzature<\/strong>, <strong>Piero e Danilo<\/strong>, <strong>Torracchi arredamenti<\/strong>, <strong>Misterpulito<\/strong>, <strong>Lula abbigliamento<\/strong>, <strong>Il Gioiellop<\/strong>, <strong>Amadei e Baldi<\/strong>, <strong>Monelli<\/strong>, <strong>Rossini<\/strong>, <strong>Bar Azzurra<\/strong>, <strong>Cutter Viaggi<\/strong>, <strong>Sabrina e Enzo<\/strong>, <strong>Casciaro<\/strong>, <strong>Retr\u00f2<\/strong>, <strong>Il Cochino<\/strong>, <strong>Meoni Macelleria<\/strong>, <strong>Ellea Bar<\/strong>, <strong>Il Papiro<\/strong>,<strong> Gualandi Maria Grazia<\/strong>, <strong>Fata Cicciona<\/strong>.<\/p>\n<p style=\"text-align: justify;\">La cittadinanza ringrazia i genitori che hanno lavorato per migliorare un bene di tutti.<\/p>\n<p style=\"text-align: justify;\">","protected":false},"excerpt":{"rendered":"<p>di Giacomo Bini maggio 2013 \u00abIn quel giardino devono giocare i nostri figli, se il Comune non lo mette a posto ci pensiamo da soli\u00bb. Cos\u00ec ha ragionato un gruppo di genitori che ha risistemato il giardino della scuola dell\u2019infanzia comunale di via Vignolini. Sabato e domenica, con rastrello e tosaerba per spianare, livellare, [&hellip;]<\/p>","protected":false},"author":12,"featured_media":0,"comment_status":"open","ping_status":"open","sticky":false,"template":"","format":"standard","meta":{"footnotes":""},"categories":[27,7],"tags":[91,995,109,113,114,126],"class_list":["post-2324","post","type-post","status-publish","format-standard","hentry","category-fotonotizie-qt","category-mt","tag-il-montalese","tag-mt","tag-montalese","tag-noidiqua","tag-noidiqua-il-montalese","tag-redazionale"],"yoast_head":"<!-- This site is optimized with the Yoast SEO plugin v25.5 - https:\/\/yoast.com\/wordpress\/plugins\/seo\/ -->\n<title>Genitori volontari sistemano giardino - Noi di Qua Testata giornalistica e di attualit\u00e0 di Agliana, Montale e Quarrata.<\/title>\n<meta name=\"robots\" content=\"index, follow, max-snippet:-1, max-image-preview:large, max-video-preview:-1\" \/>\n<link rel=\"canonical\" href=\"https:\/\/www.noidiqua.it\/Montale\/genitori-volontari-sistamano-giardino\/\" \/>\n<meta property=\"og:locale\" content=\"it_IT\" \/>\n<meta property=\"og:type\" content=\"article\" \/>\n<meta property=\"og:title\" content=\"Genitori volontari sistemano giardino - Noi di Qua Testata giornalistica e di attualit\u00e0 di Agliana, Montale e Quarrata.\" \/>\n<meta property=\"og:description\" content=\"di Giacomo Bini maggio 2013 \u00abIn quel giardino devono giocare i nostri figli, se il Comune non lo mette a posto ci pensiamo da soli\u00bb. Cos\u00ec ha ragionato un gruppo di genitori che ha risistemato il giardino della scuola dell\u2019infanzia comunale di via Vignolini. Sabato e domenica, con rastrello e tosaerba per spianare, livellare, [&hellip;]\" \/>\n<meta property=\"og:url\" content=\"https:\/\/www.noidiqua.it\/Montale\/genitori-volontari-sistamano-giardino\/\" \/>\n<meta property=\"og:site_name\" content=\"Noi di Qua Testata giornalistica e di attualit\u00e0 di Agliana, Montale e Quarrata.\" \/>\n<meta property=\"article:publisher\" content=\"https:\/\/www.facebook.com\/noidiqua.trimestrale\/\" \/>\n<meta property=\"article:published_time\" content=\"2013-03-07T13:48:38+00:00\" \/>\n<meta property=\"article:modified_time\" content=\"2025-01-16T14:18:40+00:00\" \/>\n<meta property=\"og:image\" content=\"https:\/\/www.noidiqua.it\/Montale\/wp-content\/uploads\/2013\/03\/genitori-1.png\" \/>\n<meta name=\"author\" content=\"Giacomo Bini\" \/>\n<meta name=\"twitter:label1\" content=\"Scritto da\" \/>\n\t<meta name=\"twitter:data1\" content=\"Giacomo Bini\" \/>\n\t<meta name=\"twitter:label2\" content=\"Tempo di lettura stimato\" \/>\n\t<meta name=\"twitter:data2\" content=\"3 minuti\" \/>\n<script type=\"application\/ld+json\" class=\"yoast-schema-graph\">{\"@context\":\"https:\/\/schema.org\",\"@graph\":[{\"@type\":\"WebPage\",\"@id\":\"https:\/\/www.noidiqua.it\/Montale\/genitori-volontari-sistamano-giardino\/\",\"url\":\"https:\/\/www.noidiqua.it\/Montale\/genitori-volontari-sistamano-giardino\/\",\"name\":\"Genitori volontari sistemano giardino - Noi di Qua Testata giornalistica e di attualit\u00e0 di Agliana, Montale e Quarrata.\",\"isPartOf\":{\"@id\":\"https:\/\/www.noidiqua.it\/Montale\/#website\"},\"primaryImageOfPage\":{\"@id\":\"https:\/\/www.noidiqua.it\/Montale\/genitori-volontari-sistamano-giardino\/#primaryimage\"},\"image\":{\"@id\":\"https:\/\/www.noidiqua.it\/Montale\/genitori-volontari-sistamano-giardino\/#primaryimage\"},\"thumbnailUrl\":\"https:\/\/www.noidiqua.it\/Montale\/wp-content\/uploads\/2013\/03\/genitori-1.png\",\"datePublished\":\"2013-03-07T13:48:38+00:00\",\"dateModified\":\"2025-01-16T14:18:40+00:00\",\"author\":{\"@id\":\"https:\/\/www.noidiqua.it\/Montale\/#\/schema\/person\/e2e6f44da50af0dae9c90ad168e471a4\"},\"breadcrumb\":{\"@id\":\"https:\/\/www.noidiqua.it\/Montale\/genitori-volontari-sistamano-giardino\/#breadcrumb\"},\"inLanguage\":\"it-IT\",\"potentialAction\":[{\"@type\":\"ReadAction\",\"target\":[\"https:\/\/www.noidiqua.it\/Montale\/genitori-volontari-sistamano-giardino\/\"]}]},{\"@type\":\"ImageObject\",\"inLanguage\":\"it-IT\",\"@id\":\"https:\/\/www.noidiqua.it\/Montale\/genitori-volontari-sistamano-giardino\/#primaryimage\",\"url\":\"https:\/\/www.noidiqua.it\/Montale\/wp-content\/uploads\/2013\/03\/genitori-1.png\",\"contentUrl\":\"https:\/\/www.noidiqua.it\/Montale\/wp-content\/uploads\/2013\/03\/genitori-1.png\",\"width\":502,\"height\":344},{\"@type\":\"BreadcrumbList\",\"@id\":\"https:\/\/www.noidiqua.it\/Montale\/genitori-volontari-sistamano-giardino\/#breadcrumb\",\"itemListElement\":[{\"@type\":\"ListItem\",\"position\":1,\"name\":\"Home\",\"item\":\"https:\/\/www.noidiqua.it\/Montale\/\"},{\"@type\":\"ListItem\",\"position\":2,\"name\":\"Genitori volontari sistemano giardino\"}]},{\"@type\":\"WebSite\",\"@id\":\"https:\/\/www.noidiqua.it\/Montale\/#website\",\"url\":\"https:\/\/www.noidiqua.it\/Montale\/\",\"name\":\"Noi di Qua Testata giornalistica e di attualit\u00e0 di Agliana, Montale e Quarrata.\",\"description\":\"Testata Giornalistica Quarrata Montale Agliana\",\"potentialAction\":[{\"@type\":\"SearchAction\",\"target\":{\"@type\":\"EntryPoint\",\"urlTemplate\":\"https:\/\/www.noidiqua.it\/Montale\/?s={search_term_string}\"},\"query-input\":{\"@type\":\"PropertyValueSpecification\",\"valueRequired\":true,\"valueName\":\"search_term_string\"}}],\"inLanguage\":\"it-IT\"},{\"@type\":\"Person\",\"@id\":\"https:\/\/www.noidiqua.it\/Montale\/#\/schema\/person\/e2e6f44da50af0dae9c90ad168e471a4\",\"name\":\"Giacomo Bini\",\"image\":{\"@type\":\"ImageObject\",\"inLanguage\":\"it-IT\",\"@id\":\"https:\/\/www.noidiqua.it\/Montale\/#\/schema\/person\/image\/\",\"url\":\"https:\/\/secure.gravatar.com\/avatar\/e5c18ae41df5ae37397358f2c6046696187d51a120c5d0b8f0c49f7b606f46f4?s=96&d=mm&r=g\",\"contentUrl\":\"https:\/\/secure.gravatar.com\/avatar\/e5c18ae41df5ae37397358f2c6046696187d51a120c5d0b8f0c49f7b606f46f4?s=96&d=mm&r=g\",\"caption\":\"Giacomo Bini\"},\"url\":\"https:\/\/www.noidiqua.it\/Montale\/author\/giacomo-bini\/\"}]}<\/script>\n<!-- \/ Yoast SEO plugin. -->","yoast_head_json":{"title":"Genitori volontari sistemano giardino - Noi di Qua Testata giornalistica e di attualit\u00e0 di Agliana, Montale e Quarrata.","robots":{"index":"index","follow":"follow","max-snippet":"max-snippet:-1","max-image-preview":"max-image-preview:large","max-video-preview":"max-video-preview:-1"},"canonical":"https:\/\/www.noidiqua.it\/Montale\/genitori-volontari-sistamano-giardino\/","og_locale":"it_IT","og_type":"article","og_title":"Genitori volontari sistemano giardino - Noi di Qua Testata giornalistica e di attualit\u00e0 di Agliana, Montale e Quarrata.","og_description":"di Giacomo Bini maggio 2013 \u00abIn quel giardino devono giocare i nostri figli, se il Comune non lo mette a posto ci pensiamo da soli\u00bb. Cos\u00ec ha ragionato un gruppo di genitori che ha risistemato il giardino della scuola dell\u2019infanzia comunale di via Vignolini. Sabato e domenica, con rastrello e tosaerba per spianare, livellare, [&hellip;]","og_url":"https:\/\/www.noidiqua.it\/Montale\/genitori-volontari-sistamano-giardino\/","og_site_name":"Noi di Qua Testata giornalistica e di attualit\u00e0 di Agliana, Montale e Quarrata.","article_publisher":"https:\/\/www.facebook.com\/noidiqua.trimestrale\/","article_published_time":"2013-03-07T13:48:38+00:00","article_modified_time":"2025-01-16T14:18:40+00:00","og_image":[{"url":"https:\/\/www.noidiqua.it\/Montale\/wp-content\/uploads\/2013\/03\/genitori-1.png","type":"","width":"","height":""}],"author":"Giacomo Bini","twitter_misc":{"Scritto da":"Giacomo Bini","Tempo di lettura stimato":"3 minuti"},"schema":{"@context":"https:\/\/schema.org","@graph":[{"@type":"WebPage","@id":"https:\/\/www.noidiqua.it\/Montale\/genitori-volontari-sistamano-giardino\/","url":"https:\/\/www.noidiqua.it\/Montale\/genitori-volontari-sistamano-giardino\/","name":"Genitori volontari sistemano giardino - Noi di Qua Testata giornalistica e di attualit\u00e0 di Agliana, Montale e Quarrata.","isPartOf":{"@id":"https:\/\/www.noidiqua.it\/Montale\/#website"},"primaryImageOfPage":{"@id":"https:\/\/www.noidiqua.it\/Montale\/genitori-volontari-sistamano-giardino\/#primaryimage"},"image":{"@id":"https:\/\/www.noidiqua.it\/Montale\/genitori-volontari-sistamano-giardino\/#primaryimage"},"thumbnailUrl":"https:\/\/www.noidiqua.it\/Montale\/wp-content\/uploads\/2013\/03\/genitori-1.png","datePublished":"2013-03-07T13:48:38+00:00","dateModified":"2025-01-16T14:18:40+00:00","author":{"@id":"https:\/\/www.noidiqua.it\/Montale\/#\/schema\/person\/e2e6f44da50af0dae9c90ad168e471a4"},"breadcrumb":{"@id":"https:\/\/www.noidiqua.it\/Montale\/genitori-volontari-sistamano-giardino\/#breadcrumb"},"inLanguage":"it-IT","potentialAction":[{"@type":"ReadAction","target":["https:\/\/www.noidiqua.it\/Montale\/genitori-volontari-sistamano-giardino\/"]}]},{"@type":"ImageObject","inLanguage":"it-IT","@id":"https:\/\/www.noidiqua.it\/Montale\/genitori-volontari-sistamano-giardino\/#primaryimage","url":"https:\/\/www.noidiqua.it\/Montale\/wp-content\/uploads\/2013\/03\/genitori-1.png","contentUrl":"https:\/\/www.noidiqua.it\/Montale\/wp-content\/uploads\/2013\/03\/genitori-1.png","width":502,"height":344},{"@type":"BreadcrumbList","@id":"https:\/\/www.noidiqua.it\/Montale\/genitori-volontari-sistamano-giardino\/#breadcrumb","itemListElement":[{"@type":"ListItem","position":1,"name":"Home","item":"https:\/\/www.noidiqua.it\/Montale\/"},{"@type":"ListItem","position":2,"name":"Genitori volontari sistemano giardino"}]},{"@type":"WebSite","@id":"https:\/\/www.noidiqua.it\/Montale\/#website","url":"https:\/\/www.noidiqua.it\/Montale\/","name":"Noi di Qua Testata giornalistica e di attualit\u00e0 di Agliana, Montale e Quarrata.","description":"Testata Giornalistica Quarrata Montale Agliana","potentialAction":[{"@type":"SearchAction","target":{"@type":"EntryPoint","urlTemplate":"https:\/\/www.noidiqua.it\/Montale\/?s={search_term_string}"},"query-input":{"@type":"PropertyValueSpecification","valueRequired":true,"valueName":"search_term_string"}}],"inLanguage":"it-IT"},{"@type":"Person","@id":"https:\/\/www.noidiqua.it\/Montale\/#\/schema\/person\/e2e6f44da50af0dae9c90ad168e471a4","name":"Giacomo Bini","image":{"@type":"ImageObject","inLanguage":"it-IT","@id":"https:\/\/www.noidiqua.it\/Montale\/#\/schema\/person\/image\/","url":"https:\/\/secure.gravatar.com\/avatar\/e5c18ae41df5ae37397358f2c6046696187d51a120c5d0b8f0c49f7b606f46f4?s=96&d=mm&r=g","contentUrl":"https:\/\/secure.gravatar.com\/avatar\/e5c18ae41df5ae37397358f2c6046696187d51a120c5d0b8f0c49f7b606f46f4?s=96&d=mm&r=g","caption":"Giacomo Bini"},"url":"https:\/\/www.noidiqua.it\/Montale\/author\/giacomo-bini\/"}]}},"_links":{"self":[{"href":"https:\/\/www.noidiqua.it\/Montale\/wp-json\/wp\/v2\/posts\/2324","targetHints":{"allow":["GET"]}}],"collection":[{"href":"https:\/\/www.noidiqua.it\/Montale\/wp-json\/wp\/v2\/posts"}],"about":[{"href":"https:\/\/www.noidiqua.it\/Montale\/wp-json\/wp\/v2\/types\/post"}],"author":[{"embeddable":true,"href":"https:\/\/www.noidiqua.it\/Montale\/wp-json\/wp\/v2\/users\/12"}],"replies":[{"embeddable":true,"href":"https:\/\/www.noidiqua.it\/Montale\/wp-json\/wp\/v2\/comments?post=2324"}],"version-history":[{"count":3,"href":"https:\/\/www.noidiqua.it\/Montale\/wp-json\/wp\/v2\/posts\/2324\/revisions"}],"predecessor-version":[{"id":7785,"href":"https:\/\/www.noidiqua.it\/Montale\/wp-json\/wp\/v2\/posts\/2324\/revisions\/7785"}],"wp:attachment":[{"href":"https:\/\/www.noidiqua.it\/Montale\/wp-json\/wp\/v2\/media?parent=2324"}],"wp:term":[{"taxonomy":"category","embeddable":true,"href":"https:\/\/www.noidiqua.it\/Montale\/wp-json\/wp\/v2\/categories?post=2324"},{"taxonomy":"post_tag","embeddable":true,"href":"https:\/\/www.noidiqua.it\/Montale\/wp-json\/wp\/v2\/tags?post=2324"}],"curies":[{"name":"wp","href":"https:\/\/api.w.org\/{rel}","templated":true}]}}