{"id":2379,"date":"2013-09-05T09:07:35","date_gmt":"2013-09-05T09:07:35","guid":{"rendered":"https:\/\/www.noidiqua.it\/Montale\/?p=2379"},"modified":"2023-01-26T16:25:59","modified_gmt":"2023-01-26T15:25:59","slug":"sara-maggini","status":"publish","type":"post","link":"https:\/\/www.noidiqua.it\/Montale\/sara-maggini\/","title":{"rendered":"Sara Maggini &#8211; una ballerina montalese a Zurigo"},"content":{"rendered":"<p><em>di Giacomo Bini<br \/>\n<\/em><\/p>\n<p><em>settembre 2013<\/em><\/p>\n<p><a href=\"https:\/\/www.noidiqua.it\/Montale\/wp-content\/uploads\/2013\/09\/maggini-2.png\" rel=\"wp-prettyPhoto[2379]\"><img loading=\"lazy\" decoding=\"async\" class=\"aligncenter size-full wp-image-7705\" src=\"https:\/\/www.noidiqua.it\/Montale\/wp-content\/uploads\/2013\/09\/maggini-2.png\" alt=\"\" width=\"500\" height=\"391\" srcset=\"https:\/\/www.noidiqua.it\/Montale\/wp-content\/uploads\/2013\/09\/maggini-2.png 500w, https:\/\/www.noidiqua.it\/Montale\/wp-content\/uploads\/2013\/09\/maggini-2-300x235.png 300w\" sizes=\"auto, (max-width: 500px) 100vw, 500px\" \/><\/a><\/p>\n<p>Talento puro e passione sconfinata fanno di <strong>Sara Maggini<\/strong>, 15 anni di <strong>Tobbiana<\/strong>, una bella promessa della danza classica italiana. Sara ha superato a pieni voti il primo anno della prestigiosa <strong>Dance Academy<\/strong> di <strong>Zurigo<\/strong>, una delle migliori scuole europee, dove \u00e8 stata ammessa, unica in <strong>Toscana<\/strong>, insieme a due sole altre allieve italiane. Ora sta iniziando il suo secondo anno in una classe di dodici ragazze (lei \u00e8 la pi\u00f9 giovane del gruppo) sotto la guida dell\u2019insegnante <strong>Anna Grabka<\/strong>, una stella di primo piano della danza europea.<\/p>\n<p><a href=\"https:\/\/www.noidiqua.it\/Montale\/wp-content\/uploads\/2013\/09\/maggini-4.png\" rel=\"wp-prettyPhoto[2379]\"><img loading=\"lazy\" decoding=\"async\" class=\"aligncenter size-full wp-image-7706\" src=\"https:\/\/www.noidiqua.it\/Montale\/wp-content\/uploads\/2013\/09\/maggini-4.png\" alt=\"\" width=\"306\" height=\"394\" srcset=\"https:\/\/www.noidiqua.it\/Montale\/wp-content\/uploads\/2013\/09\/maggini-4.png 306w, https:\/\/www.noidiqua.it\/Montale\/wp-content\/uploads\/2013\/09\/maggini-4-233x300.png 233w\" sizes=\"auto, (max-width: 306px) 100vw, 306px\" \/><\/a><\/p>\n<p>La scuola zurighese \u00e8 molto rigorosa: lezioni di danza, classica e moderna, la mattina e nel pomeriggio il liceo, tutto in lingua inglese. Una giornata piena, che inizia alle 7, quando Sara parte dal Collegio in cui risiede per andare nella sede dell\u2019Accademia e termina alle 18 con il suono dell\u2019ultima campanella. Ma quando si \u00e8 mossi da una vocazione autentica come quella di Sara, anche l\u2019impegno pi\u00f9 gravoso diventa sostenibile. <em>\u00abLa mia passione si \u00e8 rafforzata dopo il primo anno a Zurigo\u00bb<\/em> dice Sara<em> \u00abla scuola \u00e8 dura ma sono felice che gli esami annuali siano andati bene e continuo con convinzione su questa strada\u00bb.<\/em> Il coronamento del primo anno di corso e forse il momento pi\u00f9 entusiasmante per Sara \u00e8 stato il saggio di fine anno tenutosi nel teatro principale di Zurigo, l\u2019<strong>Openhaus<\/strong>, davanti ad un pubblico numeroso e competente. Sara ha interpretato il celebre Lago dei Cigni in una chiave neo-classica, sotto la guida di Matiash Mrozewski, un coreografo canadese tra i pi\u00f9 apprezzati al mondo. Il saggio ha avuto due repliche nel teatro della citt\u00e0 svizzera. In sala, ad assistere alla prova di Sara, c\u2019erano anche i suoi genitori, la mamma Francesca e il babbo Gianni.<\/p>\n<p><a href=\"https:\/\/www.noidiqua.it\/Montale\/wp-content\/uploads\/2013\/09\/maggini-1.png\" rel=\"wp-prettyPhoto[2379]\"><img loading=\"lazy\" decoding=\"async\" class=\"aligncenter size-full wp-image-7707\" src=\"https:\/\/www.noidiqua.it\/Montale\/wp-content\/uploads\/2013\/09\/maggini-1.png\" alt=\"\" width=\"499\" height=\"330\" srcset=\"https:\/\/www.noidiqua.it\/Montale\/wp-content\/uploads\/2013\/09\/maggini-1.png 499w, https:\/\/www.noidiqua.it\/Montale\/wp-content\/uploads\/2013\/09\/maggini-1-300x198.png 300w\" sizes=\"auto, (max-width: 499px) 100vw, 499px\" \/><\/a><\/p>\n<p>Uno dei punti di forza di Sara \u00e8 il sostegno della sua famiglia, dai genitori al nonno Giampiero, che l\u2019hanno sempre incoraggiata e appoggiata fin da quando ha mosso i suoi primi passi di danza. Sara ha iniziato a studiare danza a sei anni presso il <strong>Centro Arte Danza<\/strong> di <strong>Pistoia<\/strong> dove ha avuto come insegnante <strong>Maria Rosaria di Sessa<\/strong>, che ha scoperto il suo talento e lo ha coltivato. Il suo curriculum, malgrado la giovane et\u00e0, \u00e8 gi\u00e0 piuttosto ricco, basti pensare al primo posto nel <strong>Concorso Internazionale Talenti in Palcoscenic<\/strong>o e nel <strong>Concorso Internazionale di Roma<\/strong> nel 2012, oppure alla borsa di studio che le era stata assegnata per la scuola di danza di <strong>Madrid Victor Ullate<\/strong>.<\/p>\n<p><a href=\"https:\/\/www.noidiqua.it\/Montale\/wp-content\/uploads\/2013\/09\/maggini-3.png\" rel=\"wp-prettyPhoto[2379]\"><img loading=\"lazy\" decoding=\"async\" class=\"aligncenter wp-image-7708\" src=\"https:\/\/www.noidiqua.it\/Montale\/wp-content\/uploads\/2013\/09\/maggini-3.png\" alt=\"\" width=\"436\" height=\"400\" srcset=\"https:\/\/www.noidiqua.it\/Montale\/wp-content\/uploads\/2013\/09\/maggini-3.png 500w, https:\/\/www.noidiqua.it\/Montale\/wp-content\/uploads\/2013\/09\/maggini-3-300x275.png 300w\" sizes=\"auto, (max-width: 436px) 100vw, 436px\" \/><\/a><\/p>\n<p>La svolta alla vita e alla carriera di Sara sono state le audizioni, nella primavera del 2012, al termine delle quali ha ottenuto l\u2019ammissione sia alla <strong>Accademia di Monaco di Bavier<\/strong>a che alla <strong>Tanz Academie di Zurigo<\/strong>. Sara ha scelto la citt\u00e0 svizzera e i risultati le danno ragione.<\/p>\n<p>&nbsp;<\/p>","protected":false},"excerpt":{"rendered":"<p>di Giacomo Bini settembre 2013 Talento puro e passione sconfinata fanno di Sara Maggini, 15 anni di Tobbiana, una bella promessa della danza classica italiana. Sara ha superato a pieni voti il primo anno della prestigiosa Dance Academy di Zurigo, una delle migliori scuole europee, dove \u00e8 stata ammessa, unica in Toscana, insieme a [&hellip;]<\/p>","protected":false},"author":12,"featured_media":0,"comment_status":"open","ping_status":"open","sticky":false,"template":"","format":"standard","meta":{"footnotes":""},"categories":[171,7,17],"tags":[91,995,109,113,114,150,151,155],"class_list":["post-2379","post","type-post","status-publish","format-standard","hentry","category-lo-sport-di-qua","category-mt","category-sport-qt","tag-il-montalese","tag-mt","tag-montalese","tag-noidiqua","tag-noidiqua-il-montalese","tag-sport","tag-sport-e-spettacolo","tag-tobbiana"],"yoast_head":"<!-- This site is optimized with the Yoast SEO plugin v25.5 - https:\/\/yoast.com\/wordpress\/plugins\/seo\/ -->\n<title>Sara Maggini - una ballerina montalese a Zurigo - Noi di Qua Testata giornalistica e di attualit\u00e0 di Agliana, Montale e Quarrata.<\/title>\n<meta name=\"robots\" content=\"index, follow, max-snippet:-1, max-image-preview:large, max-video-preview:-1\" \/>\n<link rel=\"canonical\" href=\"https:\/\/www.noidiqua.it\/Montale\/sara-maggini\/\" \/>\n<meta property=\"og:locale\" content=\"it_IT\" \/>\n<meta property=\"og:type\" content=\"article\" \/>\n<meta property=\"og:title\" content=\"Sara Maggini - una ballerina montalese a Zurigo - Noi di Qua Testata giornalistica e di attualit\u00e0 di Agliana, Montale e Quarrata.\" \/>\n<meta property=\"og:description\" content=\"di Giacomo Bini settembre 2013 Talento puro e passione sconfinata fanno di Sara Maggini, 15 anni di Tobbiana, una bella promessa della danza classica italiana. Sara ha superato a pieni voti il primo anno della prestigiosa Dance Academy di Zurigo, una delle migliori scuole europee, dove \u00e8 stata ammessa, unica in Toscana, insieme a [&hellip;]\" \/>\n<meta property=\"og:url\" content=\"https:\/\/www.noidiqua.it\/Montale\/sara-maggini\/\" \/>\n<meta property=\"og:site_name\" content=\"Noi di Qua Testata giornalistica e di attualit\u00e0 di Agliana, Montale e Quarrata.\" \/>\n<meta property=\"article:publisher\" content=\"https:\/\/www.facebook.com\/noidiqua.trimestrale\/\" \/>\n<meta property=\"article:published_time\" content=\"2013-09-05T09:07:35+00:00\" \/>\n<meta property=\"article:modified_time\" content=\"2023-01-26T15:25:59+00:00\" \/>\n<meta property=\"og:image\" content=\"https:\/\/www.noidiqua.it\/Montale\/wp-content\/uploads\/2013\/09\/maggini-2.png\" \/>\n<meta name=\"author\" content=\"Giacomo Bini\" \/>\n<meta name=\"twitter:label1\" content=\"Scritto da\" \/>\n\t<meta name=\"twitter:data1\" content=\"Giacomo Bini\" \/>\n\t<meta name=\"twitter:label2\" content=\"Tempo di lettura stimato\" \/>\n\t<meta name=\"twitter:data2\" content=\"3 minuti\" \/>\n<script type=\"application\/ld+json\" class=\"yoast-schema-graph\">{\"@context\":\"https:\/\/schema.org\",\"@graph\":[{\"@type\":\"WebPage\",\"@id\":\"https:\/\/www.noidiqua.it\/Montale\/sara-maggini\/\",\"url\":\"https:\/\/www.noidiqua.it\/Montale\/sara-maggini\/\",\"name\":\"Sara Maggini - una ballerina montalese a Zurigo - Noi di Qua Testata giornalistica e di attualit\u00e0 di Agliana, Montale e Quarrata.\",\"isPartOf\":{\"@id\":\"https:\/\/www.noidiqua.it\/Montale\/#website\"},\"primaryImageOfPage\":{\"@id\":\"https:\/\/www.noidiqua.it\/Montale\/sara-maggini\/#primaryimage\"},\"image\":{\"@id\":\"https:\/\/www.noidiqua.it\/Montale\/sara-maggini\/#primaryimage\"},\"thumbnailUrl\":\"https:\/\/www.noidiqua.it\/Montale\/wp-content\/uploads\/2013\/09\/maggini-2.png\",\"datePublished\":\"2013-09-05T09:07:35+00:00\",\"dateModified\":\"2023-01-26T15:25:59+00:00\",\"author\":{\"@id\":\"https:\/\/www.noidiqua.it\/Montale\/#\/schema\/person\/e2e6f44da50af0dae9c90ad168e471a4\"},\"breadcrumb\":{\"@id\":\"https:\/\/www.noidiqua.it\/Montale\/sara-maggini\/#breadcrumb\"},\"inLanguage\":\"it-IT\",\"potentialAction\":[{\"@type\":\"ReadAction\",\"target\":[\"https:\/\/www.noidiqua.it\/Montale\/sara-maggini\/\"]}]},{\"@type\":\"ImageObject\",\"inLanguage\":\"it-IT\",\"@id\":\"https:\/\/www.noidiqua.it\/Montale\/sara-maggini\/#primaryimage\",\"url\":\"https:\/\/www.noidiqua.it\/Montale\/wp-content\/uploads\/2013\/09\/maggini-2.png\",\"contentUrl\":\"https:\/\/www.noidiqua.it\/Montale\/wp-content\/uploads\/2013\/09\/maggini-2.png\",\"width\":500,\"height\":391},{\"@type\":\"BreadcrumbList\",\"@id\":\"https:\/\/www.noidiqua.it\/Montale\/sara-maggini\/#breadcrumb\",\"itemListElement\":[{\"@type\":\"ListItem\",\"position\":1,\"name\":\"Home\",\"item\":\"https:\/\/www.noidiqua.it\/Montale\/\"},{\"@type\":\"ListItem\",\"position\":2,\"name\":\"Sara Maggini &#8211; una ballerina montalese a Zurigo\"}]},{\"@type\":\"WebSite\",\"@id\":\"https:\/\/www.noidiqua.it\/Montale\/#website\",\"url\":\"https:\/\/www.noidiqua.it\/Montale\/\",\"name\":\"Noi di Qua Testata giornalistica e di attualit\u00e0 di Agliana, Montale e Quarrata.\",\"description\":\"Testata Giornalistica Quarrata Montale Agliana\",\"potentialAction\":[{\"@type\":\"SearchAction\",\"target\":{\"@type\":\"EntryPoint\",\"urlTemplate\":\"https:\/\/www.noidiqua.it\/Montale\/?s={search_term_string}\"},\"query-input\":{\"@type\":\"PropertyValueSpecification\",\"valueRequired\":true,\"valueName\":\"search_term_string\"}}],\"inLanguage\":\"it-IT\"},{\"@type\":\"Person\",\"@id\":\"https:\/\/www.noidiqua.it\/Montale\/#\/schema\/person\/e2e6f44da50af0dae9c90ad168e471a4\",\"name\":\"Giacomo Bini\",\"image\":{\"@type\":\"ImageObject\",\"inLanguage\":\"it-IT\",\"@id\":\"https:\/\/www.noidiqua.it\/Montale\/#\/schema\/person\/image\/\",\"url\":\"https:\/\/secure.gravatar.com\/avatar\/e5c18ae41df5ae37397358f2c6046696187d51a120c5d0b8f0c49f7b606f46f4?s=96&d=mm&r=g\",\"contentUrl\":\"https:\/\/secure.gravatar.com\/avatar\/e5c18ae41df5ae37397358f2c6046696187d51a120c5d0b8f0c49f7b606f46f4?s=96&d=mm&r=g\",\"caption\":\"Giacomo Bini\"},\"url\":\"https:\/\/www.noidiqua.it\/Montale\/author\/giacomo-bini\/\"}]}<\/script>\n<!-- \/ Yoast SEO plugin. -->","yoast_head_json":{"title":"Sara Maggini - una ballerina montalese a Zurigo - Noi di Qua Testata giornalistica e di attualit\u00e0 di Agliana, Montale e Quarrata.","robots":{"index":"index","follow":"follow","max-snippet":"max-snippet:-1","max-image-preview":"max-image-preview:large","max-video-preview":"max-video-preview:-1"},"canonical":"https:\/\/www.noidiqua.it\/Montale\/sara-maggini\/","og_locale":"it_IT","og_type":"article","og_title":"Sara Maggini - una ballerina montalese a Zurigo - Noi di Qua Testata giornalistica e di attualit\u00e0 di Agliana, Montale e Quarrata.","og_description":"di Giacomo Bini settembre 2013 Talento puro e passione sconfinata fanno di Sara Maggini, 15 anni di Tobbiana, una bella promessa della danza classica italiana. Sara ha superato a pieni voti il primo anno della prestigiosa Dance Academy di Zurigo, una delle migliori scuole europee, dove \u00e8 stata ammessa, unica in Toscana, insieme a [&hellip;]","og_url":"https:\/\/www.noidiqua.it\/Montale\/sara-maggini\/","og_site_name":"Noi di Qua Testata giornalistica e di attualit\u00e0 di Agliana, Montale e Quarrata.","article_publisher":"https:\/\/www.facebook.com\/noidiqua.trimestrale\/","article_published_time":"2013-09-05T09:07:35+00:00","article_modified_time":"2023-01-26T15:25:59+00:00","og_image":[{"url":"https:\/\/www.noidiqua.it\/Montale\/wp-content\/uploads\/2013\/09\/maggini-2.png","type":"","width":"","height":""}],"author":"Giacomo Bini","twitter_misc":{"Scritto da":"Giacomo Bini","Tempo di lettura stimato":"3 minuti"},"schema":{"@context":"https:\/\/schema.org","@graph":[{"@type":"WebPage","@id":"https:\/\/www.noidiqua.it\/Montale\/sara-maggini\/","url":"https:\/\/www.noidiqua.it\/Montale\/sara-maggini\/","name":"Sara Maggini - una ballerina montalese a Zurigo - Noi di Qua Testata giornalistica e di attualit\u00e0 di Agliana, Montale e Quarrata.","isPartOf":{"@id":"https:\/\/www.noidiqua.it\/Montale\/#website"},"primaryImageOfPage":{"@id":"https:\/\/www.noidiqua.it\/Montale\/sara-maggini\/#primaryimage"},"image":{"@id":"https:\/\/www.noidiqua.it\/Montale\/sara-maggini\/#primaryimage"},"thumbnailUrl":"https:\/\/www.noidiqua.it\/Montale\/wp-content\/uploads\/2013\/09\/maggini-2.png","datePublished":"2013-09-05T09:07:35+00:00","dateModified":"2023-01-26T15:25:59+00:00","author":{"@id":"https:\/\/www.noidiqua.it\/Montale\/#\/schema\/person\/e2e6f44da50af0dae9c90ad168e471a4"},"breadcrumb":{"@id":"https:\/\/www.noidiqua.it\/Montale\/sara-maggini\/#breadcrumb"},"inLanguage":"it-IT","potentialAction":[{"@type":"ReadAction","target":["https:\/\/www.noidiqua.it\/Montale\/sara-maggini\/"]}]},{"@type":"ImageObject","inLanguage":"it-IT","@id":"https:\/\/www.noidiqua.it\/Montale\/sara-maggini\/#primaryimage","url":"https:\/\/www.noidiqua.it\/Montale\/wp-content\/uploads\/2013\/09\/maggini-2.png","contentUrl":"https:\/\/www.noidiqua.it\/Montale\/wp-content\/uploads\/2013\/09\/maggini-2.png","width":500,"height":391},{"@type":"BreadcrumbList","@id":"https:\/\/www.noidiqua.it\/Montale\/sara-maggini\/#breadcrumb","itemListElement":[{"@type":"ListItem","position":1,"name":"Home","item":"https:\/\/www.noidiqua.it\/Montale\/"},{"@type":"ListItem","position":2,"name":"Sara Maggini &#8211; una ballerina montalese a Zurigo"}]},{"@type":"WebSite","@id":"https:\/\/www.noidiqua.it\/Montale\/#website","url":"https:\/\/www.noidiqua.it\/Montale\/","name":"Noi di Qua Testata giornalistica e di attualit\u00e0 di Agliana, Montale e Quarrata.","description":"Testata Giornalistica Quarrata Montale Agliana","potentialAction":[{"@type":"SearchAction","target":{"@type":"EntryPoint","urlTemplate":"https:\/\/www.noidiqua.it\/Montale\/?s={search_term_string}"},"query-input":{"@type":"PropertyValueSpecification","valueRequired":true,"valueName":"search_term_string"}}],"inLanguage":"it-IT"},{"@type":"Person","@id":"https:\/\/www.noidiqua.it\/Montale\/#\/schema\/person\/e2e6f44da50af0dae9c90ad168e471a4","name":"Giacomo Bini","image":{"@type":"ImageObject","inLanguage":"it-IT","@id":"https:\/\/www.noidiqua.it\/Montale\/#\/schema\/person\/image\/","url":"https:\/\/secure.gravatar.com\/avatar\/e5c18ae41df5ae37397358f2c6046696187d51a120c5d0b8f0c49f7b606f46f4?s=96&d=mm&r=g","contentUrl":"https:\/\/secure.gravatar.com\/avatar\/e5c18ae41df5ae37397358f2c6046696187d51a120c5d0b8f0c49f7b606f46f4?s=96&d=mm&r=g","caption":"Giacomo Bini"},"url":"https:\/\/www.noidiqua.it\/Montale\/author\/giacomo-bini\/"}]}},"_links":{"self":[{"href":"https:\/\/www.noidiqua.it\/Montale\/wp-json\/wp\/v2\/posts\/2379","targetHints":{"allow":["GET"]}}],"collection":[{"href":"https:\/\/www.noidiqua.it\/Montale\/wp-json\/wp\/v2\/posts"}],"about":[{"href":"https:\/\/www.noidiqua.it\/Montale\/wp-json\/wp\/v2\/types\/post"}],"author":[{"embeddable":true,"href":"https:\/\/www.noidiqua.it\/Montale\/wp-json\/wp\/v2\/users\/12"}],"replies":[{"embeddable":true,"href":"https:\/\/www.noidiqua.it\/Montale\/wp-json\/wp\/v2\/comments?post=2379"}],"version-history":[{"count":5,"href":"https:\/\/www.noidiqua.it\/Montale\/wp-json\/wp\/v2\/posts\/2379\/revisions"}],"predecessor-version":[{"id":7710,"href":"https:\/\/www.noidiqua.it\/Montale\/wp-json\/wp\/v2\/posts\/2379\/revisions\/7710"}],"wp:attachment":[{"href":"https:\/\/www.noidiqua.it\/Montale\/wp-json\/wp\/v2\/media?parent=2379"}],"wp:term":[{"taxonomy":"category","embeddable":true,"href":"https:\/\/www.noidiqua.it\/Montale\/wp-json\/wp\/v2\/categories?post=2379"},{"taxonomy":"post_tag","embeddable":true,"href":"https:\/\/www.noidiqua.it\/Montale\/wp-json\/wp\/v2\/tags?post=2379"}],"curies":[{"name":"wp","href":"https:\/\/api.w.org\/{rel}","templated":true}]}}