{"id":2404,"date":"2013-09-05T09:48:50","date_gmt":"2013-09-05T09:48:50","guid":{"rendered":"https:\/\/www.noidiqua.it\/Montale\/?p=2404"},"modified":"2023-01-26T15:20:20","modified_gmt":"2023-01-26T14:20:20","slug":"enzo-gazzarri","status":"publish","type":"post","link":"https:\/\/www.noidiqua.it\/Montale\/enzo-gazzarri\/","title":{"rendered":"Enzo Gazzarri"},"content":{"rendered":"<p><em>di David Colzi. Foto: <a href=\"http:\/\/www.bellinigabriele.it\">Gabriele Bellini<\/a><br \/>\n<\/em><\/p>\n<p><em>settembre 2013<\/em><\/p>\n<p><a href=\"https:\/\/www.noidiqua.it\/Montale\/wp-content\/uploads\/2013\/09\/gazzarri-1.png\" rel=\"wp-prettyPhoto[2404]\"><img loading=\"lazy\" decoding=\"async\" class=\"aligncenter size-full wp-image-7684\" src=\"https:\/\/www.noidiqua.it\/Montale\/wp-content\/uploads\/2013\/09\/gazzarri-1.png\" alt=\"\" width=\"501\" height=\"322\" srcset=\"https:\/\/www.noidiqua.it\/Montale\/wp-content\/uploads\/2013\/09\/gazzarri-1.png 501w, https:\/\/www.noidiqua.it\/Montale\/wp-content\/uploads\/2013\/09\/gazzarri-1-300x193.png 300w\" sizes=\"auto, (max-width: 501px) 100vw, 501px\" \/><\/a><\/p>\n<p><strong>Enzo Gazzarri<\/strong> \u00e8 molto di pi\u00f9 di un fioraio di paese; \u00e8 un vulcano di idee, un uomo pieno di inventiva, un cittadino che ama il suo Comune ed \u00e8 pronto a valorizzarlo mettendo la sua arte a disposizione degli altri. Incontrarlo nel suo negozio di via<strong> Martiri della Libert\u00e0<\/strong> \u00e8 un esperienza travolgente, tanto \u00e8 l\u2019entusiasmo che mette nel raccontare la sua vita, trascorsa tra momenti belli e brutti, dalla giovinezza spensierata ballando alle <strong>Panteraie di Montecatini<\/strong>, ai momenti bui delle malattie che lo hanno colpito, arrivando al presente con lo stesso entusiasmo di un giovanotto che ha ancora tante cose da fare, nonostante i suoi 65 anni;<em> \u00absono un ragazzo fortunato\u00bb<\/em> ci dice Enzo. Gazzarri inizi\u00f2 il mestiere di fioraio nel 1979, aiutato dalla sorella Paola, pittrice per vocazione, che \u00e8 stata al suo fianco fino a dieci anni fa.<\/p>\n<p><a href=\"https:\/\/www.noidiqua.it\/Montale\/wp-content\/uploads\/2013\/09\/gazzarri-2.png\" rel=\"wp-prettyPhoto[2404]\"><img loading=\"lazy\" decoding=\"async\" class=\"aligncenter wp-image-7685\" src=\"https:\/\/www.noidiqua.it\/Montale\/wp-content\/uploads\/2013\/09\/gazzarri-2.png\" alt=\"\" width=\"407\" height=\"315\" srcset=\"https:\/\/www.noidiqua.it\/Montale\/wp-content\/uploads\/2013\/09\/gazzarri-2.png 508w, https:\/\/www.noidiqua.it\/Montale\/wp-content\/uploads\/2013\/09\/gazzarri-2-300x232.png 300w\" sizes=\"auto, (max-width: 407px) 100vw, 407px\" \/><\/a><\/p>\n<p><em>\u00abSono sempre stato un figlio dei fiori\u00bb<\/em> afferma sorridendo Gazzarri <em>\u00abma siccome ho vissuto i primi anni della vita a Prato, il mio primo rapporto con il lavoro \u00e8 stato inizialmente legato al mondo dei telai. Poi, a causa di problemi di salute, ho dovuto abbandonare quel mestiere e dedicarmi alle piante, che fino ad allora erano solo una passione\u201ccoltivata\u201d durante le feste del partito a cui appartenevo, in quanto venivano regalate come premio durante i giochi d\u2019estrazione. Fu Mario Chiavacci ad introdurmi ai segreti del mestiere del fioraio e per questo lo ringrazio\u00bb<\/em>. Il binomio fiori &#8211; volontariato \u00e8 da sempre una costante nella vita del nostro artigiano montalese e tante sono le opere realizzate; quella pi\u00f9 famosa \u00e8 senza dubbio l\u2019addobbo floreale del <strong>Ponte del Rosso<\/strong>, poco dopo la piazza. \u00ab<em>Ero stufo di vedere il ponte abbandonato a se stesso\u00bb<\/em> si sfoga Gazzarri<em> \u00absoprattutto perch\u00e9 \u00e8 uno snodo fondamentale del traffico cittadino e francamente era un pessimo biglietto da visita per Montale. Perci\u00f2, invece di lamentarmi, ho deciso di prendermene cura sistemando le fioriere ai lati con gerani e petunie; tutto ovviamente in maniera gratuita e senza apporre neanche un bigliettino pubblicitario del mio negozio, perch\u00e9 certe cose si fanno col cuore e basta!\u00bb<\/em> Cos\u00ec ogni mattina Gazzarri si reca sul ponte prima dell\u2019apertura del negozio e con un secchio legato a una corda, tira su l\u2019acqua dal fiume Settola per innaffiare i fiori; oltre a questo li pota, li risistema e spazza in terra per mantenere il decoro urbano. E nonostante qualche furto e atto vandalico, le fioriere sono sempre l\u00ec a ricordarci che uno spazio pubblico \u00e8 di tutti, e ci\u00f2 significa non solo usufruirne, ma anche prendersene cura e magari contribuire a migliorarlo.<\/p>\n<p><a href=\"https:\/\/www.noidiqua.it\/Montale\/wp-content\/uploads\/2013\/09\/gazzarri-4.png\" rel=\"wp-prettyPhoto[2404]\"><img loading=\"lazy\" decoding=\"async\" class=\"aligncenter size-full wp-image-7686\" src=\"https:\/\/www.noidiqua.it\/Montale\/wp-content\/uploads\/2013\/09\/gazzarri-4.png\" alt=\"\" width=\"350\" height=\"398\" srcset=\"https:\/\/www.noidiqua.it\/Montale\/wp-content\/uploads\/2013\/09\/gazzarri-4.png 350w, https:\/\/www.noidiqua.it\/Montale\/wp-content\/uploads\/2013\/09\/gazzarri-4-264x300.png 264w\" sizes=\"auto, (max-width: 350px) 100vw, 350px\" \/><\/a><\/p>\n<p>Con lo stesso senso civico, ha sistemato gratuitamente la fioriera comunale accanto alla <strong>Chiesa di Tobbiana<\/strong> ed assieme ai residenti della frazione e al vivaio<strong> Russo di Stazione<\/strong>, ha reso i dintorni dell\u2019edificio Sacro molto pi\u00f9 curati anche in vista della festa del paese. Proficua \u00e8 anche la collaborazione con il <strong>Gruppo Alpini di Montale<\/strong> che ha recentemente portato alla valorizzazione del<strong> \u201cMonumento ai caduti di tutte le guerre\u201d<\/strong>, situato in <strong>piazza Matteott<\/strong>i; i volenterosi alpini si sono occupati del monumento, come \u00e8 gi\u00e0 accaduto altre volte, mentre Gazzarri ha pensato al verde intorno. Come avrete capito ci vorrebbe tutto il giornale per raccontare le mille iniziative di questo \u201cragazzo del Ponte del Rosso\u201d; noi vi segnaliamo solo gli ultimi 2 progetti che stanno nascendo. Per la primavera 2014, in collaborazione con il Gruppo Alpini di Montale, realizzer\u00e0 <strong>\u201cBalconi fioriti nel Comune di Montale\u201d<\/strong>; l\u2019intento sar\u00e0 quello di trasformare il paese in una piccola <strong>Valle d\u2019Aosta<\/strong>. I cittadini non dovranno fare altro che andare nel suo negozio e riceveranno le piante a prezzo di costo; i colori saranno rigorosamente il giallo e il bianco in onore di <strong>Papa Francesco<\/strong> ed anche il Ponte del Rosso si adeguer\u00e0 a questa crom\u00eca. Oltre a questo, per aiutare la Banda di Fognano, Gazzarri realizzer\u00e0 delle cartoline del suo amato Ponte e il ricavato servir\u00e0 ad acquistare uno strumento musicale per chi vuole suonare ma non ha i soldi per permetterselo.<\/p>\n<p><a href=\"https:\/\/www.noidiqua.it\/Montale\/wp-content\/uploads\/2013\/09\/gazzarri-3.png\" rel=\"wp-prettyPhoto[2404]\"><img loading=\"lazy\" decoding=\"async\" class=\"aligncenter wp-image-7687\" src=\"https:\/\/www.noidiqua.it\/Montale\/wp-content\/uploads\/2013\/09\/gazzarri-3.png\" alt=\"\" width=\"420\" height=\"388\" srcset=\"https:\/\/www.noidiqua.it\/Montale\/wp-content\/uploads\/2013\/09\/gazzarri-3.png 502w, https:\/\/www.noidiqua.it\/Montale\/wp-content\/uploads\/2013\/09\/gazzarri-3-300x277.png 300w\" sizes=\"auto, (max-width: 420px) 100vw, 420px\" \/><\/a><\/p>\n<p>Infine (si fa per dire), nel prossimo anno Enzo omagger\u00e0 gli amici Alpini con una cena in loro onore. Insomma, all\u2019inizio di questo articolo il nostro fioraio si \u00e8 definito \u201cun ragazzo fortunato\u201d, ma anche i <strong>montalesi<\/strong> sono fortunati ad avere Enzo Gazzarri.<\/p>","protected":false},"excerpt":{"rendered":"<p>di David Colzi. Foto: Gabriele Bellini settembre 2013 Enzo Gazzarri \u00e8 molto di pi\u00f9 di un fioraio di paese; \u00e8 un vulcano di idee, un uomo pieno di inventiva, un cittadino che ama il suo Comune ed \u00e8 pronto a valorizzarlo mettendo la sua arte a disposizione degli altri. Incontrarlo nel suo negozio di [&hellip;]<\/p>","protected":false},"author":5,"featured_media":0,"comment_status":"open","ping_status":"open","sticky":false,"template":"","format":"standard","meta":{"footnotes":""},"categories":[23,7],"tags":[91,995,109,113,114],"class_list":["post-2404","post","type-post","status-publish","format-standard","hentry","category-arte-artigianato-qt","category-mt","tag-il-montalese","tag-mt","tag-montalese","tag-noidiqua","tag-noidiqua-il-montalese"],"yoast_head":"<!-- This site is optimized with the Yoast SEO plugin v25.5 - https:\/\/yoast.com\/wordpress\/plugins\/seo\/ -->\n<title>Enzo Gazzarri - Noi di Qua Testata giornalistica e di attualit\u00e0 di Agliana, Montale e Quarrata.<\/title>\n<meta name=\"robots\" content=\"index, follow, max-snippet:-1, max-image-preview:large, max-video-preview:-1\" \/>\n<link rel=\"canonical\" href=\"https:\/\/www.noidiqua.it\/Montale\/enzo-gazzarri\/\" \/>\n<meta property=\"og:locale\" content=\"it_IT\" \/>\n<meta property=\"og:type\" content=\"article\" \/>\n<meta property=\"og:title\" content=\"Enzo Gazzarri - Noi di Qua Testata giornalistica e di attualit\u00e0 di Agliana, Montale e Quarrata.\" \/>\n<meta property=\"og:description\" content=\"di David Colzi. Foto: Gabriele Bellini settembre 2013 Enzo Gazzarri \u00e8 molto di pi\u00f9 di un fioraio di paese; \u00e8 un vulcano di idee, un uomo pieno di inventiva, un cittadino che ama il suo Comune ed \u00e8 pronto a valorizzarlo mettendo la sua arte a disposizione degli altri. Incontrarlo nel suo negozio di [&hellip;]\" \/>\n<meta property=\"og:url\" content=\"https:\/\/www.noidiqua.it\/Montale\/enzo-gazzarri\/\" \/>\n<meta property=\"og:site_name\" content=\"Noi di Qua Testata giornalistica e di attualit\u00e0 di Agliana, Montale e Quarrata.\" \/>\n<meta property=\"article:publisher\" content=\"https:\/\/www.facebook.com\/noidiqua.trimestrale\/\" \/>\n<meta property=\"article:published_time\" content=\"2013-09-05T09:48:50+00:00\" \/>\n<meta property=\"article:modified_time\" content=\"2023-01-26T14:20:20+00:00\" \/>\n<meta property=\"og:image\" content=\"https:\/\/www.noidiqua.it\/Montale\/wp-content\/uploads\/2013\/09\/gazzarri-1.png\" \/>\n<meta name=\"author\" content=\"David Colzi\" \/>\n<meta name=\"twitter:label1\" content=\"Scritto da\" \/>\n\t<meta name=\"twitter:data1\" content=\"David Colzi\" \/>\n\t<meta name=\"twitter:label2\" content=\"Tempo di lettura stimato\" \/>\n\t<meta name=\"twitter:data2\" content=\"4 minuti\" \/>\n<script type=\"application\/ld+json\" class=\"yoast-schema-graph\">{\"@context\":\"https:\/\/schema.org\",\"@graph\":[{\"@type\":\"WebPage\",\"@id\":\"https:\/\/www.noidiqua.it\/Montale\/enzo-gazzarri\/\",\"url\":\"https:\/\/www.noidiqua.it\/Montale\/enzo-gazzarri\/\",\"name\":\"Enzo Gazzarri - Noi di Qua Testata giornalistica e di attualit\u00e0 di Agliana, Montale e Quarrata.\",\"isPartOf\":{\"@id\":\"https:\/\/www.noidiqua.it\/Montale\/#website\"},\"primaryImageOfPage\":{\"@id\":\"https:\/\/www.noidiqua.it\/Montale\/enzo-gazzarri\/#primaryimage\"},\"image\":{\"@id\":\"https:\/\/www.noidiqua.it\/Montale\/enzo-gazzarri\/#primaryimage\"},\"thumbnailUrl\":\"https:\/\/www.noidiqua.it\/Montale\/wp-content\/uploads\/2013\/09\/gazzarri-1.png\",\"datePublished\":\"2013-09-05T09:48:50+00:00\",\"dateModified\":\"2023-01-26T14:20:20+00:00\",\"author\":{\"@id\":\"https:\/\/www.noidiqua.it\/Montale\/#\/schema\/person\/3b45dd21eb2367c177b6a6d35c868ccc\"},\"breadcrumb\":{\"@id\":\"https:\/\/www.noidiqua.it\/Montale\/enzo-gazzarri\/#breadcrumb\"},\"inLanguage\":\"it-IT\",\"potentialAction\":[{\"@type\":\"ReadAction\",\"target\":[\"https:\/\/www.noidiqua.it\/Montale\/enzo-gazzarri\/\"]}]},{\"@type\":\"ImageObject\",\"inLanguage\":\"it-IT\",\"@id\":\"https:\/\/www.noidiqua.it\/Montale\/enzo-gazzarri\/#primaryimage\",\"url\":\"https:\/\/www.noidiqua.it\/Montale\/wp-content\/uploads\/2013\/09\/gazzarri-1.png\",\"contentUrl\":\"https:\/\/www.noidiqua.it\/Montale\/wp-content\/uploads\/2013\/09\/gazzarri-1.png\",\"width\":501,\"height\":322},{\"@type\":\"BreadcrumbList\",\"@id\":\"https:\/\/www.noidiqua.it\/Montale\/enzo-gazzarri\/#breadcrumb\",\"itemListElement\":[{\"@type\":\"ListItem\",\"position\":1,\"name\":\"Home\",\"item\":\"https:\/\/www.noidiqua.it\/Montale\/\"},{\"@type\":\"ListItem\",\"position\":2,\"name\":\"Enzo Gazzarri\"}]},{\"@type\":\"WebSite\",\"@id\":\"https:\/\/www.noidiqua.it\/Montale\/#website\",\"url\":\"https:\/\/www.noidiqua.it\/Montale\/\",\"name\":\"Noi di Qua Testata giornalistica e di attualit\u00e0 di Agliana, Montale e Quarrata.\",\"description\":\"Testata Giornalistica Quarrata Montale Agliana\",\"potentialAction\":[{\"@type\":\"SearchAction\",\"target\":{\"@type\":\"EntryPoint\",\"urlTemplate\":\"https:\/\/www.noidiqua.it\/Montale\/?s={search_term_string}\"},\"query-input\":{\"@type\":\"PropertyValueSpecification\",\"valueRequired\":true,\"valueName\":\"search_term_string\"}}],\"inLanguage\":\"it-IT\"},{\"@type\":\"Person\",\"@id\":\"https:\/\/www.noidiqua.it\/Montale\/#\/schema\/person\/3b45dd21eb2367c177b6a6d35c868ccc\",\"name\":\"David Colzi\",\"image\":{\"@type\":\"ImageObject\",\"inLanguage\":\"it-IT\",\"@id\":\"https:\/\/www.noidiqua.it\/Montale\/#\/schema\/person\/image\/\",\"url\":\"https:\/\/secure.gravatar.com\/avatar\/515ac68c0075b78a8243a0f28e5a361c9b5c466a1d6912ac3919ddd928c4db8c?s=96&d=mm&r=g\",\"contentUrl\":\"https:\/\/secure.gravatar.com\/avatar\/515ac68c0075b78a8243a0f28e5a361c9b5c466a1d6912ac3919ddd928c4db8c?s=96&d=mm&r=g\",\"caption\":\"David Colzi\"},\"url\":\"https:\/\/www.noidiqua.it\/Montale\/author\/david-colzi\/\"}]}<\/script>\n<!-- \/ Yoast SEO plugin. -->","yoast_head_json":{"title":"Enzo Gazzarri - Noi di Qua Testata giornalistica e di attualit\u00e0 di Agliana, Montale e Quarrata.","robots":{"index":"index","follow":"follow","max-snippet":"max-snippet:-1","max-image-preview":"max-image-preview:large","max-video-preview":"max-video-preview:-1"},"canonical":"https:\/\/www.noidiqua.it\/Montale\/enzo-gazzarri\/","og_locale":"it_IT","og_type":"article","og_title":"Enzo Gazzarri - Noi di Qua Testata giornalistica e di attualit\u00e0 di Agliana, Montale e Quarrata.","og_description":"di David Colzi. Foto: Gabriele Bellini settembre 2013 Enzo Gazzarri \u00e8 molto di pi\u00f9 di un fioraio di paese; \u00e8 un vulcano di idee, un uomo pieno di inventiva, un cittadino che ama il suo Comune ed \u00e8 pronto a valorizzarlo mettendo la sua arte a disposizione degli altri. Incontrarlo nel suo negozio di [&hellip;]","og_url":"https:\/\/www.noidiqua.it\/Montale\/enzo-gazzarri\/","og_site_name":"Noi di Qua Testata giornalistica e di attualit\u00e0 di Agliana, Montale e Quarrata.","article_publisher":"https:\/\/www.facebook.com\/noidiqua.trimestrale\/","article_published_time":"2013-09-05T09:48:50+00:00","article_modified_time":"2023-01-26T14:20:20+00:00","og_image":[{"url":"https:\/\/www.noidiqua.it\/Montale\/wp-content\/uploads\/2013\/09\/gazzarri-1.png","type":"","width":"","height":""}],"author":"David Colzi","twitter_misc":{"Scritto da":"David Colzi","Tempo di lettura stimato":"4 minuti"},"schema":{"@context":"https:\/\/schema.org","@graph":[{"@type":"WebPage","@id":"https:\/\/www.noidiqua.it\/Montale\/enzo-gazzarri\/","url":"https:\/\/www.noidiqua.it\/Montale\/enzo-gazzarri\/","name":"Enzo Gazzarri - Noi di Qua Testata giornalistica e di attualit\u00e0 di Agliana, Montale e Quarrata.","isPartOf":{"@id":"https:\/\/www.noidiqua.it\/Montale\/#website"},"primaryImageOfPage":{"@id":"https:\/\/www.noidiqua.it\/Montale\/enzo-gazzarri\/#primaryimage"},"image":{"@id":"https:\/\/www.noidiqua.it\/Montale\/enzo-gazzarri\/#primaryimage"},"thumbnailUrl":"https:\/\/www.noidiqua.it\/Montale\/wp-content\/uploads\/2013\/09\/gazzarri-1.png","datePublished":"2013-09-05T09:48:50+00:00","dateModified":"2023-01-26T14:20:20+00:00","author":{"@id":"https:\/\/www.noidiqua.it\/Montale\/#\/schema\/person\/3b45dd21eb2367c177b6a6d35c868ccc"},"breadcrumb":{"@id":"https:\/\/www.noidiqua.it\/Montale\/enzo-gazzarri\/#breadcrumb"},"inLanguage":"it-IT","potentialAction":[{"@type":"ReadAction","target":["https:\/\/www.noidiqua.it\/Montale\/enzo-gazzarri\/"]}]},{"@type":"ImageObject","inLanguage":"it-IT","@id":"https:\/\/www.noidiqua.it\/Montale\/enzo-gazzarri\/#primaryimage","url":"https:\/\/www.noidiqua.it\/Montale\/wp-content\/uploads\/2013\/09\/gazzarri-1.png","contentUrl":"https:\/\/www.noidiqua.it\/Montale\/wp-content\/uploads\/2013\/09\/gazzarri-1.png","width":501,"height":322},{"@type":"BreadcrumbList","@id":"https:\/\/www.noidiqua.it\/Montale\/enzo-gazzarri\/#breadcrumb","itemListElement":[{"@type":"ListItem","position":1,"name":"Home","item":"https:\/\/www.noidiqua.it\/Montale\/"},{"@type":"ListItem","position":2,"name":"Enzo Gazzarri"}]},{"@type":"WebSite","@id":"https:\/\/www.noidiqua.it\/Montale\/#website","url":"https:\/\/www.noidiqua.it\/Montale\/","name":"Noi di Qua Testata giornalistica e di attualit\u00e0 di Agliana, Montale e Quarrata.","description":"Testata Giornalistica Quarrata Montale Agliana","potentialAction":[{"@type":"SearchAction","target":{"@type":"EntryPoint","urlTemplate":"https:\/\/www.noidiqua.it\/Montale\/?s={search_term_string}"},"query-input":{"@type":"PropertyValueSpecification","valueRequired":true,"valueName":"search_term_string"}}],"inLanguage":"it-IT"},{"@type":"Person","@id":"https:\/\/www.noidiqua.it\/Montale\/#\/schema\/person\/3b45dd21eb2367c177b6a6d35c868ccc","name":"David Colzi","image":{"@type":"ImageObject","inLanguage":"it-IT","@id":"https:\/\/www.noidiqua.it\/Montale\/#\/schema\/person\/image\/","url":"https:\/\/secure.gravatar.com\/avatar\/515ac68c0075b78a8243a0f28e5a361c9b5c466a1d6912ac3919ddd928c4db8c?s=96&d=mm&r=g","contentUrl":"https:\/\/secure.gravatar.com\/avatar\/515ac68c0075b78a8243a0f28e5a361c9b5c466a1d6912ac3919ddd928c4db8c?s=96&d=mm&r=g","caption":"David Colzi"},"url":"https:\/\/www.noidiqua.it\/Montale\/author\/david-colzi\/"}]}},"_links":{"self":[{"href":"https:\/\/www.noidiqua.it\/Montale\/wp-json\/wp\/v2\/posts\/2404","targetHints":{"allow":["GET"]}}],"collection":[{"href":"https:\/\/www.noidiqua.it\/Montale\/wp-json\/wp\/v2\/posts"}],"about":[{"href":"https:\/\/www.noidiqua.it\/Montale\/wp-json\/wp\/v2\/types\/post"}],"author":[{"embeddable":true,"href":"https:\/\/www.noidiqua.it\/Montale\/wp-json\/wp\/v2\/users\/5"}],"replies":[{"embeddable":true,"href":"https:\/\/www.noidiqua.it\/Montale\/wp-json\/wp\/v2\/comments?post=2404"}],"version-history":[{"count":4,"href":"https:\/\/www.noidiqua.it\/Montale\/wp-json\/wp\/v2\/posts\/2404\/revisions"}],"predecessor-version":[{"id":7689,"href":"https:\/\/www.noidiqua.it\/Montale\/wp-json\/wp\/v2\/posts\/2404\/revisions\/7689"}],"wp:attachment":[{"href":"https:\/\/www.noidiqua.it\/Montale\/wp-json\/wp\/v2\/media?parent=2404"}],"wp:term":[{"taxonomy":"category","embeddable":true,"href":"https:\/\/www.noidiqua.it\/Montale\/wp-json\/wp\/v2\/categories?post=2404"},{"taxonomy":"post_tag","embeddable":true,"href":"https:\/\/www.noidiqua.it\/Montale\/wp-json\/wp\/v2\/tags?post=2404"}],"curies":[{"name":"wp","href":"https:\/\/api.w.org\/{rel}","templated":true}]}}