{"id":2483,"date":"2013-09-05T15:29:31","date_gmt":"2013-09-05T15:29:31","guid":{"rendered":"https:\/\/www.noidiqua.it\/Montale\/?p=2483"},"modified":"2023-01-27T10:12:24","modified_gmt":"2023-01-27T09:12:24","slug":"non-ci-sono-piu-le-vacanze-di-una-volta","status":"publish","type":"post","link":"https:\/\/www.noidiqua.it\/Montale\/non-ci-sono-piu-le-vacanze-di-una-volta\/","title":{"rendered":"Concludendo &#8211; Non ci sono pi\u00f9 le vacanze di una volta"},"content":{"rendered":"<p><em>di Massimo Cappelli<br \/>\n<\/em><\/p>\n<p><em>settembre 2013<\/em><\/p>\n<p><a href=\"https:\/\/www.noidiqua.it\/Montale\/wp-content\/uploads\/2013\/09\/Cocludendo-vacanze-1.png\" rel=\"wp-prettyPhoto[2483]\"><img loading=\"lazy\" decoding=\"async\" class=\"aligncenter  wp-image-7739\" src=\"https:\/\/www.noidiqua.it\/Montale\/wp-content\/uploads\/2013\/09\/Cocludendo-vacanze-1.png\" alt=\"\" width=\"462\" height=\"382\" srcset=\"https:\/\/www.noidiqua.it\/Montale\/wp-content\/uploads\/2013\/09\/Cocludendo-vacanze-1.png 505w, https:\/\/www.noidiqua.it\/Montale\/wp-content\/uploads\/2013\/09\/Cocludendo-vacanze-1-300x248.png 300w\" sizes=\"auto, (max-width: 462px) 100vw, 462px\" \/><\/a><\/p>\n<p style=\"text-align: justify;\">\u2026 O non siamo pi\u00f9 noi quelli di una volta? Di quando la scuola finiva verso fine giugno e riprendeva, sempre e solo, il primo di ottobre, nel giorno di<strong> San Remigio<\/strong>, tant\u2019\u00e8 che i bambini delle prime elementari venivano chiamati \u201cremigini\u201d. Di quando, calzando i mitici sandali con \u201cgli occhi\u201d, e scambiando casa nostra per un <strong>bed and breakfast<\/strong>, partivamo la mattina, dopo colazione, e ritornavamo al tramonto, andando raminghi per i campi a caccia di ramarri, di lucertole o di povere cicale da torturare. Di quando con un pallone di cuoio sgonfio, e sbucciato quasi al pari delle nostre ginocchia, improvvisavamo partite di calcio, a volte anche in venti per squadra, in piazza della Chiesa o al \u201ccampino del proposto\u201d sognando di diventare, un giorno, come <strong>Mazzola<\/strong>, come <strong>Rivera<\/strong>, o <strong>Boninsegna<\/strong>. Di quando si giocava a figurini o a bocchi nei giardini di <strong>Piazza Risorgimento<\/strong> e poi, stanchi di giocare, si andava a bussare ripetutamente all\u2019uscio di <strong>Morello<\/strong>, e nascosti dietro la fontana di <strong>Piazza della Vittoria<\/strong>, osservavamo e ridevamo della sua rabbia furiosa. Di quando, non avendo provato altri tipi di spasso, si credeva che la pi\u00f9 grossa goduria al mondo fosse quella di infilarsi le dita nel naso, qualche anno pi\u00f9 tardi si scoprivano altri sollazzi. Di quando credevamo che a Bottegone ci fosse un grande negozio, e che la <strong>M\u00e0gia<\/strong> fosse solo\u2026 una salita.\u00a0Ecco, tutto questo si pu\u00f2 ricondurre ad un solo termine, forse oggi troppo abusato in comunicazione e soprattutto in politica: <strong>Libert\u00e0<\/strong>.<\/p>\n<p style=\"text-align: justify;\">Le nostre vacanze iniziavano cos\u00ec: naturalmente liberi e svincolati da ogni impegno, scaricati da ogni responsabilit\u00e0, da regole o da orari. Erano altri tempi? Forse s\u00ec! C\u2019era sempre una mamma o una nonna al nostro ritorno a casa, e c\u2019era sempre, pronto nei paraggi, un buon nascondiglio da utilizzare se l\u2019orario o lo stato in cui tornavamo non fossero stati graditi. Queste vacanze estive ci piacevano a tal punto che, se nel mese di agosto, per le ferie del babbo, ci portavano al mare a <strong>Viareggi<\/strong>o, eravamo quasi dispiaciuti di lasciare a casa la nostra libert\u00e0.<\/p>\n<p style=\"text-align: justify;\"><a href=\"https:\/\/www.noidiqua.it\/Montale\/wp-content\/uploads\/2013\/09\/Cocludendo-vacanze-2.png\" rel=\"wp-prettyPhoto[2483]\"><img loading=\"lazy\" decoding=\"async\" class=\"aligncenter  wp-image-7740\" src=\"https:\/\/www.noidiqua.it\/Montale\/wp-content\/uploads\/2013\/09\/Cocludendo-vacanze-2.png\" alt=\"\" width=\"355\" height=\"366\" srcset=\"https:\/\/www.noidiqua.it\/Montale\/wp-content\/uploads\/2013\/09\/Cocludendo-vacanze-2.png 385w, https:\/\/www.noidiqua.it\/Montale\/wp-content\/uploads\/2013\/09\/Cocludendo-vacanze-2-291x300.png 291w\" sizes=\"auto, (max-width: 355px) 100vw, 355px\" \/><\/a> <a href=\"https:\/\/www.noidiqua.it\/wp-content\/uploads\/2013\/10\/massimo-1-.jpg\" rel=\"wp-prettyPhoto[2483]\"><br \/>\n<\/a>Proviamo ora a fare un confronto con i nostri figli. La scuola termina a met\u00e0 giugno e riprende a met\u00e0 settembre, per cui il periodo di vacanze \u00e8 pi\u00f9 o meno lo stesso. Nella maggior parte delle famiglie lavorano entrambi i genitori e le case restano vuote, le campagne sono ormai lontane e non pi\u00f9 accessibili e nella maggior parte dei casi, le regole vietano i giochi negli spazi condominiali, tantomeno nelle strade, nelle piazze o nei luoghi pubblici. Allora non resta che iscrivere i nostri figli ai Centri estivi, e meno male ci sono quelli: i<strong> Grest<\/strong> delle parrocchie o i centri privati, ma comunque sempre gestiti da personale qualificato e specializzato in pedagogia, che per\u00f2 impone ai gruppi, regole, impegni, responsabilit\u00e0, orari o quant\u2019altro possa contraddire il termine Libert\u00e0. Certo, dal punto di vista dei genitori meglio avere figli meno liberi all\u2019aria aperta, che liberi, in casa, seduti davanti al televisore o ai videogiochi. Dunque non ci sono alternative, dobbiamo prendere atto che il mondo \u00e8 cambiato: in meglio o in peggio? Lascio a voi il dilemma! Sta di fatto che i nostri figli, sar\u00e0 difficile che sentano il canto dei grilli, che vedano le lucciole di notte, o che facciano volare una cicala, con una bandierina del Milan, della Juve o dell\u2019Inter, attaccata ai margini di una pagliuzza e infilata nel didietro della stessa. Che malvagit\u00e0! Per\u00f2, lasciatemelo dire: Non ci sono pi\u00f9 le vacanze di una volta!<\/p>","protected":false},"excerpt":{"rendered":"<p>di Massimo Cappelli settembre 2013 \u2026 O non siamo pi\u00f9 noi quelli di una volta? Di quando la scuola finiva verso fine giugno e riprendeva, sempre e solo, il primo di ottobre, nel giorno di San Remigio, tant\u2019\u00e8 che i bambini delle prime elementari venivano chiamati \u201cremigini\u201d. Di quando, calzando i mitici sandali con [&hellip;]<\/p>","protected":false},"author":7,"featured_media":0,"comment_status":"open","ping_status":"open","sticky":false,"template":"","format":"standard","meta":{"footnotes":""},"categories":[24,7],"tags":[59,91,995,109,113,114],"class_list":["post-2483","post","type-post","status-publish","format-standard","hentry","category-concludendo-qt","category-mt","tag-concludendo","tag-il-montalese","tag-mt","tag-montalese","tag-noidiqua","tag-noidiqua-il-montalese"],"yoast_head":"<!-- This site is optimized with the Yoast SEO plugin v25.5 - https:\/\/yoast.com\/wordpress\/plugins\/seo\/ -->\n<title>Concludendo - Non ci sono pi\u00f9 le vacanze di una volta - Noi di Qua Testata giornalistica e di attualit\u00e0 di Agliana, Montale e Quarrata.<\/title>\n<meta name=\"robots\" content=\"index, follow, max-snippet:-1, max-image-preview:large, max-video-preview:-1\" \/>\n<link rel=\"canonical\" href=\"https:\/\/www.noidiqua.it\/Montale\/non-ci-sono-piu-le-vacanze-di-una-volta\/\" \/>\n<meta property=\"og:locale\" content=\"it_IT\" \/>\n<meta property=\"og:type\" content=\"article\" \/>\n<meta property=\"og:title\" content=\"Concludendo - Non ci sono pi\u00f9 le vacanze di una volta - Noi di Qua Testata giornalistica e di attualit\u00e0 di Agliana, Montale e Quarrata.\" \/>\n<meta property=\"og:description\" content=\"di Massimo Cappelli settembre 2013 \u2026 O non siamo pi\u00f9 noi quelli di una volta? Di quando la scuola finiva verso fine giugno e riprendeva, sempre e solo, il primo di ottobre, nel giorno di San Remigio, tant\u2019\u00e8 che i bambini delle prime elementari venivano chiamati \u201cremigini\u201d. Di quando, calzando i mitici sandali con [&hellip;]\" \/>\n<meta property=\"og:url\" content=\"https:\/\/www.noidiqua.it\/Montale\/non-ci-sono-piu-le-vacanze-di-una-volta\/\" \/>\n<meta property=\"og:site_name\" content=\"Noi di Qua Testata giornalistica e di attualit\u00e0 di Agliana, Montale e Quarrata.\" \/>\n<meta property=\"article:publisher\" content=\"https:\/\/www.facebook.com\/noidiqua.trimestrale\/\" \/>\n<meta property=\"article:published_time\" content=\"2013-09-05T15:29:31+00:00\" \/>\n<meta property=\"article:modified_time\" content=\"2023-01-27T09:12:24+00:00\" \/>\n<meta property=\"og:image\" content=\"https:\/\/www.noidiqua.it\/Montale\/wp-content\/uploads\/2013\/09\/Cocludendo-vacanze-1.png\" \/>\n<meta name=\"author\" content=\"Massimo Cappelli\" \/>\n<meta name=\"twitter:label1\" content=\"Scritto da\" \/>\n\t<meta name=\"twitter:data1\" content=\"Massimo Cappelli\" \/>\n\t<meta name=\"twitter:label2\" content=\"Tempo di lettura stimato\" \/>\n\t<meta name=\"twitter:data2\" content=\"4 minuti\" \/>\n<script type=\"application\/ld+json\" class=\"yoast-schema-graph\">{\"@context\":\"https:\/\/schema.org\",\"@graph\":[{\"@type\":\"WebPage\",\"@id\":\"https:\/\/www.noidiqua.it\/Montale\/non-ci-sono-piu-le-vacanze-di-una-volta\/\",\"url\":\"https:\/\/www.noidiqua.it\/Montale\/non-ci-sono-piu-le-vacanze-di-una-volta\/\",\"name\":\"Concludendo - Non ci sono pi\u00f9 le vacanze di una volta - Noi di Qua Testata giornalistica e di attualit\u00e0 di Agliana, Montale e Quarrata.\",\"isPartOf\":{\"@id\":\"https:\/\/www.noidiqua.it\/Montale\/#website\"},\"primaryImageOfPage\":{\"@id\":\"https:\/\/www.noidiqua.it\/Montale\/non-ci-sono-piu-le-vacanze-di-una-volta\/#primaryimage\"},\"image\":{\"@id\":\"https:\/\/www.noidiqua.it\/Montale\/non-ci-sono-piu-le-vacanze-di-una-volta\/#primaryimage\"},\"thumbnailUrl\":\"https:\/\/www.noidiqua.it\/Montale\/wp-content\/uploads\/2013\/09\/Cocludendo-vacanze-1.png\",\"datePublished\":\"2013-09-05T15:29:31+00:00\",\"dateModified\":\"2023-01-27T09:12:24+00:00\",\"author\":{\"@id\":\"https:\/\/www.noidiqua.it\/Montale\/#\/schema\/person\/858b1b9db61101126e5ded39f94daedb\"},\"breadcrumb\":{\"@id\":\"https:\/\/www.noidiqua.it\/Montale\/non-ci-sono-piu-le-vacanze-di-una-volta\/#breadcrumb\"},\"inLanguage\":\"it-IT\",\"potentialAction\":[{\"@type\":\"ReadAction\",\"target\":[\"https:\/\/www.noidiqua.it\/Montale\/non-ci-sono-piu-le-vacanze-di-una-volta\/\"]}]},{\"@type\":\"ImageObject\",\"inLanguage\":\"it-IT\",\"@id\":\"https:\/\/www.noidiqua.it\/Montale\/non-ci-sono-piu-le-vacanze-di-una-volta\/#primaryimage\",\"url\":\"https:\/\/www.noidiqua.it\/Montale\/wp-content\/uploads\/2013\/09\/Cocludendo-vacanze-1.png\",\"contentUrl\":\"https:\/\/www.noidiqua.it\/Montale\/wp-content\/uploads\/2013\/09\/Cocludendo-vacanze-1.png\",\"width\":505,\"height\":418},{\"@type\":\"BreadcrumbList\",\"@id\":\"https:\/\/www.noidiqua.it\/Montale\/non-ci-sono-piu-le-vacanze-di-una-volta\/#breadcrumb\",\"itemListElement\":[{\"@type\":\"ListItem\",\"position\":1,\"name\":\"Home\",\"item\":\"https:\/\/www.noidiqua.it\/Montale\/\"},{\"@type\":\"ListItem\",\"position\":2,\"name\":\"Concludendo &#8211; Non ci sono pi\u00f9 le vacanze di una volta\"}]},{\"@type\":\"WebSite\",\"@id\":\"https:\/\/www.noidiqua.it\/Montale\/#website\",\"url\":\"https:\/\/www.noidiqua.it\/Montale\/\",\"name\":\"Noi di Qua Testata giornalistica e di attualit\u00e0 di Agliana, Montale e Quarrata.\",\"description\":\"Testata Giornalistica Quarrata Montale Agliana\",\"potentialAction\":[{\"@type\":\"SearchAction\",\"target\":{\"@type\":\"EntryPoint\",\"urlTemplate\":\"https:\/\/www.noidiqua.it\/Montale\/?s={search_term_string}\"},\"query-input\":{\"@type\":\"PropertyValueSpecification\",\"valueRequired\":true,\"valueName\":\"search_term_string\"}}],\"inLanguage\":\"it-IT\"},{\"@type\":\"Person\",\"@id\":\"https:\/\/www.noidiqua.it\/Montale\/#\/schema\/person\/858b1b9db61101126e5ded39f94daedb\",\"name\":\"Massimo Cappelli\",\"image\":{\"@type\":\"ImageObject\",\"inLanguage\":\"it-IT\",\"@id\":\"https:\/\/www.noidiqua.it\/Montale\/#\/schema\/person\/image\/\",\"url\":\"https:\/\/secure.gravatar.com\/avatar\/0e7261535228aa9bb0417ab8f42f3fadaf8ce23bdfde46c689c43410a676cfa9?s=96&d=mm&r=g\",\"contentUrl\":\"https:\/\/secure.gravatar.com\/avatar\/0e7261535228aa9bb0417ab8f42f3fadaf8ce23bdfde46c689c43410a676cfa9?s=96&d=mm&r=g\",\"caption\":\"Massimo Cappelli\"},\"url\":\"https:\/\/www.noidiqua.it\/Montale\/author\/massimo-cappelli\/\"}]}<\/script>\n<!-- \/ Yoast SEO plugin. -->","yoast_head_json":{"title":"Concludendo - Non ci sono pi\u00f9 le vacanze di una volta - Noi di Qua Testata giornalistica e di attualit\u00e0 di Agliana, Montale e Quarrata.","robots":{"index":"index","follow":"follow","max-snippet":"max-snippet:-1","max-image-preview":"max-image-preview:large","max-video-preview":"max-video-preview:-1"},"canonical":"https:\/\/www.noidiqua.it\/Montale\/non-ci-sono-piu-le-vacanze-di-una-volta\/","og_locale":"it_IT","og_type":"article","og_title":"Concludendo - Non ci sono pi\u00f9 le vacanze di una volta - Noi di Qua Testata giornalistica e di attualit\u00e0 di Agliana, Montale e Quarrata.","og_description":"di Massimo Cappelli settembre 2013 \u2026 O non siamo pi\u00f9 noi quelli di una volta? Di quando la scuola finiva verso fine giugno e riprendeva, sempre e solo, il primo di ottobre, nel giorno di San Remigio, tant\u2019\u00e8 che i bambini delle prime elementari venivano chiamati \u201cremigini\u201d. Di quando, calzando i mitici sandali con [&hellip;]","og_url":"https:\/\/www.noidiqua.it\/Montale\/non-ci-sono-piu-le-vacanze-di-una-volta\/","og_site_name":"Noi di Qua Testata giornalistica e di attualit\u00e0 di Agliana, Montale e Quarrata.","article_publisher":"https:\/\/www.facebook.com\/noidiqua.trimestrale\/","article_published_time":"2013-09-05T15:29:31+00:00","article_modified_time":"2023-01-27T09:12:24+00:00","og_image":[{"url":"https:\/\/www.noidiqua.it\/Montale\/wp-content\/uploads\/2013\/09\/Cocludendo-vacanze-1.png","type":"","width":"","height":""}],"author":"Massimo Cappelli","twitter_misc":{"Scritto da":"Massimo Cappelli","Tempo di lettura stimato":"4 minuti"},"schema":{"@context":"https:\/\/schema.org","@graph":[{"@type":"WebPage","@id":"https:\/\/www.noidiqua.it\/Montale\/non-ci-sono-piu-le-vacanze-di-una-volta\/","url":"https:\/\/www.noidiqua.it\/Montale\/non-ci-sono-piu-le-vacanze-di-una-volta\/","name":"Concludendo - Non ci sono pi\u00f9 le vacanze di una volta - Noi di Qua Testata giornalistica e di attualit\u00e0 di Agliana, Montale e Quarrata.","isPartOf":{"@id":"https:\/\/www.noidiqua.it\/Montale\/#website"},"primaryImageOfPage":{"@id":"https:\/\/www.noidiqua.it\/Montale\/non-ci-sono-piu-le-vacanze-di-una-volta\/#primaryimage"},"image":{"@id":"https:\/\/www.noidiqua.it\/Montale\/non-ci-sono-piu-le-vacanze-di-una-volta\/#primaryimage"},"thumbnailUrl":"https:\/\/www.noidiqua.it\/Montale\/wp-content\/uploads\/2013\/09\/Cocludendo-vacanze-1.png","datePublished":"2013-09-05T15:29:31+00:00","dateModified":"2023-01-27T09:12:24+00:00","author":{"@id":"https:\/\/www.noidiqua.it\/Montale\/#\/schema\/person\/858b1b9db61101126e5ded39f94daedb"},"breadcrumb":{"@id":"https:\/\/www.noidiqua.it\/Montale\/non-ci-sono-piu-le-vacanze-di-una-volta\/#breadcrumb"},"inLanguage":"it-IT","potentialAction":[{"@type":"ReadAction","target":["https:\/\/www.noidiqua.it\/Montale\/non-ci-sono-piu-le-vacanze-di-una-volta\/"]}]},{"@type":"ImageObject","inLanguage":"it-IT","@id":"https:\/\/www.noidiqua.it\/Montale\/non-ci-sono-piu-le-vacanze-di-una-volta\/#primaryimage","url":"https:\/\/www.noidiqua.it\/Montale\/wp-content\/uploads\/2013\/09\/Cocludendo-vacanze-1.png","contentUrl":"https:\/\/www.noidiqua.it\/Montale\/wp-content\/uploads\/2013\/09\/Cocludendo-vacanze-1.png","width":505,"height":418},{"@type":"BreadcrumbList","@id":"https:\/\/www.noidiqua.it\/Montale\/non-ci-sono-piu-le-vacanze-di-una-volta\/#breadcrumb","itemListElement":[{"@type":"ListItem","position":1,"name":"Home","item":"https:\/\/www.noidiqua.it\/Montale\/"},{"@type":"ListItem","position":2,"name":"Concludendo &#8211; Non ci sono pi\u00f9 le vacanze di una volta"}]},{"@type":"WebSite","@id":"https:\/\/www.noidiqua.it\/Montale\/#website","url":"https:\/\/www.noidiqua.it\/Montale\/","name":"Noi di Qua Testata giornalistica e di attualit\u00e0 di Agliana, Montale e Quarrata.","description":"Testata Giornalistica Quarrata Montale Agliana","potentialAction":[{"@type":"SearchAction","target":{"@type":"EntryPoint","urlTemplate":"https:\/\/www.noidiqua.it\/Montale\/?s={search_term_string}"},"query-input":{"@type":"PropertyValueSpecification","valueRequired":true,"valueName":"search_term_string"}}],"inLanguage":"it-IT"},{"@type":"Person","@id":"https:\/\/www.noidiqua.it\/Montale\/#\/schema\/person\/858b1b9db61101126e5ded39f94daedb","name":"Massimo Cappelli","image":{"@type":"ImageObject","inLanguage":"it-IT","@id":"https:\/\/www.noidiqua.it\/Montale\/#\/schema\/person\/image\/","url":"https:\/\/secure.gravatar.com\/avatar\/0e7261535228aa9bb0417ab8f42f3fadaf8ce23bdfde46c689c43410a676cfa9?s=96&d=mm&r=g","contentUrl":"https:\/\/secure.gravatar.com\/avatar\/0e7261535228aa9bb0417ab8f42f3fadaf8ce23bdfde46c689c43410a676cfa9?s=96&d=mm&r=g","caption":"Massimo Cappelli"},"url":"https:\/\/www.noidiqua.it\/Montale\/author\/massimo-cappelli\/"}]}},"_links":{"self":[{"href":"https:\/\/www.noidiqua.it\/Montale\/wp-json\/wp\/v2\/posts\/2483","targetHints":{"allow":["GET"]}}],"collection":[{"href":"https:\/\/www.noidiqua.it\/Montale\/wp-json\/wp\/v2\/posts"}],"about":[{"href":"https:\/\/www.noidiqua.it\/Montale\/wp-json\/wp\/v2\/types\/post"}],"author":[{"embeddable":true,"href":"https:\/\/www.noidiqua.it\/Montale\/wp-json\/wp\/v2\/users\/7"}],"replies":[{"embeddable":true,"href":"https:\/\/www.noidiqua.it\/Montale\/wp-json\/wp\/v2\/comments?post=2483"}],"version-history":[{"count":4,"href":"https:\/\/www.noidiqua.it\/Montale\/wp-json\/wp\/v2\/posts\/2483\/revisions"}],"predecessor-version":[{"id":7741,"href":"https:\/\/www.noidiqua.it\/Montale\/wp-json\/wp\/v2\/posts\/2483\/revisions\/7741"}],"wp:attachment":[{"href":"https:\/\/www.noidiqua.it\/Montale\/wp-json\/wp\/v2\/media?parent=2483"}],"wp:term":[{"taxonomy":"category","embeddable":true,"href":"https:\/\/www.noidiqua.it\/Montale\/wp-json\/wp\/v2\/categories?post=2483"},{"taxonomy":"post_tag","embeddable":true,"href":"https:\/\/www.noidiqua.it\/Montale\/wp-json\/wp\/v2\/tags?post=2483"}],"curies":[{"name":"wp","href":"https:\/\/api.w.org\/{rel}","templated":true}]}}