{"id":2528,"date":"2013-12-11T09:01:11","date_gmt":"2013-12-11T09:01:11","guid":{"rendered":"https:\/\/www.noidiqua.it\/Montale\/?p=2528"},"modified":"2023-01-24T10:01:00","modified_gmt":"2023-01-24T09:01:00","slug":"david-fiesoli-il-campione-dellaurora-montale","status":"publish","type":"post","link":"https:\/\/www.noidiqua.it\/Montale\/david-fiesoli-il-campione-dellaurora-montale\/","title":{"rendered":"David Fiesoli &#8211; il campione dell&#8217;Aurora Montale"},"content":{"rendered":"<p><em>di David Colzi<br \/>\n<\/em><\/p>\n<p><em>dicembre 2013<\/em><\/p>\n<p><a href=\"https:\/\/www.noidiqua.it\/Montale\/wp-content\/uploads\/2013\/12\/fiesoli-.png\" rel=\"wp-prettyPhoto[2528]\"><img loading=\"lazy\" decoding=\"async\" class=\"aligncenter  wp-image-7644\" src=\"https:\/\/www.noidiqua.it\/Montale\/wp-content\/uploads\/2013\/12\/fiesoli-.png\" alt=\"\" width=\"428\" height=\"381\" srcset=\"https:\/\/www.noidiqua.it\/Montale\/wp-content\/uploads\/2013\/12\/fiesoli-.png 504w, https:\/\/www.noidiqua.it\/Montale\/wp-content\/uploads\/2013\/12\/fiesoli--300x267.png 300w\" sizes=\"auto, (max-width: 428px) 100vw, 428px\" \/><\/a><\/p>\n<p>Campioni si nasce o si diventa? Parlando con <strong>David Fiesoli<\/strong>, viene da propendere per la seconda opzione; d\u2019altronde lui,<strong> montalese<\/strong> doc, ha iniziato a gareggiare sul serio solo tre anni fa, all\u2019et\u00e0 di 27 anni, quindi non certo giovanissimo. Per\u00f2 il podismo era gi\u00e0 in famiglia, dato che suo padre Giovanni \u00e8 uno dei fondatori dell\u2019<strong>Aurora Montale<\/strong> e suo fratello maggiore Michele ha sempre corso; diciamo che lui ha seguito il tutto da lontano, dilettandosi nello sport, solo per rimanere in forma.<\/p>\n<p><a href=\"https:\/\/www.noidiqua.it\/Montale\/wp-content\/uploads\/2013\/12\/fiesoli-3.png\" rel=\"wp-prettyPhoto[2528]\"><img loading=\"lazy\" decoding=\"async\" class=\"aligncenter size-full wp-image-7646\" src=\"https:\/\/www.noidiqua.it\/Montale\/wp-content\/uploads\/2013\/12\/fiesoli-3.png\" alt=\"\" width=\"498\" height=\"312\" srcset=\"https:\/\/www.noidiqua.it\/Montale\/wp-content\/uploads\/2013\/12\/fiesoli-3.png 498w, https:\/\/www.noidiqua.it\/Montale\/wp-content\/uploads\/2013\/12\/fiesoli-3-300x188.png 300w\" sizes=\"auto, (max-width: 498px) 100vw, 498px\" \/><\/a><\/p>\n<p>Nel 2011 la svolta, partecipando tanto per divertirsi, alla <strong>\u201cSudatina montalese\u201d<\/strong> dove si piazz\u00f2 fra i primi 30. Sergio Betti, presidente dell\u2019Aurora Montale, vedendo le potenzialit\u00e0 del ragazzo, gli consigli\u00f2 di andare da <strong>Fulvio Massini<\/strong>, un preparatore atletico di <strong>Firenze<\/strong>, per incrementare le sue prestazioni sportive. Gi\u00e0 nell\u2019edizione 2012 della \u201cSudatina\u201d, i risultati non sono tardati ad arrivare con il secondo posto, mentre in quella di quest\u2019anno \u00e8 sceso al terzo. Ma lui non si \u00e8 mai montato la testa e quando gli facciamo notare la sua bravura, ci dice: <em>\u00abSono uno sportivo a livello amatoriale, e nelle gare importanti mi accontento di arrivare tra i primi 50\u00bb<\/em>. Eppure, a ben vedere, il nostro fondista ottiene risultati molto prestigiosi, anche oltre i confini nazionali; ad esempio, nella mezza <strong>Maratona di Barcellona<\/strong> 2012, \u00e8 arrivato secondo fra gli italiani e nell\u2019edizione 2013 ha migliorato ulteriormente la sua performance, attestandosi primo tra i nostri connazionali e ventiseiesimo assoluto su 15.500 partenti. Niente male per un ragazzo che di mestiere fa il perito tessile e si allena quasi tutti i giorni dopo il lavoro. E siccome lo sport \u00e8 per David un divertimento, ma anche una sfida a migliorarsi, quest\u2019estate, mentre era in vacanza, ha partecipato a una <strong>\u201cnotturna\u201d<\/strong> vicino <strong>Phoenix<\/strong>, nel deserto dell\u2019<strong>Arizona<\/strong>, arrivando primo. Pi\u00f9 in generale l\u2019estate 2013 \u00e8 stata caratterizzata da una tripletta, in quanto Fiesoli \u00e8 salito sul gradino pi\u00f9 alto del podio, nella<strong> \u201cBerzantina\u201d di Porretta<\/strong>, nel <strong>Trofeo Pierattin<\/strong>i di Montale e nella gi\u00e0 citata competizione americana. L\u2019ultima gara disputata a ottobre, \u00e8 stata una mezza maratona (21 km) a <strong>Signa<\/strong>, che gli \u00e8 valsa il secondo posto.<\/p>\n<p><a href=\"https:\/\/www.noidiqua.it\/Montale\/wp-content\/uploads\/2013\/12\/fiesoli-2.png\" rel=\"wp-prettyPhoto[2528]\"><img loading=\"lazy\" decoding=\"async\" class=\"aligncenter size-full wp-image-7645\" src=\"https:\/\/www.noidiqua.it\/Montale\/wp-content\/uploads\/2013\/12\/fiesoli-2.png\" alt=\"\" width=\"503\" height=\"389\" srcset=\"https:\/\/www.noidiqua.it\/Montale\/wp-content\/uploads\/2013\/12\/fiesoli-2.png 503w, https:\/\/www.noidiqua.it\/Montale\/wp-content\/uploads\/2013\/12\/fiesoli-2-300x232.png 300w\" sizes=\"auto, (max-width: 503px) 100vw, 503px\" \/><\/a><\/p>\n<p>La prossima tappa, davvero impegnativa, sar\u00e0 la <strong>\u201cFirenze Marathon\u201d<\/strong> a fine novembre (42 km e 195 metri), dove il nostro atleta misurer\u00e0 il lavoro fatto in questi tre anni: infatti, ci dice David, questa gara l\u2019aveva gi\u00e0 disputata nel 2010 assieme all\u2019amico Valerio, ereditando un pettorale di gara all\u2019ultimo minuto e completandola in oltre 3 ore: siamo sicuri che quest\u2019anno andr\u00e0 molto meglio. Assieme a Fiesoli, correranno con i colori dell\u2019Aurora Montale anche <strong>Valerio Goretti, Alessio Gai, Emanuele Guazzelli, Giovanni Vinerbi e Arturo Ciprietti<\/strong>. Rimanendo nel capoluogo di regione, dobbiamo ricordare che Fiesoli ha partecipato alla prestigiosa <strong>\u201cNotturna di San Giovanni\u201d<\/strong>, una gara super competitiva di 10 km che vede alla partenza atleti professionisti, oltre ai soliti amatori. Per capire quanto stia migliorando il nostro David, basta dare un\u2019occhiata ai suoi piazzamenti nei tre anni in cui l\u2019ha disputata: nel 2011 \u00e8 arrivato ventesimo, nel 2012 quindicesimo e nel 2013 dodicesimo, su oltre 3000 partecipanti.<\/p>\n<p>Correr\u00e0 sempre con i colori dell\u2019Aurora Montale? <em>\u00abCerto\u00bb<\/em> conclude David Fiesoli <em>\u00abquell\u2019arancione mi accompagna da quando ero bambino e seguivo mio padre nelle trasferte. E\u2019 una bella soddisfazione fare dei buoni piazzamenti con i colori di questa associazione e ancor di pi\u00f9, arrivare al traguardo e vedere i tuoi compagni che ti applaudono. D\u2019altronde la nostra \u00e8 prima di tutto una famiglia\u00bb.<\/em><\/p>\n<p>&nbsp;<\/p>","protected":false},"excerpt":{"rendered":"<p>di David Colzi dicembre 2013 Campioni si nasce o si diventa? Parlando con David Fiesoli, viene da propendere per la seconda opzione; d\u2019altronde lui, montalese doc, ha iniziato a gareggiare sul serio solo tre anni fa, all\u2019et\u00e0 di 27 anni, quindi non certo giovanissimo. Per\u00f2 il podismo era gi\u00e0 in famiglia, dato che suo [&hellip;]<\/p>","protected":false},"author":5,"featured_media":0,"comment_status":"open","ping_status":"open","sticky":false,"template":"","format":"standard","meta":{"footnotes":""},"categories":[171,7,17],"tags":[89,91,113,114,150,151],"class_list":["post-2528","post","type-post","status-publish","format-standard","hentry","category-lo-sport-di-qua","category-mt","category-sport-qt","tag-i-brevi-di-noidiqua","tag-il-montalese","tag-noidiqua","tag-noidiqua-il-montalese","tag-sport","tag-sport-e-spettacolo"],"yoast_head":"<!-- This site is optimized with the Yoast SEO plugin v25.5 - https:\/\/yoast.com\/wordpress\/plugins\/seo\/ -->\n<title>David Fiesoli - il campione dell&#039;Aurora Montale - Noi di Qua Testata giornalistica e di attualit\u00e0 di Agliana, Montale e Quarrata.<\/title>\n<meta name=\"robots\" content=\"index, follow, max-snippet:-1, max-image-preview:large, max-video-preview:-1\" \/>\n<link rel=\"canonical\" href=\"https:\/\/www.noidiqua.it\/Montale\/david-fiesoli-il-campione-dellaurora-montale\/\" \/>\n<meta property=\"og:locale\" content=\"it_IT\" \/>\n<meta property=\"og:type\" content=\"article\" \/>\n<meta property=\"og:title\" content=\"David Fiesoli - il campione dell&#039;Aurora Montale - Noi di Qua Testata giornalistica e di attualit\u00e0 di Agliana, Montale e Quarrata.\" \/>\n<meta property=\"og:description\" content=\"di David Colzi dicembre 2013 Campioni si nasce o si diventa? Parlando con David Fiesoli, viene da propendere per la seconda opzione; d\u2019altronde lui, montalese doc, ha iniziato a gareggiare sul serio solo tre anni fa, all\u2019et\u00e0 di 27 anni, quindi non certo giovanissimo. Per\u00f2 il podismo era gi\u00e0 in famiglia, dato che suo [&hellip;]\" \/>\n<meta property=\"og:url\" content=\"https:\/\/www.noidiqua.it\/Montale\/david-fiesoli-il-campione-dellaurora-montale\/\" \/>\n<meta property=\"og:site_name\" content=\"Noi di Qua Testata giornalistica e di attualit\u00e0 di Agliana, Montale e Quarrata.\" \/>\n<meta property=\"article:publisher\" content=\"https:\/\/www.facebook.com\/noidiqua.trimestrale\/\" \/>\n<meta property=\"article:published_time\" content=\"2013-12-11T09:01:11+00:00\" \/>\n<meta property=\"article:modified_time\" content=\"2023-01-24T09:01:00+00:00\" \/>\n<meta property=\"og:image\" content=\"https:\/\/www.noidiqua.it\/Montale\/wp-content\/uploads\/2013\/12\/fiesoli-.png\" \/>\n<meta name=\"author\" content=\"David Colzi\" \/>\n<meta name=\"twitter:label1\" content=\"Scritto da\" \/>\n\t<meta name=\"twitter:data1\" content=\"David Colzi\" \/>\n\t<meta name=\"twitter:label2\" content=\"Tempo di lettura stimato\" \/>\n\t<meta name=\"twitter:data2\" content=\"4 minuti\" \/>\n<script type=\"application\/ld+json\" class=\"yoast-schema-graph\">{\"@context\":\"https:\/\/schema.org\",\"@graph\":[{\"@type\":\"WebPage\",\"@id\":\"https:\/\/www.noidiqua.it\/Montale\/david-fiesoli-il-campione-dellaurora-montale\/\",\"url\":\"https:\/\/www.noidiqua.it\/Montale\/david-fiesoli-il-campione-dellaurora-montale\/\",\"name\":\"David Fiesoli - il campione dell'Aurora Montale - Noi di Qua Testata giornalistica e di attualit\u00e0 di Agliana, Montale e Quarrata.\",\"isPartOf\":{\"@id\":\"https:\/\/www.noidiqua.it\/Montale\/#website\"},\"primaryImageOfPage\":{\"@id\":\"https:\/\/www.noidiqua.it\/Montale\/david-fiesoli-il-campione-dellaurora-montale\/#primaryimage\"},\"image\":{\"@id\":\"https:\/\/www.noidiqua.it\/Montale\/david-fiesoli-il-campione-dellaurora-montale\/#primaryimage\"},\"thumbnailUrl\":\"https:\/\/www.noidiqua.it\/Montale\/wp-content\/uploads\/2013\/12\/fiesoli-.png\",\"datePublished\":\"2013-12-11T09:01:11+00:00\",\"dateModified\":\"2023-01-24T09:01:00+00:00\",\"author\":{\"@id\":\"https:\/\/www.noidiqua.it\/Montale\/#\/schema\/person\/3b45dd21eb2367c177b6a6d35c868ccc\"},\"breadcrumb\":{\"@id\":\"https:\/\/www.noidiqua.it\/Montale\/david-fiesoli-il-campione-dellaurora-montale\/#breadcrumb\"},\"inLanguage\":\"it-IT\",\"potentialAction\":[{\"@type\":\"ReadAction\",\"target\":[\"https:\/\/www.noidiqua.it\/Montale\/david-fiesoli-il-campione-dellaurora-montale\/\"]}]},{\"@type\":\"ImageObject\",\"inLanguage\":\"it-IT\",\"@id\":\"https:\/\/www.noidiqua.it\/Montale\/david-fiesoli-il-campione-dellaurora-montale\/#primaryimage\",\"url\":\"https:\/\/www.noidiqua.it\/Montale\/wp-content\/uploads\/2013\/12\/fiesoli-.png\",\"contentUrl\":\"https:\/\/www.noidiqua.it\/Montale\/wp-content\/uploads\/2013\/12\/fiesoli-.png\",\"width\":504,\"height\":449},{\"@type\":\"BreadcrumbList\",\"@id\":\"https:\/\/www.noidiqua.it\/Montale\/david-fiesoli-il-campione-dellaurora-montale\/#breadcrumb\",\"itemListElement\":[{\"@type\":\"ListItem\",\"position\":1,\"name\":\"Home\",\"item\":\"https:\/\/www.noidiqua.it\/Montale\/\"},{\"@type\":\"ListItem\",\"position\":2,\"name\":\"David Fiesoli &#8211; il campione dell&#8217;Aurora Montale\"}]},{\"@type\":\"WebSite\",\"@id\":\"https:\/\/www.noidiqua.it\/Montale\/#website\",\"url\":\"https:\/\/www.noidiqua.it\/Montale\/\",\"name\":\"Noi di Qua Testata giornalistica e di attualit\u00e0 di Agliana, Montale e Quarrata.\",\"description\":\"Testata Giornalistica Quarrata Montale Agliana\",\"potentialAction\":[{\"@type\":\"SearchAction\",\"target\":{\"@type\":\"EntryPoint\",\"urlTemplate\":\"https:\/\/www.noidiqua.it\/Montale\/?s={search_term_string}\"},\"query-input\":{\"@type\":\"PropertyValueSpecification\",\"valueRequired\":true,\"valueName\":\"search_term_string\"}}],\"inLanguage\":\"it-IT\"},{\"@type\":\"Person\",\"@id\":\"https:\/\/www.noidiqua.it\/Montale\/#\/schema\/person\/3b45dd21eb2367c177b6a6d35c868ccc\",\"name\":\"David Colzi\",\"image\":{\"@type\":\"ImageObject\",\"inLanguage\":\"it-IT\",\"@id\":\"https:\/\/www.noidiqua.it\/Montale\/#\/schema\/person\/image\/\",\"url\":\"https:\/\/secure.gravatar.com\/avatar\/515ac68c0075b78a8243a0f28e5a361c9b5c466a1d6912ac3919ddd928c4db8c?s=96&d=mm&r=g\",\"contentUrl\":\"https:\/\/secure.gravatar.com\/avatar\/515ac68c0075b78a8243a0f28e5a361c9b5c466a1d6912ac3919ddd928c4db8c?s=96&d=mm&r=g\",\"caption\":\"David Colzi\"},\"url\":\"https:\/\/www.noidiqua.it\/Montale\/author\/david-colzi\/\"}]}<\/script>\n<!-- \/ Yoast SEO plugin. -->","yoast_head_json":{"title":"David Fiesoli - il campione dell'Aurora Montale - Noi di Qua Testata giornalistica e di attualit\u00e0 di Agliana, Montale e Quarrata.","robots":{"index":"index","follow":"follow","max-snippet":"max-snippet:-1","max-image-preview":"max-image-preview:large","max-video-preview":"max-video-preview:-1"},"canonical":"https:\/\/www.noidiqua.it\/Montale\/david-fiesoli-il-campione-dellaurora-montale\/","og_locale":"it_IT","og_type":"article","og_title":"David Fiesoli - il campione dell'Aurora Montale - Noi di Qua Testata giornalistica e di attualit\u00e0 di Agliana, Montale e Quarrata.","og_description":"di David Colzi dicembre 2013 Campioni si nasce o si diventa? Parlando con David Fiesoli, viene da propendere per la seconda opzione; d\u2019altronde lui, montalese doc, ha iniziato a gareggiare sul serio solo tre anni fa, all\u2019et\u00e0 di 27 anni, quindi non certo giovanissimo. Per\u00f2 il podismo era gi\u00e0 in famiglia, dato che suo [&hellip;]","og_url":"https:\/\/www.noidiqua.it\/Montale\/david-fiesoli-il-campione-dellaurora-montale\/","og_site_name":"Noi di Qua Testata giornalistica e di attualit\u00e0 di Agliana, Montale e Quarrata.","article_publisher":"https:\/\/www.facebook.com\/noidiqua.trimestrale\/","article_published_time":"2013-12-11T09:01:11+00:00","article_modified_time":"2023-01-24T09:01:00+00:00","og_image":[{"url":"https:\/\/www.noidiqua.it\/Montale\/wp-content\/uploads\/2013\/12\/fiesoli-.png","type":"","width":"","height":""}],"author":"David Colzi","twitter_misc":{"Scritto da":"David Colzi","Tempo di lettura stimato":"4 minuti"},"schema":{"@context":"https:\/\/schema.org","@graph":[{"@type":"WebPage","@id":"https:\/\/www.noidiqua.it\/Montale\/david-fiesoli-il-campione-dellaurora-montale\/","url":"https:\/\/www.noidiqua.it\/Montale\/david-fiesoli-il-campione-dellaurora-montale\/","name":"David Fiesoli - il campione dell'Aurora Montale - Noi di Qua Testata giornalistica e di attualit\u00e0 di Agliana, Montale e Quarrata.","isPartOf":{"@id":"https:\/\/www.noidiqua.it\/Montale\/#website"},"primaryImageOfPage":{"@id":"https:\/\/www.noidiqua.it\/Montale\/david-fiesoli-il-campione-dellaurora-montale\/#primaryimage"},"image":{"@id":"https:\/\/www.noidiqua.it\/Montale\/david-fiesoli-il-campione-dellaurora-montale\/#primaryimage"},"thumbnailUrl":"https:\/\/www.noidiqua.it\/Montale\/wp-content\/uploads\/2013\/12\/fiesoli-.png","datePublished":"2013-12-11T09:01:11+00:00","dateModified":"2023-01-24T09:01:00+00:00","author":{"@id":"https:\/\/www.noidiqua.it\/Montale\/#\/schema\/person\/3b45dd21eb2367c177b6a6d35c868ccc"},"breadcrumb":{"@id":"https:\/\/www.noidiqua.it\/Montale\/david-fiesoli-il-campione-dellaurora-montale\/#breadcrumb"},"inLanguage":"it-IT","potentialAction":[{"@type":"ReadAction","target":["https:\/\/www.noidiqua.it\/Montale\/david-fiesoli-il-campione-dellaurora-montale\/"]}]},{"@type":"ImageObject","inLanguage":"it-IT","@id":"https:\/\/www.noidiqua.it\/Montale\/david-fiesoli-il-campione-dellaurora-montale\/#primaryimage","url":"https:\/\/www.noidiqua.it\/Montale\/wp-content\/uploads\/2013\/12\/fiesoli-.png","contentUrl":"https:\/\/www.noidiqua.it\/Montale\/wp-content\/uploads\/2013\/12\/fiesoli-.png","width":504,"height":449},{"@type":"BreadcrumbList","@id":"https:\/\/www.noidiqua.it\/Montale\/david-fiesoli-il-campione-dellaurora-montale\/#breadcrumb","itemListElement":[{"@type":"ListItem","position":1,"name":"Home","item":"https:\/\/www.noidiqua.it\/Montale\/"},{"@type":"ListItem","position":2,"name":"David Fiesoli &#8211; il campione dell&#8217;Aurora Montale"}]},{"@type":"WebSite","@id":"https:\/\/www.noidiqua.it\/Montale\/#website","url":"https:\/\/www.noidiqua.it\/Montale\/","name":"Noi di Qua Testata giornalistica e di attualit\u00e0 di Agliana, Montale e Quarrata.","description":"Testata Giornalistica Quarrata Montale Agliana","potentialAction":[{"@type":"SearchAction","target":{"@type":"EntryPoint","urlTemplate":"https:\/\/www.noidiqua.it\/Montale\/?s={search_term_string}"},"query-input":{"@type":"PropertyValueSpecification","valueRequired":true,"valueName":"search_term_string"}}],"inLanguage":"it-IT"},{"@type":"Person","@id":"https:\/\/www.noidiqua.it\/Montale\/#\/schema\/person\/3b45dd21eb2367c177b6a6d35c868ccc","name":"David Colzi","image":{"@type":"ImageObject","inLanguage":"it-IT","@id":"https:\/\/www.noidiqua.it\/Montale\/#\/schema\/person\/image\/","url":"https:\/\/secure.gravatar.com\/avatar\/515ac68c0075b78a8243a0f28e5a361c9b5c466a1d6912ac3919ddd928c4db8c?s=96&d=mm&r=g","contentUrl":"https:\/\/secure.gravatar.com\/avatar\/515ac68c0075b78a8243a0f28e5a361c9b5c466a1d6912ac3919ddd928c4db8c?s=96&d=mm&r=g","caption":"David Colzi"},"url":"https:\/\/www.noidiqua.it\/Montale\/author\/david-colzi\/"}]}},"_links":{"self":[{"href":"https:\/\/www.noidiqua.it\/Montale\/wp-json\/wp\/v2\/posts\/2528","targetHints":{"allow":["GET"]}}],"collection":[{"href":"https:\/\/www.noidiqua.it\/Montale\/wp-json\/wp\/v2\/posts"}],"about":[{"href":"https:\/\/www.noidiqua.it\/Montale\/wp-json\/wp\/v2\/types\/post"}],"author":[{"embeddable":true,"href":"https:\/\/www.noidiqua.it\/Montale\/wp-json\/wp\/v2\/users\/5"}],"replies":[{"embeddable":true,"href":"https:\/\/www.noidiqua.it\/Montale\/wp-json\/wp\/v2\/comments?post=2528"}],"version-history":[{"count":4,"href":"https:\/\/www.noidiqua.it\/Montale\/wp-json\/wp\/v2\/posts\/2528\/revisions"}],"predecessor-version":[{"id":7647,"href":"https:\/\/www.noidiqua.it\/Montale\/wp-json\/wp\/v2\/posts\/2528\/revisions\/7647"}],"wp:attachment":[{"href":"https:\/\/www.noidiqua.it\/Montale\/wp-json\/wp\/v2\/media?parent=2528"}],"wp:term":[{"taxonomy":"category","embeddable":true,"href":"https:\/\/www.noidiqua.it\/Montale\/wp-json\/wp\/v2\/categories?post=2528"},{"taxonomy":"post_tag","embeddable":true,"href":"https:\/\/www.noidiqua.it\/Montale\/wp-json\/wp\/v2\/tags?post=2528"}],"curies":[{"name":"wp","href":"https:\/\/api.w.org\/{rel}","templated":true}]}}