{"id":2546,"date":"2013-12-11T09:28:44","date_gmt":"2013-12-11T09:28:44","guid":{"rendered":"https:\/\/www.noidiqua.it\/Montale\/?p=2546"},"modified":"2023-01-24T10:10:56","modified_gmt":"2023-01-24T09:10:56","slug":"piero-porcu-maestro-del-capello","status":"publish","type":"post","link":"https:\/\/www.noidiqua.it\/Montale\/piero-porcu-maestro-del-capello\/","title":{"rendered":"Piero Porcu &#8211; Maestro del capello"},"content":{"rendered":"<p><em>di Marco Bagnoli. Foto: <a href=\"http:\/\/www.bellinigabriele.it\">Gabriele Bellini.<\/a><br \/>\n<\/em><\/p>\n<p><em>dicembre 2013<\/em><\/p>\n<p><a href=\"https:\/\/www.noidiqua.it\/Montale\/wp-content\/uploads\/2013\/12\/porcu-1.png\" rel=\"wp-prettyPhoto[2546]\"><img loading=\"lazy\" decoding=\"async\" class=\"aligncenter size-full wp-image-7652\" src=\"https:\/\/www.noidiqua.it\/Montale\/wp-content\/uploads\/2013\/12\/porcu-1.png\" alt=\"\" width=\"500\" height=\"362\" srcset=\"https:\/\/www.noidiqua.it\/Montale\/wp-content\/uploads\/2013\/12\/porcu-1.png 500w, https:\/\/www.noidiqua.it\/Montale\/wp-content\/uploads\/2013\/12\/porcu-1-300x217.png 300w\" sizes=\"auto, (max-width: 500px) 100vw, 500px\" \/><\/a><\/p>\n<p>A Natale saremo tutti pi\u00f9 buoni, statene certi; ma per esser belli bisogna darsi da fare: <strong>Piero Porcu<\/strong> e il suo socio <strong>Danilo Scarpellini<\/strong> stanno lavorando per noi.<\/p>\n<p>Piero \u00e8 nato a <strong>Orani<\/strong>, provincia di<strong> Nuoro<\/strong>, ma \u00e8 un<strong> montalese<\/strong> dall\u2019et\u00e0 di tre anni. Ha iniziato da ragazzetto come aiutante nel negozio di un parrucchiere di <strong>Montale<\/strong>, poi, nel 1971, \u00e8 diventato dipendente a tutti gli effetti. Nel 1975, scansato l\u2019impegno del militare, Piero ha aperto un un\u2019attivit\u00e0 tutta sua; la tradizione del ragazzo di bottega si ripete, ma stavolta con Piero nella parte del titolare. L\u2019apprendista di allora and\u00f2 poi a lavorare nel negozio del padre, e allora Piero si mise alla ricerca di un socio \u2013 ricerca di breve durata, perch\u00e9 nel settembre del \u201976 Danilo fece il suo ingresso alle forbici e da allora i due dividono la scena. Danilo, appena diciottenne, \u00e8 stato all\u2019epoca uno dei pi\u00f9 giovani iscritti alla camera di commercio. Quando si parla con un barbiere come Piero, che vanta ben quarantadue anni nella professione, ci si accorge di poter condividere le osservazioni di un testimone particolare di una larga fetta della nostra storia. Attraverso i cambiamenti legislativi che hanno interessato l\u2019attivit\u00e0 dei barbieri \u00e8 possibile leggere in controluce il cambiamento dell\u2019intero contesto culturale che stava intorno. Tanto per cominciare una volta esisteva la scuola <strong>Anam<\/strong> (<strong>Accademia Nazionale Acconciatori Misti<\/strong>) di parrucchiere, che Piero ha frequentato nel 1972 prima di misurarsi a sua volta nel ruolo di insegnante, formando negli anni generazioni di parrucchieri; inutile dire che un percorso di formazione non pu\u00f2 che consolidare un mestiere \u2013 in un\u2019epoca peraltro molto meno critica di quella che stiamo vivendo oggi. \u00c8 diventato maestro, ha iniziato a insegnare, \u00e8 entrato nella squadra del gruppo artistico regionale aggiudicandosi, inutile dirlo, una bella serie di premi e riconoscimenti; \u00e8 bene notare che al conseguimento del diploma i neo maestri passavano il testimone istruendo gli allievi senza per questo percepire alcun compenso, un attaccamento al proprio mestiere che Piero e Danilo hanno dimostrato negli anni che sono usciti di casa la sera per raggiungere la sede Anam di <strong>Pistoia<\/strong> \u2013 compreso il luned\u00ec, il giorno canonico di riposo \u2013 ancora pi\u00f9 faticoso negli anni in cui Piero ne ha assunto la direzione.<\/p>\n<p><a href=\"https:\/\/www.noidiqua.it\/Montale\/wp-content\/uploads\/2013\/12\/porcu-2.png\" rel=\"wp-prettyPhoto[2546]\"><img loading=\"lazy\" decoding=\"async\" class=\"aligncenter size-full wp-image-7653\" src=\"https:\/\/www.noidiqua.it\/Montale\/wp-content\/uploads\/2013\/12\/porcu-2.png\" alt=\"\" width=\"275\" height=\"397\" srcset=\"https:\/\/www.noidiqua.it\/Montale\/wp-content\/uploads\/2013\/12\/porcu-2.png 275w, https:\/\/www.noidiqua.it\/Montale\/wp-content\/uploads\/2013\/12\/porcu-2-208x300.png 208w\" sizes=\"auto, (max-width: 275px) 100vw, 275px\" \/><\/a><\/p>\n<p>Il rapporto intergenerazionale della micro-comunit\u00e0 degli acconciatori, si esprimeva al meglio con la selezione della squadra artistica, una vera e propria \u201cnazionale\u201d dei professionisti toscani che si erano gi\u00e0 distinti nell\u2019ambito di precedenti concorsi \u2013 la squadra faceva regolari allenamenti settimanali per affinare il lavoro d\u2019equipe sulla testa di alcuni modelli, in vista della competizione e della valutazione di una giuria qualificata. Anche Piero \u00e8 stato poi giurato, impegnato in esami e dimostrazioni, che gli hanno consentito di girare un po\u2019 tutta l\u2019<strong>Italia<\/strong> nel corso delle varie manifestazioni regionali e nazionali. Nel 1977, a 21 anni, si sposa con Lina, che ne ha solo 16. Nel 1979 vince il campionato regionale e nel 1980 una sua creazione finisce sulla copertina di <strong>Salon<\/strong>, la rivista di settore dell\u2019Anam a diffusione internazionale, tanto che esce prima a<strong> Parigi<\/strong> e poi in Italia, in<strong> Spagna<\/strong>, in<strong> Inghilterra<\/strong> e in <strong>Germania<\/strong>; il servizio all\u2019interno mostra i singoli passaggi di tutta l\u2019acconciatura, che oltre al taglio si lascia notare per l\u2019uso inconsueto, all\u2019epoca, delle m\u00e8ches su di un uomo.<\/p>\n<p>L\u2019anno scorso la <strong>Camera di Commercio<\/strong> di Pistoia lo ha insignito del titolo di <strong>Maestro Artigiano<\/strong>, in particolare per l\u2019incarico didattico e organizzativo ricoperto nell\u2019ambito della scuola \u2013 e per una professione che si fonda sulla cura della persona. Il taglio dei capelli rivela qualcosa di pi\u00f9 della semplice vanit\u00e0, \u00e8 l\u2019indizio visibile del mutamento dei tempi e della vita: una volta il sabato era il giorno del barbiere, gli amici si ritrovavano al negozio per trascorrere il pomeriggio in preparazione della serata; a quei tempi si entrava bambini e si continuava a tornare anche coi capelli bianchi. Oggi questo mondo non esiste pi\u00f9; \u00e8 un peccato, anche se continuano ad esserci artisti del mestiere come i nostri Piero e Danilo.<\/p>\n<p>&nbsp;<\/p>","protected":false},"excerpt":{"rendered":"<p>di Marco Bagnoli. Foto: Gabriele Bellini. dicembre 2013 A Natale saremo tutti pi\u00f9 buoni, statene certi; ma per esser belli bisogna darsi da fare: Piero Porcu e il suo socio Danilo Scarpellini stanno lavorando per noi. Piero \u00e8 nato a Orani, provincia di Nuoro, ma \u00e8 un montalese dall\u2019et\u00e0 di tre anni. Ha iniziato [&hellip;]<\/p>","protected":false},"author":3,"featured_media":0,"comment_status":"open","ping_status":"open","sticky":false,"template":"","format":"standard","meta":{"footnotes":""},"categories":[23,7],"tags":[42,89,91,995,109,113,114,154],"class_list":["post-2546","post","type-post","status-publish","format-standard","hentry","category-arte-artigianato-qt","category-mt","tag-arti-e-mestieri","tag-i-brevi-di-noidiqua","tag-il-montalese","tag-mt","tag-montalese","tag-noidiqua","tag-noidiqua-il-montalese","tag-territorio"],"yoast_head":"<!-- This site is optimized with the Yoast SEO plugin v25.5 - https:\/\/yoast.com\/wordpress\/plugins\/seo\/ -->\n<title>Piero Porcu - Maestro del capello - Noi di Qua Testata giornalistica e di attualit\u00e0 di Agliana, Montale e Quarrata.<\/title>\n<meta name=\"robots\" content=\"index, follow, max-snippet:-1, max-image-preview:large, max-video-preview:-1\" \/>\n<link rel=\"canonical\" href=\"https:\/\/www.noidiqua.it\/Montale\/piero-porcu-maestro-del-capello\/\" \/>\n<meta property=\"og:locale\" content=\"it_IT\" \/>\n<meta property=\"og:type\" content=\"article\" \/>\n<meta property=\"og:title\" content=\"Piero Porcu - Maestro del capello - Noi di Qua Testata giornalistica e di attualit\u00e0 di Agliana, Montale e Quarrata.\" \/>\n<meta property=\"og:description\" content=\"di Marco Bagnoli. Foto: Gabriele Bellini. dicembre 2013 A Natale saremo tutti pi\u00f9 buoni, statene certi; ma per esser belli bisogna darsi da fare: Piero Porcu e il suo socio Danilo Scarpellini stanno lavorando per noi. Piero \u00e8 nato a Orani, provincia di Nuoro, ma \u00e8 un montalese dall\u2019et\u00e0 di tre anni. Ha iniziato [&hellip;]\" \/>\n<meta property=\"og:url\" content=\"https:\/\/www.noidiqua.it\/Montale\/piero-porcu-maestro-del-capello\/\" \/>\n<meta property=\"og:site_name\" content=\"Noi di Qua Testata giornalistica e di attualit\u00e0 di Agliana, Montale e Quarrata.\" \/>\n<meta property=\"article:publisher\" content=\"https:\/\/www.facebook.com\/noidiqua.trimestrale\/\" \/>\n<meta property=\"article:published_time\" content=\"2013-12-11T09:28:44+00:00\" \/>\n<meta property=\"article:modified_time\" content=\"2023-01-24T09:10:56+00:00\" \/>\n<meta property=\"og:image\" content=\"https:\/\/www.noidiqua.it\/Montale\/wp-content\/uploads\/2013\/12\/porcu-1.png\" \/>\n<meta name=\"author\" content=\"Marco Bagnoli\" \/>\n<meta name=\"twitter:label1\" content=\"Scritto da\" \/>\n\t<meta name=\"twitter:data1\" content=\"Marco Bagnoli\" \/>\n\t<meta name=\"twitter:label2\" content=\"Tempo di lettura stimato\" \/>\n\t<meta name=\"twitter:data2\" content=\"4 minuti\" \/>\n<script type=\"application\/ld+json\" class=\"yoast-schema-graph\">{\"@context\":\"https:\/\/schema.org\",\"@graph\":[{\"@type\":\"WebPage\",\"@id\":\"https:\/\/www.noidiqua.it\/Montale\/piero-porcu-maestro-del-capello\/\",\"url\":\"https:\/\/www.noidiqua.it\/Montale\/piero-porcu-maestro-del-capello\/\",\"name\":\"Piero Porcu - Maestro del capello - Noi di Qua Testata giornalistica e di attualit\u00e0 di Agliana, Montale e Quarrata.\",\"isPartOf\":{\"@id\":\"https:\/\/www.noidiqua.it\/Montale\/#website\"},\"primaryImageOfPage\":{\"@id\":\"https:\/\/www.noidiqua.it\/Montale\/piero-porcu-maestro-del-capello\/#primaryimage\"},\"image\":{\"@id\":\"https:\/\/www.noidiqua.it\/Montale\/piero-porcu-maestro-del-capello\/#primaryimage\"},\"thumbnailUrl\":\"https:\/\/www.noidiqua.it\/Montale\/wp-content\/uploads\/2013\/12\/porcu-1.png\",\"datePublished\":\"2013-12-11T09:28:44+00:00\",\"dateModified\":\"2023-01-24T09:10:56+00:00\",\"author\":{\"@id\":\"https:\/\/www.noidiqua.it\/Montale\/#\/schema\/person\/4e183cb0c6d7951e716a876aa702e1a2\"},\"breadcrumb\":{\"@id\":\"https:\/\/www.noidiqua.it\/Montale\/piero-porcu-maestro-del-capello\/#breadcrumb\"},\"inLanguage\":\"it-IT\",\"potentialAction\":[{\"@type\":\"ReadAction\",\"target\":[\"https:\/\/www.noidiqua.it\/Montale\/piero-porcu-maestro-del-capello\/\"]}]},{\"@type\":\"ImageObject\",\"inLanguage\":\"it-IT\",\"@id\":\"https:\/\/www.noidiqua.it\/Montale\/piero-porcu-maestro-del-capello\/#primaryimage\",\"url\":\"https:\/\/www.noidiqua.it\/Montale\/wp-content\/uploads\/2013\/12\/porcu-1.png\",\"contentUrl\":\"https:\/\/www.noidiqua.it\/Montale\/wp-content\/uploads\/2013\/12\/porcu-1.png\",\"width\":500,\"height\":362},{\"@type\":\"BreadcrumbList\",\"@id\":\"https:\/\/www.noidiqua.it\/Montale\/piero-porcu-maestro-del-capello\/#breadcrumb\",\"itemListElement\":[{\"@type\":\"ListItem\",\"position\":1,\"name\":\"Home\",\"item\":\"https:\/\/www.noidiqua.it\/Montale\/\"},{\"@type\":\"ListItem\",\"position\":2,\"name\":\"Piero Porcu &#8211; Maestro del capello\"}]},{\"@type\":\"WebSite\",\"@id\":\"https:\/\/www.noidiqua.it\/Montale\/#website\",\"url\":\"https:\/\/www.noidiqua.it\/Montale\/\",\"name\":\"Noi di Qua Testata giornalistica e di attualit\u00e0 di Agliana, Montale e Quarrata.\",\"description\":\"Testata Giornalistica Quarrata Montale Agliana\",\"potentialAction\":[{\"@type\":\"SearchAction\",\"target\":{\"@type\":\"EntryPoint\",\"urlTemplate\":\"https:\/\/www.noidiqua.it\/Montale\/?s={search_term_string}\"},\"query-input\":{\"@type\":\"PropertyValueSpecification\",\"valueRequired\":true,\"valueName\":\"search_term_string\"}}],\"inLanguage\":\"it-IT\"},{\"@type\":\"Person\",\"@id\":\"https:\/\/www.noidiqua.it\/Montale\/#\/schema\/person\/4e183cb0c6d7951e716a876aa702e1a2\",\"name\":\"Marco Bagnoli\",\"image\":{\"@type\":\"ImageObject\",\"inLanguage\":\"it-IT\",\"@id\":\"https:\/\/www.noidiqua.it\/Montale\/#\/schema\/person\/image\/\",\"url\":\"https:\/\/secure.gravatar.com\/avatar\/73ace53724c50db9c48af54756f17b7cdb015a9d8d2c08c7e04e480539a94eee?s=96&d=mm&r=g\",\"contentUrl\":\"https:\/\/secure.gravatar.com\/avatar\/73ace53724c50db9c48af54756f17b7cdb015a9d8d2c08c7e04e480539a94eee?s=96&d=mm&r=g\",\"caption\":\"Marco Bagnoli\"},\"url\":\"https:\/\/www.noidiqua.it\/Montale\/author\/marco-bagnoli\/\"}]}<\/script>\n<!-- \/ Yoast SEO plugin. -->","yoast_head_json":{"title":"Piero Porcu - Maestro del capello - Noi di Qua Testata giornalistica e di attualit\u00e0 di Agliana, Montale e Quarrata.","robots":{"index":"index","follow":"follow","max-snippet":"max-snippet:-1","max-image-preview":"max-image-preview:large","max-video-preview":"max-video-preview:-1"},"canonical":"https:\/\/www.noidiqua.it\/Montale\/piero-porcu-maestro-del-capello\/","og_locale":"it_IT","og_type":"article","og_title":"Piero Porcu - Maestro del capello - Noi di Qua Testata giornalistica e di attualit\u00e0 di Agliana, Montale e Quarrata.","og_description":"di Marco Bagnoli. Foto: Gabriele Bellini. dicembre 2013 A Natale saremo tutti pi\u00f9 buoni, statene certi; ma per esser belli bisogna darsi da fare: Piero Porcu e il suo socio Danilo Scarpellini stanno lavorando per noi. Piero \u00e8 nato a Orani, provincia di Nuoro, ma \u00e8 un montalese dall\u2019et\u00e0 di tre anni. Ha iniziato [&hellip;]","og_url":"https:\/\/www.noidiqua.it\/Montale\/piero-porcu-maestro-del-capello\/","og_site_name":"Noi di Qua Testata giornalistica e di attualit\u00e0 di Agliana, Montale e Quarrata.","article_publisher":"https:\/\/www.facebook.com\/noidiqua.trimestrale\/","article_published_time":"2013-12-11T09:28:44+00:00","article_modified_time":"2023-01-24T09:10:56+00:00","og_image":[{"url":"https:\/\/www.noidiqua.it\/Montale\/wp-content\/uploads\/2013\/12\/porcu-1.png","type":"","width":"","height":""}],"author":"Marco Bagnoli","twitter_misc":{"Scritto da":"Marco Bagnoli","Tempo di lettura stimato":"4 minuti"},"schema":{"@context":"https:\/\/schema.org","@graph":[{"@type":"WebPage","@id":"https:\/\/www.noidiqua.it\/Montale\/piero-porcu-maestro-del-capello\/","url":"https:\/\/www.noidiqua.it\/Montale\/piero-porcu-maestro-del-capello\/","name":"Piero Porcu - Maestro del capello - Noi di Qua Testata giornalistica e di attualit\u00e0 di Agliana, Montale e Quarrata.","isPartOf":{"@id":"https:\/\/www.noidiqua.it\/Montale\/#website"},"primaryImageOfPage":{"@id":"https:\/\/www.noidiqua.it\/Montale\/piero-porcu-maestro-del-capello\/#primaryimage"},"image":{"@id":"https:\/\/www.noidiqua.it\/Montale\/piero-porcu-maestro-del-capello\/#primaryimage"},"thumbnailUrl":"https:\/\/www.noidiqua.it\/Montale\/wp-content\/uploads\/2013\/12\/porcu-1.png","datePublished":"2013-12-11T09:28:44+00:00","dateModified":"2023-01-24T09:10:56+00:00","author":{"@id":"https:\/\/www.noidiqua.it\/Montale\/#\/schema\/person\/4e183cb0c6d7951e716a876aa702e1a2"},"breadcrumb":{"@id":"https:\/\/www.noidiqua.it\/Montale\/piero-porcu-maestro-del-capello\/#breadcrumb"},"inLanguage":"it-IT","potentialAction":[{"@type":"ReadAction","target":["https:\/\/www.noidiqua.it\/Montale\/piero-porcu-maestro-del-capello\/"]}]},{"@type":"ImageObject","inLanguage":"it-IT","@id":"https:\/\/www.noidiqua.it\/Montale\/piero-porcu-maestro-del-capello\/#primaryimage","url":"https:\/\/www.noidiqua.it\/Montale\/wp-content\/uploads\/2013\/12\/porcu-1.png","contentUrl":"https:\/\/www.noidiqua.it\/Montale\/wp-content\/uploads\/2013\/12\/porcu-1.png","width":500,"height":362},{"@type":"BreadcrumbList","@id":"https:\/\/www.noidiqua.it\/Montale\/piero-porcu-maestro-del-capello\/#breadcrumb","itemListElement":[{"@type":"ListItem","position":1,"name":"Home","item":"https:\/\/www.noidiqua.it\/Montale\/"},{"@type":"ListItem","position":2,"name":"Piero Porcu &#8211; Maestro del capello"}]},{"@type":"WebSite","@id":"https:\/\/www.noidiqua.it\/Montale\/#website","url":"https:\/\/www.noidiqua.it\/Montale\/","name":"Noi di Qua Testata giornalistica e di attualit\u00e0 di Agliana, Montale e Quarrata.","description":"Testata Giornalistica Quarrata Montale Agliana","potentialAction":[{"@type":"SearchAction","target":{"@type":"EntryPoint","urlTemplate":"https:\/\/www.noidiqua.it\/Montale\/?s={search_term_string}"},"query-input":{"@type":"PropertyValueSpecification","valueRequired":true,"valueName":"search_term_string"}}],"inLanguage":"it-IT"},{"@type":"Person","@id":"https:\/\/www.noidiqua.it\/Montale\/#\/schema\/person\/4e183cb0c6d7951e716a876aa702e1a2","name":"Marco Bagnoli","image":{"@type":"ImageObject","inLanguage":"it-IT","@id":"https:\/\/www.noidiqua.it\/Montale\/#\/schema\/person\/image\/","url":"https:\/\/secure.gravatar.com\/avatar\/73ace53724c50db9c48af54756f17b7cdb015a9d8d2c08c7e04e480539a94eee?s=96&d=mm&r=g","contentUrl":"https:\/\/secure.gravatar.com\/avatar\/73ace53724c50db9c48af54756f17b7cdb015a9d8d2c08c7e04e480539a94eee?s=96&d=mm&r=g","caption":"Marco Bagnoli"},"url":"https:\/\/www.noidiqua.it\/Montale\/author\/marco-bagnoli\/"}]}},"_links":{"self":[{"href":"https:\/\/www.noidiqua.it\/Montale\/wp-json\/wp\/v2\/posts\/2546","targetHints":{"allow":["GET"]}}],"collection":[{"href":"https:\/\/www.noidiqua.it\/Montale\/wp-json\/wp\/v2\/posts"}],"about":[{"href":"https:\/\/www.noidiqua.it\/Montale\/wp-json\/wp\/v2\/types\/post"}],"author":[{"embeddable":true,"href":"https:\/\/www.noidiqua.it\/Montale\/wp-json\/wp\/v2\/users\/3"}],"replies":[{"embeddable":true,"href":"https:\/\/www.noidiqua.it\/Montale\/wp-json\/wp\/v2\/comments?post=2546"}],"version-history":[{"count":3,"href":"https:\/\/www.noidiqua.it\/Montale\/wp-json\/wp\/v2\/posts\/2546\/revisions"}],"predecessor-version":[{"id":7654,"href":"https:\/\/www.noidiqua.it\/Montale\/wp-json\/wp\/v2\/posts\/2546\/revisions\/7654"}],"wp:attachment":[{"href":"https:\/\/www.noidiqua.it\/Montale\/wp-json\/wp\/v2\/media?parent=2546"}],"wp:term":[{"taxonomy":"category","embeddable":true,"href":"https:\/\/www.noidiqua.it\/Montale\/wp-json\/wp\/v2\/categories?post=2546"},{"taxonomy":"post_tag","embeddable":true,"href":"https:\/\/www.noidiqua.it\/Montale\/wp-json\/wp\/v2\/tags?post=2546"}],"curies":[{"name":"wp","href":"https:\/\/api.w.org\/{rel}","templated":true}]}}