{"id":2613,"date":"2013-12-11T15:02:21","date_gmt":"2013-12-11T15:02:21","guid":{"rendered":"https:\/\/www.noidiqua.it\/Montale\/?p=2613"},"modified":"2023-01-24T10:45:05","modified_gmt":"2023-01-24T09:45:05","slug":"concludendo-primo-secondo-terzo","status":"publish","type":"post","link":"https:\/\/www.noidiqua.it\/Montale\/concludendo-primo-secondo-terzo\/","title":{"rendered":"Concludendo &#8211; Primo! Secondo!&#8230; TERZO!"},"content":{"rendered":"<p><em>di Massimo Cappelli<br \/>\n<\/em><\/p>\n<p><em>dicembre 2013<\/em><\/p>\n<p><a href=\"https:\/\/www.noidiqua.it\/Montale\/wp-content\/uploads\/2013\/12\/concludendo-terzo.png\" rel=\"wp-prettyPhoto[2613]\"><img loading=\"lazy\" decoding=\"async\" class=\"aligncenter  wp-image-7682\" src=\"https:\/\/www.noidiqua.it\/Montale\/wp-content\/uploads\/2013\/12\/concludendo-terzo.png\" alt=\"\" width=\"400\" height=\"375\" srcset=\"https:\/\/www.noidiqua.it\/Montale\/wp-content\/uploads\/2013\/12\/concludendo-terzo.png 504w, https:\/\/www.noidiqua.it\/Montale\/wp-content\/uploads\/2013\/12\/concludendo-terzo-300x282.png 300w\" sizes=\"auto, (max-width: 400px) 100vw, 400px\" \/><\/a><\/p>\n<p>Primo!?! Secondo!! Nooo! Io terzo no davvero!<\/p>\n<p>Che si trattasse di un gioco, di una gara, o solamente di una conta, anni fa, per i ragazzi della nostra generazione questa frase \u00e8 stata un vero tormentone. Nessuno voleva arrivare terzo! Non solo perch\u00e9 si potesse aspirare a posizioni migliori, ma perch\u00e9 assumere, anche temporaneamente questo titolo, era motivo di scherno, visto che Terzo era il nome di battesimo di una persona, per quei tempi non assimilabile.<\/p>\n<p><strong>Terzo Chiti<\/strong>, classe 1943, parrucchiere per signora (come si diceva allora) e <strong>gay dichiarato<\/strong> da quando il<strong> termine eterosessuale<\/strong>, non era ancora stato contrapposto <strong>a omosessuale<\/strong>, la sessualit\u00e0 convenzionale non veniva ancora chiamata per nome, quindi il percorso verso la conquista da parte della categoria in minoranza, non aveva ancora avuto inizio. Se consideriamo i tempi, Terzo ha avuto un grande coraggio nel fare, da giovanissimo, il suo <strong>coming out<\/strong>. A inserirsi, in modo eccentrico e bizzarro, nel mondo che gli stava intorno, visto che la sensibilit\u00e0 e le attenzioni positive per il diverso non erano ancora state incoraggiate. Allora il termine omofobia non era ancora in voga e certa gente&#8230; <em>\u201cperbene\u201d<\/em> nei cinema, nei teatri, in fila in banca o alla posta, prendeva le distanze dai gay. Bande di giovani, fischiavano e urlavano loro contro, le frasi pi\u00f9 volgari.<br \/>\nCerto, qualche decina di anni prima, un <em>imbecille<\/em> coi baffetti neri, queste categorie in minoranza le mandava addirittura nelle camere a gas, ma credo che la vita sociale di un omosessuale dichiarato, anche ai tempi di Terzo Chiti, non dovesse essere uno spasso. Ostinato, lui prendeva la vita di petto, e dando sfogo al suo desiderio di essere nato femmina, si mostrava al mondo con abiti rosa chicco, con i tacchi alti, con il trucco sul viso, le unghie lunghe e smaltate. Se ne fregava delle reazioni di chi gli stava intorno conducendo l&#8217;esistenza che desiderava, una vita, dal suo punto di vista, del tutto normale. Negli anni settanta e ottanta molti artisti come <strong>David Bowie<\/strong>, <strong>Elton John<\/strong>, <strong>Amanda Lear<\/strong>, <strong>Grace Jones<\/strong>, il nostro <strong>Renato Zero<\/strong>, e pi\u00f9 tardi opinionisti fra i quali <strong>Aldo Bus<\/strong>i e <strong>Platinette<\/strong>, partendo dalla loro omosessualit\u00e0, riuscivano a comunicare grandi verit\u00e0 in maniera alternativa. Con i loro travestimenti e la loro trasgressione, attiravano provocatoriamente su di s\u00e9 l&#8217;attenzione delle masse, inviando per\u00f2 veri messaggi positivi, contro la droga, contro le guerre e la violenza, a favore di un mondo migliore. Questo fenomeno ha ribaltato la situazione e ha dato, anche alla sfera dei gay, la grande opportunit\u00e0 di essere ascoltata.<\/p>\n<p>Iniziava cos\u00ec questa grande rivoluzione nel mondo della comunicazione, si scopriva quanto una verit\u00e0 inaspettata, poich\u00e9 espressa da un trasgressore, da un uomo mascherato, arrivasse in maniera pi\u00f9 pulita e colpisse l&#8217;individuo pi\u00f9 in profondit\u00e0. In quegli anni, gli omosessuali, con l&#8217;aiuto dei media e della mentalit\u00e0 che stava cambiando, stavano diventando dei veri e propri supereroi. Gli anni duemila, stanno perseguendo questo cambiamento e non solo i vip, ma anche gli omosessuali comuni si manifestano con orgoglio. Come sappiamo, in alcuni paesi, oggi, possono sposarsi anche persone dello stesso sesso. Persino <strong>Papa Francesco<\/strong>, poco tempo fa, rispondendo ad una domanda di un giornalista, non ha osato prendere posizioni sulla questione dell&#8217;omosessualit\u00e0. Anche la Chiesa, quindi, sembra essere meno bigotta, e sembra aver capito che, se dove c&#8217;\u00e8 <strong>Barilla c&#8217;\u00e8 casa<\/strong>, probabilmente, dove c&#8217;\u00e8 amore c&#8217;\u00e8 famiglia (<strong>Littizzetto<\/strong> docet). Tuttavia, nonostante i grandi passi avanti, ci sono ancora oggi rari, inammissibili episodi di intolleranza, ma avremo sicuramente modo di migliorare.<\/p>\n<p>Tornando al nostro amico Terzo Chiti, che oggi \u00e8 un bel <em>finocchietto settantenne<\/em>, in pensione, possiamo incontrarlo in giro per Quarrata o a far gruppo, quasi tutte le mattine, al <strong>Bar Grazia<\/strong>, a commentare i fatti del giorno insieme a suoi coetanei, i quali finalmente hanno capito che nella corsa della vita, arrivare terzo, \u00e8 di certo un buon risultato. Lo si pu\u00f2 riconoscere nelle accese discussioni, e dalle sue prese di posizione, nelle quali ha quasi sempre la meglio lui. Lui, ancora oggi, a maggior ragione, gay dichiarato, ma forse&#8230; molto pi\u00f9&#8230; <strong>uomo<\/strong> di tanti altri.<\/p>\n<p>&nbsp;<\/p>\n<p style=\"text-align: justify;\">Tanti auguri<br \/>\nper un Natale&#8230; Diverso!<\/p>","protected":false},"excerpt":{"rendered":"<p>di Massimo Cappelli dicembre 2013 Primo!?! Secondo!! Nooo! Io terzo no davvero! Che si trattasse di un gioco, di una gara, o solamente di una conta, anni fa, per i ragazzi della nostra generazione questa frase \u00e8 stata un vero tormentone. Nessuno voleva arrivare terzo! Non solo perch\u00e9 si potesse aspirare a posizioni migliori, [&hellip;]<\/p>","protected":false},"author":7,"featured_media":0,"comment_status":"open","ping_status":"open","sticky":false,"template":"","format":"standard","meta":{"footnotes":""},"categories":[24,7],"tags":[89,91,104,995,109,113,114,126,127],"class_list":["post-2613","post","type-post","status-publish","format-standard","hentry","category-concludendo-qt","category-mt","tag-i-brevi-di-noidiqua","tag-il-montalese","tag-massimo-cappelli","tag-mt","tag-montalese","tag-noidiqua","tag-noidiqua-il-montalese","tag-redazionale","tag-redazione"],"yoast_head":"<!-- This site is optimized with the Yoast SEO plugin v25.5 - https:\/\/yoast.com\/wordpress\/plugins\/seo\/ -->\n<title>Concludendo - Primo! Secondo!... TERZO! - Noi di Qua Testata giornalistica e di attualit\u00e0 di Agliana, Montale e Quarrata.<\/title>\n<meta name=\"robots\" content=\"index, follow, max-snippet:-1, max-image-preview:large, max-video-preview:-1\" \/>\n<link rel=\"canonical\" href=\"https:\/\/www.noidiqua.it\/Montale\/concludendo-primo-secondo-terzo\/\" \/>\n<meta property=\"og:locale\" content=\"it_IT\" \/>\n<meta property=\"og:type\" content=\"article\" \/>\n<meta property=\"og:title\" content=\"Concludendo - Primo! Secondo!... TERZO! - Noi di Qua Testata giornalistica e di attualit\u00e0 di Agliana, Montale e Quarrata.\" \/>\n<meta property=\"og:description\" content=\"di Massimo Cappelli dicembre 2013 Primo!?! Secondo!! Nooo! Io terzo no davvero! Che si trattasse di un gioco, di una gara, o solamente di una conta, anni fa, per i ragazzi della nostra generazione questa frase \u00e8 stata un vero tormentone. Nessuno voleva arrivare terzo! Non solo perch\u00e9 si potesse aspirare a posizioni migliori, [&hellip;]\" \/>\n<meta property=\"og:url\" content=\"https:\/\/www.noidiqua.it\/Montale\/concludendo-primo-secondo-terzo\/\" \/>\n<meta property=\"og:site_name\" content=\"Noi di Qua Testata giornalistica e di attualit\u00e0 di Agliana, Montale e Quarrata.\" \/>\n<meta property=\"article:publisher\" content=\"https:\/\/www.facebook.com\/noidiqua.trimestrale\/\" \/>\n<meta property=\"article:published_time\" content=\"2013-12-11T15:02:21+00:00\" \/>\n<meta property=\"article:modified_time\" content=\"2023-01-24T09:45:05+00:00\" \/>\n<meta property=\"og:image\" content=\"https:\/\/www.noidiqua.it\/Montale\/wp-content\/uploads\/2013\/12\/concludendo-terzo.png\" \/>\n<meta name=\"author\" content=\"Massimo Cappelli\" \/>\n<meta name=\"twitter:label1\" content=\"Scritto da\" \/>\n\t<meta name=\"twitter:data1\" content=\"Massimo Cappelli\" \/>\n\t<meta name=\"twitter:label2\" content=\"Tempo di lettura stimato\" \/>\n\t<meta name=\"twitter:data2\" content=\"4 minuti\" \/>\n<script type=\"application\/ld+json\" class=\"yoast-schema-graph\">{\"@context\":\"https:\/\/schema.org\",\"@graph\":[{\"@type\":\"WebPage\",\"@id\":\"https:\/\/www.noidiqua.it\/Montale\/concludendo-primo-secondo-terzo\/\",\"url\":\"https:\/\/www.noidiqua.it\/Montale\/concludendo-primo-secondo-terzo\/\",\"name\":\"Concludendo - Primo! Secondo!... TERZO! - Noi di Qua Testata giornalistica e di attualit\u00e0 di Agliana, Montale e Quarrata.\",\"isPartOf\":{\"@id\":\"https:\/\/www.noidiqua.it\/Montale\/#website\"},\"primaryImageOfPage\":{\"@id\":\"https:\/\/www.noidiqua.it\/Montale\/concludendo-primo-secondo-terzo\/#primaryimage\"},\"image\":{\"@id\":\"https:\/\/www.noidiqua.it\/Montale\/concludendo-primo-secondo-terzo\/#primaryimage\"},\"thumbnailUrl\":\"https:\/\/www.noidiqua.it\/Montale\/wp-content\/uploads\/2013\/12\/concludendo-terzo.png\",\"datePublished\":\"2013-12-11T15:02:21+00:00\",\"dateModified\":\"2023-01-24T09:45:05+00:00\",\"author\":{\"@id\":\"https:\/\/www.noidiqua.it\/Montale\/#\/schema\/person\/858b1b9db61101126e5ded39f94daedb\"},\"breadcrumb\":{\"@id\":\"https:\/\/www.noidiqua.it\/Montale\/concludendo-primo-secondo-terzo\/#breadcrumb\"},\"inLanguage\":\"it-IT\",\"potentialAction\":[{\"@type\":\"ReadAction\",\"target\":[\"https:\/\/www.noidiqua.it\/Montale\/concludendo-primo-secondo-terzo\/\"]}]},{\"@type\":\"ImageObject\",\"inLanguage\":\"it-IT\",\"@id\":\"https:\/\/www.noidiqua.it\/Montale\/concludendo-primo-secondo-terzo\/#primaryimage\",\"url\":\"https:\/\/www.noidiqua.it\/Montale\/wp-content\/uploads\/2013\/12\/concludendo-terzo.png\",\"contentUrl\":\"https:\/\/www.noidiqua.it\/Montale\/wp-content\/uploads\/2013\/12\/concludendo-terzo.png\",\"width\":504,\"height\":473},{\"@type\":\"BreadcrumbList\",\"@id\":\"https:\/\/www.noidiqua.it\/Montale\/concludendo-primo-secondo-terzo\/#breadcrumb\",\"itemListElement\":[{\"@type\":\"ListItem\",\"position\":1,\"name\":\"Home\",\"item\":\"https:\/\/www.noidiqua.it\/Montale\/\"},{\"@type\":\"ListItem\",\"position\":2,\"name\":\"Concludendo &#8211; Primo! Secondo!&#8230; TERZO!\"}]},{\"@type\":\"WebSite\",\"@id\":\"https:\/\/www.noidiqua.it\/Montale\/#website\",\"url\":\"https:\/\/www.noidiqua.it\/Montale\/\",\"name\":\"Noi di Qua Testata giornalistica e di attualit\u00e0 di Agliana, Montale e Quarrata.\",\"description\":\"Testata Giornalistica Quarrata Montale Agliana\",\"potentialAction\":[{\"@type\":\"SearchAction\",\"target\":{\"@type\":\"EntryPoint\",\"urlTemplate\":\"https:\/\/www.noidiqua.it\/Montale\/?s={search_term_string}\"},\"query-input\":{\"@type\":\"PropertyValueSpecification\",\"valueRequired\":true,\"valueName\":\"search_term_string\"}}],\"inLanguage\":\"it-IT\"},{\"@type\":\"Person\",\"@id\":\"https:\/\/www.noidiqua.it\/Montale\/#\/schema\/person\/858b1b9db61101126e5ded39f94daedb\",\"name\":\"Massimo Cappelli\",\"image\":{\"@type\":\"ImageObject\",\"inLanguage\":\"it-IT\",\"@id\":\"https:\/\/www.noidiqua.it\/Montale\/#\/schema\/person\/image\/\",\"url\":\"https:\/\/secure.gravatar.com\/avatar\/0e7261535228aa9bb0417ab8f42f3fadaf8ce23bdfde46c689c43410a676cfa9?s=96&d=mm&r=g\",\"contentUrl\":\"https:\/\/secure.gravatar.com\/avatar\/0e7261535228aa9bb0417ab8f42f3fadaf8ce23bdfde46c689c43410a676cfa9?s=96&d=mm&r=g\",\"caption\":\"Massimo Cappelli\"},\"url\":\"https:\/\/www.noidiqua.it\/Montale\/author\/massimo-cappelli\/\"}]}<\/script>\n<!-- \/ Yoast SEO plugin. -->","yoast_head_json":{"title":"Concludendo - Primo! Secondo!... TERZO! - Noi di Qua Testata giornalistica e di attualit\u00e0 di Agliana, Montale e Quarrata.","robots":{"index":"index","follow":"follow","max-snippet":"max-snippet:-1","max-image-preview":"max-image-preview:large","max-video-preview":"max-video-preview:-1"},"canonical":"https:\/\/www.noidiqua.it\/Montale\/concludendo-primo-secondo-terzo\/","og_locale":"it_IT","og_type":"article","og_title":"Concludendo - Primo! Secondo!... TERZO! - Noi di Qua Testata giornalistica e di attualit\u00e0 di Agliana, Montale e Quarrata.","og_description":"di Massimo Cappelli dicembre 2013 Primo!?! Secondo!! Nooo! Io terzo no davvero! Che si trattasse di un gioco, di una gara, o solamente di una conta, anni fa, per i ragazzi della nostra generazione questa frase \u00e8 stata un vero tormentone. Nessuno voleva arrivare terzo! Non solo perch\u00e9 si potesse aspirare a posizioni migliori, [&hellip;]","og_url":"https:\/\/www.noidiqua.it\/Montale\/concludendo-primo-secondo-terzo\/","og_site_name":"Noi di Qua Testata giornalistica e di attualit\u00e0 di Agliana, Montale e Quarrata.","article_publisher":"https:\/\/www.facebook.com\/noidiqua.trimestrale\/","article_published_time":"2013-12-11T15:02:21+00:00","article_modified_time":"2023-01-24T09:45:05+00:00","og_image":[{"url":"https:\/\/www.noidiqua.it\/Montale\/wp-content\/uploads\/2013\/12\/concludendo-terzo.png","type":"","width":"","height":""}],"author":"Massimo Cappelli","twitter_misc":{"Scritto da":"Massimo Cappelli","Tempo di lettura stimato":"4 minuti"},"schema":{"@context":"https:\/\/schema.org","@graph":[{"@type":"WebPage","@id":"https:\/\/www.noidiqua.it\/Montale\/concludendo-primo-secondo-terzo\/","url":"https:\/\/www.noidiqua.it\/Montale\/concludendo-primo-secondo-terzo\/","name":"Concludendo - Primo! Secondo!... TERZO! - Noi di Qua Testata giornalistica e di attualit\u00e0 di Agliana, Montale e Quarrata.","isPartOf":{"@id":"https:\/\/www.noidiqua.it\/Montale\/#website"},"primaryImageOfPage":{"@id":"https:\/\/www.noidiqua.it\/Montale\/concludendo-primo-secondo-terzo\/#primaryimage"},"image":{"@id":"https:\/\/www.noidiqua.it\/Montale\/concludendo-primo-secondo-terzo\/#primaryimage"},"thumbnailUrl":"https:\/\/www.noidiqua.it\/Montale\/wp-content\/uploads\/2013\/12\/concludendo-terzo.png","datePublished":"2013-12-11T15:02:21+00:00","dateModified":"2023-01-24T09:45:05+00:00","author":{"@id":"https:\/\/www.noidiqua.it\/Montale\/#\/schema\/person\/858b1b9db61101126e5ded39f94daedb"},"breadcrumb":{"@id":"https:\/\/www.noidiqua.it\/Montale\/concludendo-primo-secondo-terzo\/#breadcrumb"},"inLanguage":"it-IT","potentialAction":[{"@type":"ReadAction","target":["https:\/\/www.noidiqua.it\/Montale\/concludendo-primo-secondo-terzo\/"]}]},{"@type":"ImageObject","inLanguage":"it-IT","@id":"https:\/\/www.noidiqua.it\/Montale\/concludendo-primo-secondo-terzo\/#primaryimage","url":"https:\/\/www.noidiqua.it\/Montale\/wp-content\/uploads\/2013\/12\/concludendo-terzo.png","contentUrl":"https:\/\/www.noidiqua.it\/Montale\/wp-content\/uploads\/2013\/12\/concludendo-terzo.png","width":504,"height":473},{"@type":"BreadcrumbList","@id":"https:\/\/www.noidiqua.it\/Montale\/concludendo-primo-secondo-terzo\/#breadcrumb","itemListElement":[{"@type":"ListItem","position":1,"name":"Home","item":"https:\/\/www.noidiqua.it\/Montale\/"},{"@type":"ListItem","position":2,"name":"Concludendo &#8211; Primo! Secondo!&#8230; TERZO!"}]},{"@type":"WebSite","@id":"https:\/\/www.noidiqua.it\/Montale\/#website","url":"https:\/\/www.noidiqua.it\/Montale\/","name":"Noi di Qua Testata giornalistica e di attualit\u00e0 di Agliana, Montale e Quarrata.","description":"Testata Giornalistica Quarrata Montale Agliana","potentialAction":[{"@type":"SearchAction","target":{"@type":"EntryPoint","urlTemplate":"https:\/\/www.noidiqua.it\/Montale\/?s={search_term_string}"},"query-input":{"@type":"PropertyValueSpecification","valueRequired":true,"valueName":"search_term_string"}}],"inLanguage":"it-IT"},{"@type":"Person","@id":"https:\/\/www.noidiqua.it\/Montale\/#\/schema\/person\/858b1b9db61101126e5ded39f94daedb","name":"Massimo Cappelli","image":{"@type":"ImageObject","inLanguage":"it-IT","@id":"https:\/\/www.noidiqua.it\/Montale\/#\/schema\/person\/image\/","url":"https:\/\/secure.gravatar.com\/avatar\/0e7261535228aa9bb0417ab8f42f3fadaf8ce23bdfde46c689c43410a676cfa9?s=96&d=mm&r=g","contentUrl":"https:\/\/secure.gravatar.com\/avatar\/0e7261535228aa9bb0417ab8f42f3fadaf8ce23bdfde46c689c43410a676cfa9?s=96&d=mm&r=g","caption":"Massimo Cappelli"},"url":"https:\/\/www.noidiqua.it\/Montale\/author\/massimo-cappelli\/"}]}},"_links":{"self":[{"href":"https:\/\/www.noidiqua.it\/Montale\/wp-json\/wp\/v2\/posts\/2613","targetHints":{"allow":["GET"]}}],"collection":[{"href":"https:\/\/www.noidiqua.it\/Montale\/wp-json\/wp\/v2\/posts"}],"about":[{"href":"https:\/\/www.noidiqua.it\/Montale\/wp-json\/wp\/v2\/types\/post"}],"author":[{"embeddable":true,"href":"https:\/\/www.noidiqua.it\/Montale\/wp-json\/wp\/v2\/users\/7"}],"replies":[{"embeddable":true,"href":"https:\/\/www.noidiqua.it\/Montale\/wp-json\/wp\/v2\/comments?post=2613"}],"version-history":[{"count":3,"href":"https:\/\/www.noidiqua.it\/Montale\/wp-json\/wp\/v2\/posts\/2613\/revisions"}],"predecessor-version":[{"id":7683,"href":"https:\/\/www.noidiqua.it\/Montale\/wp-json\/wp\/v2\/posts\/2613\/revisions\/7683"}],"wp:attachment":[{"href":"https:\/\/www.noidiqua.it\/Montale\/wp-json\/wp\/v2\/media?parent=2613"}],"wp:term":[{"taxonomy":"category","embeddable":true,"href":"https:\/\/www.noidiqua.it\/Montale\/wp-json\/wp\/v2\/categories?post=2613"},{"taxonomy":"post_tag","embeddable":true,"href":"https:\/\/www.noidiqua.it\/Montale\/wp-json\/wp\/v2\/tags?post=2613"}],"curies":[{"name":"wp","href":"https:\/\/api.w.org\/{rel}","templated":true}]}}