{"id":2617,"date":"2013-12-11T15:07:52","date_gmt":"2013-12-11T15:07:52","guid":{"rendered":"https:\/\/www.noidiqua.it\/Montale\/?p=2617"},"modified":"2023-01-24T09:58:45","modified_gmt":"2023-01-24T08:58:45","slug":"appunti-di-redazione-9","status":"publish","type":"post","link":"https:\/\/www.noidiqua.it\/Montale\/appunti-di-redazione-9\/","title":{"rendered":"Appunti di redazione"},"content":{"rendered":"<p><em>di Giacomo Bini<\/em><\/p>\n<p><em>dicembre 2013<\/em><\/p>\n<p><a href=\"https:\/\/www.noidiqua.it\/Montale\/wp-content\/uploads\/2015\/12\/logo-Natale.png\" rel=\"wp-prettyPhoto[2617]\"><img loading=\"lazy\" decoding=\"async\" class=\"aligncenter size-full wp-image-7114\" src=\"https:\/\/www.noidiqua.it\/Montale\/wp-content\/uploads\/2015\/12\/logo-Natale.png\" alt=\"\" width=\"505\" height=\"356\" srcset=\"https:\/\/www.noidiqua.it\/Montale\/wp-content\/uploads\/2015\/12\/logo-Natale.png 505w, https:\/\/www.noidiqua.it\/Montale\/wp-content\/uploads\/2015\/12\/logo-Natale-300x211.png 300w\" sizes=\"auto, (max-width: 505px) 100vw, 505px\" \/><\/a><\/p>\n<p>Nell\u2019anno che sta per concludersi Noidiqua, nelle sue tre edizioni quarratina, aglianese e montalese, ha voluto raccontare la vitalit\u00e0 della nostra gente che non si piega alla crisi e reagisce alle difficolt\u00e0 economiche con il talento e lo spirito imprenditoriale, con la solidariet\u00e0 e la capacit\u00e0 di stare insieme. Non abbiamo voluto entrare nelle case con i malinconici resoconti sugli andamenti dell\u2019economia, che abbondano nelle cronache nazionali e locali. Abbiamo voluto invece diffondere qualche seme di fiducia. Non per accarezzare un cieco ottimismo o per concedere qualche piccolo momento di evasione, ma perch\u00e9 la nostra rivista, per sua natura, si occupa di persone, di associazioni, di storie, di tradizioni locali e proprio in questi elementi troviamo continuamente fattori di forza ed esempi di creativit\u00e0. Basti pensare ad alcune realt\u00e0 imprenditoriali come (per citarne solo due tra le tante significative) la<strong> Vannucci Piante<\/strong> che ha creato il primo parco vivaistico d\u2019<strong>Europa<\/strong> o la<strong> Magigas di Montale<\/strong> che ha partecipato all\u2019impresa storica di raddrizzare la <strong>Costa Concordia<\/strong> con i suoi carburanti per gli elicotteri. Abbiamo incontrato la forza della solidariet\u00e0 nei due centri <strong>Caritas di Agliana<\/strong> e di Montale e nel progetto <strong>Ginevra<\/strong> per giovani disabili a<strong> Quarrata<\/strong>, ma anche la capacit\u00e0 di andare oltre l\u2019assistenzialismo incentivando le nuove idee di lavoro autonomo come nel bando lanciato dal Comune di Quarrata e dalla <strong>Fondazione Caript<\/strong>. Ma soprattutto ci siamo imbattuti in tante persone dotate di talento e competenza: artisti e medici, musicisti e sportivi, ai quali abbiamo voluto dedicare spesso le nostre copertine. Un\u2019altra risorsa importante, per certi versi inusitata, cui abbiamo dato risalto, \u00e8 il rinnovato senso civico di quei gruppi di cittadini, in particolare a Montale, che si sono rimboccati le maniche per prendersi cura di giardini pubblici e di arredo urbano, colmando una carenza di soldi e di interventi da parte dell\u2019ente pubblico.<\/p>\n<p>L\u2019antidoto principale alla crisi, che tenderebbe a isolare e far chiudere ciascuno sui suoi problemi individuali, \u00e8 la capacit\u00e0 di stare insieme. Da questo punto di vista non mancano i segnali positivi, come la ricchezza crescente dell\u2019associazionismo, vera spina dorsale della nostra societ\u00e0 civile oppure, per citare un evento d\u2019attualit\u00e0, la mobilitazione dell\u2019intero paese di Montale per la mostra di <strong>Caravaggio<\/strong> dal 7 dicembre al 6 gennaio alla villa <strong>Smilea di Montale<\/strong>, il cui ricavato andr\u00e0 al<strong> Meyer di Firenze<\/strong> e all\u2019ospedale del <strong>Cuore di Massa<\/strong>. Non \u00e8 da trascurare anche la rinascita dei tornei dei rioni: quello di Quarrata, rilanciato quest\u2019anno con immediato successo, la corsa dei ciuchi di Agliana, che \u00e8 ripresa dopo una lunga interruzione e il torneo dei rioni di Montale che prosegue la sua radicata tradizione.<\/p>\n<p>Non si pensi che si voglia sottovalutare o sottacere la portata dei problemi, a cui non abbiamo mancato di dare risalto, come i due gravi allagamenti in un solo anno, il 18 marzo e il 21 ottobre, l\u2019insufficienza della viabilit\u00e0, con i tratti quarratino e montalese della nuova tangenziale di <strong>Prato<\/strong> ancora da finire, le carenze dell\u2019edilizia scolastica e dei trasporti pubblici. Nel 2013 si \u00e8 anche registrato un salto di civilt\u00e0 con l\u2019avvento della raccolta differenziata in tutti e tre i comuni; anche in questo caso i cittadini hanno saputo fare la loro parte raggiungendo il 70% di differenziata in pochi mesi. Per questo e per tutto quanto abbiamo visto e raccontato, ci sentiamo di avere fiducia nella gente della piana.<\/p>\n<p>Auguri a tutti Buon Natale e soprattutto di un felice Anno Nuovo.<\/p>\n<p>&nbsp;<\/p>","protected":false},"excerpt":{"rendered":"<p>di Giacomo Bini dicembre 2013 Nell\u2019anno che sta per concludersi Noidiqua, nelle sue tre edizioni quarratina, aglianese e montalese, ha voluto raccontare la vitalit\u00e0 della nostra gente che non si piega alla crisi e reagisce alle difficolt\u00e0 economiche con il talento e lo spirito imprenditoriale, con la solidariet\u00e0 e la capacit\u00e0 di stare insieme. [&hellip;]<\/p>","protected":false},"author":12,"featured_media":0,"comment_status":"open","ping_status":"open","sticky":false,"template":"","format":"standard","meta":{"footnotes":""},"categories":[14,7],"tags":[89,91,995,109,113,114,126],"class_list":["post-2617","post","type-post","status-publish","format-standard","hentry","category-appuntired","category-mt","tag-i-brevi-di-noidiqua","tag-il-montalese","tag-mt","tag-montalese","tag-noidiqua","tag-noidiqua-il-montalese","tag-redazionale"],"yoast_head":"<!-- This site is optimized with the Yoast SEO plugin v25.5 - https:\/\/yoast.com\/wordpress\/plugins\/seo\/ -->\n<title>Appunti di redazione - Noi di Qua Testata giornalistica e di attualit\u00e0 di Agliana, Montale e Quarrata.<\/title>\n<meta name=\"robots\" content=\"index, follow, max-snippet:-1, max-image-preview:large, max-video-preview:-1\" \/>\n<link rel=\"canonical\" href=\"https:\/\/www.noidiqua.it\/Montale\/appunti-di-redazione-9\/\" \/>\n<meta property=\"og:locale\" content=\"it_IT\" \/>\n<meta property=\"og:type\" content=\"article\" \/>\n<meta property=\"og:title\" content=\"Appunti di redazione - Noi di Qua Testata giornalistica e di attualit\u00e0 di Agliana, Montale e Quarrata.\" \/>\n<meta property=\"og:description\" content=\"di Giacomo Bini dicembre 2013 Nell\u2019anno che sta per concludersi Noidiqua, nelle sue tre edizioni quarratina, aglianese e montalese, ha voluto raccontare la vitalit\u00e0 della nostra gente che non si piega alla crisi e reagisce alle difficolt\u00e0 economiche con il talento e lo spirito imprenditoriale, con la solidariet\u00e0 e la capacit\u00e0 di stare insieme. [&hellip;]\" \/>\n<meta property=\"og:url\" content=\"https:\/\/www.noidiqua.it\/Montale\/appunti-di-redazione-9\/\" \/>\n<meta property=\"og:site_name\" content=\"Noi di Qua Testata giornalistica e di attualit\u00e0 di Agliana, Montale e Quarrata.\" \/>\n<meta property=\"article:publisher\" content=\"https:\/\/www.facebook.com\/noidiqua.trimestrale\/\" \/>\n<meta property=\"article:published_time\" content=\"2013-12-11T15:07:52+00:00\" \/>\n<meta property=\"article:modified_time\" content=\"2023-01-24T08:58:45+00:00\" \/>\n<meta property=\"og:image\" content=\"https:\/\/www.noidiqua.it\/Montale\/wp-content\/uploads\/2015\/12\/logo-Natale.png\" \/>\n<meta name=\"author\" content=\"Giacomo Bini\" \/>\n<meta name=\"twitter:label1\" content=\"Scritto da\" \/>\n\t<meta name=\"twitter:data1\" content=\"Giacomo Bini\" \/>\n\t<meta name=\"twitter:label2\" content=\"Tempo di lettura stimato\" \/>\n\t<meta name=\"twitter:data2\" content=\"3 minuti\" \/>\n<script type=\"application\/ld+json\" class=\"yoast-schema-graph\">{\"@context\":\"https:\/\/schema.org\",\"@graph\":[{\"@type\":\"WebPage\",\"@id\":\"https:\/\/www.noidiqua.it\/Montale\/appunti-di-redazione-9\/\",\"url\":\"https:\/\/www.noidiqua.it\/Montale\/appunti-di-redazione-9\/\",\"name\":\"Appunti di redazione - Noi di Qua Testata giornalistica e di attualit\u00e0 di Agliana, Montale e Quarrata.\",\"isPartOf\":{\"@id\":\"https:\/\/www.noidiqua.it\/Montale\/#website\"},\"primaryImageOfPage\":{\"@id\":\"https:\/\/www.noidiqua.it\/Montale\/appunti-di-redazione-9\/#primaryimage\"},\"image\":{\"@id\":\"https:\/\/www.noidiqua.it\/Montale\/appunti-di-redazione-9\/#primaryimage\"},\"thumbnailUrl\":\"https:\/\/www.noidiqua.it\/Montale\/wp-content\/uploads\/2015\/12\/logo-Natale.png\",\"datePublished\":\"2013-12-11T15:07:52+00:00\",\"dateModified\":\"2023-01-24T08:58:45+00:00\",\"author\":{\"@id\":\"https:\/\/www.noidiqua.it\/Montale\/#\/schema\/person\/e2e6f44da50af0dae9c90ad168e471a4\"},\"breadcrumb\":{\"@id\":\"https:\/\/www.noidiqua.it\/Montale\/appunti-di-redazione-9\/#breadcrumb\"},\"inLanguage\":\"it-IT\",\"potentialAction\":[{\"@type\":\"ReadAction\",\"target\":[\"https:\/\/www.noidiqua.it\/Montale\/appunti-di-redazione-9\/\"]}]},{\"@type\":\"ImageObject\",\"inLanguage\":\"it-IT\",\"@id\":\"https:\/\/www.noidiqua.it\/Montale\/appunti-di-redazione-9\/#primaryimage\",\"url\":\"https:\/\/www.noidiqua.it\/Montale\/wp-content\/uploads\/2015\/12\/logo-Natale.png\",\"contentUrl\":\"https:\/\/www.noidiqua.it\/Montale\/wp-content\/uploads\/2015\/12\/logo-Natale.png\",\"width\":505,\"height\":356},{\"@type\":\"BreadcrumbList\",\"@id\":\"https:\/\/www.noidiqua.it\/Montale\/appunti-di-redazione-9\/#breadcrumb\",\"itemListElement\":[{\"@type\":\"ListItem\",\"position\":1,\"name\":\"Home\",\"item\":\"https:\/\/www.noidiqua.it\/Montale\/\"},{\"@type\":\"ListItem\",\"position\":2,\"name\":\"Appunti di redazione\"}]},{\"@type\":\"WebSite\",\"@id\":\"https:\/\/www.noidiqua.it\/Montale\/#website\",\"url\":\"https:\/\/www.noidiqua.it\/Montale\/\",\"name\":\"Noi di Qua Testata giornalistica e di attualit\u00e0 di Agliana, Montale e Quarrata.\",\"description\":\"Testata Giornalistica Quarrata Montale Agliana\",\"potentialAction\":[{\"@type\":\"SearchAction\",\"target\":{\"@type\":\"EntryPoint\",\"urlTemplate\":\"https:\/\/www.noidiqua.it\/Montale\/?s={search_term_string}\"},\"query-input\":{\"@type\":\"PropertyValueSpecification\",\"valueRequired\":true,\"valueName\":\"search_term_string\"}}],\"inLanguage\":\"it-IT\"},{\"@type\":\"Person\",\"@id\":\"https:\/\/www.noidiqua.it\/Montale\/#\/schema\/person\/e2e6f44da50af0dae9c90ad168e471a4\",\"name\":\"Giacomo Bini\",\"image\":{\"@type\":\"ImageObject\",\"inLanguage\":\"it-IT\",\"@id\":\"https:\/\/www.noidiqua.it\/Montale\/#\/schema\/person\/image\/\",\"url\":\"https:\/\/secure.gravatar.com\/avatar\/e5c18ae41df5ae37397358f2c6046696187d51a120c5d0b8f0c49f7b606f46f4?s=96&d=mm&r=g\",\"contentUrl\":\"https:\/\/secure.gravatar.com\/avatar\/e5c18ae41df5ae37397358f2c6046696187d51a120c5d0b8f0c49f7b606f46f4?s=96&d=mm&r=g\",\"caption\":\"Giacomo Bini\"},\"url\":\"https:\/\/www.noidiqua.it\/Montale\/author\/giacomo-bini\/\"}]}<\/script>\n<!-- \/ Yoast SEO plugin. -->","yoast_head_json":{"title":"Appunti di redazione - Noi di Qua Testata giornalistica e di attualit\u00e0 di Agliana, Montale e Quarrata.","robots":{"index":"index","follow":"follow","max-snippet":"max-snippet:-1","max-image-preview":"max-image-preview:large","max-video-preview":"max-video-preview:-1"},"canonical":"https:\/\/www.noidiqua.it\/Montale\/appunti-di-redazione-9\/","og_locale":"it_IT","og_type":"article","og_title":"Appunti di redazione - Noi di Qua Testata giornalistica e di attualit\u00e0 di Agliana, Montale e Quarrata.","og_description":"di Giacomo Bini dicembre 2013 Nell\u2019anno che sta per concludersi Noidiqua, nelle sue tre edizioni quarratina, aglianese e montalese, ha voluto raccontare la vitalit\u00e0 della nostra gente che non si piega alla crisi e reagisce alle difficolt\u00e0 economiche con il talento e lo spirito imprenditoriale, con la solidariet\u00e0 e la capacit\u00e0 di stare insieme. [&hellip;]","og_url":"https:\/\/www.noidiqua.it\/Montale\/appunti-di-redazione-9\/","og_site_name":"Noi di Qua Testata giornalistica e di attualit\u00e0 di Agliana, Montale e Quarrata.","article_publisher":"https:\/\/www.facebook.com\/noidiqua.trimestrale\/","article_published_time":"2013-12-11T15:07:52+00:00","article_modified_time":"2023-01-24T08:58:45+00:00","og_image":[{"url":"https:\/\/www.noidiqua.it\/Montale\/wp-content\/uploads\/2015\/12\/logo-Natale.png","type":"","width":"","height":""}],"author":"Giacomo Bini","twitter_misc":{"Scritto da":"Giacomo Bini","Tempo di lettura stimato":"3 minuti"},"schema":{"@context":"https:\/\/schema.org","@graph":[{"@type":"WebPage","@id":"https:\/\/www.noidiqua.it\/Montale\/appunti-di-redazione-9\/","url":"https:\/\/www.noidiqua.it\/Montale\/appunti-di-redazione-9\/","name":"Appunti di redazione - Noi di Qua Testata giornalistica e di attualit\u00e0 di Agliana, Montale e Quarrata.","isPartOf":{"@id":"https:\/\/www.noidiqua.it\/Montale\/#website"},"primaryImageOfPage":{"@id":"https:\/\/www.noidiqua.it\/Montale\/appunti-di-redazione-9\/#primaryimage"},"image":{"@id":"https:\/\/www.noidiqua.it\/Montale\/appunti-di-redazione-9\/#primaryimage"},"thumbnailUrl":"https:\/\/www.noidiqua.it\/Montale\/wp-content\/uploads\/2015\/12\/logo-Natale.png","datePublished":"2013-12-11T15:07:52+00:00","dateModified":"2023-01-24T08:58:45+00:00","author":{"@id":"https:\/\/www.noidiqua.it\/Montale\/#\/schema\/person\/e2e6f44da50af0dae9c90ad168e471a4"},"breadcrumb":{"@id":"https:\/\/www.noidiqua.it\/Montale\/appunti-di-redazione-9\/#breadcrumb"},"inLanguage":"it-IT","potentialAction":[{"@type":"ReadAction","target":["https:\/\/www.noidiqua.it\/Montale\/appunti-di-redazione-9\/"]}]},{"@type":"ImageObject","inLanguage":"it-IT","@id":"https:\/\/www.noidiqua.it\/Montale\/appunti-di-redazione-9\/#primaryimage","url":"https:\/\/www.noidiqua.it\/Montale\/wp-content\/uploads\/2015\/12\/logo-Natale.png","contentUrl":"https:\/\/www.noidiqua.it\/Montale\/wp-content\/uploads\/2015\/12\/logo-Natale.png","width":505,"height":356},{"@type":"BreadcrumbList","@id":"https:\/\/www.noidiqua.it\/Montale\/appunti-di-redazione-9\/#breadcrumb","itemListElement":[{"@type":"ListItem","position":1,"name":"Home","item":"https:\/\/www.noidiqua.it\/Montale\/"},{"@type":"ListItem","position":2,"name":"Appunti di redazione"}]},{"@type":"WebSite","@id":"https:\/\/www.noidiqua.it\/Montale\/#website","url":"https:\/\/www.noidiqua.it\/Montale\/","name":"Noi di Qua Testata giornalistica e di attualit\u00e0 di Agliana, Montale e Quarrata.","description":"Testata Giornalistica Quarrata Montale Agliana","potentialAction":[{"@type":"SearchAction","target":{"@type":"EntryPoint","urlTemplate":"https:\/\/www.noidiqua.it\/Montale\/?s={search_term_string}"},"query-input":{"@type":"PropertyValueSpecification","valueRequired":true,"valueName":"search_term_string"}}],"inLanguage":"it-IT"},{"@type":"Person","@id":"https:\/\/www.noidiqua.it\/Montale\/#\/schema\/person\/e2e6f44da50af0dae9c90ad168e471a4","name":"Giacomo Bini","image":{"@type":"ImageObject","inLanguage":"it-IT","@id":"https:\/\/www.noidiqua.it\/Montale\/#\/schema\/person\/image\/","url":"https:\/\/secure.gravatar.com\/avatar\/e5c18ae41df5ae37397358f2c6046696187d51a120c5d0b8f0c49f7b606f46f4?s=96&d=mm&r=g","contentUrl":"https:\/\/secure.gravatar.com\/avatar\/e5c18ae41df5ae37397358f2c6046696187d51a120c5d0b8f0c49f7b606f46f4?s=96&d=mm&r=g","caption":"Giacomo Bini"},"url":"https:\/\/www.noidiqua.it\/Montale\/author\/giacomo-bini\/"}]}},"_links":{"self":[{"href":"https:\/\/www.noidiqua.it\/Montale\/wp-json\/wp\/v2\/posts\/2617","targetHints":{"allow":["GET"]}}],"collection":[{"href":"https:\/\/www.noidiqua.it\/Montale\/wp-json\/wp\/v2\/posts"}],"about":[{"href":"https:\/\/www.noidiqua.it\/Montale\/wp-json\/wp\/v2\/types\/post"}],"author":[{"embeddable":true,"href":"https:\/\/www.noidiqua.it\/Montale\/wp-json\/wp\/v2\/users\/12"}],"replies":[{"embeddable":true,"href":"https:\/\/www.noidiqua.it\/Montale\/wp-json\/wp\/v2\/comments?post=2617"}],"version-history":[{"count":3,"href":"https:\/\/www.noidiqua.it\/Montale\/wp-json\/wp\/v2\/posts\/2617\/revisions"}],"predecessor-version":[{"id":7643,"href":"https:\/\/www.noidiqua.it\/Montale\/wp-json\/wp\/v2\/posts\/2617\/revisions\/7643"}],"wp:attachment":[{"href":"https:\/\/www.noidiqua.it\/Montale\/wp-json\/wp\/v2\/media?parent=2617"}],"wp:term":[{"taxonomy":"category","embeddable":true,"href":"https:\/\/www.noidiqua.it\/Montale\/wp-json\/wp\/v2\/categories?post=2617"},{"taxonomy":"post_tag","embeddable":true,"href":"https:\/\/www.noidiqua.it\/Montale\/wp-json\/wp\/v2\/tags?post=2617"}],"curies":[{"name":"wp","href":"https:\/\/api.w.org\/{rel}","templated":true}]}}