{"id":2685,"date":"2014-03-13T08:54:17","date_gmt":"2014-03-13T08:54:17","guid":{"rendered":"https:\/\/www.noidiqua.it\/Montale\/?p=2685"},"modified":"2022-03-01T15:56:40","modified_gmt":"2022-03-01T14:56:40","slug":"francesca-sarteanesi-una-donna-fra-gli-omini","status":"publish","type":"post","link":"https:\/\/www.noidiqua.it\/Montale\/francesca-sarteanesi-una-donna-fra-gli-omini\/","title":{"rendered":"Francesca Sarteanesi &#8211; una donna fra \u201cGli Omini\u201d"},"content":{"rendered":"<p><em>di Marco Bagnoli<br \/>\n<\/em><\/p>\n<p><em>marzo 2014<\/em><\/p>\n<p><a href=\"https:\/\/www.noidiqua.it\/Montale\/wp-content\/uploads\/2014\/03\/sarteanesi-1.png\" rel=\"wp-prettyPhoto[2685]\"><img loading=\"lazy\" decoding=\"async\" class=\"aligncenter size-full wp-image-6741\" src=\"https:\/\/www.noidiqua.it\/Montale\/wp-content\/uploads\/2014\/03\/sarteanesi-1.png\" alt=\"\" width=\"501\" height=\"354\" srcset=\"https:\/\/www.noidiqua.it\/Montale\/wp-content\/uploads\/2014\/03\/sarteanesi-1.png 501w, https:\/\/www.noidiqua.it\/Montale\/wp-content\/uploads\/2014\/03\/sarteanesi-1-300x212.png 300w\" sizes=\"auto, (max-width: 501px) 100vw, 501px\" \/><\/a><a href=\"https:\/\/www.noidiqua.it\/Montale\/wp-content\/uploads\/2014\/04\/spettacolo.jpg\" rel=\"wp-prettyPhoto[2685]\"><br \/>\n<\/a>Approfittando di un pomeriggio soleggiato, abbiamo fatto quattro chiacchiere con <strong>Francesca Sarteanesi<\/strong>, attrice, nel corso di una breve pausa tra i suoi molteplici impegni. Francesca \u00e8 del 1981, figlia unica e diligente alunna delle scuole di <strong>Montale<\/strong> fino alle superiori, che frequenta al <strong>Liceo artistico<\/strong> di <strong>Pistoia<\/strong>. Francesca si laurea nel 2006 in <strong>Storia del teatro al DAMS di Bologna<\/strong> e subito inizia la collaborazione che tuttora porta avanti nella piccola compagnia de <strong>Gli Omini<\/strong>, nata proprio in quel periodo. <em>Gli Omini<\/em> sono un trio che oltre alla nostra Francesca, impegna <strong>Francesco Rotelli<\/strong>, anche lui di Montale e <strong>Luca Zacchini<\/strong>, di Pistoia; il loro metodo di lavoro \u00e8 particolare e disarmante nella sua semplicit\u00e0: per ovviare alla necessit\u00e0 di esibirsi di fronte al maggior numero possibile di spettatori, Gli Omini si mischiano per una settimana alla popolazione locale che incontrano nel corso della tourn\u00e9e, per estrapolare dal dialogo e dalle interviste dirette, il testo stesso della rappresentazione \u2013 una rappresentazione che di fatto ripropone la realt\u00e0 e proprio per questo incuriosisce le persone, gli omini veri che l\u2019hanno ispirata.<\/p>\n<p><a href=\"https:\/\/www.noidiqua.it\/Montale\/wp-content\/uploads\/2014\/03\/sarteanesi-2.png\" rel=\"wp-prettyPhoto[2685]\"><img loading=\"lazy\" decoding=\"async\" class=\"aligncenter size-full wp-image-6742\" src=\"https:\/\/www.noidiqua.it\/Montale\/wp-content\/uploads\/2014\/03\/sarteanesi-2.png\" alt=\"\" width=\"283\" height=\"426\" srcset=\"https:\/\/www.noidiqua.it\/Montale\/wp-content\/uploads\/2014\/03\/sarteanesi-2.png 283w, https:\/\/www.noidiqua.it\/Montale\/wp-content\/uploads\/2014\/03\/sarteanesi-2-199x300.png 199w\" sizes=\"auto, (max-width: 283px) 100vw, 283px\" \/><\/a><\/p>\n<p>&nbsp;<\/p>\n<p style=\"text-align: justify;\">Nel corso di questi anni, finanziati di volta in volta da enti pubblici e privati, <em>Gli Omini<\/em> hanno investigato il territorio di mezza Toscana, elaborando il format <strong>\u201cMemorie del tempo presente\u201d<\/strong>, una sorta di ricognizione antropologica volta alla restituzione di un\u2019umanit\u00e0 strettamente prossima a quella che stiamo vivendo \u2013 anzi, proprio la nostra. Sono quindi nati gli spettacoli <strong>\u201cTappa\u201d<\/strong> e <strong>\u201cCapolino\u201d<\/strong>: \u201cTappa\u201d ripropone i pensieri e le parole raccolte sul territorio in una messa in scena destinata per sua natura a vivere una sola volta, mentre \u201cCapolino\u201d opera la medesima indagine sul corpo ben pi\u00f9 sfuggente degli adolescenti, meno propensi a raccontarsi dei loro nonni e genitori. \u201cCapolino\u201d tenta per questo, in accordo con attivit\u00e0 teatrali gi\u00e0 avviate nelle scuole, di coinvolgere direttamente i ragazzi, i <strong>Giovani Omini<\/strong>; in questo caso il gruppo si allarga ed accoglie anche la sorella di Luca, <strong>Giulia Zacchini<\/strong>. Tra il 2010 e il 2011 <em>Gli Omini<\/em> lavorano alla stesura del libro\u00a0<strong>\u201cIl pesce spada non esiste \u201c<\/strong>, edito da <strong>Titivillus<\/strong> in collaborazione con <strong>Fondazione Toscana Spettacolo<\/strong>, dal quale nasce la lettura-spettacolo omonima, mentre Francesca collabora come attrice al progetto del premio<strong> UBU Massimiliano Civica \u201cUn sogno della notte dell\u2019estate\u201d<\/strong>. Nel 2011 \u00e8 autrice e interprete del testo <strong>\u201cEsatto. Per continuare a ridere \u00e8 necessario contraddirsi\u201d<\/strong> portato in scena sotto forma di reading con le musiche del gruppo<strong> Misdea<\/strong>, promosso dalla <strong>Provincia di Siena<\/strong>.<\/p>\n<p><a href=\"https:\/\/www.noidiqua.it\/Montale\/wp-content\/uploads\/2014\/03\/sarteanesi-3.png\" rel=\"wp-prettyPhoto[2685]\"><img loading=\"lazy\" decoding=\"async\" class=\"aligncenter size-full wp-image-6743\" src=\"https:\/\/www.noidiqua.it\/Montale\/wp-content\/uploads\/2014\/03\/sarteanesi-3.png\" alt=\"\" width=\"551\" height=\"375\" srcset=\"https:\/\/www.noidiqua.it\/Montale\/wp-content\/uploads\/2014\/03\/sarteanesi-3.png 551w, https:\/\/www.noidiqua.it\/Montale\/wp-content\/uploads\/2014\/03\/sarteanesi-3-300x204.png 300w\" sizes=\"auto, (max-width: 551px) 100vw, 551px\" \/><\/a><\/p>\n<p style=\"text-align: justify;\">\u00c8 proprio a fine 2011 che il trio elabora un nuovo progetto, destinato a consentire l\u2019ideale convivenza delle singole individualit\u00e0, non a caso chiamato <strong>Casamatta<\/strong>: Francesco e Luca, assieme a Giulia, elaborano i testi <strong>\u201cL\u2019asta del santo\u201d<\/strong> e <strong>\u201cL\u2019uovo e il pelo\u201d<\/strong>, mentre la nostra Francesca si propone con <strong>\u201cIo non sono lei\u201d<\/strong>, il lavoro che forse questa <strong>Casamatta<\/strong> accoglie al meglio. <strong>\u201cIo non sono lei\u201d<\/strong> nasce infatti dall\u2019incontro casuale con una signora settantenne, testimone amara e ironica della propria esperienza di vita col disagio psichico, coi farmaci e con le conseguenze che questi hanno causato sul suo corpo e nella sua anima, impresse concretamente in undici tavole disegnate da lei stessa, colorati tormenti come sogni sotto il sole. La scena \u00e8 dominata da una smisurata veste bianca, lo sfondo di frasi semplici e chiare, ma senza mezze parole. Ritroviamo Francesca da sola e in compagnia, nelle imminenti date del mese di marzo, per tutti i dettagli <a href=\"http:\/\/www.gliomini.it\">www.gliomini.it <\/a><\/p>","protected":false},"excerpt":{"rendered":"<p>di Marco Bagnoli marzo 2014 Approfittando di un pomeriggio soleggiato, abbiamo fatto quattro chiacchiere con Francesca Sarteanesi, attrice, nel corso di una breve pausa tra i suoi molteplici impegni. Francesca \u00e8 del 1981, figlia unica e diligente alunna delle scuole di Montale fino alle superiori, che frequenta al Liceo artistico di Pistoia. Francesca si [&hellip;]<\/p>","protected":false},"author":3,"featured_media":0,"comment_status":"open","ping_status":"open","sticky":false,"template":"","format":"standard","meta":{"footnotes":""},"categories":[23,172,7],"tags":[42,81,89,91,995,109,113,114,149,151],"class_list":["post-2685","post","type-post","status-publish","format-standard","hentry","category-arte-artigianato-qt","category-che-spettacolo","category-mt","tag-arti-e-mestieri","tag-gente-di-qua","tag-i-brevi-di-noidiqua","tag-il-montalese","tag-mt","tag-montalese","tag-noidiqua","tag-noidiqua-il-montalese","tag-spettacolo","tag-sport-e-spettacolo"],"yoast_head":"<!-- This site is optimized with the Yoast SEO plugin v25.5 - https:\/\/yoast.com\/wordpress\/plugins\/seo\/ -->\n<title>Francesca Sarteanesi - una donna fra \u201cGli Omini\u201d - Noi di Qua Testata giornalistica e di attualit\u00e0 di Agliana, Montale e Quarrata.<\/title>\n<meta name=\"robots\" content=\"index, follow, max-snippet:-1, max-image-preview:large, max-video-preview:-1\" \/>\n<link rel=\"canonical\" href=\"https:\/\/www.noidiqua.it\/Montale\/francesca-sarteanesi-una-donna-fra-gli-omini\/\" \/>\n<meta property=\"og:locale\" content=\"it_IT\" \/>\n<meta property=\"og:type\" content=\"article\" \/>\n<meta property=\"og:title\" content=\"Francesca Sarteanesi - una donna fra \u201cGli Omini\u201d - Noi di Qua Testata giornalistica e di attualit\u00e0 di Agliana, Montale e Quarrata.\" \/>\n<meta property=\"og:description\" content=\"di Marco Bagnoli marzo 2014 Approfittando di un pomeriggio soleggiato, abbiamo fatto quattro chiacchiere con Francesca Sarteanesi, attrice, nel corso di una breve pausa tra i suoi molteplici impegni. Francesca \u00e8 del 1981, figlia unica e diligente alunna delle scuole di Montale fino alle superiori, che frequenta al Liceo artistico di Pistoia. Francesca si [&hellip;]\" \/>\n<meta property=\"og:url\" content=\"https:\/\/www.noidiqua.it\/Montale\/francesca-sarteanesi-una-donna-fra-gli-omini\/\" \/>\n<meta property=\"og:site_name\" content=\"Noi di Qua Testata giornalistica e di attualit\u00e0 di Agliana, Montale e Quarrata.\" \/>\n<meta property=\"article:publisher\" content=\"https:\/\/www.facebook.com\/noidiqua.trimestrale\/\" \/>\n<meta property=\"article:published_time\" content=\"2014-03-13T08:54:17+00:00\" \/>\n<meta property=\"article:modified_time\" content=\"2022-03-01T14:56:40+00:00\" \/>\n<meta property=\"og:image\" content=\"https:\/\/www.noidiqua.it\/Montale\/wp-content\/uploads\/2014\/03\/sarteanesi-1.png\" \/>\n<meta name=\"author\" content=\"Marco Bagnoli\" \/>\n<meta name=\"twitter:label1\" content=\"Scritto da\" \/>\n\t<meta name=\"twitter:data1\" content=\"Marco Bagnoli\" \/>\n\t<meta name=\"twitter:label2\" content=\"Tempo di lettura stimato\" \/>\n\t<meta name=\"twitter:data2\" content=\"3 minuti\" \/>\n<script type=\"application\/ld+json\" class=\"yoast-schema-graph\">{\"@context\":\"https:\/\/schema.org\",\"@graph\":[{\"@type\":\"WebPage\",\"@id\":\"https:\/\/www.noidiqua.it\/Montale\/francesca-sarteanesi-una-donna-fra-gli-omini\/\",\"url\":\"https:\/\/www.noidiqua.it\/Montale\/francesca-sarteanesi-una-donna-fra-gli-omini\/\",\"name\":\"Francesca Sarteanesi - una donna fra \u201cGli Omini\u201d - Noi di Qua Testata giornalistica e di attualit\u00e0 di Agliana, Montale e Quarrata.\",\"isPartOf\":{\"@id\":\"https:\/\/www.noidiqua.it\/Montale\/#website\"},\"primaryImageOfPage\":{\"@id\":\"https:\/\/www.noidiqua.it\/Montale\/francesca-sarteanesi-una-donna-fra-gli-omini\/#primaryimage\"},\"image\":{\"@id\":\"https:\/\/www.noidiqua.it\/Montale\/francesca-sarteanesi-una-donna-fra-gli-omini\/#primaryimage\"},\"thumbnailUrl\":\"https:\/\/www.noidiqua.it\/Montale\/wp-content\/uploads\/2014\/03\/sarteanesi-1.png\",\"datePublished\":\"2014-03-13T08:54:17+00:00\",\"dateModified\":\"2022-03-01T14:56:40+00:00\",\"author\":{\"@id\":\"https:\/\/www.noidiqua.it\/Montale\/#\/schema\/person\/4e183cb0c6d7951e716a876aa702e1a2\"},\"breadcrumb\":{\"@id\":\"https:\/\/www.noidiqua.it\/Montale\/francesca-sarteanesi-una-donna-fra-gli-omini\/#breadcrumb\"},\"inLanguage\":\"it-IT\",\"potentialAction\":[{\"@type\":\"ReadAction\",\"target\":[\"https:\/\/www.noidiqua.it\/Montale\/francesca-sarteanesi-una-donna-fra-gli-omini\/\"]}]},{\"@type\":\"ImageObject\",\"inLanguage\":\"it-IT\",\"@id\":\"https:\/\/www.noidiqua.it\/Montale\/francesca-sarteanesi-una-donna-fra-gli-omini\/#primaryimage\",\"url\":\"https:\/\/www.noidiqua.it\/Montale\/wp-content\/uploads\/2014\/03\/sarteanesi-1.png\",\"contentUrl\":\"https:\/\/www.noidiqua.it\/Montale\/wp-content\/uploads\/2014\/03\/sarteanesi-1.png\",\"width\":501,\"height\":354},{\"@type\":\"BreadcrumbList\",\"@id\":\"https:\/\/www.noidiqua.it\/Montale\/francesca-sarteanesi-una-donna-fra-gli-omini\/#breadcrumb\",\"itemListElement\":[{\"@type\":\"ListItem\",\"position\":1,\"name\":\"Home\",\"item\":\"https:\/\/www.noidiqua.it\/Montale\/\"},{\"@type\":\"ListItem\",\"position\":2,\"name\":\"Francesca Sarteanesi &#8211; una donna fra \u201cGli Omini\u201d\"}]},{\"@type\":\"WebSite\",\"@id\":\"https:\/\/www.noidiqua.it\/Montale\/#website\",\"url\":\"https:\/\/www.noidiqua.it\/Montale\/\",\"name\":\"Noi di Qua Testata giornalistica e di attualit\u00e0 di Agliana, Montale e Quarrata.\",\"description\":\"Testata Giornalistica Quarrata Montale Agliana\",\"potentialAction\":[{\"@type\":\"SearchAction\",\"target\":{\"@type\":\"EntryPoint\",\"urlTemplate\":\"https:\/\/www.noidiqua.it\/Montale\/?s={search_term_string}\"},\"query-input\":{\"@type\":\"PropertyValueSpecification\",\"valueRequired\":true,\"valueName\":\"search_term_string\"}}],\"inLanguage\":\"it-IT\"},{\"@type\":\"Person\",\"@id\":\"https:\/\/www.noidiqua.it\/Montale\/#\/schema\/person\/4e183cb0c6d7951e716a876aa702e1a2\",\"name\":\"Marco Bagnoli\",\"image\":{\"@type\":\"ImageObject\",\"inLanguage\":\"it-IT\",\"@id\":\"https:\/\/www.noidiqua.it\/Montale\/#\/schema\/person\/image\/\",\"url\":\"https:\/\/secure.gravatar.com\/avatar\/73ace53724c50db9c48af54756f17b7cdb015a9d8d2c08c7e04e480539a94eee?s=96&d=mm&r=g\",\"contentUrl\":\"https:\/\/secure.gravatar.com\/avatar\/73ace53724c50db9c48af54756f17b7cdb015a9d8d2c08c7e04e480539a94eee?s=96&d=mm&r=g\",\"caption\":\"Marco Bagnoli\"},\"url\":\"https:\/\/www.noidiqua.it\/Montale\/author\/marco-bagnoli\/\"}]}<\/script>\n<!-- \/ Yoast SEO plugin. -->","yoast_head_json":{"title":"Francesca Sarteanesi - una donna fra \u201cGli Omini\u201d - Noi di Qua Testata giornalistica e di attualit\u00e0 di Agliana, Montale e Quarrata.","robots":{"index":"index","follow":"follow","max-snippet":"max-snippet:-1","max-image-preview":"max-image-preview:large","max-video-preview":"max-video-preview:-1"},"canonical":"https:\/\/www.noidiqua.it\/Montale\/francesca-sarteanesi-una-donna-fra-gli-omini\/","og_locale":"it_IT","og_type":"article","og_title":"Francesca Sarteanesi - una donna fra \u201cGli Omini\u201d - Noi di Qua Testata giornalistica e di attualit\u00e0 di Agliana, Montale e Quarrata.","og_description":"di Marco Bagnoli marzo 2014 Approfittando di un pomeriggio soleggiato, abbiamo fatto quattro chiacchiere con Francesca Sarteanesi, attrice, nel corso di una breve pausa tra i suoi molteplici impegni. Francesca \u00e8 del 1981, figlia unica e diligente alunna delle scuole di Montale fino alle superiori, che frequenta al Liceo artistico di Pistoia. Francesca si [&hellip;]","og_url":"https:\/\/www.noidiqua.it\/Montale\/francesca-sarteanesi-una-donna-fra-gli-omini\/","og_site_name":"Noi di Qua Testata giornalistica e di attualit\u00e0 di Agliana, Montale e Quarrata.","article_publisher":"https:\/\/www.facebook.com\/noidiqua.trimestrale\/","article_published_time":"2014-03-13T08:54:17+00:00","article_modified_time":"2022-03-01T14:56:40+00:00","og_image":[{"url":"https:\/\/www.noidiqua.it\/Montale\/wp-content\/uploads\/2014\/03\/sarteanesi-1.png","type":"","width":"","height":""}],"author":"Marco Bagnoli","twitter_misc":{"Scritto da":"Marco Bagnoli","Tempo di lettura stimato":"3 minuti"},"schema":{"@context":"https:\/\/schema.org","@graph":[{"@type":"WebPage","@id":"https:\/\/www.noidiqua.it\/Montale\/francesca-sarteanesi-una-donna-fra-gli-omini\/","url":"https:\/\/www.noidiqua.it\/Montale\/francesca-sarteanesi-una-donna-fra-gli-omini\/","name":"Francesca Sarteanesi - una donna fra \u201cGli Omini\u201d - Noi di Qua Testata giornalistica e di attualit\u00e0 di Agliana, Montale e Quarrata.","isPartOf":{"@id":"https:\/\/www.noidiqua.it\/Montale\/#website"},"primaryImageOfPage":{"@id":"https:\/\/www.noidiqua.it\/Montale\/francesca-sarteanesi-una-donna-fra-gli-omini\/#primaryimage"},"image":{"@id":"https:\/\/www.noidiqua.it\/Montale\/francesca-sarteanesi-una-donna-fra-gli-omini\/#primaryimage"},"thumbnailUrl":"https:\/\/www.noidiqua.it\/Montale\/wp-content\/uploads\/2014\/03\/sarteanesi-1.png","datePublished":"2014-03-13T08:54:17+00:00","dateModified":"2022-03-01T14:56:40+00:00","author":{"@id":"https:\/\/www.noidiqua.it\/Montale\/#\/schema\/person\/4e183cb0c6d7951e716a876aa702e1a2"},"breadcrumb":{"@id":"https:\/\/www.noidiqua.it\/Montale\/francesca-sarteanesi-una-donna-fra-gli-omini\/#breadcrumb"},"inLanguage":"it-IT","potentialAction":[{"@type":"ReadAction","target":["https:\/\/www.noidiqua.it\/Montale\/francesca-sarteanesi-una-donna-fra-gli-omini\/"]}]},{"@type":"ImageObject","inLanguage":"it-IT","@id":"https:\/\/www.noidiqua.it\/Montale\/francesca-sarteanesi-una-donna-fra-gli-omini\/#primaryimage","url":"https:\/\/www.noidiqua.it\/Montale\/wp-content\/uploads\/2014\/03\/sarteanesi-1.png","contentUrl":"https:\/\/www.noidiqua.it\/Montale\/wp-content\/uploads\/2014\/03\/sarteanesi-1.png","width":501,"height":354},{"@type":"BreadcrumbList","@id":"https:\/\/www.noidiqua.it\/Montale\/francesca-sarteanesi-una-donna-fra-gli-omini\/#breadcrumb","itemListElement":[{"@type":"ListItem","position":1,"name":"Home","item":"https:\/\/www.noidiqua.it\/Montale\/"},{"@type":"ListItem","position":2,"name":"Francesca Sarteanesi &#8211; una donna fra \u201cGli Omini\u201d"}]},{"@type":"WebSite","@id":"https:\/\/www.noidiqua.it\/Montale\/#website","url":"https:\/\/www.noidiqua.it\/Montale\/","name":"Noi di Qua Testata giornalistica e di attualit\u00e0 di Agliana, Montale e Quarrata.","description":"Testata Giornalistica Quarrata Montale Agliana","potentialAction":[{"@type":"SearchAction","target":{"@type":"EntryPoint","urlTemplate":"https:\/\/www.noidiqua.it\/Montale\/?s={search_term_string}"},"query-input":{"@type":"PropertyValueSpecification","valueRequired":true,"valueName":"search_term_string"}}],"inLanguage":"it-IT"},{"@type":"Person","@id":"https:\/\/www.noidiqua.it\/Montale\/#\/schema\/person\/4e183cb0c6d7951e716a876aa702e1a2","name":"Marco Bagnoli","image":{"@type":"ImageObject","inLanguage":"it-IT","@id":"https:\/\/www.noidiqua.it\/Montale\/#\/schema\/person\/image\/","url":"https:\/\/secure.gravatar.com\/avatar\/73ace53724c50db9c48af54756f17b7cdb015a9d8d2c08c7e04e480539a94eee?s=96&d=mm&r=g","contentUrl":"https:\/\/secure.gravatar.com\/avatar\/73ace53724c50db9c48af54756f17b7cdb015a9d8d2c08c7e04e480539a94eee?s=96&d=mm&r=g","caption":"Marco Bagnoli"},"url":"https:\/\/www.noidiqua.it\/Montale\/author\/marco-bagnoli\/"}]}},"_links":{"self":[{"href":"https:\/\/www.noidiqua.it\/Montale\/wp-json\/wp\/v2\/posts\/2685","targetHints":{"allow":["GET"]}}],"collection":[{"href":"https:\/\/www.noidiqua.it\/Montale\/wp-json\/wp\/v2\/posts"}],"about":[{"href":"https:\/\/www.noidiqua.it\/Montale\/wp-json\/wp\/v2\/types\/post"}],"author":[{"embeddable":true,"href":"https:\/\/www.noidiqua.it\/Montale\/wp-json\/wp\/v2\/users\/3"}],"replies":[{"embeddable":true,"href":"https:\/\/www.noidiqua.it\/Montale\/wp-json\/wp\/v2\/comments?post=2685"}],"version-history":[{"count":4,"href":"https:\/\/www.noidiqua.it\/Montale\/wp-json\/wp\/v2\/posts\/2685\/revisions"}],"predecessor-version":[{"id":6744,"href":"https:\/\/www.noidiqua.it\/Montale\/wp-json\/wp\/v2\/posts\/2685\/revisions\/6744"}],"wp:attachment":[{"href":"https:\/\/www.noidiqua.it\/Montale\/wp-json\/wp\/v2\/media?parent=2685"}],"wp:term":[{"taxonomy":"category","embeddable":true,"href":"https:\/\/www.noidiqua.it\/Montale\/wp-json\/wp\/v2\/categories?post=2685"},{"taxonomy":"post_tag","embeddable":true,"href":"https:\/\/www.noidiqua.it\/Montale\/wp-json\/wp\/v2\/tags?post=2685"}],"curies":[{"name":"wp","href":"https:\/\/api.w.org\/{rel}","templated":true}]}}