{"id":2735,"date":"2014-03-13T13:29:54","date_gmt":"2014-03-13T13:29:54","guid":{"rendered":"https:\/\/www.noidiqua.it\/Montale\/?p=2735"},"modified":"2023-01-18T11:39:48","modified_gmt":"2023-01-18T10:39:48","slug":"restaurato-ponte-sullagna","status":"publish","type":"post","link":"https:\/\/www.noidiqua.it\/Montale\/restaurato-ponte-sullagna\/","title":{"rendered":"Restaurato ponte sull&#8217;Agna"},"content":{"rendered":"<p><em>di Giacomo Bini<br \/>\n<\/em><\/p>\n<p><em>marzo 2014<\/em><\/p>\n<p><a href=\"https:\/\/www.noidiqua.it\/Montale\/wp-content\/uploads\/2014\/03\/ponticino-.png\" rel=\"wp-prettyPhoto[2735]\"><img loading=\"lazy\" decoding=\"async\" class=\"aligncenter size-full wp-image-7617\" src=\"https:\/\/www.noidiqua.it\/Montale\/wp-content\/uploads\/2014\/03\/ponticino-.png\" alt=\"\" width=\"507\" height=\"329\" srcset=\"https:\/\/www.noidiqua.it\/Montale\/wp-content\/uploads\/2014\/03\/ponticino-.png 507w, https:\/\/www.noidiqua.it\/Montale\/wp-content\/uploads\/2014\/03\/ponticino--300x195.png 300w\" sizes=\"auto, (max-width: 507px) 100vw, 507px\" \/><\/a><\/p>\n<p>Gli <strong>Alpini<\/strong> di <strong>Montale<\/strong> hanno restaurato il ponticino in legno sul torrente <strong>Agna<\/strong> lungo la stradina che porta a <strong>Striglianella<\/strong>, uno dei luoghi pi\u00f9 suggestivi di tutta la <strong>collina montalese<\/strong> e anche tra i pi\u00f9 carichi di memoria, perch\u00e9 un tabernacolo ricorda un eccidio compiuto dai nazisti. In quel punto il torrente Agna si concede un momento di quiete nella sua rapida discesa verso valle e si offre a chi voglia avvicinarsi alle sue acque per godersi il fresco nella stagione estiva o per osservare il volteggiare dei girini e delle neonate ranocchie. E\u2019 uno dei tratti in cui pi\u00f9 facilmente si pu\u00f2 passare da un versante all\u2019altro della valle dell\u2019Agna e risalire a piedi in direzione della fattoria di <strong>Javello<\/strong>, in un itinerario molto battuto da chi conosce queste zone e che meriterebbe di essere ulteriormente valorizzato. Quando l\u2019acqua non \u00e8 abbondante si pu\u00f2 anche guadare il torrente, saltando di pietra in pietra, ma il ponticino rende tutto pi\u00f9 facile e consente un attraversamento sicuro e agevole. La passerella era da tempo in condizioni di degrado; le assi marcite e cadenti non offrivano pi\u00f9 un appoggio sicuro, le sponde laterali ormai cadute o fatiscenti.<\/p>\n<p>Gli Alpini di Montale, come \u00e8 loro abitudine, non hanno perso tempo a lamentarsi della rovina del ponticino e hanno messo mano alla ricostruzione unendo, come loro costume, l\u2019amore per il paesaggio, il desiderio di conservare la memoria e anche una ammirevole perizia tecnica. Dal loro lavoro \u00e8 uscito un manufatto in legno davvero pregevole, fedele alle forme antiche e rispettoso del paesaggio. Un vero regalo per chi ama camminare in collina, per tutti i montalesi un altro motivo per ringraziare il <strong>Gruppo Alpini<\/strong>. La ricostruzione del ponticino conferisce maggiore decoro anche al vicino tabernacolo che ricorda la strage nazista del 4 agosto del 1944 quando proprio in quel posto vennero fucilati per rappresaglia cinque innocenti: <strong>Leonardo Torracchi<\/strong> di 44 anni, <strong>Primo Lucchesi<\/strong> di 17 anni, <strong>Andrea Otello Mariotti<\/strong> di 47 anni con suo figlio <strong>Walter<\/strong> di 21 anni e <strong>Amedeo Menicacci<\/strong> di 33 anni. La strage avvenne subito dopo la distruzione del paese di Striglianella, avvenuta quello stesso giorno ad opera dei soldati tedeschi che piazzarono cariche esplosive in tutte le case e le fecero brillare davanti agli occhi della popolazione. Rimasero in piedi solo la chiesa e la scuola. Qualche mese prima, il 15 aprile del 1944, su un crinale della vicina montagna, in localit\u00e0 <strong>Cavallaie Poggio Bianco<\/strong>, vennero uccisi dai tedeschi altri due giovani, <strong>Imo Biancalani<\/strong> di 17 anni e suo cugino<strong> Luigi Biancalani<\/strong> di 19 anni, che stavano lavorando al taglio della legna nel bosco. Ai giovani Biancalani \u00e8 intitolata la strada che porta a Striglianella e da cui si devia, prima di arrivare al paese, per accedere al ponticino e da l\u00ec sul versante opposto.<\/p>\n<p>&nbsp;<\/p>","protected":false},"excerpt":{"rendered":"<p>di Giacomo Bini marzo 2014 Gli Alpini di Montale hanno restaurato il ponticino in legno sul torrente Agna lungo la stradina che porta a Striglianella, uno dei luoghi pi\u00f9 suggestivi di tutta la collina montalese e anche tra i pi\u00f9 carichi di memoria, perch\u00e9 un tabernacolo ricorda un eccidio compiuto dai nazisti. In quel [&hellip;]<\/p>","protected":false},"author":12,"featured_media":0,"comment_status":"open","ping_status":"open","sticky":false,"template":"","format":"standard","meta":{"footnotes":""},"categories":[7,18],"tags":[81,91,995,109,113,114,154],"class_list":["post-2735","post","type-post","status-publish","format-standard","hentry","category-mt","category-territorio-qt","tag-gente-di-qua","tag-il-montalese","tag-mt","tag-montalese","tag-noidiqua","tag-noidiqua-il-montalese","tag-territorio"],"yoast_head":"<!-- This site is optimized with the Yoast SEO plugin v25.5 - https:\/\/yoast.com\/wordpress\/plugins\/seo\/ -->\n<title>Restaurato ponte sull&#039;Agna - Noi di Qua Testata giornalistica e di attualit\u00e0 di Agliana, Montale e Quarrata.<\/title>\n<meta name=\"robots\" content=\"index, follow, max-snippet:-1, max-image-preview:large, max-video-preview:-1\" \/>\n<link rel=\"canonical\" href=\"https:\/\/www.noidiqua.it\/Montale\/restaurato-ponte-sullagna\/\" \/>\n<meta property=\"og:locale\" content=\"it_IT\" \/>\n<meta property=\"og:type\" content=\"article\" \/>\n<meta property=\"og:title\" content=\"Restaurato ponte sull&#039;Agna - Noi di Qua Testata giornalistica e di attualit\u00e0 di Agliana, Montale e Quarrata.\" \/>\n<meta property=\"og:description\" content=\"di Giacomo Bini marzo 2014 Gli Alpini di Montale hanno restaurato il ponticino in legno sul torrente Agna lungo la stradina che porta a Striglianella, uno dei luoghi pi\u00f9 suggestivi di tutta la collina montalese e anche tra i pi\u00f9 carichi di memoria, perch\u00e9 un tabernacolo ricorda un eccidio compiuto dai nazisti. In quel [&hellip;]\" \/>\n<meta property=\"og:url\" content=\"https:\/\/www.noidiqua.it\/Montale\/restaurato-ponte-sullagna\/\" \/>\n<meta property=\"og:site_name\" content=\"Noi di Qua Testata giornalistica e di attualit\u00e0 di Agliana, Montale e Quarrata.\" \/>\n<meta property=\"article:publisher\" content=\"https:\/\/www.facebook.com\/noidiqua.trimestrale\/\" \/>\n<meta property=\"article:published_time\" content=\"2014-03-13T13:29:54+00:00\" \/>\n<meta property=\"article:modified_time\" content=\"2023-01-18T10:39:48+00:00\" \/>\n<meta property=\"og:image\" content=\"https:\/\/www.noidiqua.it\/Montale\/wp-content\/uploads\/2014\/03\/ponticino-.png\" \/>\n<meta name=\"author\" content=\"Giacomo Bini\" \/>\n<meta name=\"twitter:label1\" content=\"Scritto da\" \/>\n\t<meta name=\"twitter:data1\" content=\"Giacomo Bini\" \/>\n\t<meta name=\"twitter:label2\" content=\"Tempo di lettura stimato\" \/>\n\t<meta name=\"twitter:data2\" content=\"3 minuti\" \/>\n<script type=\"application\/ld+json\" class=\"yoast-schema-graph\">{\"@context\":\"https:\/\/schema.org\",\"@graph\":[{\"@type\":\"WebPage\",\"@id\":\"https:\/\/www.noidiqua.it\/Montale\/restaurato-ponte-sullagna\/\",\"url\":\"https:\/\/www.noidiqua.it\/Montale\/restaurato-ponte-sullagna\/\",\"name\":\"Restaurato ponte sull'Agna - Noi di Qua Testata giornalistica e di attualit\u00e0 di Agliana, Montale e Quarrata.\",\"isPartOf\":{\"@id\":\"https:\/\/www.noidiqua.it\/Montale\/#website\"},\"primaryImageOfPage\":{\"@id\":\"https:\/\/www.noidiqua.it\/Montale\/restaurato-ponte-sullagna\/#primaryimage\"},\"image\":{\"@id\":\"https:\/\/www.noidiqua.it\/Montale\/restaurato-ponte-sullagna\/#primaryimage\"},\"thumbnailUrl\":\"https:\/\/www.noidiqua.it\/Montale\/wp-content\/uploads\/2014\/03\/ponticino-.png\",\"datePublished\":\"2014-03-13T13:29:54+00:00\",\"dateModified\":\"2023-01-18T10:39:48+00:00\",\"author\":{\"@id\":\"https:\/\/www.noidiqua.it\/Montale\/#\/schema\/person\/e2e6f44da50af0dae9c90ad168e471a4\"},\"breadcrumb\":{\"@id\":\"https:\/\/www.noidiqua.it\/Montale\/restaurato-ponte-sullagna\/#breadcrumb\"},\"inLanguage\":\"it-IT\",\"potentialAction\":[{\"@type\":\"ReadAction\",\"target\":[\"https:\/\/www.noidiqua.it\/Montale\/restaurato-ponte-sullagna\/\"]}]},{\"@type\":\"ImageObject\",\"inLanguage\":\"it-IT\",\"@id\":\"https:\/\/www.noidiqua.it\/Montale\/restaurato-ponte-sullagna\/#primaryimage\",\"url\":\"https:\/\/www.noidiqua.it\/Montale\/wp-content\/uploads\/2014\/03\/ponticino-.png\",\"contentUrl\":\"https:\/\/www.noidiqua.it\/Montale\/wp-content\/uploads\/2014\/03\/ponticino-.png\",\"width\":507,\"height\":329},{\"@type\":\"BreadcrumbList\",\"@id\":\"https:\/\/www.noidiqua.it\/Montale\/restaurato-ponte-sullagna\/#breadcrumb\",\"itemListElement\":[{\"@type\":\"ListItem\",\"position\":1,\"name\":\"Home\",\"item\":\"https:\/\/www.noidiqua.it\/Montale\/\"},{\"@type\":\"ListItem\",\"position\":2,\"name\":\"Restaurato ponte sull&#8217;Agna\"}]},{\"@type\":\"WebSite\",\"@id\":\"https:\/\/www.noidiqua.it\/Montale\/#website\",\"url\":\"https:\/\/www.noidiqua.it\/Montale\/\",\"name\":\"Noi di Qua Testata giornalistica e di attualit\u00e0 di Agliana, Montale e Quarrata.\",\"description\":\"Testata Giornalistica Quarrata Montale Agliana\",\"potentialAction\":[{\"@type\":\"SearchAction\",\"target\":{\"@type\":\"EntryPoint\",\"urlTemplate\":\"https:\/\/www.noidiqua.it\/Montale\/?s={search_term_string}\"},\"query-input\":{\"@type\":\"PropertyValueSpecification\",\"valueRequired\":true,\"valueName\":\"search_term_string\"}}],\"inLanguage\":\"it-IT\"},{\"@type\":\"Person\",\"@id\":\"https:\/\/www.noidiqua.it\/Montale\/#\/schema\/person\/e2e6f44da50af0dae9c90ad168e471a4\",\"name\":\"Giacomo Bini\",\"image\":{\"@type\":\"ImageObject\",\"inLanguage\":\"it-IT\",\"@id\":\"https:\/\/www.noidiqua.it\/Montale\/#\/schema\/person\/image\/\",\"url\":\"https:\/\/secure.gravatar.com\/avatar\/e5c18ae41df5ae37397358f2c6046696187d51a120c5d0b8f0c49f7b606f46f4?s=96&d=mm&r=g\",\"contentUrl\":\"https:\/\/secure.gravatar.com\/avatar\/e5c18ae41df5ae37397358f2c6046696187d51a120c5d0b8f0c49f7b606f46f4?s=96&d=mm&r=g\",\"caption\":\"Giacomo Bini\"},\"url\":\"https:\/\/www.noidiqua.it\/Montale\/author\/giacomo-bini\/\"}]}<\/script>\n<!-- \/ Yoast SEO plugin. -->","yoast_head_json":{"title":"Restaurato ponte sull'Agna - Noi di Qua Testata giornalistica e di attualit\u00e0 di Agliana, Montale e Quarrata.","robots":{"index":"index","follow":"follow","max-snippet":"max-snippet:-1","max-image-preview":"max-image-preview:large","max-video-preview":"max-video-preview:-1"},"canonical":"https:\/\/www.noidiqua.it\/Montale\/restaurato-ponte-sullagna\/","og_locale":"it_IT","og_type":"article","og_title":"Restaurato ponte sull'Agna - Noi di Qua Testata giornalistica e di attualit\u00e0 di Agliana, Montale e Quarrata.","og_description":"di Giacomo Bini marzo 2014 Gli Alpini di Montale hanno restaurato il ponticino in legno sul torrente Agna lungo la stradina che porta a Striglianella, uno dei luoghi pi\u00f9 suggestivi di tutta la collina montalese e anche tra i pi\u00f9 carichi di memoria, perch\u00e9 un tabernacolo ricorda un eccidio compiuto dai nazisti. In quel [&hellip;]","og_url":"https:\/\/www.noidiqua.it\/Montale\/restaurato-ponte-sullagna\/","og_site_name":"Noi di Qua Testata giornalistica e di attualit\u00e0 di Agliana, Montale e Quarrata.","article_publisher":"https:\/\/www.facebook.com\/noidiqua.trimestrale\/","article_published_time":"2014-03-13T13:29:54+00:00","article_modified_time":"2023-01-18T10:39:48+00:00","og_image":[{"url":"https:\/\/www.noidiqua.it\/Montale\/wp-content\/uploads\/2014\/03\/ponticino-.png","type":"","width":"","height":""}],"author":"Giacomo Bini","twitter_misc":{"Scritto da":"Giacomo Bini","Tempo di lettura stimato":"3 minuti"},"schema":{"@context":"https:\/\/schema.org","@graph":[{"@type":"WebPage","@id":"https:\/\/www.noidiqua.it\/Montale\/restaurato-ponte-sullagna\/","url":"https:\/\/www.noidiqua.it\/Montale\/restaurato-ponte-sullagna\/","name":"Restaurato ponte sull'Agna - Noi di Qua Testata giornalistica e di attualit\u00e0 di Agliana, Montale e Quarrata.","isPartOf":{"@id":"https:\/\/www.noidiqua.it\/Montale\/#website"},"primaryImageOfPage":{"@id":"https:\/\/www.noidiqua.it\/Montale\/restaurato-ponte-sullagna\/#primaryimage"},"image":{"@id":"https:\/\/www.noidiqua.it\/Montale\/restaurato-ponte-sullagna\/#primaryimage"},"thumbnailUrl":"https:\/\/www.noidiqua.it\/Montale\/wp-content\/uploads\/2014\/03\/ponticino-.png","datePublished":"2014-03-13T13:29:54+00:00","dateModified":"2023-01-18T10:39:48+00:00","author":{"@id":"https:\/\/www.noidiqua.it\/Montale\/#\/schema\/person\/e2e6f44da50af0dae9c90ad168e471a4"},"breadcrumb":{"@id":"https:\/\/www.noidiqua.it\/Montale\/restaurato-ponte-sullagna\/#breadcrumb"},"inLanguage":"it-IT","potentialAction":[{"@type":"ReadAction","target":["https:\/\/www.noidiqua.it\/Montale\/restaurato-ponte-sullagna\/"]}]},{"@type":"ImageObject","inLanguage":"it-IT","@id":"https:\/\/www.noidiqua.it\/Montale\/restaurato-ponte-sullagna\/#primaryimage","url":"https:\/\/www.noidiqua.it\/Montale\/wp-content\/uploads\/2014\/03\/ponticino-.png","contentUrl":"https:\/\/www.noidiqua.it\/Montale\/wp-content\/uploads\/2014\/03\/ponticino-.png","width":507,"height":329},{"@type":"BreadcrumbList","@id":"https:\/\/www.noidiqua.it\/Montale\/restaurato-ponte-sullagna\/#breadcrumb","itemListElement":[{"@type":"ListItem","position":1,"name":"Home","item":"https:\/\/www.noidiqua.it\/Montale\/"},{"@type":"ListItem","position":2,"name":"Restaurato ponte sull&#8217;Agna"}]},{"@type":"WebSite","@id":"https:\/\/www.noidiqua.it\/Montale\/#website","url":"https:\/\/www.noidiqua.it\/Montale\/","name":"Noi di Qua Testata giornalistica e di attualit\u00e0 di Agliana, Montale e Quarrata.","description":"Testata Giornalistica Quarrata Montale Agliana","potentialAction":[{"@type":"SearchAction","target":{"@type":"EntryPoint","urlTemplate":"https:\/\/www.noidiqua.it\/Montale\/?s={search_term_string}"},"query-input":{"@type":"PropertyValueSpecification","valueRequired":true,"valueName":"search_term_string"}}],"inLanguage":"it-IT"},{"@type":"Person","@id":"https:\/\/www.noidiqua.it\/Montale\/#\/schema\/person\/e2e6f44da50af0dae9c90ad168e471a4","name":"Giacomo Bini","image":{"@type":"ImageObject","inLanguage":"it-IT","@id":"https:\/\/www.noidiqua.it\/Montale\/#\/schema\/person\/image\/","url":"https:\/\/secure.gravatar.com\/avatar\/e5c18ae41df5ae37397358f2c6046696187d51a120c5d0b8f0c49f7b606f46f4?s=96&d=mm&r=g","contentUrl":"https:\/\/secure.gravatar.com\/avatar\/e5c18ae41df5ae37397358f2c6046696187d51a120c5d0b8f0c49f7b606f46f4?s=96&d=mm&r=g","caption":"Giacomo Bini"},"url":"https:\/\/www.noidiqua.it\/Montale\/author\/giacomo-bini\/"}]}},"_links":{"self":[{"href":"https:\/\/www.noidiqua.it\/Montale\/wp-json\/wp\/v2\/posts\/2735","targetHints":{"allow":["GET"]}}],"collection":[{"href":"https:\/\/www.noidiqua.it\/Montale\/wp-json\/wp\/v2\/posts"}],"about":[{"href":"https:\/\/www.noidiqua.it\/Montale\/wp-json\/wp\/v2\/types\/post"}],"author":[{"embeddable":true,"href":"https:\/\/www.noidiqua.it\/Montale\/wp-json\/wp\/v2\/users\/12"}],"replies":[{"embeddable":true,"href":"https:\/\/www.noidiqua.it\/Montale\/wp-json\/wp\/v2\/comments?post=2735"}],"version-history":[{"count":3,"href":"https:\/\/www.noidiqua.it\/Montale\/wp-json\/wp\/v2\/posts\/2735\/revisions"}],"predecessor-version":[{"id":7619,"href":"https:\/\/www.noidiqua.it\/Montale\/wp-json\/wp\/v2\/posts\/2735\/revisions\/7619"}],"wp:attachment":[{"href":"https:\/\/www.noidiqua.it\/Montale\/wp-json\/wp\/v2\/media?parent=2735"}],"wp:term":[{"taxonomy":"category","embeddable":true,"href":"https:\/\/www.noidiqua.it\/Montale\/wp-json\/wp\/v2\/categories?post=2735"},{"taxonomy":"post_tag","embeddable":true,"href":"https:\/\/www.noidiqua.it\/Montale\/wp-json\/wp\/v2\/tags?post=2735"}],"curies":[{"name":"wp","href":"https:\/\/api.w.org\/{rel}","templated":true}]}}