{"id":2750,"date":"2014-03-13T14:46:06","date_gmt":"2014-03-13T14:46:06","guid":{"rendered":"https:\/\/www.noidiqua.it\/Montale\/?p=2750"},"modified":"2023-01-18T12:16:34","modified_gmt":"2023-01-18T11:16:34","slug":"crollato-muro-sullagna","status":"publish","type":"post","link":"https:\/\/www.noidiqua.it\/Montale\/crollato-muro-sullagna\/","title":{"rendered":"Crollato muro sull&#8217;Agna"},"content":{"rendered":"<p><em>di Giacomo Bini<\/em><\/p>\n<p><em>marzo 2014<\/em><\/p>\n<p><a href=\"https:\/\/www.noidiqua.it\/Montale\/wp-content\/uploads\/2014\/03\/agna_muro-3.png\" rel=\"wp-prettyPhoto[2750]\"><img loading=\"lazy\" decoding=\"async\" class=\"aligncenter size-full wp-image-7628\" src=\"https:\/\/www.noidiqua.it\/Montale\/wp-content\/uploads\/2014\/03\/agna_muro-3.png\" alt=\"\" width=\"501\" height=\"345\" srcset=\"https:\/\/www.noidiqua.it\/Montale\/wp-content\/uploads\/2014\/03\/agna_muro-3.png 501w, https:\/\/www.noidiqua.it\/Montale\/wp-content\/uploads\/2014\/03\/agna_muro-3-300x207.png 300w\" sizes=\"auto, (max-width: 501px) 100vw, 501px\" \/><\/a><\/p>\n<p>Il muro di pietra che sostiene l\u2019argine dell\u2019Agna \u00e8 una delle vittime del maltempo che tanti danni ha fatto anche nel territorio comunale di Montale. In un tratto del torrente, in corrispondenza delle<strong> vie Cavour<\/strong> e<strong> Pirandello<\/strong>, nel <strong>rione Badia<\/strong>, il muro si \u00e8 staccato dall\u2019argine ed \u00e8 scivolato verso il basso. L\u2019ampia ferita prodottasi nell\u2019argine, larga una trentina di metri, rischia di estendersi ulteriormente. Il grosso muro non si \u00e8 ancora sgretolato, ma \u00e8 rimasto in sospeso, in bilico e pende verso il torrente, dove pu\u00f2 crollare da un momento all\u2019altro rischiando di ostruire con una valanga di pietre il corso d\u2019acqua sottostante. Potrebbe correre qualche rischio, in caso di allargamento della frana, anche il monumento al partigiano<strong> Enzo Nesti,<\/strong> che trov\u00f2 la morte ad opera dei tedeschi nel 1944 proprio in questo tratto del torrente.<\/p>\n<p>L\u2019inizio del movimento franoso risale alla prima settimana di gennaio e subito fu segnalato dai proprietari dei terreni al <strong>Consorzio Ombrone<\/strong> e agli uffici comunali. La<strong> Polizia Municipale<\/strong> e l\u2019ufficio tecnico di <strong>Montale<\/strong>, effettuato un sopralluogo, hanno inviato la documentazione fotografica e una relazione informativa alla <strong>Provincia<\/strong> e al Consorzio Ombrone, che \u00e8 l\u2019ente incaricato del ripristino. Ma in questo periodo di numerose e gravi emergenze, il muro dell\u2019<strong>Agna<\/strong> non \u00e8 forse considerata un\u2019urgenza prioritaria. In effetti non ci sono pericoli per abitazioni, strade o persone, ma il rischio ambientale non \u00e8 affatto trascurabile e soprattutto \u00e8 in pericolo un bene di valore storico e paesaggistico di notevole rilievo. Il muro \u00e8 di per s\u00e9 un manufatto pregevole, testimonianza di una perizia tecnica e di un\u2019attenzione alla tutela dei fiumi, che forse dovrebbe essere recuperata. E in ogni caso si tratta di tutelare uno dei punti pi\u00f9 belli del corso dell\u2019Agna, dove il torrente si allarga e presenta un\u2019ampia cascata a gradoni che anch\u2019essa \u00e8 un prodotto dell\u2019arte antica della regimazione dei fiumi.<\/p>\n<p><a href=\"https:\/\/www.noidiqua.it\/Montale\/wp-content\/uploads\/2014\/03\/agna_muro-2.png\" rel=\"wp-prettyPhoto[2750]\"><img loading=\"lazy\" decoding=\"async\" class=\"aligncenter wp-image-7630\" src=\"https:\/\/www.noidiqua.it\/Montale\/wp-content\/uploads\/2014\/03\/agna_muro-2.png\" alt=\"\" width=\"443\" height=\"352\" srcset=\"https:\/\/www.noidiqua.it\/Montale\/wp-content\/uploads\/2014\/03\/agna_muro-2.png 500w, https:\/\/www.noidiqua.it\/Montale\/wp-content\/uploads\/2014\/03\/agna_muro-2-300x238.png 300w\" sizes=\"auto, (max-width: 443px) 100vw, 443px\" \/><\/a><\/p>\n<p>Il crollo del muro potrebbe essere l\u2019occasione per richiamare l\u2019attenzione di tutta la collettivit\u00e0 all\u2019importanza dell\u2019Agna, che \u00e8 un patrimonio ambientale quasi del tutto dimenticato. Le rive del torrente sono per lunghi tratti del tutto inaccessibili al pubblico, mentre potrebbero diventare un vero polmone verde per la comunit\u00e0. Forse anche il fatto di segnare il confine tra i due Comuni di <strong>Montale<\/strong> e di<strong> Montemurlo<\/strong>, non ha aiutato l\u2019Agna ad essere preso in considerazione. Ma \u00e8 ora di pensare a questo corso d\u2019acqua non come un limite del territorio comunale, ma come un elemento di congiunzione tra Montale e Montemurlo e anche tra la collina e la vallata. Il ripristino del muro potrebbe essere il punto di partenza per una riappropriazione del fiume da parte della cittadinanza.<\/p>\n<p>&nbsp;<\/p>\n<p>&nbsp;<\/p>\n<p style=\"text-align: justify;\">","protected":false},"excerpt":{"rendered":"<p>di Giacomo Bini marzo 2014 Il muro di pietra che sostiene l\u2019argine dell\u2019Agna \u00e8 una delle vittime del maltempo che tanti danni ha fatto anche nel territorio comunale di Montale. In un tratto del torrente, in corrispondenza delle vie Cavour e Pirandello, nel rione Badia, il muro si \u00e8 staccato dall\u2019argine ed \u00e8 scivolato [&hellip;]<\/p>","protected":false},"author":12,"featured_media":0,"comment_status":"open","ping_status":"open","sticky":false,"template":"","format":"standard","meta":{"footnotes":""},"categories":[27,7],"tags":[76,995,109,113,114],"class_list":["post-2750","post","type-post","status-publish","format-standard","hentry","category-fotonotizie-qt","category-mt","tag-fotografia","tag-mt","tag-montalese","tag-noidiqua","tag-noidiqua-il-montalese"],"yoast_head":"<!-- This site is optimized with the Yoast SEO plugin v25.5 - https:\/\/yoast.com\/wordpress\/plugins\/seo\/ -->\n<title>Crollato muro sull&#039;Agna - Noi di Qua Testata giornalistica e di attualit\u00e0 di Agliana, Montale e Quarrata.<\/title>\n<meta name=\"robots\" content=\"index, follow, max-snippet:-1, max-image-preview:large, max-video-preview:-1\" \/>\n<link rel=\"canonical\" href=\"https:\/\/www.noidiqua.it\/Montale\/crollato-muro-sullagna\/\" \/>\n<meta property=\"og:locale\" content=\"it_IT\" \/>\n<meta property=\"og:type\" content=\"article\" \/>\n<meta property=\"og:title\" content=\"Crollato muro sull&#039;Agna - Noi di Qua Testata giornalistica e di attualit\u00e0 di Agliana, Montale e Quarrata.\" \/>\n<meta property=\"og:description\" content=\"di Giacomo Bini marzo 2014 Il muro di pietra che sostiene l\u2019argine dell\u2019Agna \u00e8 una delle vittime del maltempo che tanti danni ha fatto anche nel territorio comunale di Montale. In un tratto del torrente, in corrispondenza delle vie Cavour e Pirandello, nel rione Badia, il muro si \u00e8 staccato dall\u2019argine ed \u00e8 scivolato [&hellip;]\" \/>\n<meta property=\"og:url\" content=\"https:\/\/www.noidiqua.it\/Montale\/crollato-muro-sullagna\/\" \/>\n<meta property=\"og:site_name\" content=\"Noi di Qua Testata giornalistica e di attualit\u00e0 di Agliana, Montale e Quarrata.\" \/>\n<meta property=\"article:publisher\" content=\"https:\/\/www.facebook.com\/noidiqua.trimestrale\/\" \/>\n<meta property=\"article:published_time\" content=\"2014-03-13T14:46:06+00:00\" \/>\n<meta property=\"article:modified_time\" content=\"2023-01-18T11:16:34+00:00\" \/>\n<meta property=\"og:image\" content=\"https:\/\/www.noidiqua.it\/Montale\/wp-content\/uploads\/2014\/03\/agna_muro-3.png\" \/>\n<meta name=\"author\" content=\"Giacomo Bini\" \/>\n<meta name=\"twitter:label1\" content=\"Scritto da\" \/>\n\t<meta name=\"twitter:data1\" content=\"Giacomo Bini\" \/>\n\t<meta name=\"twitter:label2\" content=\"Tempo di lettura stimato\" \/>\n\t<meta name=\"twitter:data2\" content=\"3 minuti\" \/>\n<script type=\"application\/ld+json\" class=\"yoast-schema-graph\">{\"@context\":\"https:\/\/schema.org\",\"@graph\":[{\"@type\":\"WebPage\",\"@id\":\"https:\/\/www.noidiqua.it\/Montale\/crollato-muro-sullagna\/\",\"url\":\"https:\/\/www.noidiqua.it\/Montale\/crollato-muro-sullagna\/\",\"name\":\"Crollato muro sull'Agna - Noi di Qua Testata giornalistica e di attualit\u00e0 di Agliana, Montale e Quarrata.\",\"isPartOf\":{\"@id\":\"https:\/\/www.noidiqua.it\/Montale\/#website\"},\"primaryImageOfPage\":{\"@id\":\"https:\/\/www.noidiqua.it\/Montale\/crollato-muro-sullagna\/#primaryimage\"},\"image\":{\"@id\":\"https:\/\/www.noidiqua.it\/Montale\/crollato-muro-sullagna\/#primaryimage\"},\"thumbnailUrl\":\"https:\/\/www.noidiqua.it\/Montale\/wp-content\/uploads\/2014\/03\/agna_muro-3.png\",\"datePublished\":\"2014-03-13T14:46:06+00:00\",\"dateModified\":\"2023-01-18T11:16:34+00:00\",\"author\":{\"@id\":\"https:\/\/www.noidiqua.it\/Montale\/#\/schema\/person\/e2e6f44da50af0dae9c90ad168e471a4\"},\"breadcrumb\":{\"@id\":\"https:\/\/www.noidiqua.it\/Montale\/crollato-muro-sullagna\/#breadcrumb\"},\"inLanguage\":\"it-IT\",\"potentialAction\":[{\"@type\":\"ReadAction\",\"target\":[\"https:\/\/www.noidiqua.it\/Montale\/crollato-muro-sullagna\/\"]}]},{\"@type\":\"ImageObject\",\"inLanguage\":\"it-IT\",\"@id\":\"https:\/\/www.noidiqua.it\/Montale\/crollato-muro-sullagna\/#primaryimage\",\"url\":\"https:\/\/www.noidiqua.it\/Montale\/wp-content\/uploads\/2014\/03\/agna_muro-3.png\",\"contentUrl\":\"https:\/\/www.noidiqua.it\/Montale\/wp-content\/uploads\/2014\/03\/agna_muro-3.png\",\"width\":501,\"height\":345},{\"@type\":\"BreadcrumbList\",\"@id\":\"https:\/\/www.noidiqua.it\/Montale\/crollato-muro-sullagna\/#breadcrumb\",\"itemListElement\":[{\"@type\":\"ListItem\",\"position\":1,\"name\":\"Home\",\"item\":\"https:\/\/www.noidiqua.it\/Montale\/\"},{\"@type\":\"ListItem\",\"position\":2,\"name\":\"Crollato muro sull&#8217;Agna\"}]},{\"@type\":\"WebSite\",\"@id\":\"https:\/\/www.noidiqua.it\/Montale\/#website\",\"url\":\"https:\/\/www.noidiqua.it\/Montale\/\",\"name\":\"Noi di Qua Testata giornalistica e di attualit\u00e0 di Agliana, Montale e Quarrata.\",\"description\":\"Testata Giornalistica Quarrata Montale Agliana\",\"potentialAction\":[{\"@type\":\"SearchAction\",\"target\":{\"@type\":\"EntryPoint\",\"urlTemplate\":\"https:\/\/www.noidiqua.it\/Montale\/?s={search_term_string}\"},\"query-input\":{\"@type\":\"PropertyValueSpecification\",\"valueRequired\":true,\"valueName\":\"search_term_string\"}}],\"inLanguage\":\"it-IT\"},{\"@type\":\"Person\",\"@id\":\"https:\/\/www.noidiqua.it\/Montale\/#\/schema\/person\/e2e6f44da50af0dae9c90ad168e471a4\",\"name\":\"Giacomo Bini\",\"image\":{\"@type\":\"ImageObject\",\"inLanguage\":\"it-IT\",\"@id\":\"https:\/\/www.noidiqua.it\/Montale\/#\/schema\/person\/image\/\",\"url\":\"https:\/\/secure.gravatar.com\/avatar\/e5c18ae41df5ae37397358f2c6046696187d51a120c5d0b8f0c49f7b606f46f4?s=96&d=mm&r=g\",\"contentUrl\":\"https:\/\/secure.gravatar.com\/avatar\/e5c18ae41df5ae37397358f2c6046696187d51a120c5d0b8f0c49f7b606f46f4?s=96&d=mm&r=g\",\"caption\":\"Giacomo Bini\"},\"url\":\"https:\/\/www.noidiqua.it\/Montale\/author\/giacomo-bini\/\"}]}<\/script>\n<!-- \/ Yoast SEO plugin. -->","yoast_head_json":{"title":"Crollato muro sull'Agna - Noi di Qua Testata giornalistica e di attualit\u00e0 di Agliana, Montale e Quarrata.","robots":{"index":"index","follow":"follow","max-snippet":"max-snippet:-1","max-image-preview":"max-image-preview:large","max-video-preview":"max-video-preview:-1"},"canonical":"https:\/\/www.noidiqua.it\/Montale\/crollato-muro-sullagna\/","og_locale":"it_IT","og_type":"article","og_title":"Crollato muro sull'Agna - Noi di Qua Testata giornalistica e di attualit\u00e0 di Agliana, Montale e Quarrata.","og_description":"di Giacomo Bini marzo 2014 Il muro di pietra che sostiene l\u2019argine dell\u2019Agna \u00e8 una delle vittime del maltempo che tanti danni ha fatto anche nel territorio comunale di Montale. In un tratto del torrente, in corrispondenza delle vie Cavour e Pirandello, nel rione Badia, il muro si \u00e8 staccato dall\u2019argine ed \u00e8 scivolato [&hellip;]","og_url":"https:\/\/www.noidiqua.it\/Montale\/crollato-muro-sullagna\/","og_site_name":"Noi di Qua Testata giornalistica e di attualit\u00e0 di Agliana, Montale e Quarrata.","article_publisher":"https:\/\/www.facebook.com\/noidiqua.trimestrale\/","article_published_time":"2014-03-13T14:46:06+00:00","article_modified_time":"2023-01-18T11:16:34+00:00","og_image":[{"url":"https:\/\/www.noidiqua.it\/Montale\/wp-content\/uploads\/2014\/03\/agna_muro-3.png","type":"","width":"","height":""}],"author":"Giacomo Bini","twitter_misc":{"Scritto da":"Giacomo Bini","Tempo di lettura stimato":"3 minuti"},"schema":{"@context":"https:\/\/schema.org","@graph":[{"@type":"WebPage","@id":"https:\/\/www.noidiqua.it\/Montale\/crollato-muro-sullagna\/","url":"https:\/\/www.noidiqua.it\/Montale\/crollato-muro-sullagna\/","name":"Crollato muro sull'Agna - Noi di Qua Testata giornalistica e di attualit\u00e0 di Agliana, Montale e Quarrata.","isPartOf":{"@id":"https:\/\/www.noidiqua.it\/Montale\/#website"},"primaryImageOfPage":{"@id":"https:\/\/www.noidiqua.it\/Montale\/crollato-muro-sullagna\/#primaryimage"},"image":{"@id":"https:\/\/www.noidiqua.it\/Montale\/crollato-muro-sullagna\/#primaryimage"},"thumbnailUrl":"https:\/\/www.noidiqua.it\/Montale\/wp-content\/uploads\/2014\/03\/agna_muro-3.png","datePublished":"2014-03-13T14:46:06+00:00","dateModified":"2023-01-18T11:16:34+00:00","author":{"@id":"https:\/\/www.noidiqua.it\/Montale\/#\/schema\/person\/e2e6f44da50af0dae9c90ad168e471a4"},"breadcrumb":{"@id":"https:\/\/www.noidiqua.it\/Montale\/crollato-muro-sullagna\/#breadcrumb"},"inLanguage":"it-IT","potentialAction":[{"@type":"ReadAction","target":["https:\/\/www.noidiqua.it\/Montale\/crollato-muro-sullagna\/"]}]},{"@type":"ImageObject","inLanguage":"it-IT","@id":"https:\/\/www.noidiqua.it\/Montale\/crollato-muro-sullagna\/#primaryimage","url":"https:\/\/www.noidiqua.it\/Montale\/wp-content\/uploads\/2014\/03\/agna_muro-3.png","contentUrl":"https:\/\/www.noidiqua.it\/Montale\/wp-content\/uploads\/2014\/03\/agna_muro-3.png","width":501,"height":345},{"@type":"BreadcrumbList","@id":"https:\/\/www.noidiqua.it\/Montale\/crollato-muro-sullagna\/#breadcrumb","itemListElement":[{"@type":"ListItem","position":1,"name":"Home","item":"https:\/\/www.noidiqua.it\/Montale\/"},{"@type":"ListItem","position":2,"name":"Crollato muro sull&#8217;Agna"}]},{"@type":"WebSite","@id":"https:\/\/www.noidiqua.it\/Montale\/#website","url":"https:\/\/www.noidiqua.it\/Montale\/","name":"Noi di Qua Testata giornalistica e di attualit\u00e0 di Agliana, Montale e Quarrata.","description":"Testata Giornalistica Quarrata Montale Agliana","potentialAction":[{"@type":"SearchAction","target":{"@type":"EntryPoint","urlTemplate":"https:\/\/www.noidiqua.it\/Montale\/?s={search_term_string}"},"query-input":{"@type":"PropertyValueSpecification","valueRequired":true,"valueName":"search_term_string"}}],"inLanguage":"it-IT"},{"@type":"Person","@id":"https:\/\/www.noidiqua.it\/Montale\/#\/schema\/person\/e2e6f44da50af0dae9c90ad168e471a4","name":"Giacomo Bini","image":{"@type":"ImageObject","inLanguage":"it-IT","@id":"https:\/\/www.noidiqua.it\/Montale\/#\/schema\/person\/image\/","url":"https:\/\/secure.gravatar.com\/avatar\/e5c18ae41df5ae37397358f2c6046696187d51a120c5d0b8f0c49f7b606f46f4?s=96&d=mm&r=g","contentUrl":"https:\/\/secure.gravatar.com\/avatar\/e5c18ae41df5ae37397358f2c6046696187d51a120c5d0b8f0c49f7b606f46f4?s=96&d=mm&r=g","caption":"Giacomo Bini"},"url":"https:\/\/www.noidiqua.it\/Montale\/author\/giacomo-bini\/"}]}},"_links":{"self":[{"href":"https:\/\/www.noidiqua.it\/Montale\/wp-json\/wp\/v2\/posts\/2750","targetHints":{"allow":["GET"]}}],"collection":[{"href":"https:\/\/www.noidiqua.it\/Montale\/wp-json\/wp\/v2\/posts"}],"about":[{"href":"https:\/\/www.noidiqua.it\/Montale\/wp-json\/wp\/v2\/types\/post"}],"author":[{"embeddable":true,"href":"https:\/\/www.noidiqua.it\/Montale\/wp-json\/wp\/v2\/users\/12"}],"replies":[{"embeddable":true,"href":"https:\/\/www.noidiqua.it\/Montale\/wp-json\/wp\/v2\/comments?post=2750"}],"version-history":[{"count":3,"href":"https:\/\/www.noidiqua.it\/Montale\/wp-json\/wp\/v2\/posts\/2750\/revisions"}],"predecessor-version":[{"id":3833,"href":"https:\/\/www.noidiqua.it\/Montale\/wp-json\/wp\/v2\/posts\/2750\/revisions\/3833"}],"wp:attachment":[{"href":"https:\/\/www.noidiqua.it\/Montale\/wp-json\/wp\/v2\/media?parent=2750"}],"wp:term":[{"taxonomy":"category","embeddable":true,"href":"https:\/\/www.noidiqua.it\/Montale\/wp-json\/wp\/v2\/categories?post=2750"},{"taxonomy":"post_tag","embeddable":true,"href":"https:\/\/www.noidiqua.it\/Montale\/wp-json\/wp\/v2\/tags?post=2750"}],"curies":[{"name":"wp","href":"https:\/\/api.w.org\/{rel}","templated":true}]}}