{"id":2760,"date":"2014-03-13T14:55:11","date_gmt":"2014-03-13T14:55:11","guid":{"rendered":"https:\/\/www.noidiqua.it\/Montale\/?p=2760"},"modified":"2023-01-18T11:42:35","modified_gmt":"2023-01-18T10:42:35","slug":"una-mela-al-giorno-le-allergie-primaverili","status":"publish","type":"post","link":"https:\/\/www.noidiqua.it\/Montale\/una-mela-al-giorno-le-allergie-primaverili\/","title":{"rendered":"Una mela al giorno &#8211; Le allergie primaverili"},"content":{"rendered":"<p><em>di Luigi Vangucci<br \/>\n<\/em><\/p>\n<p><em>marzo 2014<\/em><\/p>\n<p><a href=\"https:\/\/www.noidiqua.it\/Montale\/wp-content\/uploads\/2014\/03\/allergia-.png\" rel=\"wp-prettyPhoto[2760]\"><img loading=\"lazy\" decoding=\"async\" class=\"aligncenter size-full wp-image-7622\" src=\"https:\/\/www.noidiqua.it\/Montale\/wp-content\/uploads\/2014\/03\/allergia-.png\" alt=\"\" width=\"489\" height=\"382\" srcset=\"https:\/\/www.noidiqua.it\/Montale\/wp-content\/uploads\/2014\/03\/allergia-.png 489w, https:\/\/www.noidiqua.it\/Montale\/wp-content\/uploads\/2014\/03\/allergia--300x234.png 300w\" sizes=\"auto, (max-width: 489px) 100vw, 489px\" \/><\/a><\/p>\n<p>La primavera \u00e8 arrivata, e porta con s\u00e9 la gioia di rivivere, la speranza di cose migliori ma vede esplodere per molti l\u2019allergia. Fra le malattie allergiche: rinite, congiuntivite, asma bronchiale\u00a0 e dermatiti. Quanti fanciulli, e non solo, li sentiamo con respiro sibilante o starnutire a lungo e con gli occhi rossi?<\/p>\n<p>&nbsp;<\/p>\n<p style=\"text-align: justify;\"><strong>PATOGENESI<\/strong><br \/>\nMa perch\u00e9 accade? La scoperta delle <strong>IgE<\/strong> (immunoglobuline del sangue), hanno consentito di delimitare il campo delle allergie. Il principale fenomeno mediato dalle IgE \u00e8 la<strong> degranulazione mastocitaria<\/strong> (cellule del sangue) con conseguente liberazione di <strong>ISTAMINA<\/strong> e quindi vasodilatazione, eritema, edema, broncospasmo, prurito ecc. Le <strong>allergopatie respiratorie<\/strong> sono causate da allergeni inalatori, sostanze proteiche e glico-proteiche che rimangono in sospensione nell\u2019aria ambiente e quindi possono facilmente venire a contatto con le mucose congiuntivali nasali e bronchiali. Gli <strong>allergeni inalatori<\/strong> vengono suddivisi in stagionali e perenni in base alla concentrazione ambientale durante il corso dell\u2019anno. Gli allergeni dell\u2019<strong>acaro della polvere<\/strong>, le muffe e gli epiteli animali sono perenni, mentre i pollini delle piante sono stagionali. Acari: sono microscopici animaletti che si nutrono di derivati epidermici umani. Il loro habitat preferito \u00e8 l\u2019ambiente umido e caldo e quindi abbondano in tappeti, moquette, tendaggi, materassi e cuscini. <strong>Muffe<\/strong>: sono miceti che prosperano in ambienti umidi e freschi. <strong>Epiteli animali<\/strong>: sono proteine derivati dalla desquamazione cutanea o dalla saliva degli animali domestici (cane, gatto). <strong>Pollini<\/strong>: graminacee, (gramigna, paleo, erba mazzolina, loglio) che fioriscono in primavera e tardo autunno; la parietaria, e altre piante come assenzio, margherita, olivo, betulla, nocciolo ecc. Da ricordare anche che esiste una Reattivit\u00e0 crociata, per cui un individuo allergico a certi pollini \u00e8 allergico anche a certi vegetali ingeriti.<\/p>\n<p style=\"text-align: justify;\"><strong>RICERCHE PER LA DIAGNOSI<\/strong><br \/>\nDosaggio dell\u2019IgE (Prist Test per IgE totali e Rast Test per IgE specifiche), test cutanei, test di provocazione specifico nasale e congiuntivale, prova di funzionalit\u00e0 respiratoria, test di broncodilatazione e test di provocazione in vivo.<\/p>\n<p style=\"text-align: justify;\"><strong>TERAPIA<\/strong><br \/>\nPrevenire il contatto allergenico con la bonifica ambientale (polveri e schiume acaricide), allontanare il pi\u00f9 possibile la polvere, e se allergia \u00e8 dovuta agli animali, allontanare gli animali stessi.<\/p>\n<p style=\"text-align: justify;\"><strong>CURARE I SINTOMI<\/strong><br \/>\nPoich\u00e9 l\u2019istamina \u00e8 la principale responsabile dei sintomi, si usano gli antistaminici, ma se non sono sufficienti, si ricorre ai cortisonici, specialmente per l\u2019asma bronchiale, che rappresenta i tre quarti delle bronchiti asmatiformi.<br \/>\nLe immuno terapie specifiche, sono terapie lunghe e costose, con risultati spesso insoddisfacenti. Oggi si possono somministrare per via nasale e per bocca, per meglio tollerale e sono pi\u00f9 sicure di quelle sottocutanee. Ovviamente per tutte le problematiche di questo tipo esistono, in ogni regione, centri allergologici di riferimento. Nonostante tutte queste minacce, godiamoci la primavera e tutto ci\u00f2 che di meraviglioso questa stagione porta con s\u00e9.<\/p>\n<p style=\"text-align: justify;\">Saluti dal vostro amico<\/p>","protected":false},"excerpt":{"rendered":"<p>di Luigi Vangucci marzo 2014 La primavera \u00e8 arrivata, e porta con s\u00e9 la gioia di rivivere, la speranza di cose migliori ma vede esplodere per molti l\u2019allergia. Fra le malattie allergiche: rinite, congiuntivite, asma bronchiale\u00a0 e dermatiti. Quanti fanciulli, e non solo, li sentiamo con respiro sibilante o starnutire a lungo e con [&hellip;]<\/p>","protected":false},"author":8,"featured_media":0,"comment_status":"open","ping_status":"open","sticky":false,"template":"","format":"standard","meta":{"footnotes":""},"categories":[7,20],"tags":[103,995,109,113,114,126],"class_list":["post-2760","post","type-post","status-publish","format-standard","hentry","category-mt","category-una-mela-al-giorno-qt","tag-luigi-vangucci","tag-mt","tag-montalese","tag-noidiqua","tag-noidiqua-il-montalese","tag-redazionale"],"yoast_head":"<!-- This site is optimized with the Yoast SEO plugin v25.5 - https:\/\/yoast.com\/wordpress\/plugins\/seo\/ -->\n<title>Una mela al giorno - Le allergie primaverili - Noi di Qua Testata giornalistica e di attualit\u00e0 di Agliana, Montale e Quarrata.<\/title>\n<meta name=\"robots\" content=\"index, follow, max-snippet:-1, max-image-preview:large, max-video-preview:-1\" \/>\n<link rel=\"canonical\" href=\"https:\/\/www.noidiqua.it\/Montale\/una-mela-al-giorno-le-allergie-primaverili\/\" \/>\n<meta property=\"og:locale\" content=\"it_IT\" \/>\n<meta property=\"og:type\" content=\"article\" \/>\n<meta property=\"og:title\" content=\"Una mela al giorno - Le allergie primaverili - Noi di Qua Testata giornalistica e di attualit\u00e0 di Agliana, Montale e Quarrata.\" \/>\n<meta property=\"og:description\" content=\"di Luigi Vangucci marzo 2014 La primavera \u00e8 arrivata, e porta con s\u00e9 la gioia di rivivere, la speranza di cose migliori ma vede esplodere per molti l\u2019allergia. Fra le malattie allergiche: rinite, congiuntivite, asma bronchiale\u00a0 e dermatiti. Quanti fanciulli, e non solo, li sentiamo con respiro sibilante o starnutire a lungo e con [&hellip;]\" \/>\n<meta property=\"og:url\" content=\"https:\/\/www.noidiqua.it\/Montale\/una-mela-al-giorno-le-allergie-primaverili\/\" \/>\n<meta property=\"og:site_name\" content=\"Noi di Qua Testata giornalistica e di attualit\u00e0 di Agliana, Montale e Quarrata.\" \/>\n<meta property=\"article:publisher\" content=\"https:\/\/www.facebook.com\/noidiqua.trimestrale\/\" \/>\n<meta property=\"article:published_time\" content=\"2014-03-13T14:55:11+00:00\" \/>\n<meta property=\"article:modified_time\" content=\"2023-01-18T10:42:35+00:00\" \/>\n<meta property=\"og:image\" content=\"https:\/\/www.noidiqua.it\/Montale\/wp-content\/uploads\/2014\/03\/allergia-.png\" \/>\n<meta name=\"author\" content=\"Luigi Vangucci\" \/>\n<meta name=\"twitter:label1\" content=\"Scritto da\" \/>\n\t<meta name=\"twitter:data1\" content=\"Luigi Vangucci\" \/>\n\t<meta name=\"twitter:label2\" content=\"Tempo di lettura stimato\" \/>\n\t<meta name=\"twitter:data2\" content=\"3 minuti\" \/>\n<script type=\"application\/ld+json\" class=\"yoast-schema-graph\">{\"@context\":\"https:\/\/schema.org\",\"@graph\":[{\"@type\":\"WebPage\",\"@id\":\"https:\/\/www.noidiqua.it\/Montale\/una-mela-al-giorno-le-allergie-primaverili\/\",\"url\":\"https:\/\/www.noidiqua.it\/Montale\/una-mela-al-giorno-le-allergie-primaverili\/\",\"name\":\"Una mela al giorno - Le allergie primaverili - Noi di Qua Testata giornalistica e di attualit\u00e0 di Agliana, Montale e Quarrata.\",\"isPartOf\":{\"@id\":\"https:\/\/www.noidiqua.it\/Montale\/#website\"},\"primaryImageOfPage\":{\"@id\":\"https:\/\/www.noidiqua.it\/Montale\/una-mela-al-giorno-le-allergie-primaverili\/#primaryimage\"},\"image\":{\"@id\":\"https:\/\/www.noidiqua.it\/Montale\/una-mela-al-giorno-le-allergie-primaverili\/#primaryimage\"},\"thumbnailUrl\":\"https:\/\/www.noidiqua.it\/Montale\/wp-content\/uploads\/2014\/03\/allergia-.png\",\"datePublished\":\"2014-03-13T14:55:11+00:00\",\"dateModified\":\"2023-01-18T10:42:35+00:00\",\"author\":{\"@id\":\"https:\/\/www.noidiqua.it\/Montale\/#\/schema\/person\/187812011226643ac8c10193c4142c46\"},\"breadcrumb\":{\"@id\":\"https:\/\/www.noidiqua.it\/Montale\/una-mela-al-giorno-le-allergie-primaverili\/#breadcrumb\"},\"inLanguage\":\"it-IT\",\"potentialAction\":[{\"@type\":\"ReadAction\",\"target\":[\"https:\/\/www.noidiqua.it\/Montale\/una-mela-al-giorno-le-allergie-primaverili\/\"]}]},{\"@type\":\"ImageObject\",\"inLanguage\":\"it-IT\",\"@id\":\"https:\/\/www.noidiqua.it\/Montale\/una-mela-al-giorno-le-allergie-primaverili\/#primaryimage\",\"url\":\"https:\/\/www.noidiqua.it\/Montale\/wp-content\/uploads\/2014\/03\/allergia-.png\",\"contentUrl\":\"https:\/\/www.noidiqua.it\/Montale\/wp-content\/uploads\/2014\/03\/allergia-.png\",\"width\":489,\"height\":382},{\"@type\":\"BreadcrumbList\",\"@id\":\"https:\/\/www.noidiqua.it\/Montale\/una-mela-al-giorno-le-allergie-primaverili\/#breadcrumb\",\"itemListElement\":[{\"@type\":\"ListItem\",\"position\":1,\"name\":\"Home\",\"item\":\"https:\/\/www.noidiqua.it\/Montale\/\"},{\"@type\":\"ListItem\",\"position\":2,\"name\":\"Una mela al giorno &#8211; Le allergie primaverili\"}]},{\"@type\":\"WebSite\",\"@id\":\"https:\/\/www.noidiqua.it\/Montale\/#website\",\"url\":\"https:\/\/www.noidiqua.it\/Montale\/\",\"name\":\"Noi di Qua Testata giornalistica e di attualit\u00e0 di Agliana, Montale e Quarrata.\",\"description\":\"Testata Giornalistica Quarrata Montale Agliana\",\"potentialAction\":[{\"@type\":\"SearchAction\",\"target\":{\"@type\":\"EntryPoint\",\"urlTemplate\":\"https:\/\/www.noidiqua.it\/Montale\/?s={search_term_string}\"},\"query-input\":{\"@type\":\"PropertyValueSpecification\",\"valueRequired\":true,\"valueName\":\"search_term_string\"}}],\"inLanguage\":\"it-IT\"},{\"@type\":\"Person\",\"@id\":\"https:\/\/www.noidiqua.it\/Montale\/#\/schema\/person\/187812011226643ac8c10193c4142c46\",\"name\":\"Luigi Vangucci\",\"image\":{\"@type\":\"ImageObject\",\"inLanguage\":\"it-IT\",\"@id\":\"https:\/\/www.noidiqua.it\/Montale\/#\/schema\/person\/image\/\",\"url\":\"https:\/\/secure.gravatar.com\/avatar\/c9188cbae17430c6b6afb2cc199314c12f772cc4b20242e6396d2a76f8ff4163?s=96&d=mm&r=g\",\"contentUrl\":\"https:\/\/secure.gravatar.com\/avatar\/c9188cbae17430c6b6afb2cc199314c12f772cc4b20242e6396d2a76f8ff4163?s=96&d=mm&r=g\",\"caption\":\"Luigi Vangucci\"},\"url\":\"https:\/\/www.noidiqua.it\/Montale\/author\/luigi-vangucci\/\"}]}<\/script>\n<!-- \/ Yoast SEO plugin. -->","yoast_head_json":{"title":"Una mela al giorno - Le allergie primaverili - Noi di Qua Testata giornalistica e di attualit\u00e0 di Agliana, Montale e Quarrata.","robots":{"index":"index","follow":"follow","max-snippet":"max-snippet:-1","max-image-preview":"max-image-preview:large","max-video-preview":"max-video-preview:-1"},"canonical":"https:\/\/www.noidiqua.it\/Montale\/una-mela-al-giorno-le-allergie-primaverili\/","og_locale":"it_IT","og_type":"article","og_title":"Una mela al giorno - Le allergie primaverili - Noi di Qua Testata giornalistica e di attualit\u00e0 di Agliana, Montale e Quarrata.","og_description":"di Luigi Vangucci marzo 2014 La primavera \u00e8 arrivata, e porta con s\u00e9 la gioia di rivivere, la speranza di cose migliori ma vede esplodere per molti l\u2019allergia. Fra le malattie allergiche: rinite, congiuntivite, asma bronchiale\u00a0 e dermatiti. Quanti fanciulli, e non solo, li sentiamo con respiro sibilante o starnutire a lungo e con [&hellip;]","og_url":"https:\/\/www.noidiqua.it\/Montale\/una-mela-al-giorno-le-allergie-primaverili\/","og_site_name":"Noi di Qua Testata giornalistica e di attualit\u00e0 di Agliana, Montale e Quarrata.","article_publisher":"https:\/\/www.facebook.com\/noidiqua.trimestrale\/","article_published_time":"2014-03-13T14:55:11+00:00","article_modified_time":"2023-01-18T10:42:35+00:00","og_image":[{"url":"https:\/\/www.noidiqua.it\/Montale\/wp-content\/uploads\/2014\/03\/allergia-.png","type":"","width":"","height":""}],"author":"Luigi Vangucci","twitter_misc":{"Scritto da":"Luigi Vangucci","Tempo di lettura stimato":"3 minuti"},"schema":{"@context":"https:\/\/schema.org","@graph":[{"@type":"WebPage","@id":"https:\/\/www.noidiqua.it\/Montale\/una-mela-al-giorno-le-allergie-primaverili\/","url":"https:\/\/www.noidiqua.it\/Montale\/una-mela-al-giorno-le-allergie-primaverili\/","name":"Una mela al giorno - Le allergie primaverili - Noi di Qua Testata giornalistica e di attualit\u00e0 di Agliana, Montale e Quarrata.","isPartOf":{"@id":"https:\/\/www.noidiqua.it\/Montale\/#website"},"primaryImageOfPage":{"@id":"https:\/\/www.noidiqua.it\/Montale\/una-mela-al-giorno-le-allergie-primaverili\/#primaryimage"},"image":{"@id":"https:\/\/www.noidiqua.it\/Montale\/una-mela-al-giorno-le-allergie-primaverili\/#primaryimage"},"thumbnailUrl":"https:\/\/www.noidiqua.it\/Montale\/wp-content\/uploads\/2014\/03\/allergia-.png","datePublished":"2014-03-13T14:55:11+00:00","dateModified":"2023-01-18T10:42:35+00:00","author":{"@id":"https:\/\/www.noidiqua.it\/Montale\/#\/schema\/person\/187812011226643ac8c10193c4142c46"},"breadcrumb":{"@id":"https:\/\/www.noidiqua.it\/Montale\/una-mela-al-giorno-le-allergie-primaverili\/#breadcrumb"},"inLanguage":"it-IT","potentialAction":[{"@type":"ReadAction","target":["https:\/\/www.noidiqua.it\/Montale\/una-mela-al-giorno-le-allergie-primaverili\/"]}]},{"@type":"ImageObject","inLanguage":"it-IT","@id":"https:\/\/www.noidiqua.it\/Montale\/una-mela-al-giorno-le-allergie-primaverili\/#primaryimage","url":"https:\/\/www.noidiqua.it\/Montale\/wp-content\/uploads\/2014\/03\/allergia-.png","contentUrl":"https:\/\/www.noidiqua.it\/Montale\/wp-content\/uploads\/2014\/03\/allergia-.png","width":489,"height":382},{"@type":"BreadcrumbList","@id":"https:\/\/www.noidiqua.it\/Montale\/una-mela-al-giorno-le-allergie-primaverili\/#breadcrumb","itemListElement":[{"@type":"ListItem","position":1,"name":"Home","item":"https:\/\/www.noidiqua.it\/Montale\/"},{"@type":"ListItem","position":2,"name":"Una mela al giorno &#8211; Le allergie primaverili"}]},{"@type":"WebSite","@id":"https:\/\/www.noidiqua.it\/Montale\/#website","url":"https:\/\/www.noidiqua.it\/Montale\/","name":"Noi di Qua Testata giornalistica e di attualit\u00e0 di Agliana, Montale e Quarrata.","description":"Testata Giornalistica Quarrata Montale Agliana","potentialAction":[{"@type":"SearchAction","target":{"@type":"EntryPoint","urlTemplate":"https:\/\/www.noidiqua.it\/Montale\/?s={search_term_string}"},"query-input":{"@type":"PropertyValueSpecification","valueRequired":true,"valueName":"search_term_string"}}],"inLanguage":"it-IT"},{"@type":"Person","@id":"https:\/\/www.noidiqua.it\/Montale\/#\/schema\/person\/187812011226643ac8c10193c4142c46","name":"Luigi Vangucci","image":{"@type":"ImageObject","inLanguage":"it-IT","@id":"https:\/\/www.noidiqua.it\/Montale\/#\/schema\/person\/image\/","url":"https:\/\/secure.gravatar.com\/avatar\/c9188cbae17430c6b6afb2cc199314c12f772cc4b20242e6396d2a76f8ff4163?s=96&d=mm&r=g","contentUrl":"https:\/\/secure.gravatar.com\/avatar\/c9188cbae17430c6b6afb2cc199314c12f772cc4b20242e6396d2a76f8ff4163?s=96&d=mm&r=g","caption":"Luigi Vangucci"},"url":"https:\/\/www.noidiqua.it\/Montale\/author\/luigi-vangucci\/"}]}},"_links":{"self":[{"href":"https:\/\/www.noidiqua.it\/Montale\/wp-json\/wp\/v2\/posts\/2760","targetHints":{"allow":["GET"]}}],"collection":[{"href":"https:\/\/www.noidiqua.it\/Montale\/wp-json\/wp\/v2\/posts"}],"about":[{"href":"https:\/\/www.noidiqua.it\/Montale\/wp-json\/wp\/v2\/types\/post"}],"author":[{"embeddable":true,"href":"https:\/\/www.noidiqua.it\/Montale\/wp-json\/wp\/v2\/users\/8"}],"replies":[{"embeddable":true,"href":"https:\/\/www.noidiqua.it\/Montale\/wp-json\/wp\/v2\/comments?post=2760"}],"version-history":[{"count":3,"href":"https:\/\/www.noidiqua.it\/Montale\/wp-json\/wp\/v2\/posts\/2760\/revisions"}],"predecessor-version":[{"id":7624,"href":"https:\/\/www.noidiqua.it\/Montale\/wp-json\/wp\/v2\/posts\/2760\/revisions\/7624"}],"wp:attachment":[{"href":"https:\/\/www.noidiqua.it\/Montale\/wp-json\/wp\/v2\/media?parent=2760"}],"wp:term":[{"taxonomy":"category","embeddable":true,"href":"https:\/\/www.noidiqua.it\/Montale\/wp-json\/wp\/v2\/categories?post=2760"},{"taxonomy":"post_tag","embeddable":true,"href":"https:\/\/www.noidiqua.it\/Montale\/wp-json\/wp\/v2\/tags?post=2760"}],"curies":[{"name":"wp","href":"https:\/\/api.w.org\/{rel}","templated":true}]}}