{"id":2768,"date":"2014-03-13T15:31:24","date_gmt":"2014-03-13T15:31:24","guid":{"rendered":"https:\/\/www.noidiqua.it\/Montale\/?p=2768"},"modified":"2023-01-18T12:19:25","modified_gmt":"2023-01-18T11:19:25","slug":"sei-di-noidiqua-se","status":"publish","type":"post","link":"https:\/\/www.noidiqua.it\/Montale\/sei-di-noidiqua-se\/","title":{"rendered":"Concludendo &#8211; Sei di Noidiqua se&#8230;"},"content":{"rendered":"<p style=\"text-align: justify;\"><em>di Massimo Cappelli<br \/>\n<\/em><\/p>\n<p style=\"text-align: justify;\"><em>marzo 2014<\/em><\/p>\n<p><a href=\"https:\/\/www.noidiqua.it\/Montale\/wp-content\/uploads\/2014\/03\/concludendo-4.png\" rel=\"wp-prettyPhoto[2768]\"><img loading=\"lazy\" decoding=\"async\" class=\"aligncenter size-full wp-image-7633\" src=\"https:\/\/www.noidiqua.it\/Montale\/wp-content\/uploads\/2014\/03\/concludendo-4.png\" alt=\"\" width=\"502\" height=\"318\" srcset=\"https:\/\/www.noidiqua.it\/Montale\/wp-content\/uploads\/2014\/03\/concludendo-4.png 502w, https:\/\/www.noidiqua.it\/Montale\/wp-content\/uploads\/2014\/03\/concludendo-4-300x190.png 300w\" sizes=\"auto, (max-width: 502px) 100vw, 502px\" \/><\/a><\/p>\n<p>La foto di gruppo fatta ai tempi della scuola, la foto di famiglia un po&#8217; ingiallita ritrovata nella scatola di latta dei biscotti, quel personaggio di paese che tutti conoscevano ormai scomparso da tempo, o quel modo di dire che si usava da ragazzi. Tutti questi ricordi, questi quadri di vita vissuta, risiedono nella nostra memoria, hanno contribuito a nutrire la nostra mente e, se risvegliati, ci fanno diventare contemporaneamente, registi, attori e spettatori di veri e propri film mentali, regalandoci piacevoli emozioni. Questa intuizione \u00e8 stata, fra l&#8217;altro, la sostanziale concezione, divenuta poi la linea editoriale di<strong> NoiDiQua<\/strong>. Il successo che il nostro giornale si \u00e8 guadagnato nei suoi primi sette anni, mette in evidenza il fatto di quanto funzioni questo processo emozionale, di quanto il nostro passato sia ancora vivo, e di quanto ci voglia poco a riaccenderlo dentro di noi. Da un po&#8217; di tempo, queste pennellate nostalgiche stanno &#8220;dipingendo&#8221; anche la rete, principalmente Facebook, dove stanno nascendo, in tutta Italia e forse in tutto il mondo, dei numerosissimi gruppi di persone che pubblicano foto, ricordi, aneddoti, frasi e quant&#8217;altro. Tanto per rammentarne qualcuno vicino a noi:<strong> \u201cSei di Quarrata se&#8230;\u201d<\/strong>, gruppo creato dal quarratino (trasferito a Fucecchio) <strong>Leonardo Innocenti<\/strong> (quasi 2.000 iscritti!), con a capofila <strong>Nicola Giuntini<\/strong>, uno dei pi\u00f9 assidui fruitori, che ogni giorno inserisce nuovo materiale. <strong>\u201cI ragazzi del Matteotti\u201d<\/strong> creato dal musicista aglianese <strong>Luca Nesti<\/strong> con il sostanzioso contributo del fotografo <strong>Daniele Neri<\/strong> che posta fotografie rare e molto curiose, portando alla ribalta tanti personaggi entrati nell&#8217;immaginario aglianese. Anche Montale ha il suo gruppo <strong>\u201cNon sei di Montale se&#8230;\u201d<\/strong> seguito dalla signora <strong>Teresa Ginanni<\/strong>, persona molto conosciuta in quanto Responsabile dell&#8217;Ufficio Cultura del Comune montalese.<\/p>\n<p><a href=\"https:\/\/www.noidiqua.it\/Montale\/wp-content\/uploads\/2014\/03\/concludendo-2.png\" rel=\"wp-prettyPhoto[2768]\"><img loading=\"lazy\" decoding=\"async\" class=\"aligncenter size-full wp-image-7634\" src=\"https:\/\/www.noidiqua.it\/Montale\/wp-content\/uploads\/2014\/03\/concludendo-2.png\" alt=\"\" width=\"495\" height=\"325\" srcset=\"https:\/\/www.noidiqua.it\/Montale\/wp-content\/uploads\/2014\/03\/concludendo-2.png 495w, https:\/\/www.noidiqua.it\/Montale\/wp-content\/uploads\/2014\/03\/concludendo-2-300x197.png 300w\" sizes=\"auto, (max-width: 495px) 100vw, 495px\" \/><\/a><\/p>\n<p>Questa tendenza dai tratti un po&#8217; <strong>amarcord<\/strong>, dunque, oggi sta spopolando, ma concedetemi la vanit\u00e0 di affermare che la prima piazza virtuale cartacea, sette anni fa, e in tempi non sospetti, l&#8217;hanno inventata, il sottoscritto,<strong> Vito Melani<\/strong> e <strong>Giancarlo Zampini<\/strong>, il quale, poi, l&#8217;ha messa anche in pratica dando vita al periodico che state leggendo. C&#8217;\u00e8 da dire per\u00f2 che la rete oggi offre di pi\u00f9: con la sua piazza virtuale infatti, regala un\u2019immediata interattivit\u00e0 fra tutti i componenti del gruppo. Le persone pi\u00f9 attempate, oltre che rivivere in proprio i vecchi momenti, si appestano a commentarli, in maniera da soddisfare anche la curiosit\u00e0 dei pi\u00f9 giovani, informandoli sui cambiamenti relativi alla trasformazione urbana, al mutamento dei luoghi di ritrovo cittadini e alle persone che non ci sono pi\u00f9. Tuttavia guardando attentamente le immagini ci rendiamo conto che, a parte\u00a0 la tecnologia, non \u00e8 cambiato molto nel tempo; i giovani sono sempre giovani in qualsiasi epoca essi vivano, cambiano solo i contesti e i colori, sbiaditi o assenti, nelle foto pi\u00f9 vecchie. Guardando attentamente le foto, si scopre che anche le mode, in qualche maniera, tendono a riciclarsi. Riconoscendo per\u00f2 i personaggi ancora in vita, resta costante solo la certezza che i giovani di oggi saranno inevitabilmente gli anziani di domani, e questo aggiunge un tono malinconico all&#8217;atmosfera gi\u00e0 di per s\u00e9 nostalgica. In un mondo che cambia cos\u00ec velocemente per\u00f2, i punti fermi restano sempre attuali; gli aggiornamenti galoppanti sono destinati solo ai software dei computer, mentre ci sono patrimoni che appartengono alla memoria collettiva e continuano ad emozionarci da secoli, senza bisogno di essere aggiornati, come <strong>La Traviata<\/strong> di <strong>Verdi<\/strong>, la <strong>Gioconda di Leonardo<\/strong> e il <strong>David di Michelangelo<\/strong>. Lasciate quindi che esprimere una considerazione sul concetto di memoria e ricordo: la prima, grande serbatoio di elementi e archivio personale, i ricordi invece, sono una riserva di emozioni che danno risalto al nostro vissuto personale o collettivo, storico o soggettivo.<\/p>\n<p><a href=\"https:\/\/www.noidiqua.it\/Montale\/wp-content\/uploads\/2014\/03\/concludendo-3.png\" rel=\"wp-prettyPhoto[2768]\"><img loading=\"lazy\" decoding=\"async\" class=\"aligncenter size-full wp-image-7635\" src=\"https:\/\/www.noidiqua.it\/Montale\/wp-content\/uploads\/2014\/03\/concludendo-3.png\" alt=\"\" width=\"300\" height=\"399\" srcset=\"https:\/\/www.noidiqua.it\/Montale\/wp-content\/uploads\/2014\/03\/concludendo-3.png 300w, https:\/\/www.noidiqua.it\/Montale\/wp-content\/uploads\/2014\/03\/concludendo-3-226x300.png 226w\" sizes=\"auto, (max-width: 300px) 100vw, 300px\" \/><\/a><\/p>\n<p>Tornando ai gruppi di <strong>Facebook<\/strong>, bisognerebbe prendere spunto dai nostri amici<strong> montalesi<\/strong>, <strong>quarratini<\/strong> e <strong>aglianesi<\/strong> che, con i contenuti acquisiti sulla rete, stanno pensando di fare una pubblicazione il cui ricavato andr\u00e0 in beneficenza, oppure hanno messo la piazza virtuale al servizio di quella reale, dando vita a ritrovi ecologici, incontri, cene o quant&#8217;altro possa mettere in funzione tutti i cinque sensi: udito, tatto e olfatto compresi.\u00a0 Anche se in certi casi&#8230;<\/p>\n<p>Ciao, alla prossima.<\/p>\n<p>&nbsp;<\/p>\n<p style=\"text-align: justify;\">\n<p style=\"text-align: justify;\">\n<p style=\"text-align: justify;\"><a href=\"https:\/\/www.noidiqua.it\/Agliana\/wp-content\/uploads\/2014\/04\/concludendo2.jpg\" rel=\"wp-prettyPhoto[2768]\">\u00a0<\/a><\/p>","protected":false},"excerpt":{"rendered":"<p>di Massimo Cappelli marzo 2014 La foto di gruppo fatta ai tempi della scuola, la foto di famiglia un po&#8217; ingiallita ritrovata nella scatola di latta dei biscotti, quel personaggio di paese che tutti conoscevano ormai scomparso da tempo, o quel modo di dire che si usava da ragazzi. Tutti questi ricordi, questi quadri [&hellip;]<\/p>","protected":false},"author":7,"featured_media":0,"comment_status":"open","ping_status":"open","sticky":false,"template":"","format":"standard","meta":{"footnotes":""},"categories":[24,7],"tags":[91,995,109,113,114,126,127],"class_list":["post-2768","post","type-post","status-publish","format-standard","hentry","category-concludendo-qt","category-mt","tag-il-montalese","tag-mt","tag-montalese","tag-noidiqua","tag-noidiqua-il-montalese","tag-redazionale","tag-redazione"],"yoast_head":"<!-- This site is optimized with the Yoast SEO plugin v25.5 - https:\/\/yoast.com\/wordpress\/plugins\/seo\/ -->\n<title>Concludendo - Sei di Noidiqua se... - Noi di Qua Testata giornalistica e di attualit\u00e0 di Agliana, Montale e Quarrata.<\/title>\n<meta name=\"robots\" content=\"index, follow, max-snippet:-1, max-image-preview:large, max-video-preview:-1\" \/>\n<link rel=\"canonical\" href=\"https:\/\/www.noidiqua.it\/Montale\/sei-di-noidiqua-se\/\" \/>\n<meta property=\"og:locale\" content=\"it_IT\" \/>\n<meta property=\"og:type\" content=\"article\" \/>\n<meta property=\"og:title\" content=\"Concludendo - Sei di Noidiqua se... - Noi di Qua Testata giornalistica e di attualit\u00e0 di Agliana, Montale e Quarrata.\" \/>\n<meta property=\"og:description\" content=\"di Massimo Cappelli marzo 2014 La foto di gruppo fatta ai tempi della scuola, la foto di famiglia un po&#8217; ingiallita ritrovata nella scatola di latta dei biscotti, quel personaggio di paese che tutti conoscevano ormai scomparso da tempo, o quel modo di dire che si usava da ragazzi. Tutti questi ricordi, questi quadri [&hellip;]\" \/>\n<meta property=\"og:url\" content=\"https:\/\/www.noidiqua.it\/Montale\/sei-di-noidiqua-se\/\" \/>\n<meta property=\"og:site_name\" content=\"Noi di Qua Testata giornalistica e di attualit\u00e0 di Agliana, Montale e Quarrata.\" \/>\n<meta property=\"article:publisher\" content=\"https:\/\/www.facebook.com\/noidiqua.trimestrale\/\" \/>\n<meta property=\"article:published_time\" content=\"2014-03-13T15:31:24+00:00\" \/>\n<meta property=\"article:modified_time\" content=\"2023-01-18T11:19:25+00:00\" \/>\n<meta property=\"og:image\" content=\"https:\/\/www.noidiqua.it\/Montale\/wp-content\/uploads\/2014\/03\/concludendo-4.png\" \/>\n<meta name=\"author\" content=\"Massimo Cappelli\" \/>\n<meta name=\"twitter:label1\" content=\"Scritto da\" \/>\n\t<meta name=\"twitter:data1\" content=\"Massimo Cappelli\" \/>\n\t<meta name=\"twitter:label2\" content=\"Tempo di lettura stimato\" \/>\n\t<meta name=\"twitter:data2\" content=\"4 minuti\" \/>\n<script type=\"application\/ld+json\" class=\"yoast-schema-graph\">{\"@context\":\"https:\/\/schema.org\",\"@graph\":[{\"@type\":\"WebPage\",\"@id\":\"https:\/\/www.noidiqua.it\/Montale\/sei-di-noidiqua-se\/\",\"url\":\"https:\/\/www.noidiqua.it\/Montale\/sei-di-noidiqua-se\/\",\"name\":\"Concludendo - Sei di Noidiqua se... - Noi di Qua Testata giornalistica e di attualit\u00e0 di Agliana, Montale e Quarrata.\",\"isPartOf\":{\"@id\":\"https:\/\/www.noidiqua.it\/Montale\/#website\"},\"primaryImageOfPage\":{\"@id\":\"https:\/\/www.noidiqua.it\/Montale\/sei-di-noidiqua-se\/#primaryimage\"},\"image\":{\"@id\":\"https:\/\/www.noidiqua.it\/Montale\/sei-di-noidiqua-se\/#primaryimage\"},\"thumbnailUrl\":\"https:\/\/www.noidiqua.it\/Montale\/wp-content\/uploads\/2014\/03\/concludendo-4.png\",\"datePublished\":\"2014-03-13T15:31:24+00:00\",\"dateModified\":\"2023-01-18T11:19:25+00:00\",\"author\":{\"@id\":\"https:\/\/www.noidiqua.it\/Montale\/#\/schema\/person\/858b1b9db61101126e5ded39f94daedb\"},\"breadcrumb\":{\"@id\":\"https:\/\/www.noidiqua.it\/Montale\/sei-di-noidiqua-se\/#breadcrumb\"},\"inLanguage\":\"it-IT\",\"potentialAction\":[{\"@type\":\"ReadAction\",\"target\":[\"https:\/\/www.noidiqua.it\/Montale\/sei-di-noidiqua-se\/\"]}]},{\"@type\":\"ImageObject\",\"inLanguage\":\"it-IT\",\"@id\":\"https:\/\/www.noidiqua.it\/Montale\/sei-di-noidiqua-se\/#primaryimage\",\"url\":\"https:\/\/www.noidiqua.it\/Montale\/wp-content\/uploads\/2014\/03\/concludendo-4.png\",\"contentUrl\":\"https:\/\/www.noidiqua.it\/Montale\/wp-content\/uploads\/2014\/03\/concludendo-4.png\",\"width\":502,\"height\":318},{\"@type\":\"BreadcrumbList\",\"@id\":\"https:\/\/www.noidiqua.it\/Montale\/sei-di-noidiqua-se\/#breadcrumb\",\"itemListElement\":[{\"@type\":\"ListItem\",\"position\":1,\"name\":\"Home\",\"item\":\"https:\/\/www.noidiqua.it\/Montale\/\"},{\"@type\":\"ListItem\",\"position\":2,\"name\":\"Concludendo &#8211; Sei di Noidiqua se&#8230;\"}]},{\"@type\":\"WebSite\",\"@id\":\"https:\/\/www.noidiqua.it\/Montale\/#website\",\"url\":\"https:\/\/www.noidiqua.it\/Montale\/\",\"name\":\"Noi di Qua Testata giornalistica e di attualit\u00e0 di Agliana, Montale e Quarrata.\",\"description\":\"Testata Giornalistica Quarrata Montale Agliana\",\"potentialAction\":[{\"@type\":\"SearchAction\",\"target\":{\"@type\":\"EntryPoint\",\"urlTemplate\":\"https:\/\/www.noidiqua.it\/Montale\/?s={search_term_string}\"},\"query-input\":{\"@type\":\"PropertyValueSpecification\",\"valueRequired\":true,\"valueName\":\"search_term_string\"}}],\"inLanguage\":\"it-IT\"},{\"@type\":\"Person\",\"@id\":\"https:\/\/www.noidiqua.it\/Montale\/#\/schema\/person\/858b1b9db61101126e5ded39f94daedb\",\"name\":\"Massimo Cappelli\",\"image\":{\"@type\":\"ImageObject\",\"inLanguage\":\"it-IT\",\"@id\":\"https:\/\/www.noidiqua.it\/Montale\/#\/schema\/person\/image\/\",\"url\":\"https:\/\/secure.gravatar.com\/avatar\/0e7261535228aa9bb0417ab8f42f3fadaf8ce23bdfde46c689c43410a676cfa9?s=96&d=mm&r=g\",\"contentUrl\":\"https:\/\/secure.gravatar.com\/avatar\/0e7261535228aa9bb0417ab8f42f3fadaf8ce23bdfde46c689c43410a676cfa9?s=96&d=mm&r=g\",\"caption\":\"Massimo Cappelli\"},\"url\":\"https:\/\/www.noidiqua.it\/Montale\/author\/massimo-cappelli\/\"}]}<\/script>\n<!-- \/ Yoast SEO plugin. -->","yoast_head_json":{"title":"Concludendo - Sei di Noidiqua se... - Noi di Qua Testata giornalistica e di attualit\u00e0 di Agliana, Montale e Quarrata.","robots":{"index":"index","follow":"follow","max-snippet":"max-snippet:-1","max-image-preview":"max-image-preview:large","max-video-preview":"max-video-preview:-1"},"canonical":"https:\/\/www.noidiqua.it\/Montale\/sei-di-noidiqua-se\/","og_locale":"it_IT","og_type":"article","og_title":"Concludendo - Sei di Noidiqua se... - Noi di Qua Testata giornalistica e di attualit\u00e0 di Agliana, Montale e Quarrata.","og_description":"di Massimo Cappelli marzo 2014 La foto di gruppo fatta ai tempi della scuola, la foto di famiglia un po&#8217; ingiallita ritrovata nella scatola di latta dei biscotti, quel personaggio di paese che tutti conoscevano ormai scomparso da tempo, o quel modo di dire che si usava da ragazzi. Tutti questi ricordi, questi quadri [&hellip;]","og_url":"https:\/\/www.noidiqua.it\/Montale\/sei-di-noidiqua-se\/","og_site_name":"Noi di Qua Testata giornalistica e di attualit\u00e0 di Agliana, Montale e Quarrata.","article_publisher":"https:\/\/www.facebook.com\/noidiqua.trimestrale\/","article_published_time":"2014-03-13T15:31:24+00:00","article_modified_time":"2023-01-18T11:19:25+00:00","og_image":[{"url":"https:\/\/www.noidiqua.it\/Montale\/wp-content\/uploads\/2014\/03\/concludendo-4.png","type":"","width":"","height":""}],"author":"Massimo Cappelli","twitter_misc":{"Scritto da":"Massimo Cappelli","Tempo di lettura stimato":"4 minuti"},"schema":{"@context":"https:\/\/schema.org","@graph":[{"@type":"WebPage","@id":"https:\/\/www.noidiqua.it\/Montale\/sei-di-noidiqua-se\/","url":"https:\/\/www.noidiqua.it\/Montale\/sei-di-noidiqua-se\/","name":"Concludendo - Sei di Noidiqua se... - Noi di Qua Testata giornalistica e di attualit\u00e0 di Agliana, Montale e Quarrata.","isPartOf":{"@id":"https:\/\/www.noidiqua.it\/Montale\/#website"},"primaryImageOfPage":{"@id":"https:\/\/www.noidiqua.it\/Montale\/sei-di-noidiqua-se\/#primaryimage"},"image":{"@id":"https:\/\/www.noidiqua.it\/Montale\/sei-di-noidiqua-se\/#primaryimage"},"thumbnailUrl":"https:\/\/www.noidiqua.it\/Montale\/wp-content\/uploads\/2014\/03\/concludendo-4.png","datePublished":"2014-03-13T15:31:24+00:00","dateModified":"2023-01-18T11:19:25+00:00","author":{"@id":"https:\/\/www.noidiqua.it\/Montale\/#\/schema\/person\/858b1b9db61101126e5ded39f94daedb"},"breadcrumb":{"@id":"https:\/\/www.noidiqua.it\/Montale\/sei-di-noidiqua-se\/#breadcrumb"},"inLanguage":"it-IT","potentialAction":[{"@type":"ReadAction","target":["https:\/\/www.noidiqua.it\/Montale\/sei-di-noidiqua-se\/"]}]},{"@type":"ImageObject","inLanguage":"it-IT","@id":"https:\/\/www.noidiqua.it\/Montale\/sei-di-noidiqua-se\/#primaryimage","url":"https:\/\/www.noidiqua.it\/Montale\/wp-content\/uploads\/2014\/03\/concludendo-4.png","contentUrl":"https:\/\/www.noidiqua.it\/Montale\/wp-content\/uploads\/2014\/03\/concludendo-4.png","width":502,"height":318},{"@type":"BreadcrumbList","@id":"https:\/\/www.noidiqua.it\/Montale\/sei-di-noidiqua-se\/#breadcrumb","itemListElement":[{"@type":"ListItem","position":1,"name":"Home","item":"https:\/\/www.noidiqua.it\/Montale\/"},{"@type":"ListItem","position":2,"name":"Concludendo &#8211; Sei di Noidiqua se&#8230;"}]},{"@type":"WebSite","@id":"https:\/\/www.noidiqua.it\/Montale\/#website","url":"https:\/\/www.noidiqua.it\/Montale\/","name":"Noi di Qua Testata giornalistica e di attualit\u00e0 di Agliana, Montale e Quarrata.","description":"Testata Giornalistica Quarrata Montale Agliana","potentialAction":[{"@type":"SearchAction","target":{"@type":"EntryPoint","urlTemplate":"https:\/\/www.noidiqua.it\/Montale\/?s={search_term_string}"},"query-input":{"@type":"PropertyValueSpecification","valueRequired":true,"valueName":"search_term_string"}}],"inLanguage":"it-IT"},{"@type":"Person","@id":"https:\/\/www.noidiqua.it\/Montale\/#\/schema\/person\/858b1b9db61101126e5ded39f94daedb","name":"Massimo Cappelli","image":{"@type":"ImageObject","inLanguage":"it-IT","@id":"https:\/\/www.noidiqua.it\/Montale\/#\/schema\/person\/image\/","url":"https:\/\/secure.gravatar.com\/avatar\/0e7261535228aa9bb0417ab8f42f3fadaf8ce23bdfde46c689c43410a676cfa9?s=96&d=mm&r=g","contentUrl":"https:\/\/secure.gravatar.com\/avatar\/0e7261535228aa9bb0417ab8f42f3fadaf8ce23bdfde46c689c43410a676cfa9?s=96&d=mm&r=g","caption":"Massimo Cappelli"},"url":"https:\/\/www.noidiqua.it\/Montale\/author\/massimo-cappelli\/"}]}},"_links":{"self":[{"href":"https:\/\/www.noidiqua.it\/Montale\/wp-json\/wp\/v2\/posts\/2768","targetHints":{"allow":["GET"]}}],"collection":[{"href":"https:\/\/www.noidiqua.it\/Montale\/wp-json\/wp\/v2\/posts"}],"about":[{"href":"https:\/\/www.noidiqua.it\/Montale\/wp-json\/wp\/v2\/types\/post"}],"author":[{"embeddable":true,"href":"https:\/\/www.noidiqua.it\/Montale\/wp-json\/wp\/v2\/users\/7"}],"replies":[{"embeddable":true,"href":"https:\/\/www.noidiqua.it\/Montale\/wp-json\/wp\/v2\/comments?post=2768"}],"version-history":[{"count":3,"href":"https:\/\/www.noidiqua.it\/Montale\/wp-json\/wp\/v2\/posts\/2768\/revisions"}],"predecessor-version":[{"id":7636,"href":"https:\/\/www.noidiqua.it\/Montale\/wp-json\/wp\/v2\/posts\/2768\/revisions\/7636"}],"wp:attachment":[{"href":"https:\/\/www.noidiqua.it\/Montale\/wp-json\/wp\/v2\/media?parent=2768"}],"wp:term":[{"taxonomy":"category","embeddable":true,"href":"https:\/\/www.noidiqua.it\/Montale\/wp-json\/wp\/v2\/categories?post=2768"},{"taxonomy":"post_tag","embeddable":true,"href":"https:\/\/www.noidiqua.it\/Montale\/wp-json\/wp\/v2\/tags?post=2768"}],"curies":[{"name":"wp","href":"https:\/\/api.w.org\/{rel}","templated":true}]}}