{"id":2857,"date":"2014-06-12T09:48:10","date_gmt":"2014-06-12T09:48:10","guid":{"rendered":"https:\/\/www.noidiqua.it\/Montale\/?p=2857"},"modified":"2023-01-13T11:35:38","modified_gmt":"2023-01-13T10:35:38","slug":"i-brevi-di-noidiqua-13","status":"publish","type":"post","link":"https:\/\/www.noidiqua.it\/Montale\/i-brevi-di-noidiqua-13\/","title":{"rendered":"I brevi di Noidiqua"},"content":{"rendered":"<p><em>di Giacomo Bini<\/em><\/p>\n<p><em>giugno 2014<\/em><\/p>\n<p><a href=\"https:\/\/www.noidiqua.it\/Montale\/wp-content\/uploads\/2021\/04\/brevi.png\" rel=\"wp-prettyPhoto[2857]\"><img loading=\"lazy\" decoding=\"async\" class=\"aligncenter size-full wp-image-5604\" src=\"https:\/\/www.noidiqua.it\/Montale\/wp-content\/uploads\/2021\/04\/brevi.png\" alt=\"\" width=\"473\" height=\"291\" srcset=\"https:\/\/www.noidiqua.it\/Montale\/wp-content\/uploads\/2021\/04\/brevi.png 473w, https:\/\/www.noidiqua.it\/Montale\/wp-content\/uploads\/2021\/04\/brevi-300x185.png 300w\" sizes=\"auto, (max-width: 473px) 100vw, 473px\" \/><\/a><\/p>\n<p>&nbsp;<\/p>\n<p style=\"text-align: justify;\"><strong>E\u2019 stato ricostituito, dopo alcuni anni di inattivit\u00e0, il Gruppo Anpi (Associazione Nazionale Partigiani Italiani) di Montale ed \u00e8 stato intitolato al partigiano montalese Francesco Bertini<\/strong>, deceduto nel 2012 dopo essere stato per diversi anni presidente dell\u2019associazione. Il nuovo Gruppo dell\u2019Anpi di Montale ha come presidente Paola Arcangeli e come vice-presidente l\u2019ex sindaco di Montale Daniele Cipriani. Gli altri componenti del gruppo sono Aldo Piantini, responsabile amministrativo, Goretto Goretti, Giuliana Goracci, Daniele Bini, Loriano Maccari, Alpo Pieraccioli e Silvana Stella. <em>\u00abSiamo un gruppo aperto a tutti\u00bb<\/em> tiene a precisare la presidente Paola Arcangeli <em>\u00abvogliamo essere un baluardo dei valori fondanti della repubblica e della costituzione italiana. Tutti i volenterosi che condividono questo obiettivo sono ben accetti. Per parte mia sono stata felice di accettare questo incarico, che \u00e8 totalmente volontario come quelli degli altri componenti, perch\u00e9 pur essendo giunta ad un\u2019et\u00e0 avanzata, posso ancora compiere un servizio in favore della comunit\u00e0\u00bb<\/em>. La prima iniziativa pubblica dell\u2019Anpi si \u00e8 tenuta in occasione del 25 Aprile quando l\u2019associazione ha partecipato alle manifestazioni per la festa della liberazione a Montale. La cerimonia di intitolazione a Francesco Bertini si \u00e8 svolta domenica 11 maggio, presso la casa del popolo di Montale, dove \u00e8 stata inaugurata anche la nuova sede dell\u2019Associazione.<\/p>\n<p>&nbsp;<\/p>\n<p style=\"text-align: justify;\"><strong>La Festa del Volontario organizzata dalla Croce d\u2019Oro di Montale con la collaborazione di Avis, Auser, Aido e Associazione Diabetici Pistoiesi si svolge dal 17 giungo al 6 luglio<\/strong> in via Vittime delle Foibe con giochi, animazioni per bambini, stand gastronomici, spettacoli, musica e ballo, eventi culturali e sportivi e ogni sera le partite del Campionato del mondo di calcio. Ecco alcuni appuntamenti: il 18 giugno, decima edizione della corsa podistica \u00abLa sudatina montalese\u00bb con il 5\u00b0 trofeo Avis Montale Alessandro Ciani; il 19 giugno l\u2019Avis trucca i bambini e un\u2019esibizione di agility dog; il 21 giugno commedia divertente della Compagnia del Sorriso; 24 giugno iniziativa delle associazioni di volontariato montalesi per l\u2019acquisto di un defibrillatore per la scuola media di Montale; il 26 giugno ballo liscio, una fiaba animata e i bambini che si truccano con l\u2019Avis; il 28 giugno scuola di ballo e il gioco \u201ca caccia di stelle\u201d; il 2 luglio musica con Billy Bolla e una serata in favore di Dynamo Camp; il 4 luglio musica leggera italiana e una serata con la scuola pistoiese di addestramento cani; il 5 luglio serata di danza, caccia al tesoro e simulazione di soccorso dei volontari della Croce d\u2019Oro; il 6 luglio gran finale con un Carnevale estivo per le vie del paese, karaoke e palloncini.<\/p>\n<p>&nbsp;<\/p>\n<p style=\"text-align: justify;\"><strong>E\u2019 andato in pensione Fabio Meoni, che per 41 anni \u00e8 stato funzionario ai lavori pubblici nel Comune di Montale, una delle colonne portanti del Comune stesso<\/strong>. Sul suo tavolo sono passate tutte le opere pubbliche, i progetti e anche i problemi, grandi e piccoli: dalle buche nelle strade alle ristrutturazioni delle scuole. Montalese di nascita e di residenza, Fabio finiva per essere fatalmente risucchiato dalle questioni di lavoro anche dopo l\u2019orario d\u2019ufficio: le sue passeggiate erano anche dei sopralluoghi e chi lo incontrava al supermercato non mancava di segnalargli il lampione spento o la perdita d\u2019acqua. Dal 1973 ad oggi ha visto crescere il paese di Montale nelle infrastrutture e nei servizi, anche quelli, come l\u2019acqua, il gas e i rifiuti, che ora sono gestiti da ditte esterne. La soddisfazione pi\u00f9 grande? <em>\u00abL\u2019acquisto e il restauro di villa Smilea\u00bb<\/em>. E il pi\u00f9 grande rammarico? <em>\u00abLe scuole di Stazione con l\u2019amianto nelle pareti e nel tetto\u00bb<\/em>. Per lui non \u00e8 stato facile salutare il suo ufficio e non sar\u00e0 agevole per i cittadini fare a meno della sua presenza. Ma si pu\u00f2 esser certi che Fabio non mancher\u00e0, anche in pensione, di mettere la sua esperienza al servizio di Montale.<\/p>\n<p>&nbsp;<\/p>\n<p style=\"text-align: justify;\"><strong>Lode Ministeriale per il montalese Pantaleo Salvatore, agente di Polizia Penitenziaria artefice di un intervento tempestivo con cui, nel febbraio del 2012, salv\u00f2 un uomo durante una lite scoppiata tra vicini nei pressi del carcere della Dogaia di Prato<\/strong>. Mentre era in servizio l\u2019agente vide che al di l\u00e0 della recinzione del carcere, davanti ad una delle case vicine all\u2019istituto, un uomo era a terra ferito e sanguinante mentre una donna, sua vicina di casa, inveiva contro di lui e stava per colpirlo con una vanga. Pantaleo Salvatore scavalc\u00f2 la rete e blocc\u00f2 la donna in attesa dell\u2019arrivo della Polizia di Stato. Il gesto dell\u2019agente montalese \u00e8 stato segnalato dal comandante del corpo di polizia della Dogaia al Dipartimento dell\u2019Amministrazione Penitenziaria che lo ha ritenuto meritevole della Lode Ministeriale destinata a chi si distingue nello svolgimento del servizio. Il riconoscimento \u00e8 stato consegnato a Pantaleo Salvatore durante la manifestazione dedicata alla Festa annuale della Polizia Penitenziaria. Pantaleo Salvatore \u00e8 ben conosciuto a Montale oltre che per essere stato consigliere comunale del Centrodestra nella legislatura appena conclusa anche per aver promosso il progetto di collaborazione tra il Comune e il Carcere pratese che ha portato all\u2019impiego dei detenuti nella sistemazione dei giardini e dei parchi pubblici e nella rimbiancatura degli edifici scolastici.<\/p>","protected":false},"excerpt":{"rendered":"<p>di Giacomo Bini giugno 2014 &nbsp; E\u2019 stato ricostituito, dopo alcuni anni di inattivit\u00e0, il Gruppo Anpi (Associazione Nazionale Partigiani Italiani) di Montale ed \u00e8 stato intitolato al partigiano montalese Francesco Bertini, deceduto nel 2012 dopo essere stato per diversi anni presidente dell\u2019associazione. Il nuovo Gruppo dell\u2019Anpi di Montale ha come presidente Paola Arcangeli [&hellip;]<\/p>","protected":false},"author":12,"featured_media":0,"comment_status":"open","ping_status":"open","sticky":false,"template":"","format":"standard","meta":{"footnotes":""},"categories":[29,7],"tags":[89,91,995,109,114,126],"class_list":["post-2857","post","type-post","status-publish","format-standard","hentry","category-brevi-ndq-qt","category-mt","tag-i-brevi-di-noidiqua","tag-il-montalese","tag-mt","tag-montalese","tag-noidiqua-il-montalese","tag-redazionale"],"yoast_head":"<!-- This site is optimized with the Yoast SEO plugin v25.5 - https:\/\/yoast.com\/wordpress\/plugins\/seo\/ -->\n<title>I brevi di Noidiqua - Noi di Qua Testata giornalistica e di attualit\u00e0 di Agliana, Montale e Quarrata.<\/title>\n<meta name=\"robots\" content=\"index, follow, max-snippet:-1, max-image-preview:large, max-video-preview:-1\" \/>\n<link rel=\"canonical\" href=\"https:\/\/www.noidiqua.it\/Montale\/i-brevi-di-noidiqua-13\/\" \/>\n<meta property=\"og:locale\" content=\"it_IT\" \/>\n<meta property=\"og:type\" content=\"article\" \/>\n<meta property=\"og:title\" content=\"I brevi di Noidiqua - Noi di Qua Testata giornalistica e di attualit\u00e0 di Agliana, Montale e Quarrata.\" \/>\n<meta property=\"og:description\" content=\"di Giacomo Bini giugno 2014 &nbsp; E\u2019 stato ricostituito, dopo alcuni anni di inattivit\u00e0, il Gruppo Anpi (Associazione Nazionale Partigiani Italiani) di Montale ed \u00e8 stato intitolato al partigiano montalese Francesco Bertini, deceduto nel 2012 dopo essere stato per diversi anni presidente dell\u2019associazione. Il nuovo Gruppo dell\u2019Anpi di Montale ha come presidente Paola Arcangeli [&hellip;]\" \/>\n<meta property=\"og:url\" content=\"https:\/\/www.noidiqua.it\/Montale\/i-brevi-di-noidiqua-13\/\" \/>\n<meta property=\"og:site_name\" content=\"Noi di Qua Testata giornalistica e di attualit\u00e0 di Agliana, Montale e Quarrata.\" \/>\n<meta property=\"article:publisher\" content=\"https:\/\/www.facebook.com\/noidiqua.trimestrale\/\" \/>\n<meta property=\"article:published_time\" content=\"2014-06-12T09:48:10+00:00\" \/>\n<meta property=\"article:modified_time\" content=\"2023-01-13T10:35:38+00:00\" \/>\n<meta property=\"og:image\" content=\"https:\/\/www.noidiqua.it\/Montale\/wp-content\/uploads\/2021\/04\/brevi.png\" \/>\n<meta name=\"author\" content=\"Giacomo Bini\" \/>\n<meta name=\"twitter:label1\" content=\"Scritto da\" \/>\n\t<meta name=\"twitter:data1\" content=\"Giacomo Bini\" \/>\n\t<meta name=\"twitter:label2\" content=\"Tempo di lettura stimato\" \/>\n\t<meta name=\"twitter:data2\" content=\"4 minuti\" \/>\n<script type=\"application\/ld+json\" class=\"yoast-schema-graph\">{\"@context\":\"https:\/\/schema.org\",\"@graph\":[{\"@type\":\"WebPage\",\"@id\":\"https:\/\/www.noidiqua.it\/Montale\/i-brevi-di-noidiqua-13\/\",\"url\":\"https:\/\/www.noidiqua.it\/Montale\/i-brevi-di-noidiqua-13\/\",\"name\":\"I brevi di Noidiqua - Noi di Qua Testata giornalistica e di attualit\u00e0 di Agliana, Montale e Quarrata.\",\"isPartOf\":{\"@id\":\"https:\/\/www.noidiqua.it\/Montale\/#website\"},\"primaryImageOfPage\":{\"@id\":\"https:\/\/www.noidiqua.it\/Montale\/i-brevi-di-noidiqua-13\/#primaryimage\"},\"image\":{\"@id\":\"https:\/\/www.noidiqua.it\/Montale\/i-brevi-di-noidiqua-13\/#primaryimage\"},\"thumbnailUrl\":\"https:\/\/www.noidiqua.it\/Montale\/wp-content\/uploads\/2021\/04\/brevi.png\",\"datePublished\":\"2014-06-12T09:48:10+00:00\",\"dateModified\":\"2023-01-13T10:35:38+00:00\",\"author\":{\"@id\":\"https:\/\/www.noidiqua.it\/Montale\/#\/schema\/person\/e2e6f44da50af0dae9c90ad168e471a4\"},\"breadcrumb\":{\"@id\":\"https:\/\/www.noidiqua.it\/Montale\/i-brevi-di-noidiqua-13\/#breadcrumb\"},\"inLanguage\":\"it-IT\",\"potentialAction\":[{\"@type\":\"ReadAction\",\"target\":[\"https:\/\/www.noidiqua.it\/Montale\/i-brevi-di-noidiqua-13\/\"]}]},{\"@type\":\"ImageObject\",\"inLanguage\":\"it-IT\",\"@id\":\"https:\/\/www.noidiqua.it\/Montale\/i-brevi-di-noidiqua-13\/#primaryimage\",\"url\":\"https:\/\/www.noidiqua.it\/Montale\/wp-content\/uploads\/2021\/04\/brevi.png\",\"contentUrl\":\"https:\/\/www.noidiqua.it\/Montale\/wp-content\/uploads\/2021\/04\/brevi.png\",\"width\":473,\"height\":291},{\"@type\":\"BreadcrumbList\",\"@id\":\"https:\/\/www.noidiqua.it\/Montale\/i-brevi-di-noidiqua-13\/#breadcrumb\",\"itemListElement\":[{\"@type\":\"ListItem\",\"position\":1,\"name\":\"Home\",\"item\":\"https:\/\/www.noidiqua.it\/Montale\/\"},{\"@type\":\"ListItem\",\"position\":2,\"name\":\"I brevi di Noidiqua\"}]},{\"@type\":\"WebSite\",\"@id\":\"https:\/\/www.noidiqua.it\/Montale\/#website\",\"url\":\"https:\/\/www.noidiqua.it\/Montale\/\",\"name\":\"Noi di Qua Testata giornalistica e di attualit\u00e0 di Agliana, Montale e Quarrata.\",\"description\":\"Testata Giornalistica Quarrata Montale Agliana\",\"potentialAction\":[{\"@type\":\"SearchAction\",\"target\":{\"@type\":\"EntryPoint\",\"urlTemplate\":\"https:\/\/www.noidiqua.it\/Montale\/?s={search_term_string}\"},\"query-input\":{\"@type\":\"PropertyValueSpecification\",\"valueRequired\":true,\"valueName\":\"search_term_string\"}}],\"inLanguage\":\"it-IT\"},{\"@type\":\"Person\",\"@id\":\"https:\/\/www.noidiqua.it\/Montale\/#\/schema\/person\/e2e6f44da50af0dae9c90ad168e471a4\",\"name\":\"Giacomo Bini\",\"image\":{\"@type\":\"ImageObject\",\"inLanguage\":\"it-IT\",\"@id\":\"https:\/\/www.noidiqua.it\/Montale\/#\/schema\/person\/image\/\",\"url\":\"https:\/\/secure.gravatar.com\/avatar\/e5c18ae41df5ae37397358f2c6046696187d51a120c5d0b8f0c49f7b606f46f4?s=96&d=mm&r=g\",\"contentUrl\":\"https:\/\/secure.gravatar.com\/avatar\/e5c18ae41df5ae37397358f2c6046696187d51a120c5d0b8f0c49f7b606f46f4?s=96&d=mm&r=g\",\"caption\":\"Giacomo Bini\"},\"url\":\"https:\/\/www.noidiqua.it\/Montale\/author\/giacomo-bini\/\"}]}<\/script>\n<!-- \/ Yoast SEO plugin. -->","yoast_head_json":{"title":"I brevi di Noidiqua - Noi di Qua Testata giornalistica e di attualit\u00e0 di Agliana, Montale e Quarrata.","robots":{"index":"index","follow":"follow","max-snippet":"max-snippet:-1","max-image-preview":"max-image-preview:large","max-video-preview":"max-video-preview:-1"},"canonical":"https:\/\/www.noidiqua.it\/Montale\/i-brevi-di-noidiqua-13\/","og_locale":"it_IT","og_type":"article","og_title":"I brevi di Noidiqua - Noi di Qua Testata giornalistica e di attualit\u00e0 di Agliana, Montale e Quarrata.","og_description":"di Giacomo Bini giugno 2014 &nbsp; E\u2019 stato ricostituito, dopo alcuni anni di inattivit\u00e0, il Gruppo Anpi (Associazione Nazionale Partigiani Italiani) di Montale ed \u00e8 stato intitolato al partigiano montalese Francesco Bertini, deceduto nel 2012 dopo essere stato per diversi anni presidente dell\u2019associazione. Il nuovo Gruppo dell\u2019Anpi di Montale ha come presidente Paola Arcangeli [&hellip;]","og_url":"https:\/\/www.noidiqua.it\/Montale\/i-brevi-di-noidiqua-13\/","og_site_name":"Noi di Qua Testata giornalistica e di attualit\u00e0 di Agliana, Montale e Quarrata.","article_publisher":"https:\/\/www.facebook.com\/noidiqua.trimestrale\/","article_published_time":"2014-06-12T09:48:10+00:00","article_modified_time":"2023-01-13T10:35:38+00:00","og_image":[{"url":"https:\/\/www.noidiqua.it\/Montale\/wp-content\/uploads\/2021\/04\/brevi.png","type":"","width":"","height":""}],"author":"Giacomo Bini","twitter_misc":{"Scritto da":"Giacomo Bini","Tempo di lettura stimato":"4 minuti"},"schema":{"@context":"https:\/\/schema.org","@graph":[{"@type":"WebPage","@id":"https:\/\/www.noidiqua.it\/Montale\/i-brevi-di-noidiqua-13\/","url":"https:\/\/www.noidiqua.it\/Montale\/i-brevi-di-noidiqua-13\/","name":"I brevi di Noidiqua - Noi di Qua Testata giornalistica e di attualit\u00e0 di Agliana, Montale e Quarrata.","isPartOf":{"@id":"https:\/\/www.noidiqua.it\/Montale\/#website"},"primaryImageOfPage":{"@id":"https:\/\/www.noidiqua.it\/Montale\/i-brevi-di-noidiqua-13\/#primaryimage"},"image":{"@id":"https:\/\/www.noidiqua.it\/Montale\/i-brevi-di-noidiqua-13\/#primaryimage"},"thumbnailUrl":"https:\/\/www.noidiqua.it\/Montale\/wp-content\/uploads\/2021\/04\/brevi.png","datePublished":"2014-06-12T09:48:10+00:00","dateModified":"2023-01-13T10:35:38+00:00","author":{"@id":"https:\/\/www.noidiqua.it\/Montale\/#\/schema\/person\/e2e6f44da50af0dae9c90ad168e471a4"},"breadcrumb":{"@id":"https:\/\/www.noidiqua.it\/Montale\/i-brevi-di-noidiqua-13\/#breadcrumb"},"inLanguage":"it-IT","potentialAction":[{"@type":"ReadAction","target":["https:\/\/www.noidiqua.it\/Montale\/i-brevi-di-noidiqua-13\/"]}]},{"@type":"ImageObject","inLanguage":"it-IT","@id":"https:\/\/www.noidiqua.it\/Montale\/i-brevi-di-noidiqua-13\/#primaryimage","url":"https:\/\/www.noidiqua.it\/Montale\/wp-content\/uploads\/2021\/04\/brevi.png","contentUrl":"https:\/\/www.noidiqua.it\/Montale\/wp-content\/uploads\/2021\/04\/brevi.png","width":473,"height":291},{"@type":"BreadcrumbList","@id":"https:\/\/www.noidiqua.it\/Montale\/i-brevi-di-noidiqua-13\/#breadcrumb","itemListElement":[{"@type":"ListItem","position":1,"name":"Home","item":"https:\/\/www.noidiqua.it\/Montale\/"},{"@type":"ListItem","position":2,"name":"I brevi di Noidiqua"}]},{"@type":"WebSite","@id":"https:\/\/www.noidiqua.it\/Montale\/#website","url":"https:\/\/www.noidiqua.it\/Montale\/","name":"Noi di Qua Testata giornalistica e di attualit\u00e0 di Agliana, Montale e Quarrata.","description":"Testata Giornalistica Quarrata Montale Agliana","potentialAction":[{"@type":"SearchAction","target":{"@type":"EntryPoint","urlTemplate":"https:\/\/www.noidiqua.it\/Montale\/?s={search_term_string}"},"query-input":{"@type":"PropertyValueSpecification","valueRequired":true,"valueName":"search_term_string"}}],"inLanguage":"it-IT"},{"@type":"Person","@id":"https:\/\/www.noidiqua.it\/Montale\/#\/schema\/person\/e2e6f44da50af0dae9c90ad168e471a4","name":"Giacomo Bini","image":{"@type":"ImageObject","inLanguage":"it-IT","@id":"https:\/\/www.noidiqua.it\/Montale\/#\/schema\/person\/image\/","url":"https:\/\/secure.gravatar.com\/avatar\/e5c18ae41df5ae37397358f2c6046696187d51a120c5d0b8f0c49f7b606f46f4?s=96&d=mm&r=g","contentUrl":"https:\/\/secure.gravatar.com\/avatar\/e5c18ae41df5ae37397358f2c6046696187d51a120c5d0b8f0c49f7b606f46f4?s=96&d=mm&r=g","caption":"Giacomo Bini"},"url":"https:\/\/www.noidiqua.it\/Montale\/author\/giacomo-bini\/"}]}},"_links":{"self":[{"href":"https:\/\/www.noidiqua.it\/Montale\/wp-json\/wp\/v2\/posts\/2857","targetHints":{"allow":["GET"]}}],"collection":[{"href":"https:\/\/www.noidiqua.it\/Montale\/wp-json\/wp\/v2\/posts"}],"about":[{"href":"https:\/\/www.noidiqua.it\/Montale\/wp-json\/wp\/v2\/types\/post"}],"author":[{"embeddable":true,"href":"https:\/\/www.noidiqua.it\/Montale\/wp-json\/wp\/v2\/users\/12"}],"replies":[{"embeddable":true,"href":"https:\/\/www.noidiqua.it\/Montale\/wp-json\/wp\/v2\/comments?post=2857"}],"version-history":[{"count":3,"href":"https:\/\/www.noidiqua.it\/Montale\/wp-json\/wp\/v2\/posts\/2857\/revisions"}],"predecessor-version":[{"id":7574,"href":"https:\/\/www.noidiqua.it\/Montale\/wp-json\/wp\/v2\/posts\/2857\/revisions\/7574"}],"wp:attachment":[{"href":"https:\/\/www.noidiqua.it\/Montale\/wp-json\/wp\/v2\/media?parent=2857"}],"wp:term":[{"taxonomy":"category","embeddable":true,"href":"https:\/\/www.noidiqua.it\/Montale\/wp-json\/wp\/v2\/categories?post=2857"},{"taxonomy":"post_tag","embeddable":true,"href":"https:\/\/www.noidiqua.it\/Montale\/wp-json\/wp\/v2\/tags?post=2857"}],"curies":[{"name":"wp","href":"https:\/\/api.w.org\/{rel}","templated":true}]}}