{"id":2862,"date":"2014-06-12T10:09:41","date_gmt":"2014-06-12T10:09:41","guid":{"rendered":"https:\/\/www.noidiqua.it\/Montale\/?p=2862"},"modified":"2023-01-13T11:48:00","modified_gmt":"2023-01-13T10:48:00","slug":"5-problemi-storici-da-risolvere-per-il-nuovo-sindaco","status":"publish","type":"post","link":"https:\/\/www.noidiqua.it\/Montale\/5-problemi-storici-da-risolvere-per-il-nuovo-sindaco\/","title":{"rendered":"5 problemi \u201cstorici\u201d da risolvere per il nuovo sindaco"},"content":{"rendered":"<p style=\"text-align: justify;\"><em>di Giacomo Bini<\/em><\/p>\n<p style=\"text-align: justify;\"><em>giugno 2014<\/em><\/p>\n<p><a href=\"https:\/\/www.noidiqua.it\/Montale\/wp-content\/uploads\/2014\/06\/problemi-1.png\" rel=\"wp-prettyPhoto[2862]\"><img loading=\"lazy\" decoding=\"async\" class=\"aligncenter size-full wp-image-7581\" src=\"https:\/\/www.noidiqua.it\/Montale\/wp-content\/uploads\/2014\/06\/problemi-1.png\" alt=\"\" width=\"507\" height=\"380\" srcset=\"https:\/\/www.noidiqua.it\/Montale\/wp-content\/uploads\/2014\/06\/problemi-1.png 507w, https:\/\/www.noidiqua.it\/Montale\/wp-content\/uploads\/2014\/06\/problemi-1-300x225.png 300w\" sizes=\"auto, (max-width: 507px) 100vw, 507px\" \/><\/a><\/p>\n<p>Per una comunit\u00e0 l\u2019inizio di una nuova legislatura amministrativa \u00e8 un po\u2019 come il primo giorno di scuola. Zaino e libri nuovi inducano ai buoni propositi. <em>\u00abFaremo di Montale un paese migliore\u00bb<\/em>, ha detto il nuovo sindaco <strong>Ferdinando Betti\u00a0<\/strong>nella sua prima uscita pubblica con la fascia tricolore, al Parco di\u00a0Fognano, in occasione della Festa della Repubblica. E\u2019 dunque il momento migliore per stilare un elenco di alcuni dei principali problemi che la nuova amministrazione sar\u00e0 chiamata, se non a risolvere, almeno ad avviare a soluzione. E per lo pi\u00f9 si tratta di questioni presenti da diversi anni sul tavolo dei sindaci che si sono via succeduti in municipio.<\/p>\n<p>&nbsp;<\/p>\n<p style=\"text-align: justify;\">\n<p style=\"text-align: justify;\">\u00a0<strong>1) Gli allagamenti alla Stazione<\/strong>.<\/p>\n<p style=\"text-align: justify;\">Troppe famiglie della frazione pi\u00f9 popolosa di Montale vivono nella paura ogni volta che piove. Le tavole di legno davanti alle porte per parare l\u2019acqua, i salotti invasi dal fango, auto e mobili rovinati sono immagini viste troppe volte. Dagli studi dei geologi le soluzioni dovrebbero essere due: la cassa di espansione in via Garibaldi per le acque basse (fosso della Badia e dei Mulini), la cassa di espansione a Bulicata per le acque alte, cio\u00e8 per la Bure. La cassa di via Garibaldi si dovrebbe fare, almeno al 60%, in seguito ad un intervento edilizio privato dei proprietari dell\u2019ex BBS inserito in una variante urbanistica promossa dalla giunta Scatragli. La cassa di Bulicata, che dovrebbe essere fatta nel comune di Pistoia, \u00e8 solo sulla carta.<\/p>\n<p style=\"text-align: justify;\"><strong>2) Le scuole con l\u2019amianto<\/strong>.<\/p>\n<p style=\"text-align: justify;\">Le elementari e la materna di Stazione sono da demolire e da rifare. C\u2019\u00e8 un progetto di massima per un nuovo polo scolastico (giunta Razzoli); c\u2019\u00e8 un asilo nido in costruzione e un procedimento avviato di leasing in costruendo (il privato costruisce e il Comune paga una quota annua di riscatto) per una nuova scuola elementare (giunta Scatragli). I bambini di Stazione inizieranno il nuovo anno scolastico in locali inadeguati con pareti e copertura contenenti amianto. E nelle stesse condizioni \u00e8 anche l\u2019edificio del capoluogo che ospita il Centro Culturale Nerucci.<\/p>\n<p><a href=\"https:\/\/www.noidiqua.it\/Montale\/wp-content\/uploads\/2014\/06\/problemi-2.png\" rel=\"wp-prettyPhoto[2862]\"><img loading=\"lazy\" decoding=\"async\" class=\"aligncenter size-full wp-image-7580\" src=\"https:\/\/www.noidiqua.it\/Montale\/wp-content\/uploads\/2014\/06\/problemi-2.png\" alt=\"\" width=\"497\" height=\"325\" srcset=\"https:\/\/www.noidiqua.it\/Montale\/wp-content\/uploads\/2014\/06\/problemi-2.png 497w, https:\/\/www.noidiqua.it\/Montale\/wp-content\/uploads\/2014\/06\/problemi-2-300x196.png 300w\" sizes=\"auto, (max-width: 497px) 100vw, 497px\" \/><\/a><\/p>\n<p style=\"text-align: justify;\">\n<p style=\"text-align: justify;\">\u00a0<strong>3) Le frane in collina.<\/strong><\/p>\n<p style=\"text-align: justify;\">Via Biancalani, la stradina per Striglianella, e via Mazzini, la strada vecchia per Tobbiana, hanno subito ultimamente diversi smottamenti, ma altri punti della collina si sbriciolano. Occorre un piano sistematico di interventi e una fonte certa di finanziamenti che non possono venire solo dal Comune. E\u2019 una sfida difficile per un\u2019amministrazione comunale, che riguarda la manutenzione quotidiana del territorio e coinvolge anche i privati. Sarebbe gi\u00e0 molto vedere uomini e mezzi al lavoro per un\u2019opera preventiva anzich\u00e9 solo per il ripristino di frane gi\u00e0 avvenute.<\/p>\n<p style=\"text-align: justify;\"><strong>4) Il collegamento stradale con l\u2019autostrada.\u00a0<\/strong><\/p>\n<p style=\"text-align: justify;\">E\u2019 quasi deprimente riproporre una richiesta che fu al centro di un convegno nel lontano 1985. Il progetto della cosiddetta nuova tangenziale pratese, come \u00e8 noto, \u00e8 in fase di attuazione da tempo. E\u2019 stato inaugurato il tratto quarratino, ora tocca a quello che interessa Montale, che attende da troppo tempo. Si stanno costruendo i ponti sopra due corsi d\u2019acqua. I lavori, guidati da Prato come Comune capofila, procedono con l\u2019abituale lentezza. Ma ora \u00e8 il momento di accelerare e finire l\u2019opera, altrimenti come si fa a chiedere alle imprese di venire a Montale?<\/p>\n<p><a href=\"https:\/\/www.noidiqua.it\/Montale\/wp-content\/uploads\/2014\/06\/problemi-4.png\" rel=\"wp-prettyPhoto[2862]\"><img loading=\"lazy\" decoding=\"async\" class=\"aligncenter size-full wp-image-7579\" src=\"https:\/\/www.noidiqua.it\/Montale\/wp-content\/uploads\/2014\/06\/problemi-4.png\" alt=\"\" width=\"489\" height=\"367\" srcset=\"https:\/\/www.noidiqua.it\/Montale\/wp-content\/uploads\/2014\/06\/problemi-4.png 489w, https:\/\/www.noidiqua.it\/Montale\/wp-content\/uploads\/2014\/06\/problemi-4-300x225.png 300w\" sizes=\"auto, (max-width: 489px) 100vw, 489px\" \/><\/a><\/p>\n<p style=\"text-align: justify;\"><strong>5) L\u2019inceneritore<\/strong>.<\/p>\n<p style=\"text-align: justify;\">E\u2019 il centro di infinite polemiche da quasi quarant\u2019anni. Per la prima volta nella storia tutti i candidati a sindaco, sia pure con toni e sfumature molto diverse, hanno messo nel programma la dismissione\u00bb dell\u2019impianto. Siccome occorre del tempo per dismettere e magari riconvertire una struttura complessa come quella di via Tobagi, salvaguardando oltretutto l\u2019occupazione, c\u2019\u00e8 da supporre che vengano intanto mossi i primi passi.<\/p>\n<p style=\"text-align: justify;\">L\u2019elenco potrebbe continuare, ma anche cos\u00ec la carne al fuoco \u00e8 gi\u00e0 tanta.<\/p>","protected":false},"excerpt":{"rendered":"<p>di Giacomo Bini giugno 2014 Per una comunit\u00e0 l\u2019inizio di una nuova legislatura amministrativa \u00e8 un po\u2019 come il primo giorno di scuola. Zaino e libri nuovi inducano ai buoni propositi. \u00abFaremo di Montale un paese migliore\u00bb, ha detto il nuovo sindaco Ferdinando Betti\u00a0nella sua prima uscita pubblica con la fascia tricolore, al Parco [&hellip;]<\/p>","protected":false},"author":12,"featured_media":0,"comment_status":"open","ping_status":"open","sticky":false,"template":"","format":"standard","meta":{"footnotes":""},"categories":[31,7],"tags":[91,995,109,113,114,126],"class_list":["post-2862","post","type-post","status-publish","format-standard","hentry","category-storia-qt","category-mt","tag-il-montalese","tag-mt","tag-montalese","tag-noidiqua","tag-noidiqua-il-montalese","tag-redazionale"],"yoast_head":"<!-- This site is optimized with the Yoast SEO plugin v25.5 - https:\/\/yoast.com\/wordpress\/plugins\/seo\/ -->\n<title>5 problemi \u201cstorici\u201d da risolvere per il nuovo sindaco - Noi di Qua Testata giornalistica e di attualit\u00e0 di Agliana, Montale e Quarrata.<\/title>\n<meta name=\"robots\" content=\"index, follow, max-snippet:-1, max-image-preview:large, max-video-preview:-1\" \/>\n<link rel=\"canonical\" href=\"https:\/\/www.noidiqua.it\/Montale\/5-problemi-storici-da-risolvere-per-il-nuovo-sindaco\/\" \/>\n<meta property=\"og:locale\" content=\"it_IT\" \/>\n<meta property=\"og:type\" content=\"article\" \/>\n<meta property=\"og:title\" content=\"5 problemi \u201cstorici\u201d da risolvere per il nuovo sindaco - Noi di Qua Testata giornalistica e di attualit\u00e0 di Agliana, Montale e Quarrata.\" \/>\n<meta property=\"og:description\" content=\"di Giacomo Bini giugno 2014 Per una comunit\u00e0 l\u2019inizio di una nuova legislatura amministrativa \u00e8 un po\u2019 come il primo giorno di scuola. Zaino e libri nuovi inducano ai buoni propositi. \u00abFaremo di Montale un paese migliore\u00bb, ha detto il nuovo sindaco Ferdinando Betti\u00a0nella sua prima uscita pubblica con la fascia tricolore, al Parco [&hellip;]\" \/>\n<meta property=\"og:url\" content=\"https:\/\/www.noidiqua.it\/Montale\/5-problemi-storici-da-risolvere-per-il-nuovo-sindaco\/\" \/>\n<meta property=\"og:site_name\" content=\"Noi di Qua Testata giornalistica e di attualit\u00e0 di Agliana, Montale e Quarrata.\" \/>\n<meta property=\"article:publisher\" content=\"https:\/\/www.facebook.com\/noidiqua.trimestrale\/\" \/>\n<meta property=\"article:published_time\" content=\"2014-06-12T10:09:41+00:00\" \/>\n<meta property=\"article:modified_time\" content=\"2023-01-13T10:48:00+00:00\" \/>\n<meta property=\"og:image\" content=\"https:\/\/www.noidiqua.it\/Montale\/wp-content\/uploads\/2014\/06\/problemi-1.png\" \/>\n<meta name=\"author\" content=\"Giacomo Bini\" \/>\n<meta name=\"twitter:label1\" content=\"Scritto da\" \/>\n\t<meta name=\"twitter:data1\" content=\"Giacomo Bini\" \/>\n\t<meta name=\"twitter:label2\" content=\"Tempo di lettura stimato\" \/>\n\t<meta name=\"twitter:data2\" content=\"4 minuti\" \/>\n<script type=\"application\/ld+json\" class=\"yoast-schema-graph\">{\"@context\":\"https:\/\/schema.org\",\"@graph\":[{\"@type\":\"WebPage\",\"@id\":\"https:\/\/www.noidiqua.it\/Montale\/5-problemi-storici-da-risolvere-per-il-nuovo-sindaco\/\",\"url\":\"https:\/\/www.noidiqua.it\/Montale\/5-problemi-storici-da-risolvere-per-il-nuovo-sindaco\/\",\"name\":\"5 problemi \u201cstorici\u201d da risolvere per il nuovo sindaco - Noi di Qua Testata giornalistica e di attualit\u00e0 di Agliana, Montale e Quarrata.\",\"isPartOf\":{\"@id\":\"https:\/\/www.noidiqua.it\/Montale\/#website\"},\"primaryImageOfPage\":{\"@id\":\"https:\/\/www.noidiqua.it\/Montale\/5-problemi-storici-da-risolvere-per-il-nuovo-sindaco\/#primaryimage\"},\"image\":{\"@id\":\"https:\/\/www.noidiqua.it\/Montale\/5-problemi-storici-da-risolvere-per-il-nuovo-sindaco\/#primaryimage\"},\"thumbnailUrl\":\"https:\/\/www.noidiqua.it\/Montale\/wp-content\/uploads\/2014\/06\/problemi-1.png\",\"datePublished\":\"2014-06-12T10:09:41+00:00\",\"dateModified\":\"2023-01-13T10:48:00+00:00\",\"author\":{\"@id\":\"https:\/\/www.noidiqua.it\/Montale\/#\/schema\/person\/e2e6f44da50af0dae9c90ad168e471a4\"},\"breadcrumb\":{\"@id\":\"https:\/\/www.noidiqua.it\/Montale\/5-problemi-storici-da-risolvere-per-il-nuovo-sindaco\/#breadcrumb\"},\"inLanguage\":\"it-IT\",\"potentialAction\":[{\"@type\":\"ReadAction\",\"target\":[\"https:\/\/www.noidiqua.it\/Montale\/5-problemi-storici-da-risolvere-per-il-nuovo-sindaco\/\"]}]},{\"@type\":\"ImageObject\",\"inLanguage\":\"it-IT\",\"@id\":\"https:\/\/www.noidiqua.it\/Montale\/5-problemi-storici-da-risolvere-per-il-nuovo-sindaco\/#primaryimage\",\"url\":\"https:\/\/www.noidiqua.it\/Montale\/wp-content\/uploads\/2014\/06\/problemi-1.png\",\"contentUrl\":\"https:\/\/www.noidiqua.it\/Montale\/wp-content\/uploads\/2014\/06\/problemi-1.png\",\"width\":507,\"height\":380},{\"@type\":\"BreadcrumbList\",\"@id\":\"https:\/\/www.noidiqua.it\/Montale\/5-problemi-storici-da-risolvere-per-il-nuovo-sindaco\/#breadcrumb\",\"itemListElement\":[{\"@type\":\"ListItem\",\"position\":1,\"name\":\"Home\",\"item\":\"https:\/\/www.noidiqua.it\/Montale\/\"},{\"@type\":\"ListItem\",\"position\":2,\"name\":\"5 problemi \u201cstorici\u201d da risolvere per il nuovo sindaco\"}]},{\"@type\":\"WebSite\",\"@id\":\"https:\/\/www.noidiqua.it\/Montale\/#website\",\"url\":\"https:\/\/www.noidiqua.it\/Montale\/\",\"name\":\"Noi di Qua Testata giornalistica e di attualit\u00e0 di Agliana, Montale e Quarrata.\",\"description\":\"Testata Giornalistica Quarrata Montale Agliana\",\"potentialAction\":[{\"@type\":\"SearchAction\",\"target\":{\"@type\":\"EntryPoint\",\"urlTemplate\":\"https:\/\/www.noidiqua.it\/Montale\/?s={search_term_string}\"},\"query-input\":{\"@type\":\"PropertyValueSpecification\",\"valueRequired\":true,\"valueName\":\"search_term_string\"}}],\"inLanguage\":\"it-IT\"},{\"@type\":\"Person\",\"@id\":\"https:\/\/www.noidiqua.it\/Montale\/#\/schema\/person\/e2e6f44da50af0dae9c90ad168e471a4\",\"name\":\"Giacomo Bini\",\"image\":{\"@type\":\"ImageObject\",\"inLanguage\":\"it-IT\",\"@id\":\"https:\/\/www.noidiqua.it\/Montale\/#\/schema\/person\/image\/\",\"url\":\"https:\/\/secure.gravatar.com\/avatar\/e5c18ae41df5ae37397358f2c6046696187d51a120c5d0b8f0c49f7b606f46f4?s=96&d=mm&r=g\",\"contentUrl\":\"https:\/\/secure.gravatar.com\/avatar\/e5c18ae41df5ae37397358f2c6046696187d51a120c5d0b8f0c49f7b606f46f4?s=96&d=mm&r=g\",\"caption\":\"Giacomo Bini\"},\"url\":\"https:\/\/www.noidiqua.it\/Montale\/author\/giacomo-bini\/\"}]}<\/script>\n<!-- \/ Yoast SEO plugin. -->","yoast_head_json":{"title":"5 problemi \u201cstorici\u201d da risolvere per il nuovo sindaco - Noi di Qua Testata giornalistica e di attualit\u00e0 di Agliana, Montale e Quarrata.","robots":{"index":"index","follow":"follow","max-snippet":"max-snippet:-1","max-image-preview":"max-image-preview:large","max-video-preview":"max-video-preview:-1"},"canonical":"https:\/\/www.noidiqua.it\/Montale\/5-problemi-storici-da-risolvere-per-il-nuovo-sindaco\/","og_locale":"it_IT","og_type":"article","og_title":"5 problemi \u201cstorici\u201d da risolvere per il nuovo sindaco - Noi di Qua Testata giornalistica e di attualit\u00e0 di Agliana, Montale e Quarrata.","og_description":"di Giacomo Bini giugno 2014 Per una comunit\u00e0 l\u2019inizio di una nuova legislatura amministrativa \u00e8 un po\u2019 come il primo giorno di scuola. Zaino e libri nuovi inducano ai buoni propositi. \u00abFaremo di Montale un paese migliore\u00bb, ha detto il nuovo sindaco Ferdinando Betti\u00a0nella sua prima uscita pubblica con la fascia tricolore, al Parco [&hellip;]","og_url":"https:\/\/www.noidiqua.it\/Montale\/5-problemi-storici-da-risolvere-per-il-nuovo-sindaco\/","og_site_name":"Noi di Qua Testata giornalistica e di attualit\u00e0 di Agliana, Montale e Quarrata.","article_publisher":"https:\/\/www.facebook.com\/noidiqua.trimestrale\/","article_published_time":"2014-06-12T10:09:41+00:00","article_modified_time":"2023-01-13T10:48:00+00:00","og_image":[{"url":"https:\/\/www.noidiqua.it\/Montale\/wp-content\/uploads\/2014\/06\/problemi-1.png","type":"","width":"","height":""}],"author":"Giacomo Bini","twitter_misc":{"Scritto da":"Giacomo Bini","Tempo di lettura stimato":"4 minuti"},"schema":{"@context":"https:\/\/schema.org","@graph":[{"@type":"WebPage","@id":"https:\/\/www.noidiqua.it\/Montale\/5-problemi-storici-da-risolvere-per-il-nuovo-sindaco\/","url":"https:\/\/www.noidiqua.it\/Montale\/5-problemi-storici-da-risolvere-per-il-nuovo-sindaco\/","name":"5 problemi \u201cstorici\u201d da risolvere per il nuovo sindaco - Noi di Qua Testata giornalistica e di attualit\u00e0 di Agliana, Montale e Quarrata.","isPartOf":{"@id":"https:\/\/www.noidiqua.it\/Montale\/#website"},"primaryImageOfPage":{"@id":"https:\/\/www.noidiqua.it\/Montale\/5-problemi-storici-da-risolvere-per-il-nuovo-sindaco\/#primaryimage"},"image":{"@id":"https:\/\/www.noidiqua.it\/Montale\/5-problemi-storici-da-risolvere-per-il-nuovo-sindaco\/#primaryimage"},"thumbnailUrl":"https:\/\/www.noidiqua.it\/Montale\/wp-content\/uploads\/2014\/06\/problemi-1.png","datePublished":"2014-06-12T10:09:41+00:00","dateModified":"2023-01-13T10:48:00+00:00","author":{"@id":"https:\/\/www.noidiqua.it\/Montale\/#\/schema\/person\/e2e6f44da50af0dae9c90ad168e471a4"},"breadcrumb":{"@id":"https:\/\/www.noidiqua.it\/Montale\/5-problemi-storici-da-risolvere-per-il-nuovo-sindaco\/#breadcrumb"},"inLanguage":"it-IT","potentialAction":[{"@type":"ReadAction","target":["https:\/\/www.noidiqua.it\/Montale\/5-problemi-storici-da-risolvere-per-il-nuovo-sindaco\/"]}]},{"@type":"ImageObject","inLanguage":"it-IT","@id":"https:\/\/www.noidiqua.it\/Montale\/5-problemi-storici-da-risolvere-per-il-nuovo-sindaco\/#primaryimage","url":"https:\/\/www.noidiqua.it\/Montale\/wp-content\/uploads\/2014\/06\/problemi-1.png","contentUrl":"https:\/\/www.noidiqua.it\/Montale\/wp-content\/uploads\/2014\/06\/problemi-1.png","width":507,"height":380},{"@type":"BreadcrumbList","@id":"https:\/\/www.noidiqua.it\/Montale\/5-problemi-storici-da-risolvere-per-il-nuovo-sindaco\/#breadcrumb","itemListElement":[{"@type":"ListItem","position":1,"name":"Home","item":"https:\/\/www.noidiqua.it\/Montale\/"},{"@type":"ListItem","position":2,"name":"5 problemi \u201cstorici\u201d da risolvere per il nuovo sindaco"}]},{"@type":"WebSite","@id":"https:\/\/www.noidiqua.it\/Montale\/#website","url":"https:\/\/www.noidiqua.it\/Montale\/","name":"Noi di Qua Testata giornalistica e di attualit\u00e0 di Agliana, Montale e Quarrata.","description":"Testata Giornalistica Quarrata Montale Agliana","potentialAction":[{"@type":"SearchAction","target":{"@type":"EntryPoint","urlTemplate":"https:\/\/www.noidiqua.it\/Montale\/?s={search_term_string}"},"query-input":{"@type":"PropertyValueSpecification","valueRequired":true,"valueName":"search_term_string"}}],"inLanguage":"it-IT"},{"@type":"Person","@id":"https:\/\/www.noidiqua.it\/Montale\/#\/schema\/person\/e2e6f44da50af0dae9c90ad168e471a4","name":"Giacomo Bini","image":{"@type":"ImageObject","inLanguage":"it-IT","@id":"https:\/\/www.noidiqua.it\/Montale\/#\/schema\/person\/image\/","url":"https:\/\/secure.gravatar.com\/avatar\/e5c18ae41df5ae37397358f2c6046696187d51a120c5d0b8f0c49f7b606f46f4?s=96&d=mm&r=g","contentUrl":"https:\/\/secure.gravatar.com\/avatar\/e5c18ae41df5ae37397358f2c6046696187d51a120c5d0b8f0c49f7b606f46f4?s=96&d=mm&r=g","caption":"Giacomo Bini"},"url":"https:\/\/www.noidiqua.it\/Montale\/author\/giacomo-bini\/"}]}},"_links":{"self":[{"href":"https:\/\/www.noidiqua.it\/Montale\/wp-json\/wp\/v2\/posts\/2862","targetHints":{"allow":["GET"]}}],"collection":[{"href":"https:\/\/www.noidiqua.it\/Montale\/wp-json\/wp\/v2\/posts"}],"about":[{"href":"https:\/\/www.noidiqua.it\/Montale\/wp-json\/wp\/v2\/types\/post"}],"author":[{"embeddable":true,"href":"https:\/\/www.noidiqua.it\/Montale\/wp-json\/wp\/v2\/users\/12"}],"replies":[{"embeddable":true,"href":"https:\/\/www.noidiqua.it\/Montale\/wp-json\/wp\/v2\/comments?post=2862"}],"version-history":[{"count":5,"href":"https:\/\/www.noidiqua.it\/Montale\/wp-json\/wp\/v2\/posts\/2862\/revisions"}],"predecessor-version":[{"id":7582,"href":"https:\/\/www.noidiqua.it\/Montale\/wp-json\/wp\/v2\/posts\/2862\/revisions\/7582"}],"wp:attachment":[{"href":"https:\/\/www.noidiqua.it\/Montale\/wp-json\/wp\/v2\/media?parent=2862"}],"wp:term":[{"taxonomy":"category","embeddable":true,"href":"https:\/\/www.noidiqua.it\/Montale\/wp-json\/wp\/v2\/categories?post=2862"},{"taxonomy":"post_tag","embeddable":true,"href":"https:\/\/www.noidiqua.it\/Montale\/wp-json\/wp\/v2\/tags?post=2862"}],"curies":[{"name":"wp","href":"https:\/\/api.w.org\/{rel}","templated":true}]}}