{"id":2871,"date":"2014-06-12T10:24:52","date_gmt":"2014-06-12T10:24:52","guid":{"rendered":"https:\/\/www.noidiqua.it\/Montale\/?p=2871"},"modified":"2023-01-13T11:50:53","modified_gmt":"2023-01-13T10:50:53","slug":"restaurato-tabernacolo-delle-fonti-di-tobbiana","status":"publish","type":"post","link":"https:\/\/www.noidiqua.it\/Montale\/restaurato-tabernacolo-delle-fonti-di-tobbiana\/","title":{"rendered":"Restaurato Tabernacolo delle Fonti a Tobbiana"},"content":{"rendered":"<p><em>di Giacomo Bini<\/em><\/p>\n<p><em>giugno 2014<\/em><\/p>\n<p><a href=\"https:\/\/www.noidiqua.it\/Montale\/wp-content\/uploads\/2014\/06\/tabernacolo-fonti.png\" rel=\"wp-prettyPhoto[2871]\"><img loading=\"lazy\" decoding=\"async\" class=\"aligncenter  wp-image-7583\" src=\"https:\/\/www.noidiqua.it\/Montale\/wp-content\/uploads\/2014\/06\/tabernacolo-fonti.png\" alt=\"\" width=\"357\" height=\"302\" srcset=\"https:\/\/www.noidiqua.it\/Montale\/wp-content\/uploads\/2014\/06\/tabernacolo-fonti.png 366w, https:\/\/www.noidiqua.it\/Montale\/wp-content\/uploads\/2014\/06\/tabernacolo-fonti-300x254.png 300w\" sizes=\"auto, (max-width: 357px) 100vw, 357px\" \/><\/a><\/p>\n<p style=\"text-align: justify;\">Un altro tabernacolo \u00e8 stato restaurato, quello delle <strong>Fonti<\/strong> a <strong>Tobbiana<\/strong> per iniziativa della <strong>Pro-Loco<\/strong> del paese. Il tabernacolo, andato distrutto durante una frana avvenuta nel 1998, \u00e8 stato completamente e fedelmente ricostruito sia nella parte muraria che nell\u2019immagine sacra raffigurante la madonna del Rosario. Si tratta di una dei tabernacoli pi\u00f9 importanti della zona soprattutto per la posizione, nel cuore del paese, proprio all\u2019inizio della strada di <strong>San Poteto<\/strong> che era percorsa nelle tradizionali Rogazioni dell\u2019Ascensione e accanto ad una antica fonte pubblica, preziosissima per la popolazione, di cui rimane testimonianza dall\u2019inizio dell\u2019ottocento. Per volont\u00e0 della Pro-Loco e l\u2019impegno di diversi cittadini, il tabernacolo \u00e8 ritornato a svolgere il suo ruolo di testimonianza della religiosit\u00e0 popolare. Su progetto dell\u2019architetto <strong>Silvia Nesi<\/strong>, le opere sono state eseguite dalla ditta di Marco Bianchi, mentre l\u2019immagine della Madonna, originariamente prodotto della <strong>Manifattura Ginori<\/strong> e andata perduta in seguito alla frana, \u00e8 stata sostituita da una copia identica realizzata, sulla base di foto del tabernacolo antico, dal laboratorio di <strong>ceramica Agostinelli<\/strong>, di<strong> Olmi &#8211; Quarrata<\/strong>.<\/p>\n<p style=\"text-align: justify;\">Le notizie storiche sul tabernacolo si devono ad <strong>Andrea Bolognesi<\/strong> e le foto ad<strong> Alfo Signorini<\/strong>, curatori di un prezioso volume sui tabernacoli e la religiosit\u00e0 popolare a <strong>Montale<\/strong>. Ecco le parole con cui lo studioso di storia locale Andrea Bolognesi ha commentato il restauro: <em>\u00abRestaurare un tabernacolo \u00e8 certo un fatto importante, ma ricostruirlo assume un valore ancora pi\u00f9 significativo, in quanto testimonia la ferma volont\u00e0 da parte di una comunit\u00e0 di voler mantenere a ogni costo le testimonianze della propria storia, oltre che riaffermare la sacralit\u00e0 del luogo. E\u2019 questo il caso del tabernacolo de \u201cLe Fonti\u201d che, per volont\u00e0 della Pro Loco Tobbiana e con l\u2019impegno di alcuni abitanti del paese, \u00e8 stato restituito all\u2019ammirazione e alla devozione del popolo\u00bb<\/em>. Bolognesi ricorda che <em>\u00abnelle immediate vicinanze vi era anche un altro bel tabernacolo che sovrastava tre fontane e dava il nome alla piazzetta, e che fu sconsideratamente distrutto negli anni sessanta del secolo scorso\u00bb<\/em>. L\u2019esistenza di una fonte in questo luogo \u00e8 gi\u00e0 testimoniata all\u2019inizio del XIX secolo col nome di \u201cFonte pubblica di Tobbiana\u201d: <em>\u00abQuesta fonte ha il suo deposito, un lavatoio e una cannella, presso il viottolo di Picchioni, di poi mediante un condotto, la stessa acqua scende pi\u00f9 abbasso presso la strada di Tobbiana, dove sono due cannelle e un altro lavatoio. Un tabernacolo significativo, dunque, collocato su un crocevia importante, a protezione di un bene fondamentale come \u00e8 l\u2019acqua, e non a caso dedicato alla Madonna del Rosario il cui culto \u00e8 quello pi\u00f9 diffuso nel paese di Tobbiana\u00bb<\/em>.<\/p>","protected":false},"excerpt":{"rendered":"<p>di Giacomo Bini giugno 2014 Un altro tabernacolo \u00e8 stato restaurato, quello delle Fonti a Tobbiana per iniziativa della Pro-Loco del paese. Il tabernacolo, andato distrutto durante una frana avvenuta nel 1998, \u00e8 stato completamente e fedelmente ricostruito sia nella parte muraria che nell\u2019immagine sacra raffigurante la madonna del Rosario. Si tratta di una [&hellip;]<\/p>","protected":false},"author":12,"featured_media":0,"comment_status":"open","ping_status":"open","sticky":false,"template":"","format":"standard","meta":{"footnotes":""},"categories":[7,18],"tags":[91,995,109,113,114,154,155],"class_list":["post-2871","post","type-post","status-publish","format-standard","hentry","category-mt","category-territorio-qt","tag-il-montalese","tag-mt","tag-montalese","tag-noidiqua","tag-noidiqua-il-montalese","tag-territorio","tag-tobbiana"],"yoast_head":"<!-- This site is optimized with the Yoast SEO plugin v25.5 - https:\/\/yoast.com\/wordpress\/plugins\/seo\/ -->\n<title>Restaurato Tabernacolo delle Fonti a Tobbiana - Noi di Qua Testata giornalistica e di attualit\u00e0 di Agliana, Montale e Quarrata.<\/title>\n<meta name=\"robots\" content=\"index, follow, max-snippet:-1, max-image-preview:large, max-video-preview:-1\" \/>\n<link rel=\"canonical\" href=\"https:\/\/www.noidiqua.it\/Montale\/restaurato-tabernacolo-delle-fonti-di-tobbiana\/\" \/>\n<meta property=\"og:locale\" content=\"it_IT\" \/>\n<meta property=\"og:type\" content=\"article\" \/>\n<meta property=\"og:title\" content=\"Restaurato Tabernacolo delle Fonti a Tobbiana - Noi di Qua Testata giornalistica e di attualit\u00e0 di Agliana, Montale e Quarrata.\" \/>\n<meta property=\"og:description\" content=\"di Giacomo Bini giugno 2014 Un altro tabernacolo \u00e8 stato restaurato, quello delle Fonti a Tobbiana per iniziativa della Pro-Loco del paese. Il tabernacolo, andato distrutto durante una frana avvenuta nel 1998, \u00e8 stato completamente e fedelmente ricostruito sia nella parte muraria che nell\u2019immagine sacra raffigurante la madonna del Rosario. Si tratta di una [&hellip;]\" \/>\n<meta property=\"og:url\" content=\"https:\/\/www.noidiqua.it\/Montale\/restaurato-tabernacolo-delle-fonti-di-tobbiana\/\" \/>\n<meta property=\"og:site_name\" content=\"Noi di Qua Testata giornalistica e di attualit\u00e0 di Agliana, Montale e Quarrata.\" \/>\n<meta property=\"article:publisher\" content=\"https:\/\/www.facebook.com\/noidiqua.trimestrale\/\" \/>\n<meta property=\"article:published_time\" content=\"2014-06-12T10:24:52+00:00\" \/>\n<meta property=\"article:modified_time\" content=\"2023-01-13T10:50:53+00:00\" \/>\n<meta property=\"og:image\" content=\"https:\/\/www.noidiqua.it\/Montale\/wp-content\/uploads\/2014\/06\/tabernacolo-fonti.png\" \/>\n<meta name=\"author\" content=\"Giacomo Bini\" \/>\n<meta name=\"twitter:label1\" content=\"Scritto da\" \/>\n\t<meta name=\"twitter:data1\" content=\"Giacomo Bini\" \/>\n\t<meta name=\"twitter:label2\" content=\"Tempo di lettura stimato\" \/>\n\t<meta name=\"twitter:data2\" content=\"3 minuti\" \/>\n<script type=\"application\/ld+json\" class=\"yoast-schema-graph\">{\"@context\":\"https:\/\/schema.org\",\"@graph\":[{\"@type\":\"WebPage\",\"@id\":\"https:\/\/www.noidiqua.it\/Montale\/restaurato-tabernacolo-delle-fonti-di-tobbiana\/\",\"url\":\"https:\/\/www.noidiqua.it\/Montale\/restaurato-tabernacolo-delle-fonti-di-tobbiana\/\",\"name\":\"Restaurato Tabernacolo delle Fonti a Tobbiana - Noi di Qua Testata giornalistica e di attualit\u00e0 di Agliana, Montale e Quarrata.\",\"isPartOf\":{\"@id\":\"https:\/\/www.noidiqua.it\/Montale\/#website\"},\"primaryImageOfPage\":{\"@id\":\"https:\/\/www.noidiqua.it\/Montale\/restaurato-tabernacolo-delle-fonti-di-tobbiana\/#primaryimage\"},\"image\":{\"@id\":\"https:\/\/www.noidiqua.it\/Montale\/restaurato-tabernacolo-delle-fonti-di-tobbiana\/#primaryimage\"},\"thumbnailUrl\":\"https:\/\/www.noidiqua.it\/Montale\/wp-content\/uploads\/2014\/06\/tabernacolo-fonti.png\",\"datePublished\":\"2014-06-12T10:24:52+00:00\",\"dateModified\":\"2023-01-13T10:50:53+00:00\",\"author\":{\"@id\":\"https:\/\/www.noidiqua.it\/Montale\/#\/schema\/person\/e2e6f44da50af0dae9c90ad168e471a4\"},\"breadcrumb\":{\"@id\":\"https:\/\/www.noidiqua.it\/Montale\/restaurato-tabernacolo-delle-fonti-di-tobbiana\/#breadcrumb\"},\"inLanguage\":\"it-IT\",\"potentialAction\":[{\"@type\":\"ReadAction\",\"target\":[\"https:\/\/www.noidiqua.it\/Montale\/restaurato-tabernacolo-delle-fonti-di-tobbiana\/\"]}]},{\"@type\":\"ImageObject\",\"inLanguage\":\"it-IT\",\"@id\":\"https:\/\/www.noidiqua.it\/Montale\/restaurato-tabernacolo-delle-fonti-di-tobbiana\/#primaryimage\",\"url\":\"https:\/\/www.noidiqua.it\/Montale\/wp-content\/uploads\/2014\/06\/tabernacolo-fonti.png\",\"contentUrl\":\"https:\/\/www.noidiqua.it\/Montale\/wp-content\/uploads\/2014\/06\/tabernacolo-fonti.png\",\"width\":366,\"height\":310},{\"@type\":\"BreadcrumbList\",\"@id\":\"https:\/\/www.noidiqua.it\/Montale\/restaurato-tabernacolo-delle-fonti-di-tobbiana\/#breadcrumb\",\"itemListElement\":[{\"@type\":\"ListItem\",\"position\":1,\"name\":\"Home\",\"item\":\"https:\/\/www.noidiqua.it\/Montale\/\"},{\"@type\":\"ListItem\",\"position\":2,\"name\":\"Restaurato Tabernacolo delle Fonti a Tobbiana\"}]},{\"@type\":\"WebSite\",\"@id\":\"https:\/\/www.noidiqua.it\/Montale\/#website\",\"url\":\"https:\/\/www.noidiqua.it\/Montale\/\",\"name\":\"Noi di Qua Testata giornalistica e di attualit\u00e0 di Agliana, Montale e Quarrata.\",\"description\":\"Testata Giornalistica Quarrata Montale Agliana\",\"potentialAction\":[{\"@type\":\"SearchAction\",\"target\":{\"@type\":\"EntryPoint\",\"urlTemplate\":\"https:\/\/www.noidiqua.it\/Montale\/?s={search_term_string}\"},\"query-input\":{\"@type\":\"PropertyValueSpecification\",\"valueRequired\":true,\"valueName\":\"search_term_string\"}}],\"inLanguage\":\"it-IT\"},{\"@type\":\"Person\",\"@id\":\"https:\/\/www.noidiqua.it\/Montale\/#\/schema\/person\/e2e6f44da50af0dae9c90ad168e471a4\",\"name\":\"Giacomo Bini\",\"image\":{\"@type\":\"ImageObject\",\"inLanguage\":\"it-IT\",\"@id\":\"https:\/\/www.noidiqua.it\/Montale\/#\/schema\/person\/image\/\",\"url\":\"https:\/\/secure.gravatar.com\/avatar\/e5c18ae41df5ae37397358f2c6046696187d51a120c5d0b8f0c49f7b606f46f4?s=96&d=mm&r=g\",\"contentUrl\":\"https:\/\/secure.gravatar.com\/avatar\/e5c18ae41df5ae37397358f2c6046696187d51a120c5d0b8f0c49f7b606f46f4?s=96&d=mm&r=g\",\"caption\":\"Giacomo Bini\"},\"url\":\"https:\/\/www.noidiqua.it\/Montale\/author\/giacomo-bini\/\"}]}<\/script>\n<!-- \/ Yoast SEO plugin. -->","yoast_head_json":{"title":"Restaurato Tabernacolo delle Fonti a Tobbiana - Noi di Qua Testata giornalistica e di attualit\u00e0 di Agliana, Montale e Quarrata.","robots":{"index":"index","follow":"follow","max-snippet":"max-snippet:-1","max-image-preview":"max-image-preview:large","max-video-preview":"max-video-preview:-1"},"canonical":"https:\/\/www.noidiqua.it\/Montale\/restaurato-tabernacolo-delle-fonti-di-tobbiana\/","og_locale":"it_IT","og_type":"article","og_title":"Restaurato Tabernacolo delle Fonti a Tobbiana - Noi di Qua Testata giornalistica e di attualit\u00e0 di Agliana, Montale e Quarrata.","og_description":"di Giacomo Bini giugno 2014 Un altro tabernacolo \u00e8 stato restaurato, quello delle Fonti a Tobbiana per iniziativa della Pro-Loco del paese. Il tabernacolo, andato distrutto durante una frana avvenuta nel 1998, \u00e8 stato completamente e fedelmente ricostruito sia nella parte muraria che nell\u2019immagine sacra raffigurante la madonna del Rosario. Si tratta di una [&hellip;]","og_url":"https:\/\/www.noidiqua.it\/Montale\/restaurato-tabernacolo-delle-fonti-di-tobbiana\/","og_site_name":"Noi di Qua Testata giornalistica e di attualit\u00e0 di Agliana, Montale e Quarrata.","article_publisher":"https:\/\/www.facebook.com\/noidiqua.trimestrale\/","article_published_time":"2014-06-12T10:24:52+00:00","article_modified_time":"2023-01-13T10:50:53+00:00","og_image":[{"url":"https:\/\/www.noidiqua.it\/Montale\/wp-content\/uploads\/2014\/06\/tabernacolo-fonti.png","type":"","width":"","height":""}],"author":"Giacomo Bini","twitter_misc":{"Scritto da":"Giacomo Bini","Tempo di lettura stimato":"3 minuti"},"schema":{"@context":"https:\/\/schema.org","@graph":[{"@type":"WebPage","@id":"https:\/\/www.noidiqua.it\/Montale\/restaurato-tabernacolo-delle-fonti-di-tobbiana\/","url":"https:\/\/www.noidiqua.it\/Montale\/restaurato-tabernacolo-delle-fonti-di-tobbiana\/","name":"Restaurato Tabernacolo delle Fonti a Tobbiana - Noi di Qua Testata giornalistica e di attualit\u00e0 di Agliana, Montale e Quarrata.","isPartOf":{"@id":"https:\/\/www.noidiqua.it\/Montale\/#website"},"primaryImageOfPage":{"@id":"https:\/\/www.noidiqua.it\/Montale\/restaurato-tabernacolo-delle-fonti-di-tobbiana\/#primaryimage"},"image":{"@id":"https:\/\/www.noidiqua.it\/Montale\/restaurato-tabernacolo-delle-fonti-di-tobbiana\/#primaryimage"},"thumbnailUrl":"https:\/\/www.noidiqua.it\/Montale\/wp-content\/uploads\/2014\/06\/tabernacolo-fonti.png","datePublished":"2014-06-12T10:24:52+00:00","dateModified":"2023-01-13T10:50:53+00:00","author":{"@id":"https:\/\/www.noidiqua.it\/Montale\/#\/schema\/person\/e2e6f44da50af0dae9c90ad168e471a4"},"breadcrumb":{"@id":"https:\/\/www.noidiqua.it\/Montale\/restaurato-tabernacolo-delle-fonti-di-tobbiana\/#breadcrumb"},"inLanguage":"it-IT","potentialAction":[{"@type":"ReadAction","target":["https:\/\/www.noidiqua.it\/Montale\/restaurato-tabernacolo-delle-fonti-di-tobbiana\/"]}]},{"@type":"ImageObject","inLanguage":"it-IT","@id":"https:\/\/www.noidiqua.it\/Montale\/restaurato-tabernacolo-delle-fonti-di-tobbiana\/#primaryimage","url":"https:\/\/www.noidiqua.it\/Montale\/wp-content\/uploads\/2014\/06\/tabernacolo-fonti.png","contentUrl":"https:\/\/www.noidiqua.it\/Montale\/wp-content\/uploads\/2014\/06\/tabernacolo-fonti.png","width":366,"height":310},{"@type":"BreadcrumbList","@id":"https:\/\/www.noidiqua.it\/Montale\/restaurato-tabernacolo-delle-fonti-di-tobbiana\/#breadcrumb","itemListElement":[{"@type":"ListItem","position":1,"name":"Home","item":"https:\/\/www.noidiqua.it\/Montale\/"},{"@type":"ListItem","position":2,"name":"Restaurato Tabernacolo delle Fonti a Tobbiana"}]},{"@type":"WebSite","@id":"https:\/\/www.noidiqua.it\/Montale\/#website","url":"https:\/\/www.noidiqua.it\/Montale\/","name":"Noi di Qua Testata giornalistica e di attualit\u00e0 di Agliana, Montale e Quarrata.","description":"Testata Giornalistica Quarrata Montale Agliana","potentialAction":[{"@type":"SearchAction","target":{"@type":"EntryPoint","urlTemplate":"https:\/\/www.noidiqua.it\/Montale\/?s={search_term_string}"},"query-input":{"@type":"PropertyValueSpecification","valueRequired":true,"valueName":"search_term_string"}}],"inLanguage":"it-IT"},{"@type":"Person","@id":"https:\/\/www.noidiqua.it\/Montale\/#\/schema\/person\/e2e6f44da50af0dae9c90ad168e471a4","name":"Giacomo Bini","image":{"@type":"ImageObject","inLanguage":"it-IT","@id":"https:\/\/www.noidiqua.it\/Montale\/#\/schema\/person\/image\/","url":"https:\/\/secure.gravatar.com\/avatar\/e5c18ae41df5ae37397358f2c6046696187d51a120c5d0b8f0c49f7b606f46f4?s=96&d=mm&r=g","contentUrl":"https:\/\/secure.gravatar.com\/avatar\/e5c18ae41df5ae37397358f2c6046696187d51a120c5d0b8f0c49f7b606f46f4?s=96&d=mm&r=g","caption":"Giacomo Bini"},"url":"https:\/\/www.noidiqua.it\/Montale\/author\/giacomo-bini\/"}]}},"_links":{"self":[{"href":"https:\/\/www.noidiqua.it\/Montale\/wp-json\/wp\/v2\/posts\/2871","targetHints":{"allow":["GET"]}}],"collection":[{"href":"https:\/\/www.noidiqua.it\/Montale\/wp-json\/wp\/v2\/posts"}],"about":[{"href":"https:\/\/www.noidiqua.it\/Montale\/wp-json\/wp\/v2\/types\/post"}],"author":[{"embeddable":true,"href":"https:\/\/www.noidiqua.it\/Montale\/wp-json\/wp\/v2\/users\/12"}],"replies":[{"embeddable":true,"href":"https:\/\/www.noidiqua.it\/Montale\/wp-json\/wp\/v2\/comments?post=2871"}],"version-history":[{"count":3,"href":"https:\/\/www.noidiqua.it\/Montale\/wp-json\/wp\/v2\/posts\/2871\/revisions"}],"predecessor-version":[{"id":3847,"href":"https:\/\/www.noidiqua.it\/Montale\/wp-json\/wp\/v2\/posts\/2871\/revisions\/3847"}],"wp:attachment":[{"href":"https:\/\/www.noidiqua.it\/Montale\/wp-json\/wp\/v2\/media?parent=2871"}],"wp:term":[{"taxonomy":"category","embeddable":true,"href":"https:\/\/www.noidiqua.it\/Montale\/wp-json\/wp\/v2\/categories?post=2871"},{"taxonomy":"post_tag","embeddable":true,"href":"https:\/\/www.noidiqua.it\/Montale\/wp-json\/wp\/v2\/tags?post=2871"}],"curies":[{"name":"wp","href":"https:\/\/api.w.org\/{rel}","templated":true}]}}