{"id":3122,"date":"2014-09-05T17:38:55","date_gmt":"2014-09-05T15:38:55","guid":{"rendered":"https:\/\/www.noidiqua.it\/Montale\/?p=3122"},"modified":"2023-01-11T17:38:48","modified_gmt":"2023-01-11T16:38:48","slug":"campino-michele-matera","status":"publish","type":"post","link":"https:\/\/www.noidiqua.it\/Montale\/campino-michele-matera\/","title":{"rendered":"Campino Michele Matera"},"content":{"rendered":"<p><em>di\u00a0Giacomo Bini<\/em><\/p>\n<p><em>settembre\u00a02014<\/em><\/p>\n<p><a href=\"https:\/\/www.noidiqua.it\/Montale\/wp-content\/uploads\/2014\/09\/campino-1.png\" rel=\"wp-prettyPhoto[3122]\"><img loading=\"lazy\" decoding=\"async\" class=\"aligncenter size-full wp-image-7506\" src=\"https:\/\/www.noidiqua.it\/Montale\/wp-content\/uploads\/2014\/09\/campino-1.png\" alt=\"\" width=\"496\" height=\"363\" srcset=\"https:\/\/www.noidiqua.it\/Montale\/wp-content\/uploads\/2014\/09\/campino-1.png 496w, https:\/\/www.noidiqua.it\/Montale\/wp-content\/uploads\/2014\/09\/campino-1-300x220.png 300w\" sizes=\"auto, (max-width: 496px) 100vw, 496px\" \/><\/a><\/p>\n<p>Il paese di <strong>Tobbiana<\/strong> si \u00e8 arricchito ultimamente di una nuova struttura sportiva e anche sociale, il campino <strong>\u201cMichele Matera\u201d<\/strong>, che porta il nome di un giovane morto in un incidente sul lavoro nel 2008. Il campino \u00e8 la realizzazione di un\u2019idea degli amici di Michele che \u00e8 stata accolta e messa in atto dalla <strong>Pro-Loco<\/strong> di Tobbiana con l\u2019aiuto di tanti volontari. C\u2019\u00e8 voluto tanto lavoro per spianare, sistemare e ripulire un\u2019area invasa in gran parte dalle sterpaglie in localit\u00e0 Picchioni appena sopra l\u2019abitato di Tobbiana. Il risultato \u00e8 una specie di miracolo dell\u2019amicizia e del volontariato. Non solo \u00e8 stato creato un campino recintato e illuminato a disposizione per i ragazzi del paese, ma la zona circostante \u00e8 stata attrezzata con panchine ed \u00e8 stato ricavato anche un percorso per le passeggiate. Nell\u2019insieme si tratta di un vero e proprio parco, un piccolo gioiello incastonato nella collina e impreziosito da una vista strepitosa sulla valle sottostante.<\/p>\n<p><a href=\"https:\/\/www.noidiqua.it\/Montale\/wp-content\/uploads\/2014\/09\/campino-2.png\" rel=\"wp-prettyPhoto[3122]\"><img loading=\"lazy\" decoding=\"async\" class=\"aligncenter size-full wp-image-7507\" src=\"https:\/\/www.noidiqua.it\/Montale\/wp-content\/uploads\/2014\/09\/campino-2.png\" alt=\"\" width=\"501\" height=\"376\" srcset=\"https:\/\/www.noidiqua.it\/Montale\/wp-content\/uploads\/2014\/09\/campino-2.png 501w, https:\/\/www.noidiqua.it\/Montale\/wp-content\/uploads\/2014\/09\/campino-2-300x225.png 300w\" sizes=\"auto, (max-width: 501px) 100vw, 501px\" \/><\/a><\/p>\n<p>E\u2019 il coronamento di un sogno del compianto Michele che come tutti i ragazzi di Tobbiana, andava sempre a giocare in quel posto, tanto che tra la sterpaglia rimossa si sono trovate decine di palloni. La nuova struttura \u00e8 utilizzabile sia per lo sport che per altre iniziative di socializzazione e di divertimento. L\u2019inaugurazione, avvenuta alla fine di giugno, \u00e8 stata una festa per tutto il paese con momenti di grande commozione, come quello in cui la targa con il nome di Michele Matera \u00e8 stata scoperta dal fratello <strong>Luciano<\/strong> e dalla sorella <strong>Ginevra<\/strong>. L\u2019applauso delle tante persone presenti ha testimoniato il desiderio della comunit\u00e0 di ricordare per sempre il giovane scomparso. Il presidente della Pro-Loco Daniele Piazzini ha ricordato il notevole lavoro compiuto dai volontari ed ha rivolto un pubblico riconoscimento a <strong>Mauro Lucchesi<\/strong>, definendolo come il vero \u00abmotore\u00bb di quella che \u00e8 stata una autentica impresa per l\u2019associazione tobbianese. Il taglio del nastro \u00e8 stato compiuto dal sindaco <strong>Ferdinando Betti<\/strong> e dalla presidente della Provincia <strong>Federica Fratoni<\/strong>, che si \u00e8 detta particolarmente compiaciuta di presenziare alla nascita di una struttura di alto valore simbolico per il ruolo del volontariato e per il richiamo alla memoria di una vittima di incidente sul lavoro. Nel pomeriggio, dopo la benedizione da parte del parroco don Cristoforo avvenuta alle ore 16, il campino \u00e8 stato utilizzato dai giovani e dai meno giovani del paese per tornei di calcio, giochi e divertimenti di ogni genere fino quasi a mezzanotte. <i>\u00abAnche la bellissima giornata che abbiamo passato oggi \u00e8 merito tuo, caro Michele\u00bb<\/i> ha postato su Facebook uno degli amici che si sono ritrovati al campino.<\/p>\n<p class=\"p1\" style=\"text-align: justify;\">","protected":false},"excerpt":{"rendered":"<p>di\u00a0Giacomo Bini settembre\u00a02014 Il paese di Tobbiana si \u00e8 arricchito ultimamente di una nuova struttura sportiva e anche sociale, il campino \u201cMichele Matera\u201d, che porta il nome di un giovane morto in un incidente sul lavoro nel 2008. Il campino \u00e8 la realizzazione di un\u2019idea degli amici di Michele che \u00e8 stata accolta e [&hellip;]<\/p>","protected":false},"author":12,"featured_media":0,"comment_status":"open","ping_status":"open","sticky":false,"template":"","format":"standard","meta":{"footnotes":""},"categories":[7,18],"tags":[91,995,109,114,154,155],"class_list":["post-3122","post","type-post","status-publish","format-standard","hentry","category-mt","category-territorio-qt","tag-il-montalese","tag-mt","tag-montalese","tag-noidiqua-il-montalese","tag-territorio","tag-tobbiana"],"yoast_head":"<!-- This site is optimized with the Yoast SEO plugin v25.5 - https:\/\/yoast.com\/wordpress\/plugins\/seo\/ -->\n<title>Campino Michele Matera - Noi di Qua Testata giornalistica e di attualit\u00e0 di Agliana, Montale e Quarrata.<\/title>\n<meta name=\"robots\" content=\"index, follow, max-snippet:-1, max-image-preview:large, max-video-preview:-1\" \/>\n<link rel=\"canonical\" href=\"https:\/\/www.noidiqua.it\/Montale\/campino-michele-matera\/\" \/>\n<meta property=\"og:locale\" content=\"it_IT\" \/>\n<meta property=\"og:type\" content=\"article\" \/>\n<meta property=\"og:title\" content=\"Campino Michele Matera - Noi di Qua Testata giornalistica e di attualit\u00e0 di Agliana, Montale e Quarrata.\" \/>\n<meta property=\"og:description\" content=\"di\u00a0Giacomo Bini settembre\u00a02014 Il paese di Tobbiana si \u00e8 arricchito ultimamente di una nuova struttura sportiva e anche sociale, il campino \u201cMichele Matera\u201d, che porta il nome di un giovane morto in un incidente sul lavoro nel 2008. Il campino \u00e8 la realizzazione di un\u2019idea degli amici di Michele che \u00e8 stata accolta e [&hellip;]\" \/>\n<meta property=\"og:url\" content=\"https:\/\/www.noidiqua.it\/Montale\/campino-michele-matera\/\" \/>\n<meta property=\"og:site_name\" content=\"Noi di Qua Testata giornalistica e di attualit\u00e0 di Agliana, Montale e Quarrata.\" \/>\n<meta property=\"article:publisher\" content=\"https:\/\/www.facebook.com\/noidiqua.trimestrale\/\" \/>\n<meta property=\"article:published_time\" content=\"2014-09-05T15:38:55+00:00\" \/>\n<meta property=\"article:modified_time\" content=\"2023-01-11T16:38:48+00:00\" \/>\n<meta property=\"og:image\" content=\"https:\/\/www.noidiqua.it\/Montale\/wp-content\/uploads\/2014\/09\/campino-1.png\" \/>\n<meta name=\"author\" content=\"Giacomo Bini\" \/>\n<meta name=\"twitter:label1\" content=\"Scritto da\" \/>\n\t<meta name=\"twitter:data1\" content=\"Giacomo Bini\" \/>\n\t<meta name=\"twitter:label2\" content=\"Tempo di lettura stimato\" \/>\n\t<meta name=\"twitter:data2\" content=\"3 minuti\" \/>\n<script type=\"application\/ld+json\" class=\"yoast-schema-graph\">{\"@context\":\"https:\/\/schema.org\",\"@graph\":[{\"@type\":\"WebPage\",\"@id\":\"https:\/\/www.noidiqua.it\/Montale\/campino-michele-matera\/\",\"url\":\"https:\/\/www.noidiqua.it\/Montale\/campino-michele-matera\/\",\"name\":\"Campino Michele Matera - Noi di Qua Testata giornalistica e di attualit\u00e0 di Agliana, Montale e Quarrata.\",\"isPartOf\":{\"@id\":\"https:\/\/www.noidiqua.it\/Montale\/#website\"},\"primaryImageOfPage\":{\"@id\":\"https:\/\/www.noidiqua.it\/Montale\/campino-michele-matera\/#primaryimage\"},\"image\":{\"@id\":\"https:\/\/www.noidiqua.it\/Montale\/campino-michele-matera\/#primaryimage\"},\"thumbnailUrl\":\"https:\/\/www.noidiqua.it\/Montale\/wp-content\/uploads\/2014\/09\/campino-1.png\",\"datePublished\":\"2014-09-05T15:38:55+00:00\",\"dateModified\":\"2023-01-11T16:38:48+00:00\",\"author\":{\"@id\":\"https:\/\/www.noidiqua.it\/Montale\/#\/schema\/person\/e2e6f44da50af0dae9c90ad168e471a4\"},\"breadcrumb\":{\"@id\":\"https:\/\/www.noidiqua.it\/Montale\/campino-michele-matera\/#breadcrumb\"},\"inLanguage\":\"it-IT\",\"potentialAction\":[{\"@type\":\"ReadAction\",\"target\":[\"https:\/\/www.noidiqua.it\/Montale\/campino-michele-matera\/\"]}]},{\"@type\":\"ImageObject\",\"inLanguage\":\"it-IT\",\"@id\":\"https:\/\/www.noidiqua.it\/Montale\/campino-michele-matera\/#primaryimage\",\"url\":\"https:\/\/www.noidiqua.it\/Montale\/wp-content\/uploads\/2014\/09\/campino-1.png\",\"contentUrl\":\"https:\/\/www.noidiqua.it\/Montale\/wp-content\/uploads\/2014\/09\/campino-1.png\",\"width\":496,\"height\":363},{\"@type\":\"BreadcrumbList\",\"@id\":\"https:\/\/www.noidiqua.it\/Montale\/campino-michele-matera\/#breadcrumb\",\"itemListElement\":[{\"@type\":\"ListItem\",\"position\":1,\"name\":\"Home\",\"item\":\"https:\/\/www.noidiqua.it\/Montale\/\"},{\"@type\":\"ListItem\",\"position\":2,\"name\":\"Campino Michele Matera\"}]},{\"@type\":\"WebSite\",\"@id\":\"https:\/\/www.noidiqua.it\/Montale\/#website\",\"url\":\"https:\/\/www.noidiqua.it\/Montale\/\",\"name\":\"Noi di Qua Testata giornalistica e di attualit\u00e0 di Agliana, Montale e Quarrata.\",\"description\":\"Testata Giornalistica Quarrata Montale Agliana\",\"potentialAction\":[{\"@type\":\"SearchAction\",\"target\":{\"@type\":\"EntryPoint\",\"urlTemplate\":\"https:\/\/www.noidiqua.it\/Montale\/?s={search_term_string}\"},\"query-input\":{\"@type\":\"PropertyValueSpecification\",\"valueRequired\":true,\"valueName\":\"search_term_string\"}}],\"inLanguage\":\"it-IT\"},{\"@type\":\"Person\",\"@id\":\"https:\/\/www.noidiqua.it\/Montale\/#\/schema\/person\/e2e6f44da50af0dae9c90ad168e471a4\",\"name\":\"Giacomo Bini\",\"image\":{\"@type\":\"ImageObject\",\"inLanguage\":\"it-IT\",\"@id\":\"https:\/\/www.noidiqua.it\/Montale\/#\/schema\/person\/image\/\",\"url\":\"https:\/\/secure.gravatar.com\/avatar\/e5c18ae41df5ae37397358f2c6046696187d51a120c5d0b8f0c49f7b606f46f4?s=96&d=mm&r=g\",\"contentUrl\":\"https:\/\/secure.gravatar.com\/avatar\/e5c18ae41df5ae37397358f2c6046696187d51a120c5d0b8f0c49f7b606f46f4?s=96&d=mm&r=g\",\"caption\":\"Giacomo Bini\"},\"url\":\"https:\/\/www.noidiqua.it\/Montale\/author\/giacomo-bini\/\"}]}<\/script>\n<!-- \/ Yoast SEO plugin. -->","yoast_head_json":{"title":"Campino Michele Matera - Noi di Qua Testata giornalistica e di attualit\u00e0 di Agliana, Montale e Quarrata.","robots":{"index":"index","follow":"follow","max-snippet":"max-snippet:-1","max-image-preview":"max-image-preview:large","max-video-preview":"max-video-preview:-1"},"canonical":"https:\/\/www.noidiqua.it\/Montale\/campino-michele-matera\/","og_locale":"it_IT","og_type":"article","og_title":"Campino Michele Matera - Noi di Qua Testata giornalistica e di attualit\u00e0 di Agliana, Montale e Quarrata.","og_description":"di\u00a0Giacomo Bini settembre\u00a02014 Il paese di Tobbiana si \u00e8 arricchito ultimamente di una nuova struttura sportiva e anche sociale, il campino \u201cMichele Matera\u201d, che porta il nome di un giovane morto in un incidente sul lavoro nel 2008. Il campino \u00e8 la realizzazione di un\u2019idea degli amici di Michele che \u00e8 stata accolta e [&hellip;]","og_url":"https:\/\/www.noidiqua.it\/Montale\/campino-michele-matera\/","og_site_name":"Noi di Qua Testata giornalistica e di attualit\u00e0 di Agliana, Montale e Quarrata.","article_publisher":"https:\/\/www.facebook.com\/noidiqua.trimestrale\/","article_published_time":"2014-09-05T15:38:55+00:00","article_modified_time":"2023-01-11T16:38:48+00:00","og_image":[{"url":"https:\/\/www.noidiqua.it\/Montale\/wp-content\/uploads\/2014\/09\/campino-1.png","type":"","width":"","height":""}],"author":"Giacomo Bini","twitter_misc":{"Scritto da":"Giacomo Bini","Tempo di lettura stimato":"3 minuti"},"schema":{"@context":"https:\/\/schema.org","@graph":[{"@type":"WebPage","@id":"https:\/\/www.noidiqua.it\/Montale\/campino-michele-matera\/","url":"https:\/\/www.noidiqua.it\/Montale\/campino-michele-matera\/","name":"Campino Michele Matera - Noi di Qua Testata giornalistica e di attualit\u00e0 di Agliana, Montale e Quarrata.","isPartOf":{"@id":"https:\/\/www.noidiqua.it\/Montale\/#website"},"primaryImageOfPage":{"@id":"https:\/\/www.noidiqua.it\/Montale\/campino-michele-matera\/#primaryimage"},"image":{"@id":"https:\/\/www.noidiqua.it\/Montale\/campino-michele-matera\/#primaryimage"},"thumbnailUrl":"https:\/\/www.noidiqua.it\/Montale\/wp-content\/uploads\/2014\/09\/campino-1.png","datePublished":"2014-09-05T15:38:55+00:00","dateModified":"2023-01-11T16:38:48+00:00","author":{"@id":"https:\/\/www.noidiqua.it\/Montale\/#\/schema\/person\/e2e6f44da50af0dae9c90ad168e471a4"},"breadcrumb":{"@id":"https:\/\/www.noidiqua.it\/Montale\/campino-michele-matera\/#breadcrumb"},"inLanguage":"it-IT","potentialAction":[{"@type":"ReadAction","target":["https:\/\/www.noidiqua.it\/Montale\/campino-michele-matera\/"]}]},{"@type":"ImageObject","inLanguage":"it-IT","@id":"https:\/\/www.noidiqua.it\/Montale\/campino-michele-matera\/#primaryimage","url":"https:\/\/www.noidiqua.it\/Montale\/wp-content\/uploads\/2014\/09\/campino-1.png","contentUrl":"https:\/\/www.noidiqua.it\/Montale\/wp-content\/uploads\/2014\/09\/campino-1.png","width":496,"height":363},{"@type":"BreadcrumbList","@id":"https:\/\/www.noidiqua.it\/Montale\/campino-michele-matera\/#breadcrumb","itemListElement":[{"@type":"ListItem","position":1,"name":"Home","item":"https:\/\/www.noidiqua.it\/Montale\/"},{"@type":"ListItem","position":2,"name":"Campino Michele Matera"}]},{"@type":"WebSite","@id":"https:\/\/www.noidiqua.it\/Montale\/#website","url":"https:\/\/www.noidiqua.it\/Montale\/","name":"Noi di Qua Testata giornalistica e di attualit\u00e0 di Agliana, Montale e Quarrata.","description":"Testata Giornalistica Quarrata Montale Agliana","potentialAction":[{"@type":"SearchAction","target":{"@type":"EntryPoint","urlTemplate":"https:\/\/www.noidiqua.it\/Montale\/?s={search_term_string}"},"query-input":{"@type":"PropertyValueSpecification","valueRequired":true,"valueName":"search_term_string"}}],"inLanguage":"it-IT"},{"@type":"Person","@id":"https:\/\/www.noidiqua.it\/Montale\/#\/schema\/person\/e2e6f44da50af0dae9c90ad168e471a4","name":"Giacomo Bini","image":{"@type":"ImageObject","inLanguage":"it-IT","@id":"https:\/\/www.noidiqua.it\/Montale\/#\/schema\/person\/image\/","url":"https:\/\/secure.gravatar.com\/avatar\/e5c18ae41df5ae37397358f2c6046696187d51a120c5d0b8f0c49f7b606f46f4?s=96&d=mm&r=g","contentUrl":"https:\/\/secure.gravatar.com\/avatar\/e5c18ae41df5ae37397358f2c6046696187d51a120c5d0b8f0c49f7b606f46f4?s=96&d=mm&r=g","caption":"Giacomo Bini"},"url":"https:\/\/www.noidiqua.it\/Montale\/author\/giacomo-bini\/"}]}},"_links":{"self":[{"href":"https:\/\/www.noidiqua.it\/Montale\/wp-json\/wp\/v2\/posts\/3122","targetHints":{"allow":["GET"]}}],"collection":[{"href":"https:\/\/www.noidiqua.it\/Montale\/wp-json\/wp\/v2\/posts"}],"about":[{"href":"https:\/\/www.noidiqua.it\/Montale\/wp-json\/wp\/v2\/types\/post"}],"author":[{"embeddable":true,"href":"https:\/\/www.noidiqua.it\/Montale\/wp-json\/wp\/v2\/users\/12"}],"replies":[{"embeddable":true,"href":"https:\/\/www.noidiqua.it\/Montale\/wp-json\/wp\/v2\/comments?post=3122"}],"version-history":[{"count":8,"href":"https:\/\/www.noidiqua.it\/Montale\/wp-json\/wp\/v2\/posts\/3122\/revisions"}],"predecessor-version":[{"id":7508,"href":"https:\/\/www.noidiqua.it\/Montale\/wp-json\/wp\/v2\/posts\/3122\/revisions\/7508"}],"wp:attachment":[{"href":"https:\/\/www.noidiqua.it\/Montale\/wp-json\/wp\/v2\/media?parent=3122"}],"wp:term":[{"taxonomy":"category","embeddable":true,"href":"https:\/\/www.noidiqua.it\/Montale\/wp-json\/wp\/v2\/categories?post=3122"},{"taxonomy":"post_tag","embeddable":true,"href":"https:\/\/www.noidiqua.it\/Montale\/wp-json\/wp\/v2\/tags?post=3122"}],"curies":[{"name":"wp","href":"https:\/\/api.w.org\/{rel}","templated":true}]}}