{"id":3145,"date":"2014-09-05T10:12:50","date_gmt":"2014-09-05T08:12:50","guid":{"rendered":"https:\/\/www.noidiqua.it\/Montale\/?p=3145"},"modified":"2023-01-12T10:04:38","modified_gmt":"2023-01-12T09:04:38","slug":"continuano-i-successi-maggini","status":"publish","type":"post","link":"https:\/\/www.noidiqua.it\/Montale\/continuano-i-successi-maggini\/","title":{"rendered":"Continuano i successi di Sara Maggini"},"content":{"rendered":"<p><em>di\u00a0Giacomo Bini<\/em><\/p>\n<p><em>settembre\u00a02014<\/em><\/p>\n<p><a href=\"https:\/\/www.noidiqua.it\/Montale\/wp-content\/uploads\/2014\/09\/maggini-2.png\" rel=\"wp-prettyPhoto[3145]\"><img loading=\"lazy\" decoding=\"async\" class=\"aligncenter size-full wp-image-7542\" src=\"https:\/\/www.noidiqua.it\/Montale\/wp-content\/uploads\/2014\/09\/maggini-2.png\" alt=\"\" width=\"513\" height=\"346\" srcset=\"https:\/\/www.noidiqua.it\/Montale\/wp-content\/uploads\/2014\/09\/maggini-2.png 513w, https:\/\/www.noidiqua.it\/Montale\/wp-content\/uploads\/2014\/09\/maggini-2-300x202.png 300w\" sizes=\"auto, (max-width: 513px) 100vw, 513px\" \/><\/a><\/p>\n<p class=\"p1\" style=\"text-align: justify;\"><span class=\"s1\"><strong>Sara Maggini<\/strong>, 16 anni di Tobbiana, la talentuosa ballerina <strong>montalese<\/strong> a cui abbiamo dedicato la copertina nel settembre 2013 di <strong>Noidiqua<\/strong> (foto a fianco), \u00e8 stata ammessa alla E<strong>nglish National Ballet School<\/strong> di <strong>Londra<\/strong>, una delle accademie di danza pi\u00f9 prestigiose del mondo.\u00a0 Sara \u00e8 tra le due sole danzatrici prescelte in Italia dopo una severissima selezione tenutasi a <strong>Firenze<\/strong> con la partecipazione di 150 candidate e una successiva audizione a Londra nella sede della scuola. Formatasi fin da piccola al <strong>Centro Arte Danza di Pistoia<\/strong>, sotto la guida dell\u2019insegnante <strong>Maria Rosaria Di Sessa<\/strong>, Sara ha frequentato per due anni la <strong>Danze Academy di Zurigo<\/strong> e ora compie il gran salto nella capitale londinese.\u00a0 L\u2019English Nationale Ballet School\u00a0 \u00e8 una fucina di talenti provenienti da ogni parte del mondo a cui attinge direttamente il prestigioso corpo di ballo del National Theater e i cui diplomati fanno carriera nelle\u00a0 migliori compagnie del mondo. <i><\/i><\/span><\/p>\n<p><a href=\"https:\/\/www.noidiqua.it\/Montale\/wp-content\/uploads\/2014\/09\/maggini-1.png\" rel=\"wp-prettyPhoto[3145]\"><img loading=\"lazy\" decoding=\"async\" class=\"aligncenter size-full wp-image-7543\" src=\"https:\/\/www.noidiqua.it\/Montale\/wp-content\/uploads\/2014\/09\/maggini-1.png\" alt=\"\" width=\"315\" height=\"396\" srcset=\"https:\/\/www.noidiqua.it\/Montale\/wp-content\/uploads\/2014\/09\/maggini-1.png 315w, https:\/\/www.noidiqua.it\/Montale\/wp-content\/uploads\/2014\/09\/maggini-1-239x300.png 239w\" sizes=\"auto, (max-width: 315px) 100vw, 315px\" \/><\/a><\/p>\n<p class=\"p1\" style=\"text-align: justify;\"><span class=\"s1\"><i>\u00abEntrare in quella scuola di Londra\u00a0 \u00e8 sempre stato il mio sogno\u00bb<\/i> dice\u00a0 Sara <i>\u00abe appena ho compiuto i 16 anni necessari per potervi accedere, ho subito voluto provarci. Dopo la lezione tenuta a Firenze a febbraio insieme a molte altre ragazze, la direttrice della scuola Samira Saidi mi ha chiesto di partecipare ad un\u2019audizione a Londra, dove ho danzato davanti ad una commissione composta da tutti i docenti del terzo anno, seduti ad un grande tavolo.\u00a0 La notizia dell\u2019ammissione \u00e8 stata una grande gioia\u00bb<\/i>.\u00a0 Per Sara la danza \u00e8 una passione che risale all\u2019infanzia e diventa sempre pi\u00f9 intensa e profonda con il passare degli anni. Il rigore degli allenamenti e della preparazione, non hanno scalfito per nulla l\u2019entusiasmo originario, anzi lo hanno rafforzato aggiungendo la consapevolezza di poter riuscire sempre di pi\u00f9 e sempre meglio. Mentre danza Sara dimostra non solo di avere talento e perizia tecnica ma anche una notevole capacit\u00e0 comunicativa.\u00a0<\/span><\/p>\n<p><a href=\"https:\/\/www.noidiqua.it\/Montale\/wp-content\/uploads\/2014\/09\/maggini-3.png\" rel=\"wp-prettyPhoto[3145]\"><img loading=\"lazy\" decoding=\"async\" class=\"aligncenter size-full wp-image-7544\" src=\"https:\/\/www.noidiqua.it\/Montale\/wp-content\/uploads\/2014\/09\/maggini-3.png\" alt=\"\" width=\"502\" height=\"388\" srcset=\"https:\/\/www.noidiqua.it\/Montale\/wp-content\/uploads\/2014\/09\/maggini-3.png 502w, https:\/\/www.noidiqua.it\/Montale\/wp-content\/uploads\/2014\/09\/maggini-3-300x232.png 300w\" sizes=\"auto, (max-width: 502px) 100vw, 502px\" \/><\/a><\/p>\n<p class=\"p1\" style=\"text-align: justify;\"><span class=\"s1\">Poco prima di partire per Londra, nel mese di agosto, Sara si \u00e8 aggiudicata l\u2019ennesimo trofeo della sua ancora breve carriera: il secondo posto al Concorso Internazionale di Danza \u201cSicilia Barocca\u201d tenutosi a Modica, dove \u00e8 stata giudicata da una giuria di altissimo livello, di cui faceva parte anche la direttrice della scuola londinese ed \u00e8 stata superata solo da due ballerini, arrivati primi ex aequo, che sono pi\u00f9 grandi di lei e gi\u00e0 professionisti. I successi di Sara sono il frutto, oltre che delle sue doti naturali e della sua tenacia, anche dell\u2019appoggio della famiglia, con babbo Gianni, mamma Francesca e nonno Giampiero, il suo primo fan.\u00a0<\/span><\/p>\n<p class=\"p1\" style=\"text-align: justify;\"><span class=\"s1\">Un video dell\u2019esibizione di Sara al concorso di Modica si pu\u00f2 trovare su Youtube, <a href=\"http:\/\/http:\/\/www.youtube.com\/watch?v=50BWleEx03g\" rel=\"wp-prettyPhoto[3145]\">\u00a0cliccando qui<\/a><i>.<\/i><\/span><\/p>","protected":false},"excerpt":{"rendered":"<p>di\u00a0Giacomo Bini settembre\u00a02014 Sara Maggini, 16 anni di Tobbiana, la talentuosa ballerina montalese a cui abbiamo dedicato la copertina nel settembre 2013 di Noidiqua (foto a fianco), \u00e8 stata ammessa alla English National Ballet School di Londra, una delle accademie di danza pi\u00f9 prestigiose del mondo.\u00a0 Sara \u00e8 tra le due sole danzatrici prescelte [&hellip;]<\/p>","protected":false},"author":12,"featured_media":0,"comment_status":"open","ping_status":"open","sticky":false,"template":"","format":"standard","meta":{"footnotes":""},"categories":[27,7],"tags":[76,91,995,109,114,151,155],"class_list":["post-3145","post","type-post","status-publish","format-standard","hentry","category-fotonotizie-qt","category-mt","tag-fotografia","tag-il-montalese","tag-mt","tag-montalese","tag-noidiqua-il-montalese","tag-sport-e-spettacolo","tag-tobbiana"],"yoast_head":"<!-- This site is optimized with the Yoast SEO plugin v25.5 - https:\/\/yoast.com\/wordpress\/plugins\/seo\/ -->\n<title>Continuano i successi di Sara Maggini - Noi di Qua Testata giornalistica e di attualit\u00e0 di Agliana, Montale e Quarrata.<\/title>\n<meta name=\"robots\" content=\"index, follow, max-snippet:-1, max-image-preview:large, max-video-preview:-1\" \/>\n<link rel=\"canonical\" href=\"https:\/\/www.noidiqua.it\/Montale\/continuano-i-successi-maggini\/\" \/>\n<meta property=\"og:locale\" content=\"it_IT\" \/>\n<meta property=\"og:type\" content=\"article\" \/>\n<meta property=\"og:title\" content=\"Continuano i successi di Sara Maggini - Noi di Qua Testata giornalistica e di attualit\u00e0 di Agliana, Montale e Quarrata.\" \/>\n<meta property=\"og:description\" content=\"di\u00a0Giacomo Bini settembre\u00a02014 Sara Maggini, 16 anni di Tobbiana, la talentuosa ballerina montalese a cui abbiamo dedicato la copertina nel settembre 2013 di Noidiqua (foto a fianco), \u00e8 stata ammessa alla English National Ballet School di Londra, una delle accademie di danza pi\u00f9 prestigiose del mondo.\u00a0 Sara \u00e8 tra le due sole danzatrici prescelte [&hellip;]\" \/>\n<meta property=\"og:url\" content=\"https:\/\/www.noidiqua.it\/Montale\/continuano-i-successi-maggini\/\" \/>\n<meta property=\"og:site_name\" content=\"Noi di Qua Testata giornalistica e di attualit\u00e0 di Agliana, Montale e Quarrata.\" \/>\n<meta property=\"article:publisher\" content=\"https:\/\/www.facebook.com\/noidiqua.trimestrale\/\" \/>\n<meta property=\"article:published_time\" content=\"2014-09-05T08:12:50+00:00\" \/>\n<meta property=\"article:modified_time\" content=\"2023-01-12T09:04:38+00:00\" \/>\n<meta property=\"og:image\" content=\"https:\/\/www.noidiqua.it\/Montale\/wp-content\/uploads\/2014\/09\/maggini-2.png\" \/>\n<meta name=\"author\" content=\"Giacomo Bini\" \/>\n<meta name=\"twitter:label1\" content=\"Scritto da\" \/>\n\t<meta name=\"twitter:data1\" content=\"Giacomo Bini\" \/>\n\t<meta name=\"twitter:label2\" content=\"Tempo di lettura stimato\" \/>\n\t<meta name=\"twitter:data2\" content=\"3 minuti\" \/>\n<script type=\"application\/ld+json\" class=\"yoast-schema-graph\">{\"@context\":\"https:\/\/schema.org\",\"@graph\":[{\"@type\":\"WebPage\",\"@id\":\"https:\/\/www.noidiqua.it\/Montale\/continuano-i-successi-maggini\/\",\"url\":\"https:\/\/www.noidiqua.it\/Montale\/continuano-i-successi-maggini\/\",\"name\":\"Continuano i successi di Sara Maggini - Noi di Qua Testata giornalistica e di attualit\u00e0 di Agliana, Montale e Quarrata.\",\"isPartOf\":{\"@id\":\"https:\/\/www.noidiqua.it\/Montale\/#website\"},\"primaryImageOfPage\":{\"@id\":\"https:\/\/www.noidiqua.it\/Montale\/continuano-i-successi-maggini\/#primaryimage\"},\"image\":{\"@id\":\"https:\/\/www.noidiqua.it\/Montale\/continuano-i-successi-maggini\/#primaryimage\"},\"thumbnailUrl\":\"https:\/\/www.noidiqua.it\/Montale\/wp-content\/uploads\/2014\/09\/maggini-2.png\",\"datePublished\":\"2014-09-05T08:12:50+00:00\",\"dateModified\":\"2023-01-12T09:04:38+00:00\",\"author\":{\"@id\":\"https:\/\/www.noidiqua.it\/Montale\/#\/schema\/person\/e2e6f44da50af0dae9c90ad168e471a4\"},\"breadcrumb\":{\"@id\":\"https:\/\/www.noidiqua.it\/Montale\/continuano-i-successi-maggini\/#breadcrumb\"},\"inLanguage\":\"it-IT\",\"potentialAction\":[{\"@type\":\"ReadAction\",\"target\":[\"https:\/\/www.noidiqua.it\/Montale\/continuano-i-successi-maggini\/\"]}]},{\"@type\":\"ImageObject\",\"inLanguage\":\"it-IT\",\"@id\":\"https:\/\/www.noidiqua.it\/Montale\/continuano-i-successi-maggini\/#primaryimage\",\"url\":\"https:\/\/www.noidiqua.it\/Montale\/wp-content\/uploads\/2014\/09\/maggini-2.png\",\"contentUrl\":\"https:\/\/www.noidiqua.it\/Montale\/wp-content\/uploads\/2014\/09\/maggini-2.png\",\"width\":513,\"height\":346},{\"@type\":\"BreadcrumbList\",\"@id\":\"https:\/\/www.noidiqua.it\/Montale\/continuano-i-successi-maggini\/#breadcrumb\",\"itemListElement\":[{\"@type\":\"ListItem\",\"position\":1,\"name\":\"Home\",\"item\":\"https:\/\/www.noidiqua.it\/Montale\/\"},{\"@type\":\"ListItem\",\"position\":2,\"name\":\"Continuano i successi di Sara Maggini\"}]},{\"@type\":\"WebSite\",\"@id\":\"https:\/\/www.noidiqua.it\/Montale\/#website\",\"url\":\"https:\/\/www.noidiqua.it\/Montale\/\",\"name\":\"Noi di Qua Testata giornalistica e di attualit\u00e0 di Agliana, Montale e Quarrata.\",\"description\":\"Testata Giornalistica Quarrata Montale Agliana\",\"potentialAction\":[{\"@type\":\"SearchAction\",\"target\":{\"@type\":\"EntryPoint\",\"urlTemplate\":\"https:\/\/www.noidiqua.it\/Montale\/?s={search_term_string}\"},\"query-input\":{\"@type\":\"PropertyValueSpecification\",\"valueRequired\":true,\"valueName\":\"search_term_string\"}}],\"inLanguage\":\"it-IT\"},{\"@type\":\"Person\",\"@id\":\"https:\/\/www.noidiqua.it\/Montale\/#\/schema\/person\/e2e6f44da50af0dae9c90ad168e471a4\",\"name\":\"Giacomo Bini\",\"image\":{\"@type\":\"ImageObject\",\"inLanguage\":\"it-IT\",\"@id\":\"https:\/\/www.noidiqua.it\/Montale\/#\/schema\/person\/image\/\",\"url\":\"https:\/\/secure.gravatar.com\/avatar\/e5c18ae41df5ae37397358f2c6046696187d51a120c5d0b8f0c49f7b606f46f4?s=96&d=mm&r=g\",\"contentUrl\":\"https:\/\/secure.gravatar.com\/avatar\/e5c18ae41df5ae37397358f2c6046696187d51a120c5d0b8f0c49f7b606f46f4?s=96&d=mm&r=g\",\"caption\":\"Giacomo Bini\"},\"url\":\"https:\/\/www.noidiqua.it\/Montale\/author\/giacomo-bini\/\"}]}<\/script>\n<!-- \/ Yoast SEO plugin. -->","yoast_head_json":{"title":"Continuano i successi di Sara Maggini - Noi di Qua Testata giornalistica e di attualit\u00e0 di Agliana, Montale e Quarrata.","robots":{"index":"index","follow":"follow","max-snippet":"max-snippet:-1","max-image-preview":"max-image-preview:large","max-video-preview":"max-video-preview:-1"},"canonical":"https:\/\/www.noidiqua.it\/Montale\/continuano-i-successi-maggini\/","og_locale":"it_IT","og_type":"article","og_title":"Continuano i successi di Sara Maggini - Noi di Qua Testata giornalistica e di attualit\u00e0 di Agliana, Montale e Quarrata.","og_description":"di\u00a0Giacomo Bini settembre\u00a02014 Sara Maggini, 16 anni di Tobbiana, la talentuosa ballerina montalese a cui abbiamo dedicato la copertina nel settembre 2013 di Noidiqua (foto a fianco), \u00e8 stata ammessa alla English National Ballet School di Londra, una delle accademie di danza pi\u00f9 prestigiose del mondo.\u00a0 Sara \u00e8 tra le due sole danzatrici prescelte [&hellip;]","og_url":"https:\/\/www.noidiqua.it\/Montale\/continuano-i-successi-maggini\/","og_site_name":"Noi di Qua Testata giornalistica e di attualit\u00e0 di Agliana, Montale e Quarrata.","article_publisher":"https:\/\/www.facebook.com\/noidiqua.trimestrale\/","article_published_time":"2014-09-05T08:12:50+00:00","article_modified_time":"2023-01-12T09:04:38+00:00","og_image":[{"url":"https:\/\/www.noidiqua.it\/Montale\/wp-content\/uploads\/2014\/09\/maggini-2.png","type":"","width":"","height":""}],"author":"Giacomo Bini","twitter_misc":{"Scritto da":"Giacomo Bini","Tempo di lettura stimato":"3 minuti"},"schema":{"@context":"https:\/\/schema.org","@graph":[{"@type":"WebPage","@id":"https:\/\/www.noidiqua.it\/Montale\/continuano-i-successi-maggini\/","url":"https:\/\/www.noidiqua.it\/Montale\/continuano-i-successi-maggini\/","name":"Continuano i successi di Sara Maggini - Noi di Qua Testata giornalistica e di attualit\u00e0 di Agliana, Montale e Quarrata.","isPartOf":{"@id":"https:\/\/www.noidiqua.it\/Montale\/#website"},"primaryImageOfPage":{"@id":"https:\/\/www.noidiqua.it\/Montale\/continuano-i-successi-maggini\/#primaryimage"},"image":{"@id":"https:\/\/www.noidiqua.it\/Montale\/continuano-i-successi-maggini\/#primaryimage"},"thumbnailUrl":"https:\/\/www.noidiqua.it\/Montale\/wp-content\/uploads\/2014\/09\/maggini-2.png","datePublished":"2014-09-05T08:12:50+00:00","dateModified":"2023-01-12T09:04:38+00:00","author":{"@id":"https:\/\/www.noidiqua.it\/Montale\/#\/schema\/person\/e2e6f44da50af0dae9c90ad168e471a4"},"breadcrumb":{"@id":"https:\/\/www.noidiqua.it\/Montale\/continuano-i-successi-maggini\/#breadcrumb"},"inLanguage":"it-IT","potentialAction":[{"@type":"ReadAction","target":["https:\/\/www.noidiqua.it\/Montale\/continuano-i-successi-maggini\/"]}]},{"@type":"ImageObject","inLanguage":"it-IT","@id":"https:\/\/www.noidiqua.it\/Montale\/continuano-i-successi-maggini\/#primaryimage","url":"https:\/\/www.noidiqua.it\/Montale\/wp-content\/uploads\/2014\/09\/maggini-2.png","contentUrl":"https:\/\/www.noidiqua.it\/Montale\/wp-content\/uploads\/2014\/09\/maggini-2.png","width":513,"height":346},{"@type":"BreadcrumbList","@id":"https:\/\/www.noidiqua.it\/Montale\/continuano-i-successi-maggini\/#breadcrumb","itemListElement":[{"@type":"ListItem","position":1,"name":"Home","item":"https:\/\/www.noidiqua.it\/Montale\/"},{"@type":"ListItem","position":2,"name":"Continuano i successi di Sara Maggini"}]},{"@type":"WebSite","@id":"https:\/\/www.noidiqua.it\/Montale\/#website","url":"https:\/\/www.noidiqua.it\/Montale\/","name":"Noi di Qua Testata giornalistica e di attualit\u00e0 di Agliana, Montale e Quarrata.","description":"Testata Giornalistica Quarrata Montale Agliana","potentialAction":[{"@type":"SearchAction","target":{"@type":"EntryPoint","urlTemplate":"https:\/\/www.noidiqua.it\/Montale\/?s={search_term_string}"},"query-input":{"@type":"PropertyValueSpecification","valueRequired":true,"valueName":"search_term_string"}}],"inLanguage":"it-IT"},{"@type":"Person","@id":"https:\/\/www.noidiqua.it\/Montale\/#\/schema\/person\/e2e6f44da50af0dae9c90ad168e471a4","name":"Giacomo Bini","image":{"@type":"ImageObject","inLanguage":"it-IT","@id":"https:\/\/www.noidiqua.it\/Montale\/#\/schema\/person\/image\/","url":"https:\/\/secure.gravatar.com\/avatar\/e5c18ae41df5ae37397358f2c6046696187d51a120c5d0b8f0c49f7b606f46f4?s=96&d=mm&r=g","contentUrl":"https:\/\/secure.gravatar.com\/avatar\/e5c18ae41df5ae37397358f2c6046696187d51a120c5d0b8f0c49f7b606f46f4?s=96&d=mm&r=g","caption":"Giacomo Bini"},"url":"https:\/\/www.noidiqua.it\/Montale\/author\/giacomo-bini\/"}]}},"_links":{"self":[{"href":"https:\/\/www.noidiqua.it\/Montale\/wp-json\/wp\/v2\/posts\/3145","targetHints":{"allow":["GET"]}}],"collection":[{"href":"https:\/\/www.noidiqua.it\/Montale\/wp-json\/wp\/v2\/posts"}],"about":[{"href":"https:\/\/www.noidiqua.it\/Montale\/wp-json\/wp\/v2\/types\/post"}],"author":[{"embeddable":true,"href":"https:\/\/www.noidiqua.it\/Montale\/wp-json\/wp\/v2\/users\/12"}],"replies":[{"embeddable":true,"href":"https:\/\/www.noidiqua.it\/Montale\/wp-json\/wp\/v2\/comments?post=3145"}],"version-history":[{"count":9,"href":"https:\/\/www.noidiqua.it\/Montale\/wp-json\/wp\/v2\/posts\/3145\/revisions"}],"predecessor-version":[{"id":7546,"href":"https:\/\/www.noidiqua.it\/Montale\/wp-json\/wp\/v2\/posts\/3145\/revisions\/7546"}],"wp:attachment":[{"href":"https:\/\/www.noidiqua.it\/Montale\/wp-json\/wp\/v2\/media?parent=3145"}],"wp:term":[{"taxonomy":"category","embeddable":true,"href":"https:\/\/www.noidiqua.it\/Montale\/wp-json\/wp\/v2\/categories?post=3145"},{"taxonomy":"post_tag","embeddable":true,"href":"https:\/\/www.noidiqua.it\/Montale\/wp-json\/wp\/v2\/tags?post=3145"}],"curies":[{"name":"wp","href":"https:\/\/api.w.org\/{rel}","templated":true}]}}