{"id":3155,"date":"2014-09-05T10:30:22","date_gmt":"2014-09-05T08:30:22","guid":{"rendered":"https:\/\/www.noidiqua.it\/Montale\/?p=3155"},"modified":"2023-01-12T10:05:37","modified_gmt":"2023-01-12T09:05:37","slug":"concludendo-faccia-facebook","status":"publish","type":"post","link":"https:\/\/www.noidiqua.it\/Montale\/concludendo-faccia-facebook\/","title":{"rendered":"Concludendo \u2013 alla \u201cfaccia\u201d di\u2026 Facebook"},"content":{"rendered":"<p><em>di\u00a0Massimo Cappelli<\/em><\/p>\n<p><em>settembre\u00a02014<\/em><\/p>\n<p><a href=\"https:\/\/www.noidiqua.it\/Montale\/wp-content\/uploads\/2014\/09\/facebook.png\" rel=\"wp-prettyPhoto[3155]\"><img loading=\"lazy\" decoding=\"async\" class=\"aligncenter size-full wp-image-7547\" src=\"https:\/\/www.noidiqua.it\/Montale\/wp-content\/uploads\/2014\/09\/facebook.png\" alt=\"\" width=\"500\" height=\"333\" srcset=\"https:\/\/www.noidiqua.it\/Montale\/wp-content\/uploads\/2014\/09\/facebook.png 500w, https:\/\/www.noidiqua.it\/Montale\/wp-content\/uploads\/2014\/09\/facebook-300x200.png 300w\" sizes=\"auto, (max-width: 500px) 100vw, 500px\" \/><\/a><\/p>\n<p class=\"p1\" style=\"text-align: justify;\">\n<p class=\"p1\" style=\"text-align: justify;\"><span class=\"s1\"><i>Nn sapendo quello ke scrivere pr qst concludendo vgl scrivere nl linguaggio che un tempo si usava per gli sms, visto ke cmq molti lo usano ankora oggi pr i post su fb e anke pr le mail.<\/i><\/span><\/p>\n<p class=\"p1\" style=\"text-align: justify;\"><span class=\"s1\">Ora, non essendo laureato in lettere e non avendo nemmeno fatto le scuole alte, come direbbe il mio amico Roberto Prioreschi, (in effetti le elementari invece le ho fatte in Folonica, non saremo a Buriano, ma nemmeno nel Mollungo), forse non avr\u00f2 il diritto di indignarmi al pari di un cultore della lingua italiana o come un membro dell\u2019Accademia della Crusca. Vi confesso per\u00f2 che questo linguaggio in codice, queste piccole nuove espressioni della nostra lingua adatte solo allo scrivere veloce come esige la comunicazione elettronica, mi fanno prendere la scossa\u2026 al cervello.\u00a0<\/span><\/p>\n<p class=\"p1\" style=\"text-align: justify;\"><span class=\"s1\">Non mi fraintendete, non sono contro la tecnologia, no! Anche io uso il computer e ho uno smartphone, uso la posta elettronica che, soprattutto per lo scambio quasi quotidiano di grossi file, nel mio lavoro, mi ha cambiato in meglio la vita. Uso l\u2019iPad, in tutte le sue funzioni, anche solo per prendere degli appunti, per lo meno\u2026 ci rileggo. Quindi, sono a favore di questi nuovi strumenti di comunicazione, perch\u00e9 il mondo cambia, la tecnologia \u00e8 parte integrante di questo cambiamento e non va demonizzata, poich\u00e9 essa, non \u00e8 n\u00e9 buona n\u00e9 cattiva; \u00e8 l\u2019uso che ne facciamo, che fa la differenza.\u00a0<\/span><\/p>\n<p class=\"p1\" style=\"text-align: justify;\"><span class=\"s1\">Come centinaia di milioni di persone nel mondo, (forse miliardi) da qualche anno anche io ho il mio profilo Facebook, dove pubblico i miei post e le mie foto, pi\u00f9 o meno frequentemente e dove con migliaia di persone scambio ogni giorno, idee, opinioni e convinzioni. Navigando per\u00f2, mi rendo conto che, come si \u00e8 stravolto il modo di scrivere a cui mi riferivo all\u2019inizio, da molti viene frainteso anche l\u2019uso che dovrebbe esser fatto dei social network. Innanzitutto mi pare che sia stato frainteso il termine \u201camici\u201d, che deve essere a parer mio, solo un\u2019espressione di concetto. Non per niente su Facebook sono \u201camici\u201d anche i fratelli, i genitori, i parenti, ma anche persone lontane e sconosciute, con le quali non ci siamo mai incontrati. Non devono quindi essere confusi i veri valori con l\u2019effimero; i social, vanno ritenuti solo una realt\u00e0 alternativa, una piazza virtuale dove scambiarsi informazioni.\u00a0<\/span><\/p>\n<p class=\"p1\" style=\"text-align: justify;\"><span class=\"s1\">Credo anche che non dovremmo sovraccaricare la rete di \u201corpelli elettronici\u201d come selfie di piedi nudi al mare o altro materiale inutile che serve solo alla propria auto-celebrazione. Visto che fra un centinaio di anni saremo sicuramente ricordati come il periodo storico dove il \u201cniente\u201d ha fatto da padrone, dove sono contati solo l\u2019apparire e l\u2019avere, dovremmo pertanto iniziare ad usare questa nuova opportunit\u00e0 per trasmetterci contenuti veri, positivit\u00e0, stati d\u2019animo, emozioni, ricordi, buonumore o quant\u2019altro possa arricchire la nostra interiorit\u00e0 e la nostra esistenza. Prima dell\u2019avvento dei social network, comunicare a migliaia di persone in un colpo solo era privilegio solo di pochi; potevano farlo solamente coloro che avevano a che fare con la radio, con la televisione, i giornalisti e gli opinionisti, i comunicatori insomma. Oggi invece, tutti possiamo dare il nostro contributo alla societ\u00e0, grazie a queste nuove tecnologie, ognuno pu\u00f2 esprimersi divulgando in massa il suo pensiero, condividendo con altri le proprie idee cercando, nel suo piccolo, di lasciare un po\u2019 di s\u00e9 al suo passaggio e provocando reazioni emotive nei loro interlocutori. Secondo me questo \u00e8 un buon modo di usare i social nerwork.<\/span><\/p>\n<p class=\"p1\" style=\"text-align: justify;\"><span class=\"s1\">A proposito di social network, siamo proprio sicuri che questo nome sia veramente azzeccato? Il termine social deriva senza ombra di dubbio dal verbo \u201csocializzare\u201d, che vuol dire incontrarsi, comunicare, condividere. Tuttavia leggendo alcuni post si intuisce che siamo tutti sempre pi\u00f9 soli a navigare in rete, per cui, ben venga la nuova piazza virtuale, ma non dimentichiamoci che l\u2019<i>homo sapiens<\/i>\u00a0ha inventato il linguaggio, e comunicando usa da sempre tutti e cinque i sensi; per cui evitiamo di rinchiuderci in una stanza e usciamo.\u00a0<b>E quando ci parliamo, guardiamoci in faccia\u2026 alla faccia di Facebook.<\/b><\/span><\/p>","protected":false},"excerpt":{"rendered":"<p>di\u00a0Massimo Cappelli settembre\u00a02014 Nn sapendo quello ke scrivere pr qst concludendo vgl scrivere nl linguaggio che un tempo si usava per gli sms, visto ke cmq molti lo usano ankora oggi pr i post su fb e anke pr le mail. Ora, non essendo laureato in lettere e non avendo nemmeno fatto le scuole [&hellip;]<\/p>","protected":false},"author":7,"featured_media":0,"comment_status":"open","ping_status":"open","sticky":false,"template":"","format":"standard","meta":{"footnotes":""},"categories":[24,7],"tags":[59,91,104,995,113,114],"class_list":["post-3155","post","type-post","status-publish","format-standard","hentry","category-concludendo-qt","category-mt","tag-concludendo","tag-il-montalese","tag-massimo-cappelli","tag-mt","tag-noidiqua","tag-noidiqua-il-montalese"],"yoast_head":"<!-- This site is optimized with the Yoast SEO plugin v25.5 - https:\/\/yoast.com\/wordpress\/plugins\/seo\/ -->\n<title>Concludendo \u2013 alla \u201cfaccia\u201d di\u2026 Facebook - Noi di Qua Testata giornalistica e di attualit\u00e0 di Agliana, Montale e Quarrata.<\/title>\n<meta name=\"robots\" content=\"index, follow, max-snippet:-1, max-image-preview:large, max-video-preview:-1\" \/>\n<link rel=\"canonical\" href=\"https:\/\/www.noidiqua.it\/Montale\/concludendo-faccia-facebook\/\" \/>\n<meta property=\"og:locale\" content=\"it_IT\" \/>\n<meta property=\"og:type\" content=\"article\" \/>\n<meta property=\"og:title\" content=\"Concludendo \u2013 alla \u201cfaccia\u201d di\u2026 Facebook - Noi di Qua Testata giornalistica e di attualit\u00e0 di Agliana, Montale e Quarrata.\" \/>\n<meta property=\"og:description\" content=\"di\u00a0Massimo Cappelli settembre\u00a02014 Nn sapendo quello ke scrivere pr qst concludendo vgl scrivere nl linguaggio che un tempo si usava per gli sms, visto ke cmq molti lo usano ankora oggi pr i post su fb e anke pr le mail. Ora, non essendo laureato in lettere e non avendo nemmeno fatto le scuole [&hellip;]\" \/>\n<meta property=\"og:url\" content=\"https:\/\/www.noidiqua.it\/Montale\/concludendo-faccia-facebook\/\" \/>\n<meta property=\"og:site_name\" content=\"Noi di Qua Testata giornalistica e di attualit\u00e0 di Agliana, Montale e Quarrata.\" \/>\n<meta property=\"article:publisher\" content=\"https:\/\/www.facebook.com\/noidiqua.trimestrale\/\" \/>\n<meta property=\"article:published_time\" content=\"2014-09-05T08:30:22+00:00\" \/>\n<meta property=\"article:modified_time\" content=\"2023-01-12T09:05:37+00:00\" \/>\n<meta property=\"og:image\" content=\"https:\/\/www.noidiqua.it\/Montale\/wp-content\/uploads\/2014\/09\/facebook.png\" \/>\n<meta name=\"author\" content=\"Massimo Cappelli\" \/>\n<meta name=\"twitter:label1\" content=\"Scritto da\" \/>\n\t<meta name=\"twitter:data1\" content=\"Massimo Cappelli\" \/>\n\t<meta name=\"twitter:label2\" content=\"Tempo di lettura stimato\" \/>\n\t<meta name=\"twitter:data2\" content=\"4 minuti\" \/>\n<script type=\"application\/ld+json\" class=\"yoast-schema-graph\">{\"@context\":\"https:\/\/schema.org\",\"@graph\":[{\"@type\":\"WebPage\",\"@id\":\"https:\/\/www.noidiqua.it\/Montale\/concludendo-faccia-facebook\/\",\"url\":\"https:\/\/www.noidiqua.it\/Montale\/concludendo-faccia-facebook\/\",\"name\":\"Concludendo \u2013 alla \u201cfaccia\u201d di\u2026 Facebook - Noi di Qua Testata giornalistica e di attualit\u00e0 di Agliana, Montale e Quarrata.\",\"isPartOf\":{\"@id\":\"https:\/\/www.noidiqua.it\/Montale\/#website\"},\"primaryImageOfPage\":{\"@id\":\"https:\/\/www.noidiqua.it\/Montale\/concludendo-faccia-facebook\/#primaryimage\"},\"image\":{\"@id\":\"https:\/\/www.noidiqua.it\/Montale\/concludendo-faccia-facebook\/#primaryimage\"},\"thumbnailUrl\":\"https:\/\/www.noidiqua.it\/Montale\/wp-content\/uploads\/2014\/09\/facebook.png\",\"datePublished\":\"2014-09-05T08:30:22+00:00\",\"dateModified\":\"2023-01-12T09:05:37+00:00\",\"author\":{\"@id\":\"https:\/\/www.noidiqua.it\/Montale\/#\/schema\/person\/858b1b9db61101126e5ded39f94daedb\"},\"breadcrumb\":{\"@id\":\"https:\/\/www.noidiqua.it\/Montale\/concludendo-faccia-facebook\/#breadcrumb\"},\"inLanguage\":\"it-IT\",\"potentialAction\":[{\"@type\":\"ReadAction\",\"target\":[\"https:\/\/www.noidiqua.it\/Montale\/concludendo-faccia-facebook\/\"]}]},{\"@type\":\"ImageObject\",\"inLanguage\":\"it-IT\",\"@id\":\"https:\/\/www.noidiqua.it\/Montale\/concludendo-faccia-facebook\/#primaryimage\",\"url\":\"https:\/\/www.noidiqua.it\/Montale\/wp-content\/uploads\/2014\/09\/facebook.png\",\"contentUrl\":\"https:\/\/www.noidiqua.it\/Montale\/wp-content\/uploads\/2014\/09\/facebook.png\",\"width\":500,\"height\":333},{\"@type\":\"BreadcrumbList\",\"@id\":\"https:\/\/www.noidiqua.it\/Montale\/concludendo-faccia-facebook\/#breadcrumb\",\"itemListElement\":[{\"@type\":\"ListItem\",\"position\":1,\"name\":\"Home\",\"item\":\"https:\/\/www.noidiqua.it\/Montale\/\"},{\"@type\":\"ListItem\",\"position\":2,\"name\":\"Concludendo \u2013 alla \u201cfaccia\u201d di\u2026 Facebook\"}]},{\"@type\":\"WebSite\",\"@id\":\"https:\/\/www.noidiqua.it\/Montale\/#website\",\"url\":\"https:\/\/www.noidiqua.it\/Montale\/\",\"name\":\"Noi di Qua Testata giornalistica e di attualit\u00e0 di Agliana, Montale e Quarrata.\",\"description\":\"Testata Giornalistica Quarrata Montale Agliana\",\"potentialAction\":[{\"@type\":\"SearchAction\",\"target\":{\"@type\":\"EntryPoint\",\"urlTemplate\":\"https:\/\/www.noidiqua.it\/Montale\/?s={search_term_string}\"},\"query-input\":{\"@type\":\"PropertyValueSpecification\",\"valueRequired\":true,\"valueName\":\"search_term_string\"}}],\"inLanguage\":\"it-IT\"},{\"@type\":\"Person\",\"@id\":\"https:\/\/www.noidiqua.it\/Montale\/#\/schema\/person\/858b1b9db61101126e5ded39f94daedb\",\"name\":\"Massimo Cappelli\",\"image\":{\"@type\":\"ImageObject\",\"inLanguage\":\"it-IT\",\"@id\":\"https:\/\/www.noidiqua.it\/Montale\/#\/schema\/person\/image\/\",\"url\":\"https:\/\/secure.gravatar.com\/avatar\/0e7261535228aa9bb0417ab8f42f3fadaf8ce23bdfde46c689c43410a676cfa9?s=96&d=mm&r=g\",\"contentUrl\":\"https:\/\/secure.gravatar.com\/avatar\/0e7261535228aa9bb0417ab8f42f3fadaf8ce23bdfde46c689c43410a676cfa9?s=96&d=mm&r=g\",\"caption\":\"Massimo Cappelli\"},\"url\":\"https:\/\/www.noidiqua.it\/Montale\/author\/massimo-cappelli\/\"}]}<\/script>\n<!-- \/ Yoast SEO plugin. -->","yoast_head_json":{"title":"Concludendo \u2013 alla \u201cfaccia\u201d di\u2026 Facebook - Noi di Qua Testata giornalistica e di attualit\u00e0 di Agliana, Montale e Quarrata.","robots":{"index":"index","follow":"follow","max-snippet":"max-snippet:-1","max-image-preview":"max-image-preview:large","max-video-preview":"max-video-preview:-1"},"canonical":"https:\/\/www.noidiqua.it\/Montale\/concludendo-faccia-facebook\/","og_locale":"it_IT","og_type":"article","og_title":"Concludendo \u2013 alla \u201cfaccia\u201d di\u2026 Facebook - Noi di Qua Testata giornalistica e di attualit\u00e0 di Agliana, Montale e Quarrata.","og_description":"di\u00a0Massimo Cappelli settembre\u00a02014 Nn sapendo quello ke scrivere pr qst concludendo vgl scrivere nl linguaggio che un tempo si usava per gli sms, visto ke cmq molti lo usano ankora oggi pr i post su fb e anke pr le mail. Ora, non essendo laureato in lettere e non avendo nemmeno fatto le scuole [&hellip;]","og_url":"https:\/\/www.noidiqua.it\/Montale\/concludendo-faccia-facebook\/","og_site_name":"Noi di Qua Testata giornalistica e di attualit\u00e0 di Agliana, Montale e Quarrata.","article_publisher":"https:\/\/www.facebook.com\/noidiqua.trimestrale\/","article_published_time":"2014-09-05T08:30:22+00:00","article_modified_time":"2023-01-12T09:05:37+00:00","og_image":[{"url":"https:\/\/www.noidiqua.it\/Montale\/wp-content\/uploads\/2014\/09\/facebook.png","type":"","width":"","height":""}],"author":"Massimo Cappelli","twitter_misc":{"Scritto da":"Massimo Cappelli","Tempo di lettura stimato":"4 minuti"},"schema":{"@context":"https:\/\/schema.org","@graph":[{"@type":"WebPage","@id":"https:\/\/www.noidiqua.it\/Montale\/concludendo-faccia-facebook\/","url":"https:\/\/www.noidiqua.it\/Montale\/concludendo-faccia-facebook\/","name":"Concludendo \u2013 alla \u201cfaccia\u201d di\u2026 Facebook - Noi di Qua Testata giornalistica e di attualit\u00e0 di Agliana, Montale e Quarrata.","isPartOf":{"@id":"https:\/\/www.noidiqua.it\/Montale\/#website"},"primaryImageOfPage":{"@id":"https:\/\/www.noidiqua.it\/Montale\/concludendo-faccia-facebook\/#primaryimage"},"image":{"@id":"https:\/\/www.noidiqua.it\/Montale\/concludendo-faccia-facebook\/#primaryimage"},"thumbnailUrl":"https:\/\/www.noidiqua.it\/Montale\/wp-content\/uploads\/2014\/09\/facebook.png","datePublished":"2014-09-05T08:30:22+00:00","dateModified":"2023-01-12T09:05:37+00:00","author":{"@id":"https:\/\/www.noidiqua.it\/Montale\/#\/schema\/person\/858b1b9db61101126e5ded39f94daedb"},"breadcrumb":{"@id":"https:\/\/www.noidiqua.it\/Montale\/concludendo-faccia-facebook\/#breadcrumb"},"inLanguage":"it-IT","potentialAction":[{"@type":"ReadAction","target":["https:\/\/www.noidiqua.it\/Montale\/concludendo-faccia-facebook\/"]}]},{"@type":"ImageObject","inLanguage":"it-IT","@id":"https:\/\/www.noidiqua.it\/Montale\/concludendo-faccia-facebook\/#primaryimage","url":"https:\/\/www.noidiqua.it\/Montale\/wp-content\/uploads\/2014\/09\/facebook.png","contentUrl":"https:\/\/www.noidiqua.it\/Montale\/wp-content\/uploads\/2014\/09\/facebook.png","width":500,"height":333},{"@type":"BreadcrumbList","@id":"https:\/\/www.noidiqua.it\/Montale\/concludendo-faccia-facebook\/#breadcrumb","itemListElement":[{"@type":"ListItem","position":1,"name":"Home","item":"https:\/\/www.noidiqua.it\/Montale\/"},{"@type":"ListItem","position":2,"name":"Concludendo \u2013 alla \u201cfaccia\u201d di\u2026 Facebook"}]},{"@type":"WebSite","@id":"https:\/\/www.noidiqua.it\/Montale\/#website","url":"https:\/\/www.noidiqua.it\/Montale\/","name":"Noi di Qua Testata giornalistica e di attualit\u00e0 di Agliana, Montale e Quarrata.","description":"Testata Giornalistica Quarrata Montale Agliana","potentialAction":[{"@type":"SearchAction","target":{"@type":"EntryPoint","urlTemplate":"https:\/\/www.noidiqua.it\/Montale\/?s={search_term_string}"},"query-input":{"@type":"PropertyValueSpecification","valueRequired":true,"valueName":"search_term_string"}}],"inLanguage":"it-IT"},{"@type":"Person","@id":"https:\/\/www.noidiqua.it\/Montale\/#\/schema\/person\/858b1b9db61101126e5ded39f94daedb","name":"Massimo Cappelli","image":{"@type":"ImageObject","inLanguage":"it-IT","@id":"https:\/\/www.noidiqua.it\/Montale\/#\/schema\/person\/image\/","url":"https:\/\/secure.gravatar.com\/avatar\/0e7261535228aa9bb0417ab8f42f3fadaf8ce23bdfde46c689c43410a676cfa9?s=96&d=mm&r=g","contentUrl":"https:\/\/secure.gravatar.com\/avatar\/0e7261535228aa9bb0417ab8f42f3fadaf8ce23bdfde46c689c43410a676cfa9?s=96&d=mm&r=g","caption":"Massimo Cappelli"},"url":"https:\/\/www.noidiqua.it\/Montale\/author\/massimo-cappelli\/"}]}},"_links":{"self":[{"href":"https:\/\/www.noidiqua.it\/Montale\/wp-json\/wp\/v2\/posts\/3155","targetHints":{"allow":["GET"]}}],"collection":[{"href":"https:\/\/www.noidiqua.it\/Montale\/wp-json\/wp\/v2\/posts"}],"about":[{"href":"https:\/\/www.noidiqua.it\/Montale\/wp-json\/wp\/v2\/types\/post"}],"author":[{"embeddable":true,"href":"https:\/\/www.noidiqua.it\/Montale\/wp-json\/wp\/v2\/users\/7"}],"replies":[{"embeddable":true,"href":"https:\/\/www.noidiqua.it\/Montale\/wp-json\/wp\/v2\/comments?post=3155"}],"version-history":[{"count":5,"href":"https:\/\/www.noidiqua.it\/Montale\/wp-json\/wp\/v2\/posts\/3155\/revisions"}],"predecessor-version":[{"id":7549,"href":"https:\/\/www.noidiqua.it\/Montale\/wp-json\/wp\/v2\/posts\/3155\/revisions\/7549"}],"wp:attachment":[{"href":"https:\/\/www.noidiqua.it\/Montale\/wp-json\/wp\/v2\/media?parent=3155"}],"wp:term":[{"taxonomy":"category","embeddable":true,"href":"https:\/\/www.noidiqua.it\/Montale\/wp-json\/wp\/v2\/categories?post=3155"},{"taxonomy":"post_tag","embeddable":true,"href":"https:\/\/www.noidiqua.it\/Montale\/wp-json\/wp\/v2\/tags?post=3155"}],"curies":[{"name":"wp","href":"https:\/\/api.w.org\/{rel}","templated":true}]}}