{"id":3202,"date":"2014-12-05T16:22:29","date_gmt":"2014-12-05T15:22:29","guid":{"rendered":"https:\/\/www.noidiqua.it\/Montale\/?p=3202"},"modified":"2023-01-05T14:04:34","modified_gmt":"2023-01-05T13:04:34","slug":"daniele-paolieri-montale-my-love","status":"publish","type":"post","link":"https:\/\/www.noidiqua.it\/Montale\/daniele-paolieri-montale-my-love\/","title":{"rendered":"Daniele Paolieri &#8211; Montale my love"},"content":{"rendered":"<p><em>di\u00a0David Colzi<\/em><\/p>\n<p><em>dicembre\u00a02014<\/em><\/p>\n<p><a href=\"https:\/\/www.noidiqua.it\/Montale\/wp-content\/uploads\/2014\/12\/paolieri-1.png\" rel=\"wp-prettyPhoto[3202]\"><img loading=\"lazy\" decoding=\"async\" class=\"aligncenter size-full wp-image-7474\" src=\"https:\/\/www.noidiqua.it\/Montale\/wp-content\/uploads\/2014\/12\/paolieri-1.png\" alt=\"\" width=\"496\" height=\"391\" srcset=\"https:\/\/www.noidiqua.it\/Montale\/wp-content\/uploads\/2014\/12\/paolieri-1.png 496w, https:\/\/www.noidiqua.it\/Montale\/wp-content\/uploads\/2014\/12\/paolieri-1-300x236.png 300w\" sizes=\"auto, (max-width: 496px) 100vw, 496px\" \/><\/a><\/p>\n<p>La rubrica \u201cPer gli altri\u201d \u00e8 stata creata per portare alla vostra attenzione il mondo delle associazioni,\u00a0 ma stavolta usciremo da questo schema fisso per parlare di <strong>Daniele Paolieri<\/strong>. Certamente anche lui mette il suo tempo libero a disposizione di <strong>Montale<\/strong>, operando senza alcun compenso come fanno tutti i volontari, ma con una particolarit\u00e0: lui fa tutto da solo, attraverso un profilo di <strong>Facebook<\/strong> divenuto un punto di riferimento per i montalesi \u201cinnamorati\u201d del proprio Comune. Il diario in questione \u00e8 nato infatti con un nome che \u00e8 tutto un programma: <strong><i>Montale my love<\/i><\/strong>, recentemente rinominato <strong><i>Daniele Paolieri (Fan page Montalemylove)<\/i><\/strong>. Si tratta di un\u2019archivio virtuale che racchiude la bellezza di oltre 10.000 foto scattate quasi tutte da Daniele (all\u2019occorrenza chiede aiuto all\u2019amico <strong>Riccardo Menici<\/strong> per qualche servizio) che documentano le manifestazioni di Montale dall\u2019agosto del 2011, anno dell\u2019apertura del profilo on line.<\/p>\n<p><a href=\"https:\/\/www.noidiqua.it\/Montale\/wp-content\/uploads\/2014\/12\/paolieri-4.png\" rel=\"wp-prettyPhoto[3202]\"><img loading=\"lazy\" decoding=\"async\" class=\"aligncenter size-full wp-image-7475\" src=\"https:\/\/www.noidiqua.it\/Montale\/wp-content\/uploads\/2014\/12\/paolieri-4.png\" alt=\"\" width=\"482\" height=\"320\" srcset=\"https:\/\/www.noidiqua.it\/Montale\/wp-content\/uploads\/2014\/12\/paolieri-4.png 482w, https:\/\/www.noidiqua.it\/Montale\/wp-content\/uploads\/2014\/12\/paolieri-4-300x199.png 300w\" sizes=\"auto, (max-width: 482px) 100vw, 482px\" \/><\/a><\/p>\n<p>Dentro questo spazio si trovano persino le anticipazioni degli eventi legati a iniziative del Comune,\u00a0 oppure quelle delle associazioni che operano sul territorio; Daniele all\u2019occorrenza, oltrepassa addirittura i confini del nostro paese, pur di soddisfare le tante richieste che arrivano dai suoi concittadini. <i>\u00abIl mio intento\u00bb<\/i> ci dice Daniele <i>\u00ab\u00e8 sempre stato quello di far vedere a tutti quanto \u00e8 bella Montale, e per farlo ho usato la mia passione per la fotografia. Inizialmente ero io che mi presentavo agli eventi; ora capita che siano gli altri a chiamarmi per scattare delle foto da mettere su Facebook\u00bb<\/i>. Cos\u00ec, pian piano, questo profilo ha aumentato il numero di contatti e il signor Paolieri \u00e8 anche diventato, senza volerlo, una sorta \u201cdifensore civico\u201d del territorio; le persone lo contattano quando c\u2019\u00e8 un angolo di paese degradato, o pi\u00f9 in generale quando qualcosa non funziona. Cos\u00ec lui denuncia il tutto sul suo diario e all\u2019occorrenza scatta qualche foto, mostrando ci\u00f2 che deve essere migliorato. <i>\u00abIo mi impegno quanto posso\u00bb<\/i> aggiunge Daniele <i>\u00abd\u2019altronde se nel nome del mio profilo c\u2019\u00e8 scritto \u201cmy love\u201d, lo deve essere in tutti i sensi, anche per le cose che non vanno a Montale.\u00bb <\/i>Questa sua opera di volontariato ha mai creato delle invidie? <i>\u00abSinceramente no.\u00bb<\/i> dice Daniele <i>\u00abAgli inizi avevo paura di dar fastidio ai giornalisti o ai fotografi professionisti del nostro territorio, cos\u00ec ho chiesto in giro cosa pensassero dei miei interventi, ma per ora nessuno si \u00e8 lamentato.\u00bb<\/i><\/p>\n<p><a href=\"https:\/\/www.noidiqua.it\/Montale\/wp-content\/uploads\/2014\/12\/paolieri-3.png\" rel=\"wp-prettyPhoto[3202]\"><img loading=\"lazy\" decoding=\"async\" class=\"aligncenter size-full wp-image-7476\" src=\"https:\/\/www.noidiqua.it\/Montale\/wp-content\/uploads\/2014\/12\/paolieri-3.png\" alt=\"\" width=\"504\" height=\"335\" srcset=\"https:\/\/www.noidiqua.it\/Montale\/wp-content\/uploads\/2014\/12\/paolieri-3.png 504w, https:\/\/www.noidiqua.it\/Montale\/wp-content\/uploads\/2014\/12\/paolieri-3-300x199.png 300w\" sizes=\"auto, (max-width: 504px) 100vw, 504px\" \/><\/a><\/p>\n<p>A questo punto noi della redazione lanciamo una proposta pubblica rivolta al nostro Comune; sarebbe bello far uscire le foto di Daniele Paolieri dallo schermo del computer per organizzare una mostra, magari a <strong>villa Smilea<\/strong>, dando\u00a0 la possibilit\u00e0 a tutti di vedere quanto \u201camore\u201d pu\u00f2 dimostrare un cittadino montalese nei confronti della propria comunit\u00e0.<\/p>\n<p><a href=\"https:\/\/www.noidiqua.it\/Montale\/wp-content\/uploads\/2014\/12\/paolieri-5.png\" rel=\"wp-prettyPhoto[3202]\"><img loading=\"lazy\" decoding=\"async\" class=\"aligncenter size-full wp-image-7477\" src=\"https:\/\/www.noidiqua.it\/Montale\/wp-content\/uploads\/2014\/12\/paolieri-5.png\" alt=\"\" width=\"509\" height=\"337\" srcset=\"https:\/\/www.noidiqua.it\/Montale\/wp-content\/uploads\/2014\/12\/paolieri-5.png 509w, https:\/\/www.noidiqua.it\/Montale\/wp-content\/uploads\/2014\/12\/paolieri-5-300x199.png 300w\" sizes=\"auto, (max-width: 509px) 100vw, 509px\" \/><\/a><\/p>\n<p>P.S. Mentre andiamo in stampa, apprendiamo che <i>Montale My love<\/i> ha realizzato un calendario fotografico su Montale che verr\u00e0 venduto nei negozi del paese. Il ricavato, andr\u00e0 all\u2019associazione \u201cUn cuore un mondo\u201d che raccoglie fondi per l\u2019ospedale del Cuore di Massa. Per informazioni, andate su Facebook e contattare Daniele Paolieri.<\/p>\n<p>&nbsp;<\/p>\n<p>&nbsp;<\/p>\n<p class=\"p1\" style=\"text-align: justify;\">\n<p class=\"p1\" style=\"text-align: justify;\">","protected":false},"excerpt":{"rendered":"<p>di\u00a0David Colzi dicembre\u00a02014 La rubrica \u201cPer gli altri\u201d \u00e8 stata creata per portare alla vostra attenzione il mondo delle associazioni,\u00a0 ma stavolta usciremo da questo schema fisso per parlare di Daniele Paolieri. Certamente anche lui mette il suo tempo libero a disposizione di Montale, operando senza alcun compenso come fanno tutti i volontari, ma [&hellip;]<\/p>","protected":false},"author":5,"featured_media":0,"comment_status":"open","ping_status":"open","sticky":false,"template":"","format":"standard","meta":{"footnotes":""},"categories":[7,12],"tags":[91,995,109,113,114,121],"class_list":["post-3202","post","type-post","status-publish","format-standard","hentry","category-mt","category-solidarieta-qt","tag-il-montalese","tag-mt","tag-montalese","tag-noidiqua","tag-noidiqua-il-montalese","tag-per-gli-altri"],"yoast_head":"<!-- This site is optimized with the Yoast SEO plugin v25.5 - https:\/\/yoast.com\/wordpress\/plugins\/seo\/ -->\n<title>Daniele Paolieri - Montale my love - Noi di Qua Testata giornalistica e di attualit\u00e0 di Agliana, Montale e Quarrata.<\/title>\n<meta name=\"robots\" content=\"index, follow, max-snippet:-1, max-image-preview:large, max-video-preview:-1\" \/>\n<link rel=\"canonical\" href=\"https:\/\/www.noidiqua.it\/Montale\/daniele-paolieri-montale-my-love\/\" \/>\n<meta property=\"og:locale\" content=\"it_IT\" \/>\n<meta property=\"og:type\" content=\"article\" \/>\n<meta property=\"og:title\" content=\"Daniele Paolieri - Montale my love - Noi di Qua Testata giornalistica e di attualit\u00e0 di Agliana, Montale e Quarrata.\" \/>\n<meta property=\"og:description\" content=\"di\u00a0David Colzi dicembre\u00a02014 La rubrica \u201cPer gli altri\u201d \u00e8 stata creata per portare alla vostra attenzione il mondo delle associazioni,\u00a0 ma stavolta usciremo da questo schema fisso per parlare di Daniele Paolieri. Certamente anche lui mette il suo tempo libero a disposizione di Montale, operando senza alcun compenso come fanno tutti i volontari, ma [&hellip;]\" \/>\n<meta property=\"og:url\" content=\"https:\/\/www.noidiqua.it\/Montale\/daniele-paolieri-montale-my-love\/\" \/>\n<meta property=\"og:site_name\" content=\"Noi di Qua Testata giornalistica e di attualit\u00e0 di Agliana, Montale e Quarrata.\" \/>\n<meta property=\"article:publisher\" content=\"https:\/\/www.facebook.com\/noidiqua.trimestrale\/\" \/>\n<meta property=\"article:published_time\" content=\"2014-12-05T15:22:29+00:00\" \/>\n<meta property=\"article:modified_time\" content=\"2023-01-05T13:04:34+00:00\" \/>\n<meta property=\"og:image\" content=\"https:\/\/www.noidiqua.it\/Montale\/wp-content\/uploads\/2014\/12\/paolieri-1.png\" \/>\n<meta name=\"author\" content=\"David Colzi\" \/>\n<meta name=\"twitter:label1\" content=\"Scritto da\" \/>\n\t<meta name=\"twitter:data1\" content=\"David Colzi\" \/>\n\t<meta name=\"twitter:label2\" content=\"Tempo di lettura stimato\" \/>\n\t<meta name=\"twitter:data2\" content=\"3 minuti\" \/>\n<script type=\"application\/ld+json\" class=\"yoast-schema-graph\">{\"@context\":\"https:\/\/schema.org\",\"@graph\":[{\"@type\":\"WebPage\",\"@id\":\"https:\/\/www.noidiqua.it\/Montale\/daniele-paolieri-montale-my-love\/\",\"url\":\"https:\/\/www.noidiqua.it\/Montale\/daniele-paolieri-montale-my-love\/\",\"name\":\"Daniele Paolieri - Montale my love - Noi di Qua Testata giornalistica e di attualit\u00e0 di Agliana, Montale e Quarrata.\",\"isPartOf\":{\"@id\":\"https:\/\/www.noidiqua.it\/Montale\/#website\"},\"primaryImageOfPage\":{\"@id\":\"https:\/\/www.noidiqua.it\/Montale\/daniele-paolieri-montale-my-love\/#primaryimage\"},\"image\":{\"@id\":\"https:\/\/www.noidiqua.it\/Montale\/daniele-paolieri-montale-my-love\/#primaryimage\"},\"thumbnailUrl\":\"https:\/\/www.noidiqua.it\/Montale\/wp-content\/uploads\/2014\/12\/paolieri-1.png\",\"datePublished\":\"2014-12-05T15:22:29+00:00\",\"dateModified\":\"2023-01-05T13:04:34+00:00\",\"author\":{\"@id\":\"https:\/\/www.noidiqua.it\/Montale\/#\/schema\/person\/3b45dd21eb2367c177b6a6d35c868ccc\"},\"breadcrumb\":{\"@id\":\"https:\/\/www.noidiqua.it\/Montale\/daniele-paolieri-montale-my-love\/#breadcrumb\"},\"inLanguage\":\"it-IT\",\"potentialAction\":[{\"@type\":\"ReadAction\",\"target\":[\"https:\/\/www.noidiqua.it\/Montale\/daniele-paolieri-montale-my-love\/\"]}]},{\"@type\":\"ImageObject\",\"inLanguage\":\"it-IT\",\"@id\":\"https:\/\/www.noidiqua.it\/Montale\/daniele-paolieri-montale-my-love\/#primaryimage\",\"url\":\"https:\/\/www.noidiqua.it\/Montale\/wp-content\/uploads\/2014\/12\/paolieri-1.png\",\"contentUrl\":\"https:\/\/www.noidiqua.it\/Montale\/wp-content\/uploads\/2014\/12\/paolieri-1.png\",\"width\":496,\"height\":391},{\"@type\":\"BreadcrumbList\",\"@id\":\"https:\/\/www.noidiqua.it\/Montale\/daniele-paolieri-montale-my-love\/#breadcrumb\",\"itemListElement\":[{\"@type\":\"ListItem\",\"position\":1,\"name\":\"Home\",\"item\":\"https:\/\/www.noidiqua.it\/Montale\/\"},{\"@type\":\"ListItem\",\"position\":2,\"name\":\"Daniele Paolieri &#8211; Montale my love\"}]},{\"@type\":\"WebSite\",\"@id\":\"https:\/\/www.noidiqua.it\/Montale\/#website\",\"url\":\"https:\/\/www.noidiqua.it\/Montale\/\",\"name\":\"Noi di Qua Testata giornalistica e di attualit\u00e0 di Agliana, Montale e Quarrata.\",\"description\":\"Testata Giornalistica Quarrata Montale Agliana\",\"potentialAction\":[{\"@type\":\"SearchAction\",\"target\":{\"@type\":\"EntryPoint\",\"urlTemplate\":\"https:\/\/www.noidiqua.it\/Montale\/?s={search_term_string}\"},\"query-input\":{\"@type\":\"PropertyValueSpecification\",\"valueRequired\":true,\"valueName\":\"search_term_string\"}}],\"inLanguage\":\"it-IT\"},{\"@type\":\"Person\",\"@id\":\"https:\/\/www.noidiqua.it\/Montale\/#\/schema\/person\/3b45dd21eb2367c177b6a6d35c868ccc\",\"name\":\"David Colzi\",\"image\":{\"@type\":\"ImageObject\",\"inLanguage\":\"it-IT\",\"@id\":\"https:\/\/www.noidiqua.it\/Montale\/#\/schema\/person\/image\/\",\"url\":\"https:\/\/secure.gravatar.com\/avatar\/515ac68c0075b78a8243a0f28e5a361c9b5c466a1d6912ac3919ddd928c4db8c?s=96&d=mm&r=g\",\"contentUrl\":\"https:\/\/secure.gravatar.com\/avatar\/515ac68c0075b78a8243a0f28e5a361c9b5c466a1d6912ac3919ddd928c4db8c?s=96&d=mm&r=g\",\"caption\":\"David Colzi\"},\"url\":\"https:\/\/www.noidiqua.it\/Montale\/author\/david-colzi\/\"}]}<\/script>\n<!-- \/ Yoast SEO plugin. -->","yoast_head_json":{"title":"Daniele Paolieri - Montale my love - Noi di Qua Testata giornalistica e di attualit\u00e0 di Agliana, Montale e Quarrata.","robots":{"index":"index","follow":"follow","max-snippet":"max-snippet:-1","max-image-preview":"max-image-preview:large","max-video-preview":"max-video-preview:-1"},"canonical":"https:\/\/www.noidiqua.it\/Montale\/daniele-paolieri-montale-my-love\/","og_locale":"it_IT","og_type":"article","og_title":"Daniele Paolieri - Montale my love - Noi di Qua Testata giornalistica e di attualit\u00e0 di Agliana, Montale e Quarrata.","og_description":"di\u00a0David Colzi dicembre\u00a02014 La rubrica \u201cPer gli altri\u201d \u00e8 stata creata per portare alla vostra attenzione il mondo delle associazioni,\u00a0 ma stavolta usciremo da questo schema fisso per parlare di Daniele Paolieri. Certamente anche lui mette il suo tempo libero a disposizione di Montale, operando senza alcun compenso come fanno tutti i volontari, ma [&hellip;]","og_url":"https:\/\/www.noidiqua.it\/Montale\/daniele-paolieri-montale-my-love\/","og_site_name":"Noi di Qua Testata giornalistica e di attualit\u00e0 di Agliana, Montale e Quarrata.","article_publisher":"https:\/\/www.facebook.com\/noidiqua.trimestrale\/","article_published_time":"2014-12-05T15:22:29+00:00","article_modified_time":"2023-01-05T13:04:34+00:00","og_image":[{"url":"https:\/\/www.noidiqua.it\/Montale\/wp-content\/uploads\/2014\/12\/paolieri-1.png","type":"","width":"","height":""}],"author":"David Colzi","twitter_misc":{"Scritto da":"David Colzi","Tempo di lettura stimato":"3 minuti"},"schema":{"@context":"https:\/\/schema.org","@graph":[{"@type":"WebPage","@id":"https:\/\/www.noidiqua.it\/Montale\/daniele-paolieri-montale-my-love\/","url":"https:\/\/www.noidiqua.it\/Montale\/daniele-paolieri-montale-my-love\/","name":"Daniele Paolieri - Montale my love - Noi di Qua Testata giornalistica e di attualit\u00e0 di Agliana, Montale e Quarrata.","isPartOf":{"@id":"https:\/\/www.noidiqua.it\/Montale\/#website"},"primaryImageOfPage":{"@id":"https:\/\/www.noidiqua.it\/Montale\/daniele-paolieri-montale-my-love\/#primaryimage"},"image":{"@id":"https:\/\/www.noidiqua.it\/Montale\/daniele-paolieri-montale-my-love\/#primaryimage"},"thumbnailUrl":"https:\/\/www.noidiqua.it\/Montale\/wp-content\/uploads\/2014\/12\/paolieri-1.png","datePublished":"2014-12-05T15:22:29+00:00","dateModified":"2023-01-05T13:04:34+00:00","author":{"@id":"https:\/\/www.noidiqua.it\/Montale\/#\/schema\/person\/3b45dd21eb2367c177b6a6d35c868ccc"},"breadcrumb":{"@id":"https:\/\/www.noidiqua.it\/Montale\/daniele-paolieri-montale-my-love\/#breadcrumb"},"inLanguage":"it-IT","potentialAction":[{"@type":"ReadAction","target":["https:\/\/www.noidiqua.it\/Montale\/daniele-paolieri-montale-my-love\/"]}]},{"@type":"ImageObject","inLanguage":"it-IT","@id":"https:\/\/www.noidiqua.it\/Montale\/daniele-paolieri-montale-my-love\/#primaryimage","url":"https:\/\/www.noidiqua.it\/Montale\/wp-content\/uploads\/2014\/12\/paolieri-1.png","contentUrl":"https:\/\/www.noidiqua.it\/Montale\/wp-content\/uploads\/2014\/12\/paolieri-1.png","width":496,"height":391},{"@type":"BreadcrumbList","@id":"https:\/\/www.noidiqua.it\/Montale\/daniele-paolieri-montale-my-love\/#breadcrumb","itemListElement":[{"@type":"ListItem","position":1,"name":"Home","item":"https:\/\/www.noidiqua.it\/Montale\/"},{"@type":"ListItem","position":2,"name":"Daniele Paolieri &#8211; Montale my love"}]},{"@type":"WebSite","@id":"https:\/\/www.noidiqua.it\/Montale\/#website","url":"https:\/\/www.noidiqua.it\/Montale\/","name":"Noi di Qua Testata giornalistica e di attualit\u00e0 di Agliana, Montale e Quarrata.","description":"Testata Giornalistica Quarrata Montale Agliana","potentialAction":[{"@type":"SearchAction","target":{"@type":"EntryPoint","urlTemplate":"https:\/\/www.noidiqua.it\/Montale\/?s={search_term_string}"},"query-input":{"@type":"PropertyValueSpecification","valueRequired":true,"valueName":"search_term_string"}}],"inLanguage":"it-IT"},{"@type":"Person","@id":"https:\/\/www.noidiqua.it\/Montale\/#\/schema\/person\/3b45dd21eb2367c177b6a6d35c868ccc","name":"David Colzi","image":{"@type":"ImageObject","inLanguage":"it-IT","@id":"https:\/\/www.noidiqua.it\/Montale\/#\/schema\/person\/image\/","url":"https:\/\/secure.gravatar.com\/avatar\/515ac68c0075b78a8243a0f28e5a361c9b5c466a1d6912ac3919ddd928c4db8c?s=96&d=mm&r=g","contentUrl":"https:\/\/secure.gravatar.com\/avatar\/515ac68c0075b78a8243a0f28e5a361c9b5c466a1d6912ac3919ddd928c4db8c?s=96&d=mm&r=g","caption":"David Colzi"},"url":"https:\/\/www.noidiqua.it\/Montale\/author\/david-colzi\/"}]}},"_links":{"self":[{"href":"https:\/\/www.noidiqua.it\/Montale\/wp-json\/wp\/v2\/posts\/3202","targetHints":{"allow":["GET"]}}],"collection":[{"href":"https:\/\/www.noidiqua.it\/Montale\/wp-json\/wp\/v2\/posts"}],"about":[{"href":"https:\/\/www.noidiqua.it\/Montale\/wp-json\/wp\/v2\/types\/post"}],"author":[{"embeddable":true,"href":"https:\/\/www.noidiqua.it\/Montale\/wp-json\/wp\/v2\/users\/5"}],"replies":[{"embeddable":true,"href":"https:\/\/www.noidiqua.it\/Montale\/wp-json\/wp\/v2\/comments?post=3202"}],"version-history":[{"count":5,"href":"https:\/\/www.noidiqua.it\/Montale\/wp-json\/wp\/v2\/posts\/3202\/revisions"}],"predecessor-version":[{"id":7478,"href":"https:\/\/www.noidiqua.it\/Montale\/wp-json\/wp\/v2\/posts\/3202\/revisions\/7478"}],"wp:attachment":[{"href":"https:\/\/www.noidiqua.it\/Montale\/wp-json\/wp\/v2\/media?parent=3202"}],"wp:term":[{"taxonomy":"category","embeddable":true,"href":"https:\/\/www.noidiqua.it\/Montale\/wp-json\/wp\/v2\/categories?post=3202"},{"taxonomy":"post_tag","embeddable":true,"href":"https:\/\/www.noidiqua.it\/Montale\/wp-json\/wp\/v2\/tags?post=3202"}],"curies":[{"name":"wp","href":"https:\/\/api.w.org\/{rel}","templated":true}]}}