{"id":3275,"date":"2015-03-13T15:37:37","date_gmt":"2015-03-13T14:37:37","guid":{"rendered":"https:\/\/www.noidiqua.it\/Montale\/?p=3275"},"modified":"2023-01-02T12:48:24","modified_gmt":"2023-01-02T11:48:24","slug":"appunti-redazione-3","status":"publish","type":"post","link":"https:\/\/www.noidiqua.it\/Montale\/appunti-redazione-3\/","title":{"rendered":"Appunti di redazione"},"content":{"rendered":"<p><em>di\u00a0Giacomo Bini<\/em><\/p>\n<p>marzo 2015<\/p>\n<p><a href=\"https:\/\/www.noidiqua.it\/Montale\/wp-content\/uploads\/2018\/03\/Logo-Noidiqua.png\" rel=\"wp-prettyPhoto[3275]\"><img loading=\"lazy\" decoding=\"async\" class=\"aligncenter size-full wp-image-6511\" src=\"https:\/\/www.noidiqua.it\/Montale\/wp-content\/uploads\/2018\/03\/Logo-Noidiqua.png\" alt=\"\" width=\"488\" height=\"344\" srcset=\"https:\/\/www.noidiqua.it\/Montale\/wp-content\/uploads\/2018\/03\/Logo-Noidiqua.png 488w, https:\/\/www.noidiqua.it\/Montale\/wp-content\/uploads\/2018\/03\/Logo-Noidiqua-300x211.png 300w\" sizes=\"auto, (max-width: 488px) 100vw, 488px\" \/><\/a><\/p>\n<p>La tempesta di vento che ha strapazzato la piana, come tante altre zone della nostra regione, ha lasciato dietro di s\u00e9 molte rovine e, a\u00a0<strong>Tobbiana<\/strong>\u00a0di\u00a0<strong>Montale<\/strong>, anche un grave lutto, quale tragica conseguenza indiretta del maltempo. Alle molte fragilit\u00e0 del nostro territorio, dalle frane agli allagamenti, dal rischio sismico all\u2019inquinamento dell\u2019aria, si \u00e8 aggiunta una ricorrente vulnerabilit\u00e0 meteorologica dovuta, a quanto pare, ad un cambiamento climatico che espone la nostra zona a fenomeni di intensit\u00e0 mai vista prima (chi ricorda un vento cos\u00ec forte in un\u2019area cos\u00ec estesa?). Ora che la burrasca \u00e8 passata, mentre si stila il bilancio dei danni occorre trarre anche alcune lezioni da quanto \u00e8 avvenuto.<\/p>\n<p>La prima riguarda la presenza massiccia del cemento-amianto nei tetti di molti capannoni industriali e di molti edifici privati e pubblici (a Montale perfino in due scuole). Il vento ha fatto volare i pezzi di eternit nelle strade e nei giardini e le fibre di amianto si sono disperse nell\u2019aria. La produzione e la commercializzazione di derivati di amianto, \u00e8 proibita da una legge del 1992, ma dopo 23 anni esistono ancora migliaia di metri quadrati di coperture in eternit intorno a noi e spesso si tratta di capannoni abbandonati in seguito alla crisi economica, dunque privi di manutenzione e pertanto molto pericolosi. Sono vere e proprie bombe ambientali che sarebbe l\u2019ora di disinnescare.<\/p>\n<p>La seconda lezione riguarda la presenza degli alberi di alto fusto nei centri abitati. Il forte vento di gioved\u00ec 5 marzo ha abbattuto decine di pini secolari come fossero birilli, sia negli spazi verdi privati sia nei giardini e nei parchi pubblici. I pini si sono abbattuti su case, fabbriche, automobili e solo per un caso fortunato, nella nostra piana, non hanno fatto danni alle persone. Occorre ripensare alla compatibilit\u00e0 tra certe alberature e i centri abitati. I viali alberati, i piccoli spazi verdi pubblici e privati, devono essere sottoposti a regole precise di sicurezza, per il bene delle persone e anche degli alberi, che devono vivere e crescere nei luoghi pi\u00f9 idonei alla loro natura. Non \u00e8 sufficiente che gli alberi esistenti siano monitorati per accertarne stabilit\u00e0 e condizioni di salute. Anche la maggior parte dei pini franati sulle abitazioni e sulle strade, erano stati osservati e considerati sani. Occorre che si valuti anche l\u2019idoneit\u00e0 della posizione dell\u2019albero rispetto all\u2019ambiente circostante e la sua pericolosit\u00e0 per cose e persone.<\/p>\n<p>La terza lezione \u00e8 venuta da una mamma della Stazione di Montale che durante un\u2019assemblea di genitori della scuole scoperchiate dal vento, ha preso la parola non per chiedere al sindaco di fare questo o quell\u2019intervento ma per domandare:\u00a0<i>\u00abcosa possiamo fare noi genitori per dare una mano?\u00bb<\/i>. Non so se quella mamma conoscesse la famosa frase di\u00a0<strong>John Kennedy<\/strong>\u00a0(<i>\u00abNon chiederti cosa il tuo paese pu\u00f2 fare per te, ma cosa puoi fare tu per il tuo paese\u00bb<\/i>) ma una rivista come la nostra, che ha nel titolo il pronome personale \u00abNoi\u00bb, non pu\u00f2 che condividerne lo spirito.<\/p>\n<p>&nbsp;<\/p>","protected":false},"excerpt":{"rendered":"<p>di\u00a0Giacomo Bini marzo 2015 La tempesta di vento che ha strapazzato la piana, come tante altre zone della nostra regione, ha lasciato dietro di s\u00e9 molte rovine e, a\u00a0Tobbiana\u00a0di\u00a0Montale, anche un grave lutto, quale tragica conseguenza indiretta del maltempo. Alle molte fragilit\u00e0 del nostro territorio, dalle frane agli allagamenti, dal rischio sismico all\u2019inquinamento dell\u2019aria, [&hellip;]<\/p>","protected":false},"author":12,"featured_media":0,"comment_status":"open","ping_status":"open","sticky":false,"template":"","format":"standard","meta":{"footnotes":""},"categories":[14,7],"tags":[91,995,109,113,114,126,154,155],"class_list":["post-3275","post","type-post","status-publish","format-standard","hentry","category-appuntired","category-mt","tag-il-montalese","tag-mt","tag-montalese","tag-noidiqua","tag-noidiqua-il-montalese","tag-redazionale","tag-territorio","tag-tobbiana"],"yoast_head":"<!-- This site is optimized with the Yoast SEO plugin v25.5 - https:\/\/yoast.com\/wordpress\/plugins\/seo\/ -->\n<title>Appunti di redazione - Noi di Qua Testata giornalistica e di attualit\u00e0 di Agliana, Montale e Quarrata.<\/title>\n<meta name=\"robots\" content=\"index, follow, max-snippet:-1, max-image-preview:large, max-video-preview:-1\" \/>\n<link rel=\"canonical\" href=\"https:\/\/www.noidiqua.it\/Montale\/appunti-redazione-3\/\" \/>\n<meta property=\"og:locale\" content=\"it_IT\" \/>\n<meta property=\"og:type\" content=\"article\" \/>\n<meta property=\"og:title\" content=\"Appunti di redazione - Noi di Qua Testata giornalistica e di attualit\u00e0 di Agliana, Montale e Quarrata.\" \/>\n<meta property=\"og:description\" content=\"di\u00a0Giacomo Bini marzo 2015 La tempesta di vento che ha strapazzato la piana, come tante altre zone della nostra regione, ha lasciato dietro di s\u00e9 molte rovine e, a\u00a0Tobbiana\u00a0di\u00a0Montale, anche un grave lutto, quale tragica conseguenza indiretta del maltempo. Alle molte fragilit\u00e0 del nostro territorio, dalle frane agli allagamenti, dal rischio sismico all\u2019inquinamento dell\u2019aria, [&hellip;]\" \/>\n<meta property=\"og:url\" content=\"https:\/\/www.noidiqua.it\/Montale\/appunti-redazione-3\/\" \/>\n<meta property=\"og:site_name\" content=\"Noi di Qua Testata giornalistica e di attualit\u00e0 di Agliana, Montale e Quarrata.\" \/>\n<meta property=\"article:publisher\" content=\"https:\/\/www.facebook.com\/noidiqua.trimestrale\/\" \/>\n<meta property=\"article:published_time\" content=\"2015-03-13T14:37:37+00:00\" \/>\n<meta property=\"article:modified_time\" content=\"2023-01-02T11:48:24+00:00\" \/>\n<meta property=\"og:image\" content=\"https:\/\/www.noidiqua.it\/Montale\/wp-content\/uploads\/2018\/03\/Logo-Noidiqua.png\" \/>\n<meta name=\"author\" content=\"Giacomo Bini\" \/>\n<meta name=\"twitter:label1\" content=\"Scritto da\" \/>\n\t<meta name=\"twitter:data1\" content=\"Giacomo Bini\" \/>\n\t<meta name=\"twitter:label2\" content=\"Tempo di lettura stimato\" \/>\n\t<meta name=\"twitter:data2\" content=\"3 minuti\" \/>\n<script type=\"application\/ld+json\" class=\"yoast-schema-graph\">{\"@context\":\"https:\/\/schema.org\",\"@graph\":[{\"@type\":\"WebPage\",\"@id\":\"https:\/\/www.noidiqua.it\/Montale\/appunti-redazione-3\/\",\"url\":\"https:\/\/www.noidiqua.it\/Montale\/appunti-redazione-3\/\",\"name\":\"Appunti di redazione - Noi di Qua Testata giornalistica e di attualit\u00e0 di Agliana, Montale e Quarrata.\",\"isPartOf\":{\"@id\":\"https:\/\/www.noidiqua.it\/Montale\/#website\"},\"primaryImageOfPage\":{\"@id\":\"https:\/\/www.noidiqua.it\/Montale\/appunti-redazione-3\/#primaryimage\"},\"image\":{\"@id\":\"https:\/\/www.noidiqua.it\/Montale\/appunti-redazione-3\/#primaryimage\"},\"thumbnailUrl\":\"https:\/\/www.noidiqua.it\/Montale\/wp-content\/uploads\/2018\/03\/Logo-Noidiqua.png\",\"datePublished\":\"2015-03-13T14:37:37+00:00\",\"dateModified\":\"2023-01-02T11:48:24+00:00\",\"author\":{\"@id\":\"https:\/\/www.noidiqua.it\/Montale\/#\/schema\/person\/e2e6f44da50af0dae9c90ad168e471a4\"},\"breadcrumb\":{\"@id\":\"https:\/\/www.noidiqua.it\/Montale\/appunti-redazione-3\/#breadcrumb\"},\"inLanguage\":\"it-IT\",\"potentialAction\":[{\"@type\":\"ReadAction\",\"target\":[\"https:\/\/www.noidiqua.it\/Montale\/appunti-redazione-3\/\"]}]},{\"@type\":\"ImageObject\",\"inLanguage\":\"it-IT\",\"@id\":\"https:\/\/www.noidiqua.it\/Montale\/appunti-redazione-3\/#primaryimage\",\"url\":\"https:\/\/www.noidiqua.it\/Montale\/wp-content\/uploads\/2018\/03\/Logo-Noidiqua.png\",\"contentUrl\":\"https:\/\/www.noidiqua.it\/Montale\/wp-content\/uploads\/2018\/03\/Logo-Noidiqua.png\",\"width\":488,\"height\":344},{\"@type\":\"BreadcrumbList\",\"@id\":\"https:\/\/www.noidiqua.it\/Montale\/appunti-redazione-3\/#breadcrumb\",\"itemListElement\":[{\"@type\":\"ListItem\",\"position\":1,\"name\":\"Home\",\"item\":\"https:\/\/www.noidiqua.it\/Montale\/\"},{\"@type\":\"ListItem\",\"position\":2,\"name\":\"Appunti di redazione\"}]},{\"@type\":\"WebSite\",\"@id\":\"https:\/\/www.noidiqua.it\/Montale\/#website\",\"url\":\"https:\/\/www.noidiqua.it\/Montale\/\",\"name\":\"Noi di Qua Testata giornalistica e di attualit\u00e0 di Agliana, Montale e Quarrata.\",\"description\":\"Testata Giornalistica Quarrata Montale Agliana\",\"potentialAction\":[{\"@type\":\"SearchAction\",\"target\":{\"@type\":\"EntryPoint\",\"urlTemplate\":\"https:\/\/www.noidiqua.it\/Montale\/?s={search_term_string}\"},\"query-input\":{\"@type\":\"PropertyValueSpecification\",\"valueRequired\":true,\"valueName\":\"search_term_string\"}}],\"inLanguage\":\"it-IT\"},{\"@type\":\"Person\",\"@id\":\"https:\/\/www.noidiqua.it\/Montale\/#\/schema\/person\/e2e6f44da50af0dae9c90ad168e471a4\",\"name\":\"Giacomo Bini\",\"image\":{\"@type\":\"ImageObject\",\"inLanguage\":\"it-IT\",\"@id\":\"https:\/\/www.noidiqua.it\/Montale\/#\/schema\/person\/image\/\",\"url\":\"https:\/\/secure.gravatar.com\/avatar\/e5c18ae41df5ae37397358f2c6046696187d51a120c5d0b8f0c49f7b606f46f4?s=96&d=mm&r=g\",\"contentUrl\":\"https:\/\/secure.gravatar.com\/avatar\/e5c18ae41df5ae37397358f2c6046696187d51a120c5d0b8f0c49f7b606f46f4?s=96&d=mm&r=g\",\"caption\":\"Giacomo Bini\"},\"url\":\"https:\/\/www.noidiqua.it\/Montale\/author\/giacomo-bini\/\"}]}<\/script>\n<!-- \/ Yoast SEO plugin. -->","yoast_head_json":{"title":"Appunti di redazione - Noi di Qua Testata giornalistica e di attualit\u00e0 di Agliana, Montale e Quarrata.","robots":{"index":"index","follow":"follow","max-snippet":"max-snippet:-1","max-image-preview":"max-image-preview:large","max-video-preview":"max-video-preview:-1"},"canonical":"https:\/\/www.noidiqua.it\/Montale\/appunti-redazione-3\/","og_locale":"it_IT","og_type":"article","og_title":"Appunti di redazione - Noi di Qua Testata giornalistica e di attualit\u00e0 di Agliana, Montale e Quarrata.","og_description":"di\u00a0Giacomo Bini marzo 2015 La tempesta di vento che ha strapazzato la piana, come tante altre zone della nostra regione, ha lasciato dietro di s\u00e9 molte rovine e, a\u00a0Tobbiana\u00a0di\u00a0Montale, anche un grave lutto, quale tragica conseguenza indiretta del maltempo. Alle molte fragilit\u00e0 del nostro territorio, dalle frane agli allagamenti, dal rischio sismico all\u2019inquinamento dell\u2019aria, [&hellip;]","og_url":"https:\/\/www.noidiqua.it\/Montale\/appunti-redazione-3\/","og_site_name":"Noi di Qua Testata giornalistica e di attualit\u00e0 di Agliana, Montale e Quarrata.","article_publisher":"https:\/\/www.facebook.com\/noidiqua.trimestrale\/","article_published_time":"2015-03-13T14:37:37+00:00","article_modified_time":"2023-01-02T11:48:24+00:00","og_image":[{"url":"https:\/\/www.noidiqua.it\/Montale\/wp-content\/uploads\/2018\/03\/Logo-Noidiqua.png","type":"","width":"","height":""}],"author":"Giacomo Bini","twitter_misc":{"Scritto da":"Giacomo Bini","Tempo di lettura stimato":"3 minuti"},"schema":{"@context":"https:\/\/schema.org","@graph":[{"@type":"WebPage","@id":"https:\/\/www.noidiqua.it\/Montale\/appunti-redazione-3\/","url":"https:\/\/www.noidiqua.it\/Montale\/appunti-redazione-3\/","name":"Appunti di redazione - Noi di Qua Testata giornalistica e di attualit\u00e0 di Agliana, Montale e Quarrata.","isPartOf":{"@id":"https:\/\/www.noidiqua.it\/Montale\/#website"},"primaryImageOfPage":{"@id":"https:\/\/www.noidiqua.it\/Montale\/appunti-redazione-3\/#primaryimage"},"image":{"@id":"https:\/\/www.noidiqua.it\/Montale\/appunti-redazione-3\/#primaryimage"},"thumbnailUrl":"https:\/\/www.noidiqua.it\/Montale\/wp-content\/uploads\/2018\/03\/Logo-Noidiqua.png","datePublished":"2015-03-13T14:37:37+00:00","dateModified":"2023-01-02T11:48:24+00:00","author":{"@id":"https:\/\/www.noidiqua.it\/Montale\/#\/schema\/person\/e2e6f44da50af0dae9c90ad168e471a4"},"breadcrumb":{"@id":"https:\/\/www.noidiqua.it\/Montale\/appunti-redazione-3\/#breadcrumb"},"inLanguage":"it-IT","potentialAction":[{"@type":"ReadAction","target":["https:\/\/www.noidiqua.it\/Montale\/appunti-redazione-3\/"]}]},{"@type":"ImageObject","inLanguage":"it-IT","@id":"https:\/\/www.noidiqua.it\/Montale\/appunti-redazione-3\/#primaryimage","url":"https:\/\/www.noidiqua.it\/Montale\/wp-content\/uploads\/2018\/03\/Logo-Noidiqua.png","contentUrl":"https:\/\/www.noidiqua.it\/Montale\/wp-content\/uploads\/2018\/03\/Logo-Noidiqua.png","width":488,"height":344},{"@type":"BreadcrumbList","@id":"https:\/\/www.noidiqua.it\/Montale\/appunti-redazione-3\/#breadcrumb","itemListElement":[{"@type":"ListItem","position":1,"name":"Home","item":"https:\/\/www.noidiqua.it\/Montale\/"},{"@type":"ListItem","position":2,"name":"Appunti di redazione"}]},{"@type":"WebSite","@id":"https:\/\/www.noidiqua.it\/Montale\/#website","url":"https:\/\/www.noidiqua.it\/Montale\/","name":"Noi di Qua Testata giornalistica e di attualit\u00e0 di Agliana, Montale e Quarrata.","description":"Testata Giornalistica Quarrata Montale Agliana","potentialAction":[{"@type":"SearchAction","target":{"@type":"EntryPoint","urlTemplate":"https:\/\/www.noidiqua.it\/Montale\/?s={search_term_string}"},"query-input":{"@type":"PropertyValueSpecification","valueRequired":true,"valueName":"search_term_string"}}],"inLanguage":"it-IT"},{"@type":"Person","@id":"https:\/\/www.noidiqua.it\/Montale\/#\/schema\/person\/e2e6f44da50af0dae9c90ad168e471a4","name":"Giacomo Bini","image":{"@type":"ImageObject","inLanguage":"it-IT","@id":"https:\/\/www.noidiqua.it\/Montale\/#\/schema\/person\/image\/","url":"https:\/\/secure.gravatar.com\/avatar\/e5c18ae41df5ae37397358f2c6046696187d51a120c5d0b8f0c49f7b606f46f4?s=96&d=mm&r=g","contentUrl":"https:\/\/secure.gravatar.com\/avatar\/e5c18ae41df5ae37397358f2c6046696187d51a120c5d0b8f0c49f7b606f46f4?s=96&d=mm&r=g","caption":"Giacomo Bini"},"url":"https:\/\/www.noidiqua.it\/Montale\/author\/giacomo-bini\/"}]}},"_links":{"self":[{"href":"https:\/\/www.noidiqua.it\/Montale\/wp-json\/wp\/v2\/posts\/3275","targetHints":{"allow":["GET"]}}],"collection":[{"href":"https:\/\/www.noidiqua.it\/Montale\/wp-json\/wp\/v2\/posts"}],"about":[{"href":"https:\/\/www.noidiqua.it\/Montale\/wp-json\/wp\/v2\/types\/post"}],"author":[{"embeddable":true,"href":"https:\/\/www.noidiqua.it\/Montale\/wp-json\/wp\/v2\/users\/12"}],"replies":[{"embeddable":true,"href":"https:\/\/www.noidiqua.it\/Montale\/wp-json\/wp\/v2\/comments?post=3275"}],"version-history":[{"count":3,"href":"https:\/\/www.noidiqua.it\/Montale\/wp-json\/wp\/v2\/posts\/3275\/revisions"}],"predecessor-version":[{"id":7421,"href":"https:\/\/www.noidiqua.it\/Montale\/wp-json\/wp\/v2\/posts\/3275\/revisions\/7421"}],"wp:attachment":[{"href":"https:\/\/www.noidiqua.it\/Montale\/wp-json\/wp\/v2\/media?parent=3275"}],"wp:term":[{"taxonomy":"category","embeddable":true,"href":"https:\/\/www.noidiqua.it\/Montale\/wp-json\/wp\/v2\/categories?post=3275"},{"taxonomy":"post_tag","embeddable":true,"href":"https:\/\/www.noidiqua.it\/Montale\/wp-json\/wp\/v2\/tags?post=3275"}],"curies":[{"name":"wp","href":"https:\/\/api.w.org\/{rel}","templated":true}]}}