{"id":3278,"date":"2015-03-13T16:21:09","date_gmt":"2015-03-13T15:21:09","guid":{"rendered":"https:\/\/www.noidiqua.it\/Montale\/?p=3278"},"modified":"2023-01-02T12:50:48","modified_gmt":"2023-01-02T11:50:48","slug":"polisportiva-90","status":"publish","type":"post","link":"https:\/\/www.noidiqua.it\/Montale\/polisportiva-90\/","title":{"rendered":"Polisportiva &#8217;90"},"content":{"rendered":"<p><em>di\u00a0Giacomo Bini. Foto: <a href=\"http:\/\/www.bellinigabriele.it\">Gabriele Bellini<\/a>.<\/em><\/p>\n<p>marzo 2015<\/p>\n<p><a href=\"https:\/\/www.noidiqua.it\/Montale\/wp-content\/uploads\/2015\/03\/polisportiva-1.png\" rel=\"wp-prettyPhoto[3278]\"><img loading=\"lazy\" decoding=\"async\" class=\"aligncenter size-full wp-image-7422\" src=\"https:\/\/www.noidiqua.it\/Montale\/wp-content\/uploads\/2015\/03\/polisportiva-1.png\" alt=\"\" width=\"510\" height=\"323\" srcset=\"https:\/\/www.noidiqua.it\/Montale\/wp-content\/uploads\/2015\/03\/polisportiva-1.png 510w, https:\/\/www.noidiqua.it\/Montale\/wp-content\/uploads\/2015\/03\/polisportiva-1-300x190.png 300w\" sizes=\"auto, (max-width: 510px) 100vw, 510px\" \/><\/a><\/p>\n<p><span class=\"s1\">La <strong>Polisportiva \u201990<\/strong> celebra quest\u2019anno i suoi 25 anni di attivit\u00e0, cio\u00e8 le nozze d\u2019oro di questa societ\u00e0 di calcio giovanile con la comunit\u00e0 montalese di cui rappresenta uno dei punti di riferimento dal punto di vista sportivo e sociale. <i>\u00abCredo che non ci siano ragazzi tra i montalesi che ora hanno trent\u2019anni\u00bb <\/i>dice il presidente Antonio Innocenti<i> \u00abche non siano stati almeno un giorno da noi, magari solo per una prova\u00bb<\/i>.\u00a0<\/span><\/p>\n<p>&nbsp;<\/p>\n<p class=\"p1\" style=\"text-align: justify;\"><span class=\"s1\">La Polisportiva \u201890 \u00e8 nata da un\u2019idea di <strong>Fedele Votino<\/strong>, che ne \u00e8 tutt\u2019ora presidente onorario, ed ha raccolto l\u2019eredit\u00e0 del lavoro fatto dal parroco di <strong>Tobbiana<\/strong> <strong>don Marino Marini<\/strong>. Un contributo importante fu dato anche dall\u2019allora assessore allo sport <strong>Gaetano Algozzino<\/strong>. I punti di forza della Polisportiva sono stati la fedelt\u00e0 alla sua identit\u00e0 originaria di societ\u00e0 specializzata in calcio giovanile, la continuit\u00e0 del gruppo dirigenziale e soprattutto un rapporto di fiducia solidissimo con le famiglie. <i>\u00abQuesto \u00e8 un posto dove le famiglie sono certe di lasciare i loro ragazzi a persone competenti e accoglienti\u00bb<\/i> afferma il presidente <i>\u00abla nostra prima attenzione \u00e8 alla sicurezza come dimostrano anche i due defibrillatori presenti nei due campi che vengono utilizzati e il corso di formazione all\u2019uso di questi apparecchi compiuto da tutti gli istruttori. Il nostro scopo \u00e8 sempre stato quello di insegnare lo spirito di gruppo, a stare insieme e a rispettare gli altri. Tra i nostri successi principali ci sono i casi di ragazzi che avevano problemi a scuola e nelle relazioni con gli altri, e in seguito all\u2019attivit\u00e0 svolta da noi, sono migliorati anche nel comportamento. Naturalmente curiamo moltissimo anche l\u2019aspetto tecnico come dimostrano i giovani calciatori che hanno fatto carriera uscendo dalle nostre squadre come, per fare solo un esempio, Thomas Cortese, che ha giocato nella Fiorentina\u00bb<\/i>.\u00a0<\/span><\/p>\n<p><a href=\"https:\/\/www.noidiqua.it\/Montale\/wp-content\/uploads\/2015\/03\/polisportiva-2.png\" rel=\"wp-prettyPhoto[3278]\"><img loading=\"lazy\" decoding=\"async\" class=\"aligncenter size-full wp-image-7423\" src=\"https:\/\/www.noidiqua.it\/Montale\/wp-content\/uploads\/2015\/03\/polisportiva-2.png\" alt=\"\" width=\"496\" height=\"319\" srcset=\"https:\/\/www.noidiqua.it\/Montale\/wp-content\/uploads\/2015\/03\/polisportiva-2.png 496w, https:\/\/www.noidiqua.it\/Montale\/wp-content\/uploads\/2015\/03\/polisportiva-2-300x193.png 300w\" sizes=\"auto, (max-width: 496px) 100vw, 496px\" \/><\/a><\/p>\n<p class=\"p1\" style=\"text-align: justify;\"><span class=\"s1\">Uno dei fiori all\u2019occhiello della societ\u00e0 montalese \u00e8 l\u2019affiliazione con la <strong>Roma<\/strong> che consente agli istruttori di partecipare a stage tecnici nel centro sportivo romano di <strong>Trigoria<\/strong> e ai ragazzi di andare a vedere qualche partita della Roma all\u2019<strong>Olimpico<\/strong>. Sempre a Trigoria ogni anno la Polisportiva partecipa ad un torneo giovanile. Ma anche a Montale sono stati organizzati tornei prestigiosi di carattere internazionale con la partecipazione di squadre di diversi paesi europei.\u00a0 La Polisportiva \u00e8 cresciuto molto specialmente negli ultimi anni, da quando il direttore generale \u00e8<strong> Sandro Paesano<\/strong>, e oggi vanta 231 ragazzi iscritti, nati tra il 1998 e il 2009, con 15 squadre (in modo che tutti possano giocare). Molti ragazzi vengono anche dai centri urbani vicini. Nei due campi in gestione della societ\u00e0, il parrocchiale <strong>Paolo Perugi<\/strong> e il comunale <strong>Romano Nencini<\/strong>, operano 16 istruttori e sei custodi. La Scuola Calcio, attualmente diretta da<strong> Fabrizio Nerattini<\/strong>, \u00e8 intitolata a Paolo Perugi, il giocatore di <strong>Pistoiese<\/strong> e <strong>Fiorentina<\/strong> recentemente scomparso, che \u00e8 stato un esempio di valori sportivi ed umani per generazioni di giovani. Il consiglio direttivo \u00e8 composto dal presidente <strong>Antonio Innocenti<\/strong>, dal vice-presidente <strong>Giovanni Balestri<\/strong>, dal segretario <strong>Franco Meoni<\/strong> e dal tesoriere <strong>Gianfranco Cherubini<\/strong>. <i>\u00abDobbiamo essere grati alla parrocchia\u00bb<\/i> dice Innocenti <i>\u00abed in particolare a Don Paolo Firindelli che ci ha sempre sostenuto e anche al Comune pur con tutti i limiti della finanza locale\u00bb<\/i>.\u00a0<\/span><\/p>\n<p class=\"p1\" style=\"text-align: justify;\"><span class=\"s1\">Tenere in piedi un\u2019attivit\u00e0 cos\u00ec ampia \u00e8 molto impegnativo sia dal punto di vista del lavoro quotidiano, che da quello finanziario (e alla Polisportiva non si sgarra di un euro sugli equilibri di bilancio), ma alla fine la ricompensa vale la fatica impiegata: <i>\u00abvedere quello sciame di ragazzi che si divertono in campo\u00bb\u00a0<\/i> afferma Innocenti <i>\u00ab\u00e8 il nostro premio pi\u00f9 grande\u00bb<\/i>.<\/span><\/p>","protected":false},"excerpt":{"rendered":"<p>di\u00a0Giacomo Bini. Foto: Gabriele Bellini. marzo 2015 La Polisportiva \u201990 celebra quest\u2019anno i suoi 25 anni di attivit\u00e0, cio\u00e8 le nozze d\u2019oro di questa societ\u00e0 di calcio giovanile con la comunit\u00e0 montalese di cui rappresenta uno dei punti di riferimento dal punto di vista sportivo e sociale. \u00abCredo che non ci siano ragazzi tra [&hellip;]<\/p>","protected":false},"author":12,"featured_media":0,"comment_status":"open","ping_status":"open","sticky":false,"template":"","format":"standard","meta":{"footnotes":""},"categories":[171,7],"tags":[174,81,91,995,109,113,114,173,140,150],"class_list":["post-3278","post","type-post","status-publish","format-standard","hentry","category-lo-sport-di-qua","category-mt","tag-antonio-innocenti","tag-gente-di-qua","tag-il-montalese","tag-mt","tag-montalese","tag-noidiqua","tag-noidiqua-il-montalese","tag-polisportiva-90","tag-sandro-paesano","tag-sport"],"yoast_head":"<!-- This site is optimized with the Yoast SEO plugin v25.5 - https:\/\/yoast.com\/wordpress\/plugins\/seo\/ -->\n<title>Polisportiva &#039;90 - Noi di Qua Testata giornalistica e di attualit\u00e0 di Agliana, Montale e Quarrata.<\/title>\n<meta name=\"robots\" content=\"index, follow, max-snippet:-1, max-image-preview:large, max-video-preview:-1\" \/>\n<link rel=\"canonical\" href=\"https:\/\/www.noidiqua.it\/Montale\/polisportiva-90\/\" \/>\n<meta property=\"og:locale\" content=\"it_IT\" \/>\n<meta property=\"og:type\" content=\"article\" \/>\n<meta property=\"og:title\" content=\"Polisportiva &#039;90 - Noi di Qua Testata giornalistica e di attualit\u00e0 di Agliana, Montale e Quarrata.\" \/>\n<meta property=\"og:description\" content=\"di\u00a0Giacomo Bini. Foto: Gabriele Bellini. marzo 2015 La Polisportiva \u201990 celebra quest\u2019anno i suoi 25 anni di attivit\u00e0, cio\u00e8 le nozze d\u2019oro di questa societ\u00e0 di calcio giovanile con la comunit\u00e0 montalese di cui rappresenta uno dei punti di riferimento dal punto di vista sportivo e sociale. \u00abCredo che non ci siano ragazzi tra [&hellip;]\" \/>\n<meta property=\"og:url\" content=\"https:\/\/www.noidiqua.it\/Montale\/polisportiva-90\/\" \/>\n<meta property=\"og:site_name\" content=\"Noi di Qua Testata giornalistica e di attualit\u00e0 di Agliana, Montale e Quarrata.\" \/>\n<meta property=\"article:publisher\" content=\"https:\/\/www.facebook.com\/noidiqua.trimestrale\/\" \/>\n<meta property=\"article:published_time\" content=\"2015-03-13T15:21:09+00:00\" \/>\n<meta property=\"article:modified_time\" content=\"2023-01-02T11:50:48+00:00\" \/>\n<meta property=\"og:image\" content=\"https:\/\/www.noidiqua.it\/Montale\/wp-content\/uploads\/2015\/03\/polisportiva-1.png\" \/>\n<meta name=\"author\" content=\"Giacomo Bini\" \/>\n<meta name=\"twitter:label1\" content=\"Scritto da\" \/>\n\t<meta name=\"twitter:data1\" content=\"Giacomo Bini\" \/>\n\t<meta name=\"twitter:label2\" content=\"Tempo di lettura stimato\" \/>\n\t<meta name=\"twitter:data2\" content=\"3 minuti\" \/>\n<script type=\"application\/ld+json\" class=\"yoast-schema-graph\">{\"@context\":\"https:\/\/schema.org\",\"@graph\":[{\"@type\":\"WebPage\",\"@id\":\"https:\/\/www.noidiqua.it\/Montale\/polisportiva-90\/\",\"url\":\"https:\/\/www.noidiqua.it\/Montale\/polisportiva-90\/\",\"name\":\"Polisportiva '90 - Noi di Qua Testata giornalistica e di attualit\u00e0 di Agliana, Montale e Quarrata.\",\"isPartOf\":{\"@id\":\"https:\/\/www.noidiqua.it\/Montale\/#website\"},\"primaryImageOfPage\":{\"@id\":\"https:\/\/www.noidiqua.it\/Montale\/polisportiva-90\/#primaryimage\"},\"image\":{\"@id\":\"https:\/\/www.noidiqua.it\/Montale\/polisportiva-90\/#primaryimage\"},\"thumbnailUrl\":\"https:\/\/www.noidiqua.it\/Montale\/wp-content\/uploads\/2015\/03\/polisportiva-1.png\",\"datePublished\":\"2015-03-13T15:21:09+00:00\",\"dateModified\":\"2023-01-02T11:50:48+00:00\",\"author\":{\"@id\":\"https:\/\/www.noidiqua.it\/Montale\/#\/schema\/person\/e2e6f44da50af0dae9c90ad168e471a4\"},\"breadcrumb\":{\"@id\":\"https:\/\/www.noidiqua.it\/Montale\/polisportiva-90\/#breadcrumb\"},\"inLanguage\":\"it-IT\",\"potentialAction\":[{\"@type\":\"ReadAction\",\"target\":[\"https:\/\/www.noidiqua.it\/Montale\/polisportiva-90\/\"]}]},{\"@type\":\"ImageObject\",\"inLanguage\":\"it-IT\",\"@id\":\"https:\/\/www.noidiqua.it\/Montale\/polisportiva-90\/#primaryimage\",\"url\":\"https:\/\/www.noidiqua.it\/Montale\/wp-content\/uploads\/2015\/03\/polisportiva-1.png\",\"contentUrl\":\"https:\/\/www.noidiqua.it\/Montale\/wp-content\/uploads\/2015\/03\/polisportiva-1.png\",\"width\":510,\"height\":323},{\"@type\":\"BreadcrumbList\",\"@id\":\"https:\/\/www.noidiqua.it\/Montale\/polisportiva-90\/#breadcrumb\",\"itemListElement\":[{\"@type\":\"ListItem\",\"position\":1,\"name\":\"Home\",\"item\":\"https:\/\/www.noidiqua.it\/Montale\/\"},{\"@type\":\"ListItem\",\"position\":2,\"name\":\"Polisportiva &#8217;90\"}]},{\"@type\":\"WebSite\",\"@id\":\"https:\/\/www.noidiqua.it\/Montale\/#website\",\"url\":\"https:\/\/www.noidiqua.it\/Montale\/\",\"name\":\"Noi di Qua Testata giornalistica e di attualit\u00e0 di Agliana, Montale e Quarrata.\",\"description\":\"Testata Giornalistica Quarrata Montale Agliana\",\"potentialAction\":[{\"@type\":\"SearchAction\",\"target\":{\"@type\":\"EntryPoint\",\"urlTemplate\":\"https:\/\/www.noidiqua.it\/Montale\/?s={search_term_string}\"},\"query-input\":{\"@type\":\"PropertyValueSpecification\",\"valueRequired\":true,\"valueName\":\"search_term_string\"}}],\"inLanguage\":\"it-IT\"},{\"@type\":\"Person\",\"@id\":\"https:\/\/www.noidiqua.it\/Montale\/#\/schema\/person\/e2e6f44da50af0dae9c90ad168e471a4\",\"name\":\"Giacomo Bini\",\"image\":{\"@type\":\"ImageObject\",\"inLanguage\":\"it-IT\",\"@id\":\"https:\/\/www.noidiqua.it\/Montale\/#\/schema\/person\/image\/\",\"url\":\"https:\/\/secure.gravatar.com\/avatar\/e5c18ae41df5ae37397358f2c6046696187d51a120c5d0b8f0c49f7b606f46f4?s=96&d=mm&r=g\",\"contentUrl\":\"https:\/\/secure.gravatar.com\/avatar\/e5c18ae41df5ae37397358f2c6046696187d51a120c5d0b8f0c49f7b606f46f4?s=96&d=mm&r=g\",\"caption\":\"Giacomo Bini\"},\"url\":\"https:\/\/www.noidiqua.it\/Montale\/author\/giacomo-bini\/\"}]}<\/script>\n<!-- \/ Yoast SEO plugin. -->","yoast_head_json":{"title":"Polisportiva '90 - Noi di Qua Testata giornalistica e di attualit\u00e0 di Agliana, Montale e Quarrata.","robots":{"index":"index","follow":"follow","max-snippet":"max-snippet:-1","max-image-preview":"max-image-preview:large","max-video-preview":"max-video-preview:-1"},"canonical":"https:\/\/www.noidiqua.it\/Montale\/polisportiva-90\/","og_locale":"it_IT","og_type":"article","og_title":"Polisportiva '90 - Noi di Qua Testata giornalistica e di attualit\u00e0 di Agliana, Montale e Quarrata.","og_description":"di\u00a0Giacomo Bini. Foto: Gabriele Bellini. marzo 2015 La Polisportiva \u201990 celebra quest\u2019anno i suoi 25 anni di attivit\u00e0, cio\u00e8 le nozze d\u2019oro di questa societ\u00e0 di calcio giovanile con la comunit\u00e0 montalese di cui rappresenta uno dei punti di riferimento dal punto di vista sportivo e sociale. \u00abCredo che non ci siano ragazzi tra [&hellip;]","og_url":"https:\/\/www.noidiqua.it\/Montale\/polisportiva-90\/","og_site_name":"Noi di Qua Testata giornalistica e di attualit\u00e0 di Agliana, Montale e Quarrata.","article_publisher":"https:\/\/www.facebook.com\/noidiqua.trimestrale\/","article_published_time":"2015-03-13T15:21:09+00:00","article_modified_time":"2023-01-02T11:50:48+00:00","og_image":[{"url":"https:\/\/www.noidiqua.it\/Montale\/wp-content\/uploads\/2015\/03\/polisportiva-1.png","type":"","width":"","height":""}],"author":"Giacomo Bini","twitter_misc":{"Scritto da":"Giacomo Bini","Tempo di lettura stimato":"3 minuti"},"schema":{"@context":"https:\/\/schema.org","@graph":[{"@type":"WebPage","@id":"https:\/\/www.noidiqua.it\/Montale\/polisportiva-90\/","url":"https:\/\/www.noidiqua.it\/Montale\/polisportiva-90\/","name":"Polisportiva '90 - Noi di Qua Testata giornalistica e di attualit\u00e0 di Agliana, Montale e Quarrata.","isPartOf":{"@id":"https:\/\/www.noidiqua.it\/Montale\/#website"},"primaryImageOfPage":{"@id":"https:\/\/www.noidiqua.it\/Montale\/polisportiva-90\/#primaryimage"},"image":{"@id":"https:\/\/www.noidiqua.it\/Montale\/polisportiva-90\/#primaryimage"},"thumbnailUrl":"https:\/\/www.noidiqua.it\/Montale\/wp-content\/uploads\/2015\/03\/polisportiva-1.png","datePublished":"2015-03-13T15:21:09+00:00","dateModified":"2023-01-02T11:50:48+00:00","author":{"@id":"https:\/\/www.noidiqua.it\/Montale\/#\/schema\/person\/e2e6f44da50af0dae9c90ad168e471a4"},"breadcrumb":{"@id":"https:\/\/www.noidiqua.it\/Montale\/polisportiva-90\/#breadcrumb"},"inLanguage":"it-IT","potentialAction":[{"@type":"ReadAction","target":["https:\/\/www.noidiqua.it\/Montale\/polisportiva-90\/"]}]},{"@type":"ImageObject","inLanguage":"it-IT","@id":"https:\/\/www.noidiqua.it\/Montale\/polisportiva-90\/#primaryimage","url":"https:\/\/www.noidiqua.it\/Montale\/wp-content\/uploads\/2015\/03\/polisportiva-1.png","contentUrl":"https:\/\/www.noidiqua.it\/Montale\/wp-content\/uploads\/2015\/03\/polisportiva-1.png","width":510,"height":323},{"@type":"BreadcrumbList","@id":"https:\/\/www.noidiqua.it\/Montale\/polisportiva-90\/#breadcrumb","itemListElement":[{"@type":"ListItem","position":1,"name":"Home","item":"https:\/\/www.noidiqua.it\/Montale\/"},{"@type":"ListItem","position":2,"name":"Polisportiva &#8217;90"}]},{"@type":"WebSite","@id":"https:\/\/www.noidiqua.it\/Montale\/#website","url":"https:\/\/www.noidiqua.it\/Montale\/","name":"Noi di Qua Testata giornalistica e di attualit\u00e0 di Agliana, Montale e Quarrata.","description":"Testata Giornalistica Quarrata Montale Agliana","potentialAction":[{"@type":"SearchAction","target":{"@type":"EntryPoint","urlTemplate":"https:\/\/www.noidiqua.it\/Montale\/?s={search_term_string}"},"query-input":{"@type":"PropertyValueSpecification","valueRequired":true,"valueName":"search_term_string"}}],"inLanguage":"it-IT"},{"@type":"Person","@id":"https:\/\/www.noidiqua.it\/Montale\/#\/schema\/person\/e2e6f44da50af0dae9c90ad168e471a4","name":"Giacomo Bini","image":{"@type":"ImageObject","inLanguage":"it-IT","@id":"https:\/\/www.noidiqua.it\/Montale\/#\/schema\/person\/image\/","url":"https:\/\/secure.gravatar.com\/avatar\/e5c18ae41df5ae37397358f2c6046696187d51a120c5d0b8f0c49f7b606f46f4?s=96&d=mm&r=g","contentUrl":"https:\/\/secure.gravatar.com\/avatar\/e5c18ae41df5ae37397358f2c6046696187d51a120c5d0b8f0c49f7b606f46f4?s=96&d=mm&r=g","caption":"Giacomo Bini"},"url":"https:\/\/www.noidiqua.it\/Montale\/author\/giacomo-bini\/"}]}},"_links":{"self":[{"href":"https:\/\/www.noidiqua.it\/Montale\/wp-json\/wp\/v2\/posts\/3278","targetHints":{"allow":["GET"]}}],"collection":[{"href":"https:\/\/www.noidiqua.it\/Montale\/wp-json\/wp\/v2\/posts"}],"about":[{"href":"https:\/\/www.noidiqua.it\/Montale\/wp-json\/wp\/v2\/types\/post"}],"author":[{"embeddable":true,"href":"https:\/\/www.noidiqua.it\/Montale\/wp-json\/wp\/v2\/users\/12"}],"replies":[{"embeddable":true,"href":"https:\/\/www.noidiqua.it\/Montale\/wp-json\/wp\/v2\/comments?post=3278"}],"version-history":[{"count":4,"href":"https:\/\/www.noidiqua.it\/Montale\/wp-json\/wp\/v2\/posts\/3278\/revisions"}],"predecessor-version":[{"id":7425,"href":"https:\/\/www.noidiqua.it\/Montale\/wp-json\/wp\/v2\/posts\/3278\/revisions\/7425"}],"wp:attachment":[{"href":"https:\/\/www.noidiqua.it\/Montale\/wp-json\/wp\/v2\/media?parent=3278"}],"wp:term":[{"taxonomy":"category","embeddable":true,"href":"https:\/\/www.noidiqua.it\/Montale\/wp-json\/wp\/v2\/categories?post=3278"},{"taxonomy":"post_tag","embeddable":true,"href":"https:\/\/www.noidiqua.it\/Montale\/wp-json\/wp\/v2\/tags?post=3278"}],"curies":[{"name":"wp","href":"https:\/\/api.w.org\/{rel}","templated":true}]}}