{"id":3302,"date":"2015-03-13T16:58:21","date_gmt":"2015-03-13T15:58:21","guid":{"rendered":"https:\/\/www.noidiqua.it\/Montale\/?p=3302"},"modified":"2023-01-02T16:53:43","modified_gmt":"2023-01-02T15:53:43","slug":"autofficina-vivarelli-60-anni-storia","status":"publish","type":"post","link":"https:\/\/www.noidiqua.it\/Montale\/autofficina-vivarelli-60-anni-storia\/","title":{"rendered":"Autofficina Vivarelli &#8211; 60 anni di storia"},"content":{"rendered":"<p><em>di\u00a0David Colzi<\/em><\/p>\n<p>marzo 2015<\/p>\n<p><a href=\"https:\/\/www.noidiqua.it\/Montale\/wp-content\/uploads\/2015\/03\/vivarelli-1.png\" rel=\"wp-prettyPhoto[3302]\"><img loading=\"lazy\" decoding=\"async\" class=\"aligncenter size-full wp-image-7431\" src=\"https:\/\/www.noidiqua.it\/Montale\/wp-content\/uploads\/2015\/03\/vivarelli-1.png\" alt=\"\" width=\"505\" height=\"330\" srcset=\"https:\/\/www.noidiqua.it\/Montale\/wp-content\/uploads\/2015\/03\/vivarelli-1.png 505w, https:\/\/www.noidiqua.it\/Montale\/wp-content\/uploads\/2015\/03\/vivarelli-1-300x196.png 300w\" sizes=\"auto, (max-width: 505px) 100vw, 505px\" \/><\/a><\/p>\n<p><span class=\"s1\">L\u2019autofficina <strong>Vivarelli<\/strong> \u00e8 un\u2019istituzione a<strong> Montale<\/strong>, ed il suo nome \u00e8 indissolubilmente legato al fondatore <strong>Rutilio<\/strong>, anche se da quest\u2019anno al timone ci sono i figli Marco e Monica.\u00a0<\/span><\/p>\n<p><span class=\"s1\">Fondata nel 1955, inizialmente si trovava in un piccolo garage in via dei <strong>Martiri della Libert\u00e0<\/strong>, ed \u00e8 stata la prima autofficina del nostro comune. Rutilio, che all\u2019epoca era un ragazzo di 22 anni ricorda: <i>\u00abEro molto giovane, ma avevo gi\u00e0 un\u2019esperienza decennale, acquisita lavorando in una grossa officina di <strong>Prato<\/strong>, di propriet\u00e0 di un montalese, <strong>Giovanni Tronci<\/strong>. Fu lui a convincermi a mettermi in proprio, in quanto aveva un\u2019ulteriore officina a Montale in via dei Martiri, di cui non riusciva ad occuparsi e pensava che io fossi la persona giusta per quel lavoro\u00bb. <\/i>Cos\u00ec,<i> <\/i>il giovane Rutilio che aveva iniziato a lavorare quando le auto erano la<strong> \u201cBalilla\u201d<\/strong>, la <strong>\u201cTopolino\u201d<\/strong> e la <strong>\u201cGiardinetta\u201d<\/strong>, si ritrov\u00f2 in una Montale non ancora motorizzata, dove l\u2019auto l\u2019aveva il dottore e pochi altri. Nel 1959, per esigenze di spazio, l\u2019officina si spost\u00f2 in via <strong>Sem Benelli<\/strong>, dove si trova tutt\u2019ora, e grazie all\u2019aiuto di <strong>Roberto Salvestrini<\/strong>, che aveva una concessionaria <strong>Fiat<\/strong> a <strong>Pistoia<\/strong>, Rutilio Vivarelli pot\u00e9, come ci dice lui, <i>\u00abAvere il cartello\u00bb<\/i>, cio\u00e8 installare l\u2019insegna che lo certificava come affiliato alla casa d\u2019auto torinese: una collaborazione questa che dura tutt\u2019oggi. <i>\u00abAvere l\u2019autorizzazione per essere officina &#8211; concessionaria non era cosa da poco.\u00bb <\/i>ricorda Vivarelli<i>. \u00abLa Fiat inviava un ispettore direttamente da Torino, che oltre a visitare la ditta e documentarsi su tutto, pretendeva garanzie sulla seriet\u00e0 del titolare, come le fedina penale pulita e la mancanza di protesti; insomma l\u2019immagine dell\u2019azienda doveva essere tutelata\u00bb<\/i>.<\/span><\/p>\n<p><a href=\"https:\/\/www.noidiqua.it\/Montale\/wp-content\/uploads\/2015\/03\/vivarelli-2.png\" rel=\"wp-prettyPhoto[3302]\"><img loading=\"lazy\" decoding=\"async\" class=\"aligncenter size-full wp-image-7432\" src=\"https:\/\/www.noidiqua.it\/Montale\/wp-content\/uploads\/2015\/03\/vivarelli-2.png\" alt=\"\" width=\"492\" height=\"428\" srcset=\"https:\/\/www.noidiqua.it\/Montale\/wp-content\/uploads\/2015\/03\/vivarelli-2.png 492w, https:\/\/www.noidiqua.it\/Montale\/wp-content\/uploads\/2015\/03\/vivarelli-2-300x261.png 300w\" sizes=\"auto, (max-width: 492px) 100vw, 492px\" \/><\/a><\/p>\n<p><span class=\"s1\">Una curiosit\u00e0: fra i vari requisiti richiesti per essere un\u2019officina &#8211; concessionaria Fiat, c\u2019era anche quello di dotare la propria struttura di una zona per il lavaggio auto. <i>\u00abLavare il sotto delle auto aiutava a smontarle,\u00bb <\/i>precisa Rutilio<i> \u00abperch\u00e9 quella era un\u2019epoca in cui i pezzi si riparavano e all\u2019occorrenza si \u201cingrassavano\u201d per non fargli fare rumore. Oggi, invece, se c\u2019\u00e8 un problema, si cambia tutto il blocco\u00bb<\/i>. Cos\u00ec, in un batter d\u2019occhio, pass\u00f2 un\u2019intera decade e il benessere economico arriv\u00f2, forte e chiaro, anche nella piccola Montale. Rutilio ricorda ancora il boom della <strong>Fiat 128<\/strong>, che nella versione familiare, divenne uno dei nuovi simboli della prosperit\u00e0 italiana. Con disinvoltura ci snocciola, uno dietro l\u2019altro, tutti i nomi delle auto passate tra le sue sapienti mani, ricordando i pregi di ciascuna: <strong>Fiat 500, Fiat 600, Fiat 850, Fiat 1100<\/strong>; auto che crescevano in volume, come crescevano le famiglie.<\/span><\/p>\n<p><span class=\"s1\">Tra la fine degli anni \u201880 e i primi \u201890, sono entrati in ditta<strong> Monica<\/strong> e <strong>Marco<\/strong>: la prima come segretaria d\u2019azienda, il secondo come aiutante, che ha iniziato da apprendista, lavando le auto dei clienti: \u00ab<i>Da questo punto di vista, il babbo non mi ha fatto sconti\u00bb<\/i> dice sorridendo Marco. Ora siamo al presente e chiediamo a Marco se ci sono novit\u00e0 in arrivo dalla nuova gestione: \u00ab<i>Ci stiamo attrezzando per offrire assistenza anche sui pneumatici, completando cos\u00ec i nostri servizi\u00bb. <\/i>Voi siete la seconda generazione: arriver\u00e0 anche la terza? \u00ab<i>C\u2019\u00e8 mio figlio Flavio di 13 anni<\/i>\u00bb ci dice Monica <i>\u00abche dimostra passione per i motori e spesso \u00e8 qui in officina con lo zio Marco. Io come mamma, spero pensi prima allo studio, e poi vedremo&#8230;\u00bb<\/i><\/span><\/p>\n<p><span class=\"s1\">Concludiamo con un po\u2019 di rammarico. Infatti per 10 anni, dal 2000 al 2010, ogni anno Montale \u00e8 stata teatro di un rinomato raduno di Fiat 500, creato con passione da Marco Vivarelli, e dai suoi amici, <strong>Niccolino D\u2019Anna<\/strong> e <strong>Sereno Fausto<\/strong>, fondatori\u00a0anche del <strong>\u201cGruppo Fiat 500 Montale\u201d<\/strong>. Ma da 5 anni questa manifestazione si \u00e8 interrotta. Perch\u00e9? \u00ab<i>Perch\u00e9 tutto \u00e8 diventato negli anni pi\u00f9 complicato,\u00bb <\/i>dice Marco<i> \u00absoprattutto in termini di burocrazia e di reperimento risorse, nonostante la disponibilit\u00e0 dell\u2019amministrazione comunale. Noi lo facevamo solo per passione, per far conoscere Montale all\u2019esterno, e per far lavorare i commercianti del nostro Comune; alla fine il tempo e la dedizione non sono pi\u00f9 bastati\u00bb.<\/i><\/span><\/p>\n<p>&nbsp;<\/p>\n<p class=\"p1\" style=\"text-align: justify;\">","protected":false},"excerpt":{"rendered":"<p>di\u00a0David Colzi marzo 2015 L\u2019autofficina Vivarelli \u00e8 un\u2019istituzione a Montale, ed il suo nome \u00e8 indissolubilmente legato al fondatore Rutilio, anche se da quest\u2019anno al timone ci sono i figli Marco e Monica.\u00a0 Fondata nel 1955, inizialmente si trovava in un piccolo garage in via dei Martiri della Libert\u00e0, ed \u00e8 stata la prima [&hellip;]<\/p>","protected":false},"author":5,"featured_media":0,"comment_status":"open","ping_status":"open","sticky":false,"template":"","format":"standard","meta":{"footnotes":""},"categories":[23,28,7],"tags":[42,91,995,109,114,181,179,154,180],"class_list":["post-3302","post","type-post","status-publish","format-standard","hentry","category-arte-artigianato-qt","category-gente-di-qua-qt","category-mt","tag-arti-e-mestieri","tag-il-montalese","tag-mt","tag-montalese","tag-noidiqua-il-montalese","tag-officina","tag-rutilio","tag-territorio","tag-vivarelli"],"yoast_head":"<!-- This site is optimized with the Yoast SEO plugin v25.5 - https:\/\/yoast.com\/wordpress\/plugins\/seo\/ -->\n<title>Autofficina Vivarelli - 60 anni di storia - Noi di Qua Testata giornalistica e di attualit\u00e0 di Agliana, Montale e Quarrata.<\/title>\n<meta name=\"robots\" content=\"index, follow, max-snippet:-1, max-image-preview:large, max-video-preview:-1\" \/>\n<link rel=\"canonical\" href=\"https:\/\/www.noidiqua.it\/Montale\/autofficina-vivarelli-60-anni-storia\/\" \/>\n<meta property=\"og:locale\" content=\"it_IT\" \/>\n<meta property=\"og:type\" content=\"article\" \/>\n<meta property=\"og:title\" content=\"Autofficina Vivarelli - 60 anni di storia - Noi di Qua Testata giornalistica e di attualit\u00e0 di Agliana, Montale e Quarrata.\" \/>\n<meta property=\"og:description\" content=\"di\u00a0David Colzi marzo 2015 L\u2019autofficina Vivarelli \u00e8 un\u2019istituzione a Montale, ed il suo nome \u00e8 indissolubilmente legato al fondatore Rutilio, anche se da quest\u2019anno al timone ci sono i figli Marco e Monica.\u00a0 Fondata nel 1955, inizialmente si trovava in un piccolo garage in via dei Martiri della Libert\u00e0, ed \u00e8 stata la prima [&hellip;]\" \/>\n<meta property=\"og:url\" content=\"https:\/\/www.noidiqua.it\/Montale\/autofficina-vivarelli-60-anni-storia\/\" \/>\n<meta property=\"og:site_name\" content=\"Noi di Qua Testata giornalistica e di attualit\u00e0 di Agliana, Montale e Quarrata.\" \/>\n<meta property=\"article:publisher\" content=\"https:\/\/www.facebook.com\/noidiqua.trimestrale\/\" \/>\n<meta property=\"article:published_time\" content=\"2015-03-13T15:58:21+00:00\" \/>\n<meta property=\"article:modified_time\" content=\"2023-01-02T15:53:43+00:00\" \/>\n<meta property=\"og:image\" content=\"https:\/\/www.noidiqua.it\/Montale\/wp-content\/uploads\/2015\/03\/vivarelli-1.png\" \/>\n<meta name=\"author\" content=\"David Colzi\" \/>\n<meta name=\"twitter:label1\" content=\"Scritto da\" \/>\n\t<meta name=\"twitter:data1\" content=\"David Colzi\" \/>\n\t<meta name=\"twitter:label2\" content=\"Tempo di lettura stimato\" \/>\n\t<meta name=\"twitter:data2\" content=\"4 minuti\" \/>\n<script type=\"application\/ld+json\" class=\"yoast-schema-graph\">{\"@context\":\"https:\/\/schema.org\",\"@graph\":[{\"@type\":\"WebPage\",\"@id\":\"https:\/\/www.noidiqua.it\/Montale\/autofficina-vivarelli-60-anni-storia\/\",\"url\":\"https:\/\/www.noidiqua.it\/Montale\/autofficina-vivarelli-60-anni-storia\/\",\"name\":\"Autofficina Vivarelli - 60 anni di storia - Noi di Qua Testata giornalistica e di attualit\u00e0 di Agliana, Montale e Quarrata.\",\"isPartOf\":{\"@id\":\"https:\/\/www.noidiqua.it\/Montale\/#website\"},\"primaryImageOfPage\":{\"@id\":\"https:\/\/www.noidiqua.it\/Montale\/autofficina-vivarelli-60-anni-storia\/#primaryimage\"},\"image\":{\"@id\":\"https:\/\/www.noidiqua.it\/Montale\/autofficina-vivarelli-60-anni-storia\/#primaryimage\"},\"thumbnailUrl\":\"https:\/\/www.noidiqua.it\/Montale\/wp-content\/uploads\/2015\/03\/vivarelli-1.png\",\"datePublished\":\"2015-03-13T15:58:21+00:00\",\"dateModified\":\"2023-01-02T15:53:43+00:00\",\"author\":{\"@id\":\"https:\/\/www.noidiqua.it\/Montale\/#\/schema\/person\/3b45dd21eb2367c177b6a6d35c868ccc\"},\"breadcrumb\":{\"@id\":\"https:\/\/www.noidiqua.it\/Montale\/autofficina-vivarelli-60-anni-storia\/#breadcrumb\"},\"inLanguage\":\"it-IT\",\"potentialAction\":[{\"@type\":\"ReadAction\",\"target\":[\"https:\/\/www.noidiqua.it\/Montale\/autofficina-vivarelli-60-anni-storia\/\"]}]},{\"@type\":\"ImageObject\",\"inLanguage\":\"it-IT\",\"@id\":\"https:\/\/www.noidiqua.it\/Montale\/autofficina-vivarelli-60-anni-storia\/#primaryimage\",\"url\":\"https:\/\/www.noidiqua.it\/Montale\/wp-content\/uploads\/2015\/03\/vivarelli-1.png\",\"contentUrl\":\"https:\/\/www.noidiqua.it\/Montale\/wp-content\/uploads\/2015\/03\/vivarelli-1.png\",\"width\":505,\"height\":330},{\"@type\":\"BreadcrumbList\",\"@id\":\"https:\/\/www.noidiqua.it\/Montale\/autofficina-vivarelli-60-anni-storia\/#breadcrumb\",\"itemListElement\":[{\"@type\":\"ListItem\",\"position\":1,\"name\":\"Home\",\"item\":\"https:\/\/www.noidiqua.it\/Montale\/\"},{\"@type\":\"ListItem\",\"position\":2,\"name\":\"Autofficina Vivarelli &#8211; 60 anni di storia\"}]},{\"@type\":\"WebSite\",\"@id\":\"https:\/\/www.noidiqua.it\/Montale\/#website\",\"url\":\"https:\/\/www.noidiqua.it\/Montale\/\",\"name\":\"Noi di Qua Testata giornalistica e di attualit\u00e0 di Agliana, Montale e Quarrata.\",\"description\":\"Testata Giornalistica Quarrata Montale Agliana\",\"potentialAction\":[{\"@type\":\"SearchAction\",\"target\":{\"@type\":\"EntryPoint\",\"urlTemplate\":\"https:\/\/www.noidiqua.it\/Montale\/?s={search_term_string}\"},\"query-input\":{\"@type\":\"PropertyValueSpecification\",\"valueRequired\":true,\"valueName\":\"search_term_string\"}}],\"inLanguage\":\"it-IT\"},{\"@type\":\"Person\",\"@id\":\"https:\/\/www.noidiqua.it\/Montale\/#\/schema\/person\/3b45dd21eb2367c177b6a6d35c868ccc\",\"name\":\"David Colzi\",\"image\":{\"@type\":\"ImageObject\",\"inLanguage\":\"it-IT\",\"@id\":\"https:\/\/www.noidiqua.it\/Montale\/#\/schema\/person\/image\/\",\"url\":\"https:\/\/secure.gravatar.com\/avatar\/515ac68c0075b78a8243a0f28e5a361c9b5c466a1d6912ac3919ddd928c4db8c?s=96&d=mm&r=g\",\"contentUrl\":\"https:\/\/secure.gravatar.com\/avatar\/515ac68c0075b78a8243a0f28e5a361c9b5c466a1d6912ac3919ddd928c4db8c?s=96&d=mm&r=g\",\"caption\":\"David Colzi\"},\"url\":\"https:\/\/www.noidiqua.it\/Montale\/author\/david-colzi\/\"}]}<\/script>\n<!-- \/ Yoast SEO plugin. -->","yoast_head_json":{"title":"Autofficina Vivarelli - 60 anni di storia - Noi di Qua Testata giornalistica e di attualit\u00e0 di Agliana, Montale e Quarrata.","robots":{"index":"index","follow":"follow","max-snippet":"max-snippet:-1","max-image-preview":"max-image-preview:large","max-video-preview":"max-video-preview:-1"},"canonical":"https:\/\/www.noidiqua.it\/Montale\/autofficina-vivarelli-60-anni-storia\/","og_locale":"it_IT","og_type":"article","og_title":"Autofficina Vivarelli - 60 anni di storia - Noi di Qua Testata giornalistica e di attualit\u00e0 di Agliana, Montale e Quarrata.","og_description":"di\u00a0David Colzi marzo 2015 L\u2019autofficina Vivarelli \u00e8 un\u2019istituzione a Montale, ed il suo nome \u00e8 indissolubilmente legato al fondatore Rutilio, anche se da quest\u2019anno al timone ci sono i figli Marco e Monica.\u00a0 Fondata nel 1955, inizialmente si trovava in un piccolo garage in via dei Martiri della Libert\u00e0, ed \u00e8 stata la prima [&hellip;]","og_url":"https:\/\/www.noidiqua.it\/Montale\/autofficina-vivarelli-60-anni-storia\/","og_site_name":"Noi di Qua Testata giornalistica e di attualit\u00e0 di Agliana, Montale e Quarrata.","article_publisher":"https:\/\/www.facebook.com\/noidiqua.trimestrale\/","article_published_time":"2015-03-13T15:58:21+00:00","article_modified_time":"2023-01-02T15:53:43+00:00","og_image":[{"url":"https:\/\/www.noidiqua.it\/Montale\/wp-content\/uploads\/2015\/03\/vivarelli-1.png","type":"","width":"","height":""}],"author":"David Colzi","twitter_misc":{"Scritto da":"David Colzi","Tempo di lettura stimato":"4 minuti"},"schema":{"@context":"https:\/\/schema.org","@graph":[{"@type":"WebPage","@id":"https:\/\/www.noidiqua.it\/Montale\/autofficina-vivarelli-60-anni-storia\/","url":"https:\/\/www.noidiqua.it\/Montale\/autofficina-vivarelli-60-anni-storia\/","name":"Autofficina Vivarelli - 60 anni di storia - Noi di Qua Testata giornalistica e di attualit\u00e0 di Agliana, Montale e Quarrata.","isPartOf":{"@id":"https:\/\/www.noidiqua.it\/Montale\/#website"},"primaryImageOfPage":{"@id":"https:\/\/www.noidiqua.it\/Montale\/autofficina-vivarelli-60-anni-storia\/#primaryimage"},"image":{"@id":"https:\/\/www.noidiqua.it\/Montale\/autofficina-vivarelli-60-anni-storia\/#primaryimage"},"thumbnailUrl":"https:\/\/www.noidiqua.it\/Montale\/wp-content\/uploads\/2015\/03\/vivarelli-1.png","datePublished":"2015-03-13T15:58:21+00:00","dateModified":"2023-01-02T15:53:43+00:00","author":{"@id":"https:\/\/www.noidiqua.it\/Montale\/#\/schema\/person\/3b45dd21eb2367c177b6a6d35c868ccc"},"breadcrumb":{"@id":"https:\/\/www.noidiqua.it\/Montale\/autofficina-vivarelli-60-anni-storia\/#breadcrumb"},"inLanguage":"it-IT","potentialAction":[{"@type":"ReadAction","target":["https:\/\/www.noidiqua.it\/Montale\/autofficina-vivarelli-60-anni-storia\/"]}]},{"@type":"ImageObject","inLanguage":"it-IT","@id":"https:\/\/www.noidiqua.it\/Montale\/autofficina-vivarelli-60-anni-storia\/#primaryimage","url":"https:\/\/www.noidiqua.it\/Montale\/wp-content\/uploads\/2015\/03\/vivarelli-1.png","contentUrl":"https:\/\/www.noidiqua.it\/Montale\/wp-content\/uploads\/2015\/03\/vivarelli-1.png","width":505,"height":330},{"@type":"BreadcrumbList","@id":"https:\/\/www.noidiqua.it\/Montale\/autofficina-vivarelli-60-anni-storia\/#breadcrumb","itemListElement":[{"@type":"ListItem","position":1,"name":"Home","item":"https:\/\/www.noidiqua.it\/Montale\/"},{"@type":"ListItem","position":2,"name":"Autofficina Vivarelli &#8211; 60 anni di storia"}]},{"@type":"WebSite","@id":"https:\/\/www.noidiqua.it\/Montale\/#website","url":"https:\/\/www.noidiqua.it\/Montale\/","name":"Noi di Qua Testata giornalistica e di attualit\u00e0 di Agliana, Montale e Quarrata.","description":"Testata Giornalistica Quarrata Montale Agliana","potentialAction":[{"@type":"SearchAction","target":{"@type":"EntryPoint","urlTemplate":"https:\/\/www.noidiqua.it\/Montale\/?s={search_term_string}"},"query-input":{"@type":"PropertyValueSpecification","valueRequired":true,"valueName":"search_term_string"}}],"inLanguage":"it-IT"},{"@type":"Person","@id":"https:\/\/www.noidiqua.it\/Montale\/#\/schema\/person\/3b45dd21eb2367c177b6a6d35c868ccc","name":"David Colzi","image":{"@type":"ImageObject","inLanguage":"it-IT","@id":"https:\/\/www.noidiqua.it\/Montale\/#\/schema\/person\/image\/","url":"https:\/\/secure.gravatar.com\/avatar\/515ac68c0075b78a8243a0f28e5a361c9b5c466a1d6912ac3919ddd928c4db8c?s=96&d=mm&r=g","contentUrl":"https:\/\/secure.gravatar.com\/avatar\/515ac68c0075b78a8243a0f28e5a361c9b5c466a1d6912ac3919ddd928c4db8c?s=96&d=mm&r=g","caption":"David Colzi"},"url":"https:\/\/www.noidiqua.it\/Montale\/author\/david-colzi\/"}]}},"_links":{"self":[{"href":"https:\/\/www.noidiqua.it\/Montale\/wp-json\/wp\/v2\/posts\/3302","targetHints":{"allow":["GET"]}}],"collection":[{"href":"https:\/\/www.noidiqua.it\/Montale\/wp-json\/wp\/v2\/posts"}],"about":[{"href":"https:\/\/www.noidiqua.it\/Montale\/wp-json\/wp\/v2\/types\/post"}],"author":[{"embeddable":true,"href":"https:\/\/www.noidiqua.it\/Montale\/wp-json\/wp\/v2\/users\/5"}],"replies":[{"embeddable":true,"href":"https:\/\/www.noidiqua.it\/Montale\/wp-json\/wp\/v2\/comments?post=3302"}],"version-history":[{"count":6,"href":"https:\/\/www.noidiqua.it\/Montale\/wp-json\/wp\/v2\/posts\/3302\/revisions"}],"predecessor-version":[{"id":7434,"href":"https:\/\/www.noidiqua.it\/Montale\/wp-json\/wp\/v2\/posts\/3302\/revisions\/7434"}],"wp:attachment":[{"href":"https:\/\/www.noidiqua.it\/Montale\/wp-json\/wp\/v2\/media?parent=3302"}],"wp:term":[{"taxonomy":"category","embeddable":true,"href":"https:\/\/www.noidiqua.it\/Montale\/wp-json\/wp\/v2\/categories?post=3302"},{"taxonomy":"post_tag","embeddable":true,"href":"https:\/\/www.noidiqua.it\/Montale\/wp-json\/wp\/v2\/tags?post=3302"}],"curies":[{"name":"wp","href":"https:\/\/api.w.org\/{rel}","templated":true}]}}