{"id":3310,"date":"2015-03-13T17:09:50","date_gmt":"2015-03-13T16:09:50","guid":{"rendered":"https:\/\/www.noidiqua.it\/Montale\/?p=3310"},"modified":"2023-01-02T16:56:35","modified_gmt":"2023-01-02T15:56:35","slug":"i-brevi-nodiqua","status":"publish","type":"post","link":"https:\/\/www.noidiqua.it\/Montale\/i-brevi-nodiqua\/","title":{"rendered":"I brevi di Nodiqua"},"content":{"rendered":"<p><em>di\u00a0Giacomo Bini<\/em><\/p>\n<p>marzo 2015<\/p>\n<p><a href=\"https:\/\/www.noidiqua.it\/Montale\/wp-content\/uploads\/2018\/03\/Logo-Noidiqua.png\" rel=\"wp-prettyPhoto[3310]\"><img loading=\"lazy\" decoding=\"async\" class=\"aligncenter size-full wp-image-6511\" src=\"https:\/\/www.noidiqua.it\/Montale\/wp-content\/uploads\/2018\/03\/Logo-Noidiqua.png\" alt=\"\" width=\"488\" height=\"344\" srcset=\"https:\/\/www.noidiqua.it\/Montale\/wp-content\/uploads\/2018\/03\/Logo-Noidiqua.png 488w, https:\/\/www.noidiqua.it\/Montale\/wp-content\/uploads\/2018\/03\/Logo-Noidiqua-300x211.png 300w\" sizes=\"auto, (max-width: 488px) 100vw, 488px\" \/><\/a><\/p>\n<p>&nbsp;<\/p>\n<p class=\"p1\" style=\"text-align: justify;\"><b>Montale ha perso recentemente Bruno Biolchi, 82enne, morto il giorno di Natale cadendo dal tetto di casa sua dove era salito per aggiustare una canna fumaria.\u00a0<\/b>\u00abIl Biolchi\u00bb era un personaggio molto noto in paese e la sua morte, cos\u00ec improvvisa e drammatica, ha destato notevole impressione. Nelle case, in piazza e nei luoghi pubblici, non si \u00e8 parlato d\u2019altro; i profili facebook sono stati invasi da messaggi di saluto e di ricordo e tanta gente \u00e8 accorsa a visitare la salma alle cappelle del Commiato della Misericordia. La ragione di tanto affetto e partecipazione \u00e8 che\u201cIl Biolchi\u201d faceva parte integrante del paesaggio umano del paese: in giro col suo furgoncino \u201cApe\u201d per la raccolta del ferro, in piazza a fare le frugiate da par suo nella Festa d\u2019Autunno del Comitato, di cui era una colonna, nel bosco, formidabile cercatore di funghi, in luoghi che solo lui conosceva, o al bar Sport con l\u2019immancabile sigaro in bocca a scherzare con gli amici. Senza di lui Montale perde una tessera del mosaico relazionale della comunit\u00e0, una figura presente in infiniti racconti, in tanti momenti di incontro e di amicizia. Il suo profilo fiero e indipendente, dalla scorza dura e dall\u2019animo generoso, \u00e8 stato colto perfettamente da un ritratto dell\u2019artista montalese Lindo Meoni, suo fraterno amico e compagno di tante battute scherzose. Anche nella sua morte, Bruno non si \u00e8 smentito: morire chiuso tra quattro mura non sarebbe stato in linea col personaggio, che amava l\u2019aria aperta e fresca dei boschi e che ha sempre affrontato ogni sfida, anche quelle della vita, senza mai avere paura e con una totale, irriducibile, libert\u00e0. Era rimasto l\u2019unico, nell\u2019epoca dei cellulari, che per trovarlo bisognava semplicemente fare un giro per le strade del paese, sicuri che lo si sarebbe incontrato.<\/p>\n<p>&nbsp;<\/p>\n<p>&nbsp;<\/p>\n<p class=\"p1\" style=\"text-align: justify;\"><span class=\"s1\"><b>La popolazione di Tobbiana non ci sta e si mobilita contro la chiusura dell\u2019ufficio postale programmata da Poste Italiane<\/b><\/span>. Sono gi\u00e0 diverse centinaia le firme raccolte sotto una petizione presente alla casa del popolo e in diversi negozi del paese. <i>\u00abIn questo paese gli anziani sono il 90 per cento\u00bb<\/i> sostiene Daniele Nesi <i>\u00abe ci sono molti invalidi. Per tutte queste persone sarebbe un disagio enorme andare a Montale o in un altro ufficio. Molti non dispongono nemmeno dei mezzi per spostarsi\u00bb<\/i>. <i>\u00abQuesto ufficio serve una popolazione di 2.500 abitanti tra Tobbiana e Fognano<\/i>\u00bb dice Dino Bruni <i>\u00abnon si tratta di una piccola frazione di poche centinaia di residenti\u00bb<\/i>. I cittadini di Tobbiana fanno notare che nell\u2019ufficio postale vengono depositati molti risparmi. La perdita delle Poste \u00e8 vissuta come un insopportabile impoverimento per il paese. La giunta comunale ha aderito, come altri Comuni colpiti dal tagli degli uffici postali, al ricorso al Tar nei confronti del piano di ristrutturazione presentato da Poste Italiane. In una affollata assemblea organizzata al circolo Arci del paese dal Pd di Montale, la popolazione ha manifestato tutta la sua protesta. I cittadini fanno presente tra l\u2019altro l\u2019ottimo rapporto esistente da tempo con gli operatori delle Poste di Tobbiana che sono molto disponibili nei riguardi degli utenti.<\/p>\n<p>&nbsp;<\/p>\n<p>&nbsp;<\/p>\n<p class=\"p1\" style=\"text-align: justify;\"><span class=\"s1\"><b>I Comuni di Agliana e Montale organizzeranno insieme le attivit\u00e0 di protezione civile. Il primo atto di questa collaborazione, che rientra nel piano della gestione associata dei servizi, sar\u00e0 un corso di formazione unico per i volontari del settore.<\/b><\/span> Per lanciare il percorso formativo, si sono riuniti per la prima volta i rappresentanti di tutte le associazioni di Montale e di Agliana impegnate nella protezione civile. All\u2019incontro avvenuto nel salone della villa Smilea, hanno partecipato anche gli assessori competenti Marianna Menicacci di Montale e Italo Fontana di Agliana, oltre al funzionario regionale ingegner Alessandro Guarducci, come referente del sistema toscano della Protezione Civile. Erano presenti in sala molti volontari della Croce Rossa della piana pistoiese, della Misericordia di Agliana e di Montale, della Croce d\u2019Oro di Montale, del Gruppo Volontari della Protezione Civile e della Vab di Montale. Nel corso del convegno \u00e8 emersa come esigenza centrale quella di effettuare una formazione dei volontari, come \u00e8 richiesto non solo dalla normativa nazionale, ma anche dal Regolamento Regionale della Toscana.<\/p>\n<p>&nbsp;<\/p>\n<p>&nbsp;<\/p>\n<p class=\"p1\" style=\"text-align: justify;\"><span class=\"s1\"><b>Da luned\u00ec 2 febbraio il centro di raccolta \u201cMaciste\u201d, ubicato presso la sede Cis di Montale, in via Tobagi, 16\/A, ha ampliato l\u2019orario di apertura anche al pomeriggio, per tre giorni alla settimana. <\/b><\/span><span class=\"s2\">Con questo ulteriore servizio, Cis accoglie la richiesta dei Comuni serviti (Montale, Agliana e Quarrata), al fine di agevolare i conferimenti dei rifiuti da parte dei cittadini.\u00a0<\/span>Questo il nuovo orario: dal luned\u00ec al sabato dalle 8 alle 12.45, il luned\u00ec, mercoled\u00ec e venerd\u00ec apertura anche al pomeriggio dalle 14 alle 16.30. La consegna dei kit e dei sacchi utili alla raccolta porta a porta, viene effettuata solo al mattino. Dunque Cis amplia il servizio alla piattaforma ecologica Maciste, attrezzata per lo smistamento dei rifiuti affinch\u00e9 vengano recuperati, riciclati o smaltiti pi\u00f9 agevolmente, e dove si possono conferire anche gli ingombranti. A Maciste si possono portare gratuitamente scarti derivanti da piccole demolizioni domestiche, arredi ed elettrodomestici, legname, cassette, pallettes, mobili, residui da potature, sfalci, foglie, carta e cartone, vetro, materiali in ferro, lattine ed alluminio, plastica, gomma e pneumatici, abiti smessi, beni durevoli dismessi. Insomma tutto quello che viene abbandonato selvaggiamente, di solito in luoghi periferici del territorio.<\/p>\n<p class=\"p1\" style=\"text-align: justify;\"><em>di\u00a0Piera Salvi<\/em><\/p>","protected":false},"excerpt":{"rendered":"<p>di\u00a0Giacomo Bini marzo 2015 &nbsp; Montale ha perso recentemente Bruno Biolchi, 82enne, morto il giorno di Natale cadendo dal tetto di casa sua dove era salito per aggiustare una canna fumaria.\u00a0\u00abIl Biolchi\u00bb era un personaggio molto noto in paese e la sua morte, cos\u00ec improvvisa e drammatica, ha destato notevole impressione. Nelle case, in [&hellip;]<\/p>","protected":false},"author":12,"featured_media":0,"comment_status":"open","ping_status":"open","sticky":false,"template":"","format":"standard","meta":{"footnotes":""},"categories":[29,7],"tags":[182,91,995,109,114,152,155],"class_list":["post-3310","post","type-post","status-publish","format-standard","hentry","category-brevi-ndq-qt","category-mt","tag-bruno-biolchi","tag-il-montalese","tag-mt","tag-montalese","tag-noidiqua-il-montalese","tag-storia","tag-tobbiana"],"yoast_head":"<!-- This site is optimized with the Yoast SEO plugin v25.5 - https:\/\/yoast.com\/wordpress\/plugins\/seo\/ -->\n<title>I brevi di Nodiqua - Noi di Qua Testata giornalistica e di attualit\u00e0 di Agliana, Montale e Quarrata.<\/title>\n<meta name=\"robots\" content=\"index, follow, max-snippet:-1, max-image-preview:large, max-video-preview:-1\" \/>\n<link rel=\"canonical\" href=\"https:\/\/www.noidiqua.it\/Montale\/i-brevi-nodiqua\/\" \/>\n<meta property=\"og:locale\" content=\"it_IT\" \/>\n<meta property=\"og:type\" content=\"article\" \/>\n<meta property=\"og:title\" content=\"I brevi di Nodiqua - Noi di Qua Testata giornalistica e di attualit\u00e0 di Agliana, Montale e Quarrata.\" \/>\n<meta property=\"og:description\" content=\"di\u00a0Giacomo Bini marzo 2015 &nbsp; Montale ha perso recentemente Bruno Biolchi, 82enne, morto il giorno di Natale cadendo dal tetto di casa sua dove era salito per aggiustare una canna fumaria.\u00a0\u00abIl Biolchi\u00bb era un personaggio molto noto in paese e la sua morte, cos\u00ec improvvisa e drammatica, ha destato notevole impressione. Nelle case, in [&hellip;]\" \/>\n<meta property=\"og:url\" content=\"https:\/\/www.noidiqua.it\/Montale\/i-brevi-nodiqua\/\" \/>\n<meta property=\"og:site_name\" content=\"Noi di Qua Testata giornalistica e di attualit\u00e0 di Agliana, Montale e Quarrata.\" \/>\n<meta property=\"article:publisher\" content=\"https:\/\/www.facebook.com\/noidiqua.trimestrale\/\" \/>\n<meta property=\"article:published_time\" content=\"2015-03-13T16:09:50+00:00\" \/>\n<meta property=\"article:modified_time\" content=\"2023-01-02T15:56:35+00:00\" \/>\n<meta property=\"og:image\" content=\"https:\/\/www.noidiqua.it\/Montale\/wp-content\/uploads\/2018\/03\/Logo-Noidiqua.png\" \/>\n<meta name=\"author\" content=\"Giacomo Bini\" \/>\n<meta name=\"twitter:label1\" content=\"Scritto da\" \/>\n\t<meta name=\"twitter:data1\" content=\"Giacomo Bini\" \/>\n\t<meta name=\"twitter:label2\" content=\"Tempo di lettura stimato\" \/>\n\t<meta name=\"twitter:data2\" content=\"5 minuti\" \/>\n<script type=\"application\/ld+json\" class=\"yoast-schema-graph\">{\"@context\":\"https:\/\/schema.org\",\"@graph\":[{\"@type\":\"WebPage\",\"@id\":\"https:\/\/www.noidiqua.it\/Montale\/i-brevi-nodiqua\/\",\"url\":\"https:\/\/www.noidiqua.it\/Montale\/i-brevi-nodiqua\/\",\"name\":\"I brevi di Nodiqua - Noi di Qua Testata giornalistica e di attualit\u00e0 di Agliana, Montale e Quarrata.\",\"isPartOf\":{\"@id\":\"https:\/\/www.noidiqua.it\/Montale\/#website\"},\"primaryImageOfPage\":{\"@id\":\"https:\/\/www.noidiqua.it\/Montale\/i-brevi-nodiqua\/#primaryimage\"},\"image\":{\"@id\":\"https:\/\/www.noidiqua.it\/Montale\/i-brevi-nodiqua\/#primaryimage\"},\"thumbnailUrl\":\"https:\/\/www.noidiqua.it\/Montale\/wp-content\/uploads\/2018\/03\/Logo-Noidiqua.png\",\"datePublished\":\"2015-03-13T16:09:50+00:00\",\"dateModified\":\"2023-01-02T15:56:35+00:00\",\"author\":{\"@id\":\"https:\/\/www.noidiqua.it\/Montale\/#\/schema\/person\/e2e6f44da50af0dae9c90ad168e471a4\"},\"breadcrumb\":{\"@id\":\"https:\/\/www.noidiqua.it\/Montale\/i-brevi-nodiqua\/#breadcrumb\"},\"inLanguage\":\"it-IT\",\"potentialAction\":[{\"@type\":\"ReadAction\",\"target\":[\"https:\/\/www.noidiqua.it\/Montale\/i-brevi-nodiqua\/\"]}]},{\"@type\":\"ImageObject\",\"inLanguage\":\"it-IT\",\"@id\":\"https:\/\/www.noidiqua.it\/Montale\/i-brevi-nodiqua\/#primaryimage\",\"url\":\"https:\/\/www.noidiqua.it\/Montale\/wp-content\/uploads\/2018\/03\/Logo-Noidiqua.png\",\"contentUrl\":\"https:\/\/www.noidiqua.it\/Montale\/wp-content\/uploads\/2018\/03\/Logo-Noidiqua.png\",\"width\":488,\"height\":344},{\"@type\":\"BreadcrumbList\",\"@id\":\"https:\/\/www.noidiqua.it\/Montale\/i-brevi-nodiqua\/#breadcrumb\",\"itemListElement\":[{\"@type\":\"ListItem\",\"position\":1,\"name\":\"Home\",\"item\":\"https:\/\/www.noidiqua.it\/Montale\/\"},{\"@type\":\"ListItem\",\"position\":2,\"name\":\"I brevi di Nodiqua\"}]},{\"@type\":\"WebSite\",\"@id\":\"https:\/\/www.noidiqua.it\/Montale\/#website\",\"url\":\"https:\/\/www.noidiqua.it\/Montale\/\",\"name\":\"Noi di Qua Testata giornalistica e di attualit\u00e0 di Agliana, Montale e Quarrata.\",\"description\":\"Testata Giornalistica Quarrata Montale Agliana\",\"potentialAction\":[{\"@type\":\"SearchAction\",\"target\":{\"@type\":\"EntryPoint\",\"urlTemplate\":\"https:\/\/www.noidiqua.it\/Montale\/?s={search_term_string}\"},\"query-input\":{\"@type\":\"PropertyValueSpecification\",\"valueRequired\":true,\"valueName\":\"search_term_string\"}}],\"inLanguage\":\"it-IT\"},{\"@type\":\"Person\",\"@id\":\"https:\/\/www.noidiqua.it\/Montale\/#\/schema\/person\/e2e6f44da50af0dae9c90ad168e471a4\",\"name\":\"Giacomo Bini\",\"image\":{\"@type\":\"ImageObject\",\"inLanguage\":\"it-IT\",\"@id\":\"https:\/\/www.noidiqua.it\/Montale\/#\/schema\/person\/image\/\",\"url\":\"https:\/\/secure.gravatar.com\/avatar\/e5c18ae41df5ae37397358f2c6046696187d51a120c5d0b8f0c49f7b606f46f4?s=96&d=mm&r=g\",\"contentUrl\":\"https:\/\/secure.gravatar.com\/avatar\/e5c18ae41df5ae37397358f2c6046696187d51a120c5d0b8f0c49f7b606f46f4?s=96&d=mm&r=g\",\"caption\":\"Giacomo Bini\"},\"url\":\"https:\/\/www.noidiqua.it\/Montale\/author\/giacomo-bini\/\"}]}<\/script>\n<!-- \/ Yoast SEO plugin. -->","yoast_head_json":{"title":"I brevi di Nodiqua - Noi di Qua Testata giornalistica e di attualit\u00e0 di Agliana, Montale e Quarrata.","robots":{"index":"index","follow":"follow","max-snippet":"max-snippet:-1","max-image-preview":"max-image-preview:large","max-video-preview":"max-video-preview:-1"},"canonical":"https:\/\/www.noidiqua.it\/Montale\/i-brevi-nodiqua\/","og_locale":"it_IT","og_type":"article","og_title":"I brevi di Nodiqua - Noi di Qua Testata giornalistica e di attualit\u00e0 di Agliana, Montale e Quarrata.","og_description":"di\u00a0Giacomo Bini marzo 2015 &nbsp; Montale ha perso recentemente Bruno Biolchi, 82enne, morto il giorno di Natale cadendo dal tetto di casa sua dove era salito per aggiustare una canna fumaria.\u00a0\u00abIl Biolchi\u00bb era un personaggio molto noto in paese e la sua morte, cos\u00ec improvvisa e drammatica, ha destato notevole impressione. Nelle case, in [&hellip;]","og_url":"https:\/\/www.noidiqua.it\/Montale\/i-brevi-nodiqua\/","og_site_name":"Noi di Qua Testata giornalistica e di attualit\u00e0 di Agliana, Montale e Quarrata.","article_publisher":"https:\/\/www.facebook.com\/noidiqua.trimestrale\/","article_published_time":"2015-03-13T16:09:50+00:00","article_modified_time":"2023-01-02T15:56:35+00:00","og_image":[{"url":"https:\/\/www.noidiqua.it\/Montale\/wp-content\/uploads\/2018\/03\/Logo-Noidiqua.png","type":"","width":"","height":""}],"author":"Giacomo Bini","twitter_misc":{"Scritto da":"Giacomo Bini","Tempo di lettura stimato":"5 minuti"},"schema":{"@context":"https:\/\/schema.org","@graph":[{"@type":"WebPage","@id":"https:\/\/www.noidiqua.it\/Montale\/i-brevi-nodiqua\/","url":"https:\/\/www.noidiqua.it\/Montale\/i-brevi-nodiqua\/","name":"I brevi di Nodiqua - Noi di Qua Testata giornalistica e di attualit\u00e0 di Agliana, Montale e Quarrata.","isPartOf":{"@id":"https:\/\/www.noidiqua.it\/Montale\/#website"},"primaryImageOfPage":{"@id":"https:\/\/www.noidiqua.it\/Montale\/i-brevi-nodiqua\/#primaryimage"},"image":{"@id":"https:\/\/www.noidiqua.it\/Montale\/i-brevi-nodiqua\/#primaryimage"},"thumbnailUrl":"https:\/\/www.noidiqua.it\/Montale\/wp-content\/uploads\/2018\/03\/Logo-Noidiqua.png","datePublished":"2015-03-13T16:09:50+00:00","dateModified":"2023-01-02T15:56:35+00:00","author":{"@id":"https:\/\/www.noidiqua.it\/Montale\/#\/schema\/person\/e2e6f44da50af0dae9c90ad168e471a4"},"breadcrumb":{"@id":"https:\/\/www.noidiqua.it\/Montale\/i-brevi-nodiqua\/#breadcrumb"},"inLanguage":"it-IT","potentialAction":[{"@type":"ReadAction","target":["https:\/\/www.noidiqua.it\/Montale\/i-brevi-nodiqua\/"]}]},{"@type":"ImageObject","inLanguage":"it-IT","@id":"https:\/\/www.noidiqua.it\/Montale\/i-brevi-nodiqua\/#primaryimage","url":"https:\/\/www.noidiqua.it\/Montale\/wp-content\/uploads\/2018\/03\/Logo-Noidiqua.png","contentUrl":"https:\/\/www.noidiqua.it\/Montale\/wp-content\/uploads\/2018\/03\/Logo-Noidiqua.png","width":488,"height":344},{"@type":"BreadcrumbList","@id":"https:\/\/www.noidiqua.it\/Montale\/i-brevi-nodiqua\/#breadcrumb","itemListElement":[{"@type":"ListItem","position":1,"name":"Home","item":"https:\/\/www.noidiqua.it\/Montale\/"},{"@type":"ListItem","position":2,"name":"I brevi di Nodiqua"}]},{"@type":"WebSite","@id":"https:\/\/www.noidiqua.it\/Montale\/#website","url":"https:\/\/www.noidiqua.it\/Montale\/","name":"Noi di Qua Testata giornalistica e di attualit\u00e0 di Agliana, Montale e Quarrata.","description":"Testata Giornalistica Quarrata Montale Agliana","potentialAction":[{"@type":"SearchAction","target":{"@type":"EntryPoint","urlTemplate":"https:\/\/www.noidiqua.it\/Montale\/?s={search_term_string}"},"query-input":{"@type":"PropertyValueSpecification","valueRequired":true,"valueName":"search_term_string"}}],"inLanguage":"it-IT"},{"@type":"Person","@id":"https:\/\/www.noidiqua.it\/Montale\/#\/schema\/person\/e2e6f44da50af0dae9c90ad168e471a4","name":"Giacomo Bini","image":{"@type":"ImageObject","inLanguage":"it-IT","@id":"https:\/\/www.noidiqua.it\/Montale\/#\/schema\/person\/image\/","url":"https:\/\/secure.gravatar.com\/avatar\/e5c18ae41df5ae37397358f2c6046696187d51a120c5d0b8f0c49f7b606f46f4?s=96&d=mm&r=g","contentUrl":"https:\/\/secure.gravatar.com\/avatar\/e5c18ae41df5ae37397358f2c6046696187d51a120c5d0b8f0c49f7b606f46f4?s=96&d=mm&r=g","caption":"Giacomo Bini"},"url":"https:\/\/www.noidiqua.it\/Montale\/author\/giacomo-bini\/"}]}},"_links":{"self":[{"href":"https:\/\/www.noidiqua.it\/Montale\/wp-json\/wp\/v2\/posts\/3310","targetHints":{"allow":["GET"]}}],"collection":[{"href":"https:\/\/www.noidiqua.it\/Montale\/wp-json\/wp\/v2\/posts"}],"about":[{"href":"https:\/\/www.noidiqua.it\/Montale\/wp-json\/wp\/v2\/types\/post"}],"author":[{"embeddable":true,"href":"https:\/\/www.noidiqua.it\/Montale\/wp-json\/wp\/v2\/users\/12"}],"replies":[{"embeddable":true,"href":"https:\/\/www.noidiqua.it\/Montale\/wp-json\/wp\/v2\/comments?post=3310"}],"version-history":[{"count":6,"href":"https:\/\/www.noidiqua.it\/Montale\/wp-json\/wp\/v2\/posts\/3310\/revisions"}],"predecessor-version":[{"id":7435,"href":"https:\/\/www.noidiqua.it\/Montale\/wp-json\/wp\/v2\/posts\/3310\/revisions\/7435"}],"wp:attachment":[{"href":"https:\/\/www.noidiqua.it\/Montale\/wp-json\/wp\/v2\/media?parent=3310"}],"wp:term":[{"taxonomy":"category","embeddable":true,"href":"https:\/\/www.noidiqua.it\/Montale\/wp-json\/wp\/v2\/categories?post=3310"},{"taxonomy":"post_tag","embeddable":true,"href":"https:\/\/www.noidiqua.it\/Montale\/wp-json\/wp\/v2\/tags?post=3310"}],"curies":[{"name":"wp","href":"https:\/\/api.w.org\/{rel}","templated":true}]}}