{"id":3325,"date":"2015-03-13T18:01:10","date_gmt":"2015-03-13T17:01:10","guid":{"rendered":"https:\/\/www.noidiqua.it\/Montale\/?p=3325"},"modified":"2023-01-02T17:06:09","modified_gmt":"2023-01-02T16:06:09","slug":"ardengo-soffici-fognano","status":"publish","type":"post","link":"https:\/\/www.noidiqua.it\/Montale\/ardengo-soffici-fognano\/","title":{"rendered":"Ardengo Soffici a Fognano"},"content":{"rendered":"<p><em>di\u00a0Marco Bagnoli. Foto: <a href=\"http:\/\/www.bellinigabriele.it\">Gabriele Bellini<\/a>.<\/em><\/p>\n<p>marzo 2015<\/p>\n<p><a href=\"https:\/\/www.noidiqua.it\/Montale\/wp-content\/uploads\/2015\/03\/soffici-1.png\" rel=\"wp-prettyPhoto[3325]\"><img loading=\"lazy\" decoding=\"async\" class=\"aligncenter size-full wp-image-7440\" src=\"https:\/\/www.noidiqua.it\/Montale\/wp-content\/uploads\/2015\/03\/soffici-1.png\" alt=\"\" width=\"502\" height=\"335\" srcset=\"https:\/\/www.noidiqua.it\/Montale\/wp-content\/uploads\/2015\/03\/soffici-1.png 502w, https:\/\/www.noidiqua.it\/Montale\/wp-content\/uploads\/2015\/03\/soffici-1-300x200.png 300w\" sizes=\"auto, (max-width: 502px) 100vw, 502px\" \/><\/a><\/p>\n<p><span class=\"s1\">Poco distante dalla chiesa dedicata a <strong>San Martino<\/strong>, si trova la fontana di Fognano, disegnata come un tabernacolo per poter al meglio accogliere l\u2019affresco che la caratterizza. Le figure ritratte rievocano un episodio della vita di <strong>San Francesco<\/strong>: quello del miracolo da lui compiuto presso la <strong>Verna<\/strong>. Francesco si stava dirigendo coi suoi, lungo le pendici del monte, aiutandosi con una cavalcatura a causa della fatica o di una qualche infermit\u00e0 \u2013 in questo caso l\u2019asinello di un contadino del luogo, che lo aiut\u00f2 volentieri per il resto del viaggio; a questo punto per\u00f2 \u00e8 il contadino a divenire preda del caldo e della sete. Con il poco fiato rimastogli, riusc\u00ec appena a farsi sentire: <i>\u201co mi trovate qualcosa da bere o pure io mene muoio qua\u201d<\/i>. Francesco, disceso dall\u2019asinello, si mise a pregare con gli occhi al cielo \u2013 e di l\u00ec a poco scoprirono una sorgente tra le rocce, <i>\u201cne cav\u00f2 da una pietra: la quale n\u00e9 prima v\u2019era stata, n\u00e9 poi fu vista\u201d<\/i>, come recita la <strong><em>Legenda maior<\/em><\/strong> di<strong> San Bonaventura da Bagnoregio<\/strong> del 1263.\u00a0<\/span><\/p>\n<p><span class=\"s1\">La trasposizione secolare di questo racconto si realizza in una fontana appositamente costruita in forma di tabernacolo per meglio celebrare il termine dei lavori che portarono l\u2019acquedotto a<strong> Fognano<\/strong>. Siamo all\u2019inizio degli anni Trenta e il podest\u00e0 di Montale incarica un suo vecchio amico, Ardengo Soffici, di provvedere alla decorazione pittorica.\u00a0<\/span><\/p>\n<p><a href=\"https:\/\/www.noidiqua.it\/Montale\/wp-content\/uploads\/2015\/03\/soffici-3.png\" rel=\"wp-prettyPhoto[3325]\"><img loading=\"lazy\" decoding=\"async\" class=\"aligncenter size-full wp-image-7442\" src=\"https:\/\/www.noidiqua.it\/Montale\/wp-content\/uploads\/2015\/03\/soffici-3.png\" alt=\"\" width=\"266\" height=\"399\" srcset=\"https:\/\/www.noidiqua.it\/Montale\/wp-content\/uploads\/2015\/03\/soffici-3.png 266w, https:\/\/www.noidiqua.it\/Montale\/wp-content\/uploads\/2015\/03\/soffici-3-200x300.png 200w\" sizes=\"auto, (max-width: 266px) 100vw, 266px\" \/><\/a><\/p>\n<p><span class=\"s1\"><strong>Ardengo Soffici<\/strong> era nato a <strong>Rignano<\/strong> sull\u2019<strong>Arno<\/strong> nel 1879, di famiglia abbiente poi decaduta; frequenta l\u2019Accademia di <strong>Firenze<\/strong> e diviene impiegato presso un notaio, muovendo i primi passi nel campo pittorico ritraendone i clienti. Nel 1900, in occasione della Grande esposizione di <strong>Parigi<\/strong>, lascia per la prima volta l\u2019<strong>Italia<\/strong> stabilendosi proprio nella capitale: la vita \u00e8 dura per lui, ma ha modo di conoscere <strong>Apollinaire<\/strong>,<strong> Picasso<\/strong> e <strong>Rousseau<\/strong>.<\/span><\/p>\n<p><a href=\"https:\/\/www.noidiqua.it\/Montale\/wp-content\/uploads\/2015\/03\/soffici-2.png\" rel=\"wp-prettyPhoto[3325]\"><img loading=\"lazy\" decoding=\"async\" class=\"aligncenter size-full wp-image-7443\" src=\"https:\/\/www.noidiqua.it\/Montale\/wp-content\/uploads\/2015\/03\/soffici-2.png\" alt=\"\" width=\"369\" height=\"399\" srcset=\"https:\/\/www.noidiqua.it\/Montale\/wp-content\/uploads\/2015\/03\/soffici-2.png 369w, https:\/\/www.noidiqua.it\/Montale\/wp-content\/uploads\/2015\/03\/soffici-2-277x300.png 277w\" sizes=\"auto, (max-width: 369px) 100vw, 369px\" \/><\/a><\/p>\n<p><span class=\"s1\">Stabilitosi a <strong>Poggio a Caiano<\/strong> dal 1907, Soffici avvia ufficialmente la propria carriera di \u201cpittore di parole\u201d rinsaldando i rapporti con le avanguardie letterarie: collabora alla rivista <strong>\u201cLa voce\u201d<\/strong> di <strong>Prezzolini<\/strong> e, assieme a <strong>Papini<\/strong> e <strong>Palazzeschi<\/strong> fonda <strong>\u201cLacerba\u201d<\/strong> nel 1913. Sar\u00e0 quindi coinvolto, anche fisicamente, nella temperie futurista, interventista e volontario al fronte nel 1915; il conflitto mondiale non mancher\u00e0 di riverberarsi nei suoi scritti dell\u2019epoca. Seguir\u00e0 l\u2019intera parabola del Fascismo, dirigendo la pagina culturale del giornale del partito, <strong>\u201cIl nuovo paese\u201d,<\/strong> con l\u2019intento di costituire un flusso artistico e letterario che esprimesse le aspirazioni del nuovo corso politico, progetto abbandonato nel \u201824; nel 1925 firma il <strong>\u201cManifesto degli intellettuali fascisti\u201d<\/strong>, e nel 1938 il <strong>\u201cManifesto della razza\u201d<\/strong>, prodromo delle leggi razziali. Da Marinetti egli coglie la retorica e la tecnica dell\u00b4analogia, da Apollinaire l\u00b4assenza di punteggiatura; la pittura cubista e futurista gli suggeriscono accostamenti fantastici, mentre il nuovo cinema lo scorrere continuo delle immagini. Scrive molto in forma biografica, oltre alla narrativa e alla saggistica, arrivando a sperimentare, alla vigilia del San Francesco di Fognano, tecniche pittoriche d\u2019ispirazione antica con nuove intuizioni. Muore a Vittoria Apuana nel 1964.<\/span><\/p>\n<p>&nbsp;<\/p>","protected":false},"excerpt":{"rendered":"<p>di\u00a0Marco Bagnoli. Foto: Gabriele Bellini. marzo 2015 Poco distante dalla chiesa dedicata a San Martino, si trova la fontana di Fognano, disegnata come un tabernacolo per poter al meglio accogliere l\u2019affresco che la caratterizza. Le figure ritratte rievocano un episodio della vita di San Francesco: quello del miracolo da lui compiuto presso la Verna. [&hellip;]<\/p>","protected":false},"author":3,"featured_media":0,"comment_status":"open","ping_status":"open","sticky":false,"template":"","format":"standard","meta":{"footnotes":""},"categories":[23,7,18],"tags":[184,42,75,91,995,109,113,114,185,154],"class_list":["post-3325","post","type-post","status-publish","format-standard","hentry","category-arte-artigianato-qt","category-mt","category-territorio-qt","tag-ardengo-soffici","tag-arti-e-mestieri","tag-fognano","tag-il-montalese","tag-mt","tag-montalese","tag-noidiqua","tag-noidiqua-il-montalese","tag-san-francesca","tag-territorio"],"yoast_head":"<!-- This site is optimized with the Yoast SEO plugin v25.5 - https:\/\/yoast.com\/wordpress\/plugins\/seo\/ -->\n<title>Ardengo Soffici a Fognano - Noi di Qua Testata giornalistica e di attualit\u00e0 di Agliana, Montale e Quarrata.<\/title>\n<meta name=\"robots\" content=\"index, follow, max-snippet:-1, max-image-preview:large, max-video-preview:-1\" \/>\n<link rel=\"canonical\" href=\"https:\/\/www.noidiqua.it\/Montale\/ardengo-soffici-fognano\/\" \/>\n<meta property=\"og:locale\" content=\"it_IT\" \/>\n<meta property=\"og:type\" content=\"article\" \/>\n<meta property=\"og:title\" content=\"Ardengo Soffici a Fognano - Noi di Qua Testata giornalistica e di attualit\u00e0 di Agliana, Montale e Quarrata.\" \/>\n<meta property=\"og:description\" content=\"di\u00a0Marco Bagnoli. Foto: Gabriele Bellini. marzo 2015 Poco distante dalla chiesa dedicata a San Martino, si trova la fontana di Fognano, disegnata come un tabernacolo per poter al meglio accogliere l\u2019affresco che la caratterizza. Le figure ritratte rievocano un episodio della vita di San Francesco: quello del miracolo da lui compiuto presso la Verna. [&hellip;]\" \/>\n<meta property=\"og:url\" content=\"https:\/\/www.noidiqua.it\/Montale\/ardengo-soffici-fognano\/\" \/>\n<meta property=\"og:site_name\" content=\"Noi di Qua Testata giornalistica e di attualit\u00e0 di Agliana, Montale e Quarrata.\" \/>\n<meta property=\"article:publisher\" content=\"https:\/\/www.facebook.com\/noidiqua.trimestrale\/\" \/>\n<meta property=\"article:published_time\" content=\"2015-03-13T17:01:10+00:00\" \/>\n<meta property=\"article:modified_time\" content=\"2023-01-02T16:06:09+00:00\" \/>\n<meta property=\"og:image\" content=\"https:\/\/www.noidiqua.it\/Montale\/wp-content\/uploads\/2015\/03\/soffici-1.png\" \/>\n<meta name=\"author\" content=\"Marco Bagnoli\" \/>\n<meta name=\"twitter:label1\" content=\"Scritto da\" \/>\n\t<meta name=\"twitter:data1\" content=\"Marco Bagnoli\" \/>\n\t<meta name=\"twitter:label2\" content=\"Tempo di lettura stimato\" \/>\n\t<meta name=\"twitter:data2\" content=\"3 minuti\" \/>\n<script type=\"application\/ld+json\" class=\"yoast-schema-graph\">{\"@context\":\"https:\/\/schema.org\",\"@graph\":[{\"@type\":\"WebPage\",\"@id\":\"https:\/\/www.noidiqua.it\/Montale\/ardengo-soffici-fognano\/\",\"url\":\"https:\/\/www.noidiqua.it\/Montale\/ardengo-soffici-fognano\/\",\"name\":\"Ardengo Soffici a Fognano - Noi di Qua Testata giornalistica e di attualit\u00e0 di Agliana, Montale e Quarrata.\",\"isPartOf\":{\"@id\":\"https:\/\/www.noidiqua.it\/Montale\/#website\"},\"primaryImageOfPage\":{\"@id\":\"https:\/\/www.noidiqua.it\/Montale\/ardengo-soffici-fognano\/#primaryimage\"},\"image\":{\"@id\":\"https:\/\/www.noidiqua.it\/Montale\/ardengo-soffici-fognano\/#primaryimage\"},\"thumbnailUrl\":\"https:\/\/www.noidiqua.it\/Montale\/wp-content\/uploads\/2015\/03\/soffici-1.png\",\"datePublished\":\"2015-03-13T17:01:10+00:00\",\"dateModified\":\"2023-01-02T16:06:09+00:00\",\"author\":{\"@id\":\"https:\/\/www.noidiqua.it\/Montale\/#\/schema\/person\/4e183cb0c6d7951e716a876aa702e1a2\"},\"breadcrumb\":{\"@id\":\"https:\/\/www.noidiqua.it\/Montale\/ardengo-soffici-fognano\/#breadcrumb\"},\"inLanguage\":\"it-IT\",\"potentialAction\":[{\"@type\":\"ReadAction\",\"target\":[\"https:\/\/www.noidiqua.it\/Montale\/ardengo-soffici-fognano\/\"]}]},{\"@type\":\"ImageObject\",\"inLanguage\":\"it-IT\",\"@id\":\"https:\/\/www.noidiqua.it\/Montale\/ardengo-soffici-fognano\/#primaryimage\",\"url\":\"https:\/\/www.noidiqua.it\/Montale\/wp-content\/uploads\/2015\/03\/soffici-1.png\",\"contentUrl\":\"https:\/\/www.noidiqua.it\/Montale\/wp-content\/uploads\/2015\/03\/soffici-1.png\",\"width\":502,\"height\":335},{\"@type\":\"BreadcrumbList\",\"@id\":\"https:\/\/www.noidiqua.it\/Montale\/ardengo-soffici-fognano\/#breadcrumb\",\"itemListElement\":[{\"@type\":\"ListItem\",\"position\":1,\"name\":\"Home\",\"item\":\"https:\/\/www.noidiqua.it\/Montale\/\"},{\"@type\":\"ListItem\",\"position\":2,\"name\":\"Ardengo Soffici a Fognano\"}]},{\"@type\":\"WebSite\",\"@id\":\"https:\/\/www.noidiqua.it\/Montale\/#website\",\"url\":\"https:\/\/www.noidiqua.it\/Montale\/\",\"name\":\"Noi di Qua Testata giornalistica e di attualit\u00e0 di Agliana, Montale e Quarrata.\",\"description\":\"Testata Giornalistica Quarrata Montale Agliana\",\"potentialAction\":[{\"@type\":\"SearchAction\",\"target\":{\"@type\":\"EntryPoint\",\"urlTemplate\":\"https:\/\/www.noidiqua.it\/Montale\/?s={search_term_string}\"},\"query-input\":{\"@type\":\"PropertyValueSpecification\",\"valueRequired\":true,\"valueName\":\"search_term_string\"}}],\"inLanguage\":\"it-IT\"},{\"@type\":\"Person\",\"@id\":\"https:\/\/www.noidiqua.it\/Montale\/#\/schema\/person\/4e183cb0c6d7951e716a876aa702e1a2\",\"name\":\"Marco Bagnoli\",\"image\":{\"@type\":\"ImageObject\",\"inLanguage\":\"it-IT\",\"@id\":\"https:\/\/www.noidiqua.it\/Montale\/#\/schema\/person\/image\/\",\"url\":\"https:\/\/secure.gravatar.com\/avatar\/73ace53724c50db9c48af54756f17b7cdb015a9d8d2c08c7e04e480539a94eee?s=96&d=mm&r=g\",\"contentUrl\":\"https:\/\/secure.gravatar.com\/avatar\/73ace53724c50db9c48af54756f17b7cdb015a9d8d2c08c7e04e480539a94eee?s=96&d=mm&r=g\",\"caption\":\"Marco Bagnoli\"},\"url\":\"https:\/\/www.noidiqua.it\/Montale\/author\/marco-bagnoli\/\"}]}<\/script>\n<!-- \/ Yoast SEO plugin. -->","yoast_head_json":{"title":"Ardengo Soffici a Fognano - Noi di Qua Testata giornalistica e di attualit\u00e0 di Agliana, Montale e Quarrata.","robots":{"index":"index","follow":"follow","max-snippet":"max-snippet:-1","max-image-preview":"max-image-preview:large","max-video-preview":"max-video-preview:-1"},"canonical":"https:\/\/www.noidiqua.it\/Montale\/ardengo-soffici-fognano\/","og_locale":"it_IT","og_type":"article","og_title":"Ardengo Soffici a Fognano - Noi di Qua Testata giornalistica e di attualit\u00e0 di Agliana, Montale e Quarrata.","og_description":"di\u00a0Marco Bagnoli. Foto: Gabriele Bellini. marzo 2015 Poco distante dalla chiesa dedicata a San Martino, si trova la fontana di Fognano, disegnata come un tabernacolo per poter al meglio accogliere l\u2019affresco che la caratterizza. Le figure ritratte rievocano un episodio della vita di San Francesco: quello del miracolo da lui compiuto presso la Verna. [&hellip;]","og_url":"https:\/\/www.noidiqua.it\/Montale\/ardengo-soffici-fognano\/","og_site_name":"Noi di Qua Testata giornalistica e di attualit\u00e0 di Agliana, Montale e Quarrata.","article_publisher":"https:\/\/www.facebook.com\/noidiqua.trimestrale\/","article_published_time":"2015-03-13T17:01:10+00:00","article_modified_time":"2023-01-02T16:06:09+00:00","og_image":[{"url":"https:\/\/www.noidiqua.it\/Montale\/wp-content\/uploads\/2015\/03\/soffici-1.png","type":"","width":"","height":""}],"author":"Marco Bagnoli","twitter_misc":{"Scritto da":"Marco Bagnoli","Tempo di lettura stimato":"3 minuti"},"schema":{"@context":"https:\/\/schema.org","@graph":[{"@type":"WebPage","@id":"https:\/\/www.noidiqua.it\/Montale\/ardengo-soffici-fognano\/","url":"https:\/\/www.noidiqua.it\/Montale\/ardengo-soffici-fognano\/","name":"Ardengo Soffici a Fognano - Noi di Qua Testata giornalistica e di attualit\u00e0 di Agliana, Montale e Quarrata.","isPartOf":{"@id":"https:\/\/www.noidiqua.it\/Montale\/#website"},"primaryImageOfPage":{"@id":"https:\/\/www.noidiqua.it\/Montale\/ardengo-soffici-fognano\/#primaryimage"},"image":{"@id":"https:\/\/www.noidiqua.it\/Montale\/ardengo-soffici-fognano\/#primaryimage"},"thumbnailUrl":"https:\/\/www.noidiqua.it\/Montale\/wp-content\/uploads\/2015\/03\/soffici-1.png","datePublished":"2015-03-13T17:01:10+00:00","dateModified":"2023-01-02T16:06:09+00:00","author":{"@id":"https:\/\/www.noidiqua.it\/Montale\/#\/schema\/person\/4e183cb0c6d7951e716a876aa702e1a2"},"breadcrumb":{"@id":"https:\/\/www.noidiqua.it\/Montale\/ardengo-soffici-fognano\/#breadcrumb"},"inLanguage":"it-IT","potentialAction":[{"@type":"ReadAction","target":["https:\/\/www.noidiqua.it\/Montale\/ardengo-soffici-fognano\/"]}]},{"@type":"ImageObject","inLanguage":"it-IT","@id":"https:\/\/www.noidiqua.it\/Montale\/ardengo-soffici-fognano\/#primaryimage","url":"https:\/\/www.noidiqua.it\/Montale\/wp-content\/uploads\/2015\/03\/soffici-1.png","contentUrl":"https:\/\/www.noidiqua.it\/Montale\/wp-content\/uploads\/2015\/03\/soffici-1.png","width":502,"height":335},{"@type":"BreadcrumbList","@id":"https:\/\/www.noidiqua.it\/Montale\/ardengo-soffici-fognano\/#breadcrumb","itemListElement":[{"@type":"ListItem","position":1,"name":"Home","item":"https:\/\/www.noidiqua.it\/Montale\/"},{"@type":"ListItem","position":2,"name":"Ardengo Soffici a Fognano"}]},{"@type":"WebSite","@id":"https:\/\/www.noidiqua.it\/Montale\/#website","url":"https:\/\/www.noidiqua.it\/Montale\/","name":"Noi di Qua Testata giornalistica e di attualit\u00e0 di Agliana, Montale e Quarrata.","description":"Testata Giornalistica Quarrata Montale Agliana","potentialAction":[{"@type":"SearchAction","target":{"@type":"EntryPoint","urlTemplate":"https:\/\/www.noidiqua.it\/Montale\/?s={search_term_string}"},"query-input":{"@type":"PropertyValueSpecification","valueRequired":true,"valueName":"search_term_string"}}],"inLanguage":"it-IT"},{"@type":"Person","@id":"https:\/\/www.noidiqua.it\/Montale\/#\/schema\/person\/4e183cb0c6d7951e716a876aa702e1a2","name":"Marco Bagnoli","image":{"@type":"ImageObject","inLanguage":"it-IT","@id":"https:\/\/www.noidiqua.it\/Montale\/#\/schema\/person\/image\/","url":"https:\/\/secure.gravatar.com\/avatar\/73ace53724c50db9c48af54756f17b7cdb015a9d8d2c08c7e04e480539a94eee?s=96&d=mm&r=g","contentUrl":"https:\/\/secure.gravatar.com\/avatar\/73ace53724c50db9c48af54756f17b7cdb015a9d8d2c08c7e04e480539a94eee?s=96&d=mm&r=g","caption":"Marco Bagnoli"},"url":"https:\/\/www.noidiqua.it\/Montale\/author\/marco-bagnoli\/"}]}},"_links":{"self":[{"href":"https:\/\/www.noidiqua.it\/Montale\/wp-json\/wp\/v2\/posts\/3325","targetHints":{"allow":["GET"]}}],"collection":[{"href":"https:\/\/www.noidiqua.it\/Montale\/wp-json\/wp\/v2\/posts"}],"about":[{"href":"https:\/\/www.noidiqua.it\/Montale\/wp-json\/wp\/v2\/types\/post"}],"author":[{"embeddable":true,"href":"https:\/\/www.noidiqua.it\/Montale\/wp-json\/wp\/v2\/users\/3"}],"replies":[{"embeddable":true,"href":"https:\/\/www.noidiqua.it\/Montale\/wp-json\/wp\/v2\/comments?post=3325"}],"version-history":[{"count":4,"href":"https:\/\/www.noidiqua.it\/Montale\/wp-json\/wp\/v2\/posts\/3325\/revisions"}],"predecessor-version":[{"id":7444,"href":"https:\/\/www.noidiqua.it\/Montale\/wp-json\/wp\/v2\/posts\/3325\/revisions\/7444"}],"wp:attachment":[{"href":"https:\/\/www.noidiqua.it\/Montale\/wp-json\/wp\/v2\/media?parent=3325"}],"wp:term":[{"taxonomy":"category","embeddable":true,"href":"https:\/\/www.noidiqua.it\/Montale\/wp-json\/wp\/v2\/categories?post=3325"},{"taxonomy":"post_tag","embeddable":true,"href":"https:\/\/www.noidiqua.it\/Montale\/wp-json\/wp\/v2\/tags?post=3325"}],"curies":[{"name":"wp","href":"https:\/\/api.w.org\/{rel}","templated":true}]}}