{"id":3347,"date":"2015-03-13T18:39:22","date_gmt":"2015-03-13T17:39:22","guid":{"rendered":"https:\/\/www.noidiqua.it\/Montale\/?p=3347"},"modified":"2022-12-21T18:25:26","modified_gmt":"2022-12-21T17:25:26","slug":"aldo-vettori-artista-presepe-non","status":"publish","type":"post","link":"https:\/\/www.noidiqua.it\/Montale\/aldo-vettori-artista-presepe-non\/","title":{"rendered":"Aldo Vettori &#8211; artista del presepe, e non solo"},"content":{"rendered":"<p><em>di\u00a0Giacomo Bini<\/em><\/p>\n<p>marzo 2015<\/p>\n<p><a href=\"https:\/\/www.noidiqua.it\/Montale\/wp-content\/uploads\/2015\/03\/presepe-1.png\" rel=\"wp-prettyPhoto[3347]\"><img loading=\"lazy\" decoding=\"async\" class=\"aligncenter size-full wp-image-7359\" src=\"https:\/\/www.noidiqua.it\/Montale\/wp-content\/uploads\/2015\/03\/presepe-1.png\" alt=\"\" width=\"493\" height=\"363\" srcset=\"https:\/\/www.noidiqua.it\/Montale\/wp-content\/uploads\/2015\/03\/presepe-1.png 493w, https:\/\/www.noidiqua.it\/Montale\/wp-content\/uploads\/2015\/03\/presepe-1-300x221.png 300w\" sizes=\"auto, (max-width: 493px) 100vw, 493px\" \/><\/a><\/p>\n<p><span class=\"s1\">Abbiamo deciso di parlare di un <strong>Presepe<\/strong>, anche se siamo fuori stagione, perch\u00e9 quello costruito ogni anno da <strong>Aldo Vettori<\/strong> nel paesino di <strong>Fognano<\/strong>, ha una peculiarit\u00e0 che lo distingue da tutti gli altri. Lo potremmo definire un Presepe di strada o di vicinato, perch\u00e9 non \u00e8 esposto in un luogo di culto e nemmeno si trova dentro una casa privata, ma viene costruito dal Vettori nel giardinetto di casa sua, sotto il terrazzo del primo piano, in modo che lo vedano i vicini e tutti i passanti. La stradina dove abita l\u2019autore, \u00e8 quella suggestiva e antica che dalla piazza<strong> San Francesco<\/strong> porta alla chiesa di <strong>San Martino<\/strong>. E&#8217;\u00a0il cuore storico del paese, dove si passa a piedi per andare a Messa o al cimitero. Il Presepe di Aldo Vettori \u00e8 una vera attrazione nel periodo natalizio, un capolavoro di perizia artigiana che viene offerto dall\u2019autore come un omaggio alla sua comunit\u00e0, un regalo che si rinnova ogni anno, sempre arricchito di qualche dettaglio nuovo.\u00a0<\/span><\/p>\n<p><a href=\"https:\/\/www.noidiqua.it\/Montale\/wp-content\/uploads\/2015\/03\/presepe-2.png\" rel=\"wp-prettyPhoto[3347]\"><img loading=\"lazy\" decoding=\"async\" class=\"aligncenter size-full wp-image-7360\" src=\"https:\/\/www.noidiqua.it\/Montale\/wp-content\/uploads\/2015\/03\/presepe-2.png\" alt=\"\" width=\"496\" height=\"372\" srcset=\"https:\/\/www.noidiqua.it\/Montale\/wp-content\/uploads\/2015\/03\/presepe-2.png 496w, https:\/\/www.noidiqua.it\/Montale\/wp-content\/uploads\/2015\/03\/presepe-2-300x225.png 300w\" sizes=\"auto, (max-width: 496px) 100vw, 496px\" \/><\/a><\/p>\n<p><span class=\"s1\">Aldo Vettori, 66 anni, pensionato di Fognano, \u00e8 una di quelle persone di cui dalle nostre parti si dice che <i>\u201csanno fare anche le zampe ai gatti<\/i>\u201d, vale a dire che \u00e8 dotato di una manualit\u00e0 versatile e multiforme nonch\u00e9 di ottime competenze tecniche. <i>\u00abHo sempre avuto passione per i lavoretti\u00bb <\/i>dice Aldo con eccesso di modestia, perch\u00e9 in realt\u00e0 lui \u00e8 un maestro nell\u2019arte del riciclaggio e nelle sue mani c\u2019\u00e8 un sapere prezioso che un tempo, nella civilt\u00e0 contadina, era molto diffuso, ma che al giorno d\u2019oggi si \u00e8 un po\u2019 perduto e viene spesso rimpianto. La capacit\u00e0 di ridare vita e riportare all\u2019uso le cose rotte o sciupate richiede, oltre alle abilit\u00e0 tecniche, anche alcune virt\u00f9 desuete, come la costanza e la pazienza che sono merce rara nell\u2019epoca del consumo usa e getta.\u00a0<\/span><\/p>\n<p><a href=\"https:\/\/www.noidiqua.it\/Montale\/wp-content\/uploads\/2015\/03\/presepe-3.png\" rel=\"wp-prettyPhoto[3347]\"><img loading=\"lazy\" decoding=\"async\" class=\"aligncenter size-full wp-image-7362\" src=\"https:\/\/www.noidiqua.it\/Montale\/wp-content\/uploads\/2015\/03\/presepe-3.png\" alt=\"\" width=\"485\" height=\"294\" srcset=\"https:\/\/www.noidiqua.it\/Montale\/wp-content\/uploads\/2015\/03\/presepe-3.png 485w, https:\/\/www.noidiqua.it\/Montale\/wp-content\/uploads\/2015\/03\/presepe-3-300x182.png 300w\" sizes=\"auto, (max-width: 485px) 100vw, 485px\" \/><\/a><\/p>\n<p><span class=\"s1\">Di questa arte del recupero di cose e materiali il Presepe di Aldo Vettori \u00e8 un magnifico esempio. Vi si possono ammirare giochi d\u2019acqua, mulini perfettamente funzionanti e vari meccanismi che utilizzano oggetti gi\u00e0 destinati allo smaltimento dei rifiuti come vecchie catene di biciclette, moltipliche ormai inutilizzate e motorini di girarrosto. Gli edifici del Presepe, dal Palazzo di<strong> Erode<\/strong> alle altre case, sono tutti ammobiliati con mobili costruiti appositamente, e tutto \u00e8 ricavato da materiale genuino e riciclato: legno, cortecce, ferro e pietre di fiume. Aldo Vettori \u00e8 il vicino che tutti vorrebbero avere, perch\u00e9 unisce alle abilit\u00e0 tecniche, una notevole disponibilit\u00e0 verso gli altri e si presta volentieri a dare un aiuto per risolvere piccoli problemi di manutenzione e di riparazione. A volte basta cambiare una vite o eseguire una piccola saldatura per togliere di mezzo qualche noiosa apprensione. Per questo i vicini di Aldo non ci pensano due volte a ricorrere al suo fornito e ordinatissimo laboratorio per chiedere un consiglio tecnico, il prestito di un attrezzo o anche un intervento diretto.\u00a0<\/span><\/p>\n<p><a href=\"https:\/\/www.noidiqua.it\/Montale\/wp-content\/uploads\/2015\/03\/presepe-4.png\" rel=\"wp-prettyPhoto[3347]\"><img loading=\"lazy\" decoding=\"async\" class=\"aligncenter size-full wp-image-7363\" src=\"https:\/\/www.noidiqua.it\/Montale\/wp-content\/uploads\/2015\/03\/presepe-4.png\" alt=\"\" width=\"491\" height=\"368\" srcset=\"https:\/\/www.noidiqua.it\/Montale\/wp-content\/uploads\/2015\/03\/presepe-4.png 491w, https:\/\/www.noidiqua.it\/Montale\/wp-content\/uploads\/2015\/03\/presepe-4-300x225.png 300w\" sizes=\"auto, (max-width: 491px) 100vw, 491px\" \/><\/a><\/p>\n<p>&nbsp;<\/p>\n<p class=\"p1\" style=\"text-align: justify;\">","protected":false},"excerpt":{"rendered":"<p>di\u00a0Giacomo Bini marzo 2015 Abbiamo deciso di parlare di un Presepe, anche se siamo fuori stagione, perch\u00e9 quello costruito ogni anno da Aldo Vettori nel paesino di Fognano, ha una peculiarit\u00e0 che lo distingue da tutti gli altri. Lo potremmo definire un Presepe di strada o di vicinato, perch\u00e9 non \u00e8 esposto in un [&hellip;]<\/p>","protected":false},"author":12,"featured_media":0,"comment_status":"open","ping_status":"open","sticky":false,"template":"","format":"standard","meta":{"footnotes":""},"categories":[27,7],"tags":[192,75,91,995,109,113,114,193,154],"class_list":["post-3347","post","type-post","status-publish","format-standard","hentry","category-fotonotizie-qt","category-mt","tag-aldo-vettori","tag-fognano","tag-il-montalese","tag-mt","tag-montalese","tag-noidiqua","tag-noidiqua-il-montalese","tag-presepe","tag-territorio"],"yoast_head":"<!-- This site is optimized with the Yoast SEO plugin v25.5 - https:\/\/yoast.com\/wordpress\/plugins\/seo\/ -->\n<title>Aldo Vettori - artista del presepe, e non solo - Noi di Qua Testata giornalistica e di attualit\u00e0 di Agliana, Montale e Quarrata.<\/title>\n<meta name=\"robots\" content=\"index, follow, max-snippet:-1, max-image-preview:large, max-video-preview:-1\" \/>\n<link rel=\"canonical\" href=\"https:\/\/www.noidiqua.it\/Montale\/aldo-vettori-artista-presepe-non\/\" \/>\n<meta property=\"og:locale\" content=\"it_IT\" \/>\n<meta property=\"og:type\" content=\"article\" \/>\n<meta property=\"og:title\" content=\"Aldo Vettori - artista del presepe, e non solo - Noi di Qua Testata giornalistica e di attualit\u00e0 di Agliana, Montale e Quarrata.\" \/>\n<meta property=\"og:description\" content=\"di\u00a0Giacomo Bini marzo 2015 Abbiamo deciso di parlare di un Presepe, anche se siamo fuori stagione, perch\u00e9 quello costruito ogni anno da Aldo Vettori nel paesino di Fognano, ha una peculiarit\u00e0 che lo distingue da tutti gli altri. Lo potremmo definire un Presepe di strada o di vicinato, perch\u00e9 non \u00e8 esposto in un [&hellip;]\" \/>\n<meta property=\"og:url\" content=\"https:\/\/www.noidiqua.it\/Montale\/aldo-vettori-artista-presepe-non\/\" \/>\n<meta property=\"og:site_name\" content=\"Noi di Qua Testata giornalistica e di attualit\u00e0 di Agliana, Montale e Quarrata.\" \/>\n<meta property=\"article:publisher\" content=\"https:\/\/www.facebook.com\/noidiqua.trimestrale\/\" \/>\n<meta property=\"article:published_time\" content=\"2015-03-13T17:39:22+00:00\" \/>\n<meta property=\"article:modified_time\" content=\"2022-12-21T17:25:26+00:00\" \/>\n<meta property=\"og:image\" content=\"https:\/\/www.noidiqua.it\/Montale\/wp-content\/uploads\/2015\/03\/presepe-1.png\" \/>\n<meta name=\"author\" content=\"Giacomo Bini\" \/>\n<meta name=\"twitter:label1\" content=\"Scritto da\" \/>\n\t<meta name=\"twitter:data1\" content=\"Giacomo Bini\" \/>\n\t<meta name=\"twitter:label2\" content=\"Tempo di lettura stimato\" \/>\n\t<meta name=\"twitter:data2\" content=\"3 minuti\" \/>\n<script type=\"application\/ld+json\" class=\"yoast-schema-graph\">{\"@context\":\"https:\/\/schema.org\",\"@graph\":[{\"@type\":\"WebPage\",\"@id\":\"https:\/\/www.noidiqua.it\/Montale\/aldo-vettori-artista-presepe-non\/\",\"url\":\"https:\/\/www.noidiqua.it\/Montale\/aldo-vettori-artista-presepe-non\/\",\"name\":\"Aldo Vettori - artista del presepe, e non solo - Noi di Qua Testata giornalistica e di attualit\u00e0 di Agliana, Montale e Quarrata.\",\"isPartOf\":{\"@id\":\"https:\/\/www.noidiqua.it\/Montale\/#website\"},\"primaryImageOfPage\":{\"@id\":\"https:\/\/www.noidiqua.it\/Montale\/aldo-vettori-artista-presepe-non\/#primaryimage\"},\"image\":{\"@id\":\"https:\/\/www.noidiqua.it\/Montale\/aldo-vettori-artista-presepe-non\/#primaryimage\"},\"thumbnailUrl\":\"https:\/\/www.noidiqua.it\/Montale\/wp-content\/uploads\/2015\/03\/presepe-1.png\",\"datePublished\":\"2015-03-13T17:39:22+00:00\",\"dateModified\":\"2022-12-21T17:25:26+00:00\",\"author\":{\"@id\":\"https:\/\/www.noidiqua.it\/Montale\/#\/schema\/person\/e2e6f44da50af0dae9c90ad168e471a4\"},\"breadcrumb\":{\"@id\":\"https:\/\/www.noidiqua.it\/Montale\/aldo-vettori-artista-presepe-non\/#breadcrumb\"},\"inLanguage\":\"it-IT\",\"potentialAction\":[{\"@type\":\"ReadAction\",\"target\":[\"https:\/\/www.noidiqua.it\/Montale\/aldo-vettori-artista-presepe-non\/\"]}]},{\"@type\":\"ImageObject\",\"inLanguage\":\"it-IT\",\"@id\":\"https:\/\/www.noidiqua.it\/Montale\/aldo-vettori-artista-presepe-non\/#primaryimage\",\"url\":\"https:\/\/www.noidiqua.it\/Montale\/wp-content\/uploads\/2015\/03\/presepe-1.png\",\"contentUrl\":\"https:\/\/www.noidiqua.it\/Montale\/wp-content\/uploads\/2015\/03\/presepe-1.png\",\"width\":493,\"height\":363},{\"@type\":\"BreadcrumbList\",\"@id\":\"https:\/\/www.noidiqua.it\/Montale\/aldo-vettori-artista-presepe-non\/#breadcrumb\",\"itemListElement\":[{\"@type\":\"ListItem\",\"position\":1,\"name\":\"Home\",\"item\":\"https:\/\/www.noidiqua.it\/Montale\/\"},{\"@type\":\"ListItem\",\"position\":2,\"name\":\"Aldo Vettori &#8211; artista del presepe, e non solo\"}]},{\"@type\":\"WebSite\",\"@id\":\"https:\/\/www.noidiqua.it\/Montale\/#website\",\"url\":\"https:\/\/www.noidiqua.it\/Montale\/\",\"name\":\"Noi di Qua Testata giornalistica e di attualit\u00e0 di Agliana, Montale e Quarrata.\",\"description\":\"Testata Giornalistica Quarrata Montale Agliana\",\"potentialAction\":[{\"@type\":\"SearchAction\",\"target\":{\"@type\":\"EntryPoint\",\"urlTemplate\":\"https:\/\/www.noidiqua.it\/Montale\/?s={search_term_string}\"},\"query-input\":{\"@type\":\"PropertyValueSpecification\",\"valueRequired\":true,\"valueName\":\"search_term_string\"}}],\"inLanguage\":\"it-IT\"},{\"@type\":\"Person\",\"@id\":\"https:\/\/www.noidiqua.it\/Montale\/#\/schema\/person\/e2e6f44da50af0dae9c90ad168e471a4\",\"name\":\"Giacomo Bini\",\"image\":{\"@type\":\"ImageObject\",\"inLanguage\":\"it-IT\",\"@id\":\"https:\/\/www.noidiqua.it\/Montale\/#\/schema\/person\/image\/\",\"url\":\"https:\/\/secure.gravatar.com\/avatar\/e5c18ae41df5ae37397358f2c6046696187d51a120c5d0b8f0c49f7b606f46f4?s=96&d=mm&r=g\",\"contentUrl\":\"https:\/\/secure.gravatar.com\/avatar\/e5c18ae41df5ae37397358f2c6046696187d51a120c5d0b8f0c49f7b606f46f4?s=96&d=mm&r=g\",\"caption\":\"Giacomo Bini\"},\"url\":\"https:\/\/www.noidiqua.it\/Montale\/author\/giacomo-bini\/\"}]}<\/script>\n<!-- \/ Yoast SEO plugin. -->","yoast_head_json":{"title":"Aldo Vettori - artista del presepe, e non solo - Noi di Qua Testata giornalistica e di attualit\u00e0 di Agliana, Montale e Quarrata.","robots":{"index":"index","follow":"follow","max-snippet":"max-snippet:-1","max-image-preview":"max-image-preview:large","max-video-preview":"max-video-preview:-1"},"canonical":"https:\/\/www.noidiqua.it\/Montale\/aldo-vettori-artista-presepe-non\/","og_locale":"it_IT","og_type":"article","og_title":"Aldo Vettori - artista del presepe, e non solo - Noi di Qua Testata giornalistica e di attualit\u00e0 di Agliana, Montale e Quarrata.","og_description":"di\u00a0Giacomo Bini marzo 2015 Abbiamo deciso di parlare di un Presepe, anche se siamo fuori stagione, perch\u00e9 quello costruito ogni anno da Aldo Vettori nel paesino di Fognano, ha una peculiarit\u00e0 che lo distingue da tutti gli altri. Lo potremmo definire un Presepe di strada o di vicinato, perch\u00e9 non \u00e8 esposto in un [&hellip;]","og_url":"https:\/\/www.noidiqua.it\/Montale\/aldo-vettori-artista-presepe-non\/","og_site_name":"Noi di Qua Testata giornalistica e di attualit\u00e0 di Agliana, Montale e Quarrata.","article_publisher":"https:\/\/www.facebook.com\/noidiqua.trimestrale\/","article_published_time":"2015-03-13T17:39:22+00:00","article_modified_time":"2022-12-21T17:25:26+00:00","og_image":[{"url":"https:\/\/www.noidiqua.it\/Montale\/wp-content\/uploads\/2015\/03\/presepe-1.png","type":"","width":"","height":""}],"author":"Giacomo Bini","twitter_misc":{"Scritto da":"Giacomo Bini","Tempo di lettura stimato":"3 minuti"},"schema":{"@context":"https:\/\/schema.org","@graph":[{"@type":"WebPage","@id":"https:\/\/www.noidiqua.it\/Montale\/aldo-vettori-artista-presepe-non\/","url":"https:\/\/www.noidiqua.it\/Montale\/aldo-vettori-artista-presepe-non\/","name":"Aldo Vettori - artista del presepe, e non solo - Noi di Qua Testata giornalistica e di attualit\u00e0 di Agliana, Montale e Quarrata.","isPartOf":{"@id":"https:\/\/www.noidiqua.it\/Montale\/#website"},"primaryImageOfPage":{"@id":"https:\/\/www.noidiqua.it\/Montale\/aldo-vettori-artista-presepe-non\/#primaryimage"},"image":{"@id":"https:\/\/www.noidiqua.it\/Montale\/aldo-vettori-artista-presepe-non\/#primaryimage"},"thumbnailUrl":"https:\/\/www.noidiqua.it\/Montale\/wp-content\/uploads\/2015\/03\/presepe-1.png","datePublished":"2015-03-13T17:39:22+00:00","dateModified":"2022-12-21T17:25:26+00:00","author":{"@id":"https:\/\/www.noidiqua.it\/Montale\/#\/schema\/person\/e2e6f44da50af0dae9c90ad168e471a4"},"breadcrumb":{"@id":"https:\/\/www.noidiqua.it\/Montale\/aldo-vettori-artista-presepe-non\/#breadcrumb"},"inLanguage":"it-IT","potentialAction":[{"@type":"ReadAction","target":["https:\/\/www.noidiqua.it\/Montale\/aldo-vettori-artista-presepe-non\/"]}]},{"@type":"ImageObject","inLanguage":"it-IT","@id":"https:\/\/www.noidiqua.it\/Montale\/aldo-vettori-artista-presepe-non\/#primaryimage","url":"https:\/\/www.noidiqua.it\/Montale\/wp-content\/uploads\/2015\/03\/presepe-1.png","contentUrl":"https:\/\/www.noidiqua.it\/Montale\/wp-content\/uploads\/2015\/03\/presepe-1.png","width":493,"height":363},{"@type":"BreadcrumbList","@id":"https:\/\/www.noidiqua.it\/Montale\/aldo-vettori-artista-presepe-non\/#breadcrumb","itemListElement":[{"@type":"ListItem","position":1,"name":"Home","item":"https:\/\/www.noidiqua.it\/Montale\/"},{"@type":"ListItem","position":2,"name":"Aldo Vettori &#8211; artista del presepe, e non solo"}]},{"@type":"WebSite","@id":"https:\/\/www.noidiqua.it\/Montale\/#website","url":"https:\/\/www.noidiqua.it\/Montale\/","name":"Noi di Qua Testata giornalistica e di attualit\u00e0 di Agliana, Montale e Quarrata.","description":"Testata Giornalistica Quarrata Montale Agliana","potentialAction":[{"@type":"SearchAction","target":{"@type":"EntryPoint","urlTemplate":"https:\/\/www.noidiqua.it\/Montale\/?s={search_term_string}"},"query-input":{"@type":"PropertyValueSpecification","valueRequired":true,"valueName":"search_term_string"}}],"inLanguage":"it-IT"},{"@type":"Person","@id":"https:\/\/www.noidiqua.it\/Montale\/#\/schema\/person\/e2e6f44da50af0dae9c90ad168e471a4","name":"Giacomo Bini","image":{"@type":"ImageObject","inLanguage":"it-IT","@id":"https:\/\/www.noidiqua.it\/Montale\/#\/schema\/person\/image\/","url":"https:\/\/secure.gravatar.com\/avatar\/e5c18ae41df5ae37397358f2c6046696187d51a120c5d0b8f0c49f7b606f46f4?s=96&d=mm&r=g","contentUrl":"https:\/\/secure.gravatar.com\/avatar\/e5c18ae41df5ae37397358f2c6046696187d51a120c5d0b8f0c49f7b606f46f4?s=96&d=mm&r=g","caption":"Giacomo Bini"},"url":"https:\/\/www.noidiqua.it\/Montale\/author\/giacomo-bini\/"}]}},"_links":{"self":[{"href":"https:\/\/www.noidiqua.it\/Montale\/wp-json\/wp\/v2\/posts\/3347","targetHints":{"allow":["GET"]}}],"collection":[{"href":"https:\/\/www.noidiqua.it\/Montale\/wp-json\/wp\/v2\/posts"}],"about":[{"href":"https:\/\/www.noidiqua.it\/Montale\/wp-json\/wp\/v2\/types\/post"}],"author":[{"embeddable":true,"href":"https:\/\/www.noidiqua.it\/Montale\/wp-json\/wp\/v2\/users\/12"}],"replies":[{"embeddable":true,"href":"https:\/\/www.noidiqua.it\/Montale\/wp-json\/wp\/v2\/comments?post=3347"}],"version-history":[{"count":6,"href":"https:\/\/www.noidiqua.it\/Montale\/wp-json\/wp\/v2\/posts\/3347\/revisions"}],"predecessor-version":[{"id":7364,"href":"https:\/\/www.noidiqua.it\/Montale\/wp-json\/wp\/v2\/posts\/3347\/revisions\/7364"}],"wp:attachment":[{"href":"https:\/\/www.noidiqua.it\/Montale\/wp-json\/wp\/v2\/media?parent=3347"}],"wp:term":[{"taxonomy":"category","embeddable":true,"href":"https:\/\/www.noidiqua.it\/Montale\/wp-json\/wp\/v2\/categories?post=3347"},{"taxonomy":"post_tag","embeddable":true,"href":"https:\/\/www.noidiqua.it\/Montale\/wp-json\/wp\/v2\/tags?post=3347"}],"curies":[{"name":"wp","href":"https:\/\/api.w.org\/{rel}","templated":true}]}}