{"id":3913,"date":"2015-06-12T11:43:26","date_gmt":"2015-06-12T09:43:26","guid":{"rendered":"https:\/\/www.noidiqua.it\/Montale\/?p=3913"},"modified":"2023-01-02T10:17:29","modified_gmt":"2023-01-02T09:17:29","slug":"battaglia-per-salvare-scuole-fognano-tobbiana","status":"publish","type":"post","link":"https:\/\/www.noidiqua.it\/Montale\/battaglia-per-salvare-scuole-fognano-tobbiana\/","title":{"rendered":"La battaglia per salvare le scuole di Fognano e Tobbiana"},"content":{"rendered":"<p><em>di\u00a0Giacomo Bini<\/em><\/p>\n<p>giugno\u00a02015<\/p>\n<p><a href=\"https:\/\/www.noidiqua.it\/Montale\/wp-content\/uploads\/2015\/06\/scuola-2.png\" rel=\"wp-prettyPhoto[3913]\"><img loading=\"lazy\" decoding=\"async\" class=\"aligncenter size-full wp-image-7390\" src=\"https:\/\/www.noidiqua.it\/Montale\/wp-content\/uploads\/2015\/06\/scuola-2.png\" alt=\"\" width=\"507\" height=\"338\" srcset=\"https:\/\/www.noidiqua.it\/Montale\/wp-content\/uploads\/2015\/06\/scuola-2.png 507w, https:\/\/www.noidiqua.it\/Montale\/wp-content\/uploads\/2015\/06\/scuola-2-300x200.png 300w\" sizes=\"auto, (max-width: 507px) 100vw, 507px\" \/><\/a><\/p>\n<p class=\"p1\" style=\"text-align: justify;\"><span class=\"s1\">La petizione per salvare dalla chiusura la scuola elementare di Fognano ha raccolto 832 firme in una paese di circa mille abitanti. E\u2019 il segno dell\u2019importanza che riveste per la comunit\u00e0 la presenza della scuola. <i>\u00abSenza la scuola il paese muore\u00bb<\/i> ha sintetizzato il presidente della Pro-Loco Marco Ciampi. Quest\u2019anno gli iscritti alla prima di Fognano sono solo 6, troppo pochi per formare una classe. Nell\u2019edificio scolastico di via Battisti, sono ospitate la prima e la seconda classe del ciclo della primaria che poi prosegue con la terza, la quarta e la quinta nella scuola di Tobbiana in via dei Colli. Quando la situazione \u00e8 stata comunicata ai genitori, in un\u2019assemblea a cui hanno partecipato il sindaco e il preside, si \u00e8 temuto che la scuola di Fognano potesse chiudere e questo rischio ha fatto scattare l\u2019iniziativa della petizione. Il sindaco di Montale Ferdinando Betti ha successivamente chiarito che il Comune metter\u00e0 a disposizione entrambi i plessi scolastici di Tobbiana e di Fognano, oltre ai servizi, e star\u00e0 alla Direzione Scolastica decidere la distribuzione delle classi. Di sicuro non si former\u00e0 una prima e neanche la materna a Tobbiana (troppo pochi gli 8 iscritti). Non \u00e8 la prima volta che i paesi di Tobbiana e Fognano si mobilitano in difesa delle loro scuole.\u00a0 Ricostruiamo qui, grazie all\u2019archivio della cronaca della Nazione, alcuni dei momenti di questa lunga lotta per salvare le scuole.\u00a0<\/span><\/p>\n<p class=\"p1\" style=\"text-align: justify;\"><span class=\"s1\"><b>1984: La battaglia per il tempo pieno<\/b>. Allora i paesi di Tobbiana e di Fognano avevano ciascuno una scuola elementare dalla prima alla quinta classe, ma i problemi derivanti dal calo demografico iniziavano a manifestarsi. Il Provveditorato agli Studi decise che non si poteva fare pi\u00f9 il tempo pieno nella prima di Tobbiana perch\u00e9 gli iscritti erano troppo pochi (8 in tutto di cui tre residenti a Montale capoluogo) per giustificare un secondo insegnante nel pomeriggio oltre a quello della mattina. Si levarono le proteste della popolazione di Tobbiana, che allora contava 1.100 residenti; si organizz\u00f2 un\u2019assemblea pubblica e il sindaco Roberto Sottili si schier\u00f2 con la cittadinanza inviando un telegramma di \u00abviva preoccupazione\u00bb al provveditorato e dichiar\u00f2 di non poter garantire il servizio di trasporto scolastico se gli orari fossero stati diversi tra la prima e le altre classi.<\/span><\/p>\n<p class=\"p1\" style=\"text-align: justify;\"><span class=\"s1\"><b>1989: La protesta per la prima a Tobbiana.<\/b> Il Provveditorato annuncia di non attivare una nuova prima classe elementare a Tobbiana perch\u00e9 gli iscritti sono otto mentre il limite di legge \u00e8 di dieci. Una petizione popolare contro la soppressione della prima classe raccolse 600 firme (su una popolazione di 963 residenti). Il braccio di ferro col Provveditorato dur\u00f2 per mesi. Il consiglio comunale approv\u00f2 all\u2019unanimit\u00e0 un ordine del giorno per l\u2019attivazione della prima. Un\u2019assemblea pubblica presieduta dal sindaco Giorgio Tibo, manifest\u00f2 la ferma opposizione al provvedimento del Provveditorato. Alla fine la battaglia fu vinta e la prima classe part\u00ec regolarmente.\u00a0<\/span><\/p>\n<p><a href=\"https:\/\/www.noidiqua.it\/Montale\/wp-content\/uploads\/2015\/06\/scuola-1.png\" rel=\"wp-prettyPhoto[3913]\"><img loading=\"lazy\" decoding=\"async\" class=\"aligncenter size-full wp-image-7391\" src=\"https:\/\/www.noidiqua.it\/Montale\/wp-content\/uploads\/2015\/06\/scuola-1.png\" alt=\"\" width=\"496\" height=\"372\" srcset=\"https:\/\/www.noidiqua.it\/Montale\/wp-content\/uploads\/2015\/06\/scuola-1.png 496w, https:\/\/www.noidiqua.it\/Montale\/wp-content\/uploads\/2015\/06\/scuola-1-300x225.png 300w\" sizes=\"auto, (max-width: 496px) 100vw, 496px\" \/><\/a><\/p>\n<p class=\"p1\" style=\"text-align: justify;\">\n<p class=\"p1\" style=\"text-align: justify;\"><span class=\"s1\"><b>1991: La rivolta contro l\u2019accorpamento tra le scuole di Tobbiana e Fognano<\/b>. Il Provveditorato stavolta con il pieno accordo dell\u2019Amministrazione Comunale, decide di accorpare le scuole elementari di Fognano e di Tobbiana. Il motivo \u00e8 ancora lo scarso numero degli iscritti alla prima classe: 7 a Tobbiana e 9 a Fognano. La soluzione proposta \u00e8 creare un\u2019unica prima a Fognano e negli anni successivi accorpare le prime due classi nel plesso di Fognano e le ultime tre in quello di Tobbiana. Il provvedimento fa esplodere una sollevazione dei genitori e della popolazione di Tobbiana: <i>\u00abNon siamo disposti ad accettare prevaricazioni<\/i>\u00bb scrivono al sindaco Giorgio Tibo<i> \u00abci batteremo fino in fondo per i nostri diritti\u00bb<\/i>. Il 18 settembre, primo giorno di scuola, famiglie e bambini manifestano davanti alla scuola di via dei Colli. Ma l\u2019assessore all\u2019istruzione Edda Magnani difende la scelta del Comune e del Provveditorato: <i>\u00abSarebbe stato pi\u00f9 comodo chiudere una delle due scuole\u00bb<\/i> disse Magnani <i>\u00ababbiamo preferito una soluzione diversa, poi c\u2019\u00e8 da applicare la didattica dei moduli che richiedono spazi maggiori, per esempio per la mensa<\/i>\u00bb.<i> \u00abEra l\u2019unica soluzione per conservare le due scuole\u00bb<\/i> afferm\u00f2 l\u2019allora capogruppo Pds Piero Razzoli che respinse certe argomentazioni dei genitori e si schier\u00f2 dalla parte della Direzione Didattica. La protesta non sort\u00ec effetti e l\u2019accorpamento tra le due scuole, attuato allora, \u00e8 durato fino ad oggi.\u00a0<\/span><\/p>\n<p class=\"p1\" style=\"text-align: justify;\"><span class=\"s1\">Dopo 24 anni neanche la formula dell\u2019accorpamento sembra rispondere alle nuove condizioni dell\u2019andamento demografico e si riprone il problema del salvataggio delle scuole di Fognano e di Tobbiana nei prossimi anni. La battaglia continua e soprattutto continua la ricerca di soluzioni per il futuro.\u00a0<\/span><\/p>","protected":false},"excerpt":{"rendered":"<p>di\u00a0Giacomo Bini giugno\u00a02015 La petizione per salvare dalla chiusura la scuola elementare di Fognano ha raccolto 832 firme in una paese di circa mille abitanti. E\u2019 il segno dell\u2019importanza che riveste per la comunit\u00e0 la presenza della scuola. \u00abSenza la scuola il paese muore\u00bb ha sintetizzato il presidente della Pro-Loco Marco Ciampi. Quest\u2019anno gli [&hellip;]<\/p>","protected":false},"author":12,"featured_media":0,"comment_status":"open","ping_status":"open","sticky":false,"template":"","format":"standard","meta":{"footnotes":""},"categories":[31,7],"tags":[75,91,995,114,205,152,154,155],"class_list":["post-3913","post","type-post","status-publish","format-standard","hentry","category-storia-qt","category-mt","tag-fognano","tag-il-montalese","tag-mt","tag-noidiqua-il-montalese","tag-scuole","tag-storia","tag-territorio","tag-tobbiana"],"yoast_head":"<!-- This site is optimized with the Yoast SEO plugin v25.5 - https:\/\/yoast.com\/wordpress\/plugins\/seo\/ -->\n<title>La battaglia per salvare le scuole di Fognano e Tobbiana - Noi di Qua Testata giornalistica e di attualit\u00e0 di Agliana, Montale e Quarrata.<\/title>\n<meta name=\"robots\" content=\"index, follow, max-snippet:-1, max-image-preview:large, max-video-preview:-1\" \/>\n<link rel=\"canonical\" href=\"https:\/\/www.noidiqua.it\/Montale\/battaglia-per-salvare-scuole-fognano-tobbiana\/\" \/>\n<meta property=\"og:locale\" content=\"it_IT\" \/>\n<meta property=\"og:type\" content=\"article\" \/>\n<meta property=\"og:title\" content=\"La battaglia per salvare le scuole di Fognano e Tobbiana - Noi di Qua Testata giornalistica e di attualit\u00e0 di Agliana, Montale e Quarrata.\" \/>\n<meta property=\"og:description\" content=\"di\u00a0Giacomo Bini giugno\u00a02015 La petizione per salvare dalla chiusura la scuola elementare di Fognano ha raccolto 832 firme in una paese di circa mille abitanti. E\u2019 il segno dell\u2019importanza che riveste per la comunit\u00e0 la presenza della scuola. \u00abSenza la scuola il paese muore\u00bb ha sintetizzato il presidente della Pro-Loco Marco Ciampi. Quest\u2019anno gli [&hellip;]\" \/>\n<meta property=\"og:url\" content=\"https:\/\/www.noidiqua.it\/Montale\/battaglia-per-salvare-scuole-fognano-tobbiana\/\" \/>\n<meta property=\"og:site_name\" content=\"Noi di Qua Testata giornalistica e di attualit\u00e0 di Agliana, Montale e Quarrata.\" \/>\n<meta property=\"article:publisher\" content=\"https:\/\/www.facebook.com\/noidiqua.trimestrale\/\" \/>\n<meta property=\"article:published_time\" content=\"2015-06-12T09:43:26+00:00\" \/>\n<meta property=\"article:modified_time\" content=\"2023-01-02T09:17:29+00:00\" \/>\n<meta property=\"og:image\" content=\"https:\/\/www.noidiqua.it\/Montale\/wp-content\/uploads\/2015\/06\/scuola-2.png\" \/>\n<meta name=\"author\" content=\"Giacomo Bini\" \/>\n<meta name=\"twitter:label1\" content=\"Scritto da\" \/>\n\t<meta name=\"twitter:data1\" content=\"Giacomo Bini\" \/>\n\t<meta name=\"twitter:label2\" content=\"Tempo di lettura stimato\" \/>\n\t<meta name=\"twitter:data2\" content=\"4 minuti\" \/>\n<script type=\"application\/ld+json\" class=\"yoast-schema-graph\">{\"@context\":\"https:\/\/schema.org\",\"@graph\":[{\"@type\":\"WebPage\",\"@id\":\"https:\/\/www.noidiqua.it\/Montale\/battaglia-per-salvare-scuole-fognano-tobbiana\/\",\"url\":\"https:\/\/www.noidiqua.it\/Montale\/battaglia-per-salvare-scuole-fognano-tobbiana\/\",\"name\":\"La battaglia per salvare le scuole di Fognano e Tobbiana - Noi di Qua Testata giornalistica e di attualit\u00e0 di Agliana, Montale e Quarrata.\",\"isPartOf\":{\"@id\":\"https:\/\/www.noidiqua.it\/Montale\/#website\"},\"primaryImageOfPage\":{\"@id\":\"https:\/\/www.noidiqua.it\/Montale\/battaglia-per-salvare-scuole-fognano-tobbiana\/#primaryimage\"},\"image\":{\"@id\":\"https:\/\/www.noidiqua.it\/Montale\/battaglia-per-salvare-scuole-fognano-tobbiana\/#primaryimage\"},\"thumbnailUrl\":\"https:\/\/www.noidiqua.it\/Montale\/wp-content\/uploads\/2015\/06\/scuola-2.png\",\"datePublished\":\"2015-06-12T09:43:26+00:00\",\"dateModified\":\"2023-01-02T09:17:29+00:00\",\"author\":{\"@id\":\"https:\/\/www.noidiqua.it\/Montale\/#\/schema\/person\/e2e6f44da50af0dae9c90ad168e471a4\"},\"breadcrumb\":{\"@id\":\"https:\/\/www.noidiqua.it\/Montale\/battaglia-per-salvare-scuole-fognano-tobbiana\/#breadcrumb\"},\"inLanguage\":\"it-IT\",\"potentialAction\":[{\"@type\":\"ReadAction\",\"target\":[\"https:\/\/www.noidiqua.it\/Montale\/battaglia-per-salvare-scuole-fognano-tobbiana\/\"]}]},{\"@type\":\"ImageObject\",\"inLanguage\":\"it-IT\",\"@id\":\"https:\/\/www.noidiqua.it\/Montale\/battaglia-per-salvare-scuole-fognano-tobbiana\/#primaryimage\",\"url\":\"https:\/\/www.noidiqua.it\/Montale\/wp-content\/uploads\/2015\/06\/scuola-2.png\",\"contentUrl\":\"https:\/\/www.noidiqua.it\/Montale\/wp-content\/uploads\/2015\/06\/scuola-2.png\",\"width\":507,\"height\":338},{\"@type\":\"BreadcrumbList\",\"@id\":\"https:\/\/www.noidiqua.it\/Montale\/battaglia-per-salvare-scuole-fognano-tobbiana\/#breadcrumb\",\"itemListElement\":[{\"@type\":\"ListItem\",\"position\":1,\"name\":\"Home\",\"item\":\"https:\/\/www.noidiqua.it\/Montale\/\"},{\"@type\":\"ListItem\",\"position\":2,\"name\":\"La battaglia per salvare le scuole di Fognano e Tobbiana\"}]},{\"@type\":\"WebSite\",\"@id\":\"https:\/\/www.noidiqua.it\/Montale\/#website\",\"url\":\"https:\/\/www.noidiqua.it\/Montale\/\",\"name\":\"Noi di Qua Testata giornalistica e di attualit\u00e0 di Agliana, Montale e Quarrata.\",\"description\":\"Testata Giornalistica Quarrata Montale Agliana\",\"potentialAction\":[{\"@type\":\"SearchAction\",\"target\":{\"@type\":\"EntryPoint\",\"urlTemplate\":\"https:\/\/www.noidiqua.it\/Montale\/?s={search_term_string}\"},\"query-input\":{\"@type\":\"PropertyValueSpecification\",\"valueRequired\":true,\"valueName\":\"search_term_string\"}}],\"inLanguage\":\"it-IT\"},{\"@type\":\"Person\",\"@id\":\"https:\/\/www.noidiqua.it\/Montale\/#\/schema\/person\/e2e6f44da50af0dae9c90ad168e471a4\",\"name\":\"Giacomo Bini\",\"image\":{\"@type\":\"ImageObject\",\"inLanguage\":\"it-IT\",\"@id\":\"https:\/\/www.noidiqua.it\/Montale\/#\/schema\/person\/image\/\",\"url\":\"https:\/\/secure.gravatar.com\/avatar\/e5c18ae41df5ae37397358f2c6046696187d51a120c5d0b8f0c49f7b606f46f4?s=96&d=mm&r=g\",\"contentUrl\":\"https:\/\/secure.gravatar.com\/avatar\/e5c18ae41df5ae37397358f2c6046696187d51a120c5d0b8f0c49f7b606f46f4?s=96&d=mm&r=g\",\"caption\":\"Giacomo Bini\"},\"url\":\"https:\/\/www.noidiqua.it\/Montale\/author\/giacomo-bini\/\"}]}<\/script>\n<!-- \/ Yoast SEO plugin. -->","yoast_head_json":{"title":"La battaglia per salvare le scuole di Fognano e Tobbiana - Noi di Qua Testata giornalistica e di attualit\u00e0 di Agliana, Montale e Quarrata.","robots":{"index":"index","follow":"follow","max-snippet":"max-snippet:-1","max-image-preview":"max-image-preview:large","max-video-preview":"max-video-preview:-1"},"canonical":"https:\/\/www.noidiqua.it\/Montale\/battaglia-per-salvare-scuole-fognano-tobbiana\/","og_locale":"it_IT","og_type":"article","og_title":"La battaglia per salvare le scuole di Fognano e Tobbiana - Noi di Qua Testata giornalistica e di attualit\u00e0 di Agliana, Montale e Quarrata.","og_description":"di\u00a0Giacomo Bini giugno\u00a02015 La petizione per salvare dalla chiusura la scuola elementare di Fognano ha raccolto 832 firme in una paese di circa mille abitanti. E\u2019 il segno dell\u2019importanza che riveste per la comunit\u00e0 la presenza della scuola. \u00abSenza la scuola il paese muore\u00bb ha sintetizzato il presidente della Pro-Loco Marco Ciampi. Quest\u2019anno gli [&hellip;]","og_url":"https:\/\/www.noidiqua.it\/Montale\/battaglia-per-salvare-scuole-fognano-tobbiana\/","og_site_name":"Noi di Qua Testata giornalistica e di attualit\u00e0 di Agliana, Montale e Quarrata.","article_publisher":"https:\/\/www.facebook.com\/noidiqua.trimestrale\/","article_published_time":"2015-06-12T09:43:26+00:00","article_modified_time":"2023-01-02T09:17:29+00:00","og_image":[{"url":"https:\/\/www.noidiqua.it\/Montale\/wp-content\/uploads\/2015\/06\/scuola-2.png","type":"","width":"","height":""}],"author":"Giacomo Bini","twitter_misc":{"Scritto da":"Giacomo Bini","Tempo di lettura stimato":"4 minuti"},"schema":{"@context":"https:\/\/schema.org","@graph":[{"@type":"WebPage","@id":"https:\/\/www.noidiqua.it\/Montale\/battaglia-per-salvare-scuole-fognano-tobbiana\/","url":"https:\/\/www.noidiqua.it\/Montale\/battaglia-per-salvare-scuole-fognano-tobbiana\/","name":"La battaglia per salvare le scuole di Fognano e Tobbiana - Noi di Qua Testata giornalistica e di attualit\u00e0 di Agliana, Montale e Quarrata.","isPartOf":{"@id":"https:\/\/www.noidiqua.it\/Montale\/#website"},"primaryImageOfPage":{"@id":"https:\/\/www.noidiqua.it\/Montale\/battaglia-per-salvare-scuole-fognano-tobbiana\/#primaryimage"},"image":{"@id":"https:\/\/www.noidiqua.it\/Montale\/battaglia-per-salvare-scuole-fognano-tobbiana\/#primaryimage"},"thumbnailUrl":"https:\/\/www.noidiqua.it\/Montale\/wp-content\/uploads\/2015\/06\/scuola-2.png","datePublished":"2015-06-12T09:43:26+00:00","dateModified":"2023-01-02T09:17:29+00:00","author":{"@id":"https:\/\/www.noidiqua.it\/Montale\/#\/schema\/person\/e2e6f44da50af0dae9c90ad168e471a4"},"breadcrumb":{"@id":"https:\/\/www.noidiqua.it\/Montale\/battaglia-per-salvare-scuole-fognano-tobbiana\/#breadcrumb"},"inLanguage":"it-IT","potentialAction":[{"@type":"ReadAction","target":["https:\/\/www.noidiqua.it\/Montale\/battaglia-per-salvare-scuole-fognano-tobbiana\/"]}]},{"@type":"ImageObject","inLanguage":"it-IT","@id":"https:\/\/www.noidiqua.it\/Montale\/battaglia-per-salvare-scuole-fognano-tobbiana\/#primaryimage","url":"https:\/\/www.noidiqua.it\/Montale\/wp-content\/uploads\/2015\/06\/scuola-2.png","contentUrl":"https:\/\/www.noidiqua.it\/Montale\/wp-content\/uploads\/2015\/06\/scuola-2.png","width":507,"height":338},{"@type":"BreadcrumbList","@id":"https:\/\/www.noidiqua.it\/Montale\/battaglia-per-salvare-scuole-fognano-tobbiana\/#breadcrumb","itemListElement":[{"@type":"ListItem","position":1,"name":"Home","item":"https:\/\/www.noidiqua.it\/Montale\/"},{"@type":"ListItem","position":2,"name":"La battaglia per salvare le scuole di Fognano e Tobbiana"}]},{"@type":"WebSite","@id":"https:\/\/www.noidiqua.it\/Montale\/#website","url":"https:\/\/www.noidiqua.it\/Montale\/","name":"Noi di Qua Testata giornalistica e di attualit\u00e0 di Agliana, Montale e Quarrata.","description":"Testata Giornalistica Quarrata Montale Agliana","potentialAction":[{"@type":"SearchAction","target":{"@type":"EntryPoint","urlTemplate":"https:\/\/www.noidiqua.it\/Montale\/?s={search_term_string}"},"query-input":{"@type":"PropertyValueSpecification","valueRequired":true,"valueName":"search_term_string"}}],"inLanguage":"it-IT"},{"@type":"Person","@id":"https:\/\/www.noidiqua.it\/Montale\/#\/schema\/person\/e2e6f44da50af0dae9c90ad168e471a4","name":"Giacomo Bini","image":{"@type":"ImageObject","inLanguage":"it-IT","@id":"https:\/\/www.noidiqua.it\/Montale\/#\/schema\/person\/image\/","url":"https:\/\/secure.gravatar.com\/avatar\/e5c18ae41df5ae37397358f2c6046696187d51a120c5d0b8f0c49f7b606f46f4?s=96&d=mm&r=g","contentUrl":"https:\/\/secure.gravatar.com\/avatar\/e5c18ae41df5ae37397358f2c6046696187d51a120c5d0b8f0c49f7b606f46f4?s=96&d=mm&r=g","caption":"Giacomo Bini"},"url":"https:\/\/www.noidiqua.it\/Montale\/author\/giacomo-bini\/"}]}},"_links":{"self":[{"href":"https:\/\/www.noidiqua.it\/Montale\/wp-json\/wp\/v2\/posts\/3913","targetHints":{"allow":["GET"]}}],"collection":[{"href":"https:\/\/www.noidiqua.it\/Montale\/wp-json\/wp\/v2\/posts"}],"about":[{"href":"https:\/\/www.noidiqua.it\/Montale\/wp-json\/wp\/v2\/types\/post"}],"author":[{"embeddable":true,"href":"https:\/\/www.noidiqua.it\/Montale\/wp-json\/wp\/v2\/users\/12"}],"replies":[{"embeddable":true,"href":"https:\/\/www.noidiqua.it\/Montale\/wp-json\/wp\/v2\/comments?post=3913"}],"version-history":[{"count":6,"href":"https:\/\/www.noidiqua.it\/Montale\/wp-json\/wp\/v2\/posts\/3913\/revisions"}],"predecessor-version":[{"id":7392,"href":"https:\/\/www.noidiqua.it\/Montale\/wp-json\/wp\/v2\/posts\/3913\/revisions\/7392"}],"wp:attachment":[{"href":"https:\/\/www.noidiqua.it\/Montale\/wp-json\/wp\/v2\/media?parent=3913"}],"wp:term":[{"taxonomy":"category","embeddable":true,"href":"https:\/\/www.noidiqua.it\/Montale\/wp-json\/wp\/v2\/categories?post=3913"},{"taxonomy":"post_tag","embeddable":true,"href":"https:\/\/www.noidiqua.it\/Montale\/wp-json\/wp\/v2\/tags?post=3913"}],"curies":[{"name":"wp","href":"https:\/\/api.w.org\/{rel}","templated":true}]}}