{"id":3918,"date":"2015-06-12T12:00:10","date_gmt":"2015-06-12T10:00:10","guid":{"rendered":"https:\/\/www.noidiqua.it\/Montale\/?p=3918"},"modified":"2023-01-02T10:19:52","modified_gmt":"2023-01-02T09:19:52","slug":"croce-doro-autonoma","status":"publish","type":"post","link":"https:\/\/www.noidiqua.it\/Montale\/croce-doro-autonoma\/","title":{"rendered":"Croce d&#8217;Oro autonoma"},"content":{"rendered":"<p><em>di Giacomo Bini<\/em><\/p>\n<p>giugno\u00a02015<\/p>\n<p><a href=\"https:\/\/www.noidiqua.it\/Montale\/wp-content\/uploads\/2015\/06\/croce-doro.png\" rel=\"wp-prettyPhoto[3918]\"><img loading=\"lazy\" decoding=\"async\" class=\"aligncenter size-full wp-image-7393\" src=\"https:\/\/www.noidiqua.it\/Montale\/wp-content\/uploads\/2015\/06\/croce-doro.png\" alt=\"\" width=\"488\" height=\"358\" srcset=\"https:\/\/www.noidiqua.it\/Montale\/wp-content\/uploads\/2015\/06\/croce-doro.png 488w, https:\/\/www.noidiqua.it\/Montale\/wp-content\/uploads\/2015\/06\/croce-doro-300x220.png 300w\" sizes=\"auto, (max-width: 488px) 100vw, 488px\" \/><\/a><\/p>\n<p><span class=\"s1\">La <strong>Croce d\u2019Oro<\/strong> ha aperto un nuovo capitolo della sua storia dopo il raggiungimento dell\u2019autonomia dalla ex casa madre di <strong>Prato<\/strong>. Nuovo statuto, nuove divise, ma stessi colori e stesso nome, bench\u00e9 senza le parole <i>\u201csezione di\u201d<\/i> che rendeva l\u2019associazione subordinata alla <strong>Croce d\u2019Oro di Prato<\/strong>. Sul labaro ufficiale appaiono due date: il 1972 che \u00e8 quella della fondazione e il 2014 che \u00e8 quella della costituzione della nuova associazione. La Croce d\u2019Oro vuole restare fedele al suo passato e tutelare il patrimonio di stima e di affetto che si \u00e8 conquistata presso la popolazione, ma vuole anche guardare avanti, contando sul fatto che l\u2019autonomia giuridica possa essere un volano per il futuro. Il passaggio verso l\u2019autonomia non \u00e8 stato n\u00e9 facile n\u00e9 indolore e restano ancora degli strascichi da gestire, ma il gruppo direttivo, a partire dal presidente Claudio Santini, ha avuto il merito di condurre la barca in porto senza troppi scossoni.\u00a0<\/span><\/p>\n<p><span class=\"s1\"><i>\u00abI cittadini di Montale non si sono accorti di nulla<\/i>\u00bb afferma con legittimo orgoglio il presidente <i>\u00abi servizi sono continuati normalmente e per questo dobbiamo essere grati ai nostri volontari che ci sono rimasti fedeli e hanno continuato a lavorare con la dedizione di sempre anche nei momenti pi\u00f9 difficili\u00bb<\/i>. La Croce d\u2019Oro svolge i servizi di pronto intervento col 118 a giorni alternati, effettua il trasporto sociale di diversi disabili alle strutture specializzate e continua ad essere un punto di riferimento per tutta la collettivit\u00e0. La campagna di tesseramento ha confermato la vicinanza della popolazione. <i>\u00abAlla cittadinanza diciamo grazie\u00bb<\/i> dice il presidente Santini <i>\u00abe chiediamo di continuare a darci il proprio aiuto, perch\u00e9 noi siamo al servizio della collettivit\u00e0 e possiamo assicurare che vogliamo crescere e che l\u2019associazione \u00e8 vitale quanto e pi\u00f9 di prima\u00bb<\/i>.\u00a0<\/span><\/p>\n<p><span class=\"s1\">Il nuovo consiglio direttivo rispecchia il connubio tra la continuit\u00e0 e l\u2019innovazione, con la conferma di Santini alla guida e di altri consiglieri ma anche con l\u2019inserimento di persone nuove. Il consiglio, che rester\u00e0 in carica fino al 2019, \u00e8 composto, oltre che dal presidente <strong>Claudio Santini<\/strong>, da due vice-presidenti: <strong>Colette Valentini<\/strong> con delega al Sociale e Formazione e <strong>Matteo Guarro<\/strong>, con delega al personale, manifestazioni ed eventi e dai seguenti consiglieri:<strong> Donato Belardinelli<\/strong> (Servizi Informatici e Servizio Civile), <strong>Gabriele Cappellini<\/strong> (rapporti coi volontari), <strong>Edo Cecchi<\/strong> (Cassiere), <strong>Sauro Fattori<\/strong> (rapporti con la sede di Tobbiana, allestimento mezzi e rapporti coi volontari), <strong>Lorenzo Grassi<\/strong> (Protezione Civile), <strong>Loriano Lucchesi<\/strong> (Affari Generali). Sono stati attribuiti anche alcuni incarichi a persone esterne come <strong>Emidio Durante<\/strong>, che si occupa del Gruppo Podistico, <strong>Marco Filigetti<\/strong> e <strong>Patrizio Rossi<\/strong> (Pulizia e Manutenzione Ordinaria Mezzi), <strong>Riccardo Menici<\/strong> (Protezione Civile), <strong>Giuseppe Paolini<\/strong> (Rapporti con l\u2019Amministrazione Comunale).\u00a0<\/span><\/p>\n<p><span class=\"s1\">Una prova di questa vitalit\u00e0 \u00e8 la <strong>Festa del Volontariato<\/strong>, in pieno svolgimento in via dei Martiri della Foibe fino al 5 luglio; una manifestazione che \u00e8 giunta ormai alla undicesima edizione ed \u00e8 possibile solo grazie all\u2019impegno di tantissimi volontari. Una delle giornate pi\u00f9 significative della festa \u00e8 quella in cui tutte le associazioni di Montale sono coinvolte con lo scopo di raccogliere fondi per acquistare materiale didattico da destinare alla scuola media di Montale.\u00a0<\/span><\/p>\n<p>&nbsp;<\/p>","protected":false},"excerpt":{"rendered":"<p>di Giacomo Bini giugno\u00a02015 La Croce d\u2019Oro ha aperto un nuovo capitolo della sua storia dopo il raggiungimento dell\u2019autonomia dalla ex casa madre di Prato. Nuovo statuto, nuove divise, ma stessi colori e stesso nome, bench\u00e9 senza le parole \u201csezione di\u201d che rendeva l\u2019associazione subordinata alla Croce d\u2019Oro di Prato. Sul labaro ufficiale appaiono [&hellip;]<\/p>","protected":false},"author":12,"featured_media":0,"comment_status":"open","ping_status":"open","sticky":false,"template":"","format":"standard","meta":{"footnotes":""},"categories":[7,12],"tags":[42,62,91,114,121],"class_list":["post-3918","post","type-post","status-publish","format-standard","hentry","category-mt","category-solidarieta-qt","tag-arti-e-mestieri","tag-croce-doro","tag-il-montalese","tag-noidiqua-il-montalese","tag-per-gli-altri"],"yoast_head":"<!-- This site is optimized with the Yoast SEO plugin v25.5 - https:\/\/yoast.com\/wordpress\/plugins\/seo\/ -->\n<title>Croce d&#039;Oro autonoma - Noi di Qua Testata giornalistica e di attualit\u00e0 di Agliana, Montale e Quarrata.<\/title>\n<meta name=\"robots\" content=\"index, follow, max-snippet:-1, max-image-preview:large, max-video-preview:-1\" \/>\n<link rel=\"canonical\" href=\"https:\/\/www.noidiqua.it\/Montale\/croce-doro-autonoma\/\" \/>\n<meta property=\"og:locale\" content=\"it_IT\" \/>\n<meta property=\"og:type\" content=\"article\" \/>\n<meta property=\"og:title\" content=\"Croce d&#039;Oro autonoma - Noi di Qua Testata giornalistica e di attualit\u00e0 di Agliana, Montale e Quarrata.\" \/>\n<meta property=\"og:description\" content=\"di Giacomo Bini giugno\u00a02015 La Croce d\u2019Oro ha aperto un nuovo capitolo della sua storia dopo il raggiungimento dell\u2019autonomia dalla ex casa madre di Prato. Nuovo statuto, nuove divise, ma stessi colori e stesso nome, bench\u00e9 senza le parole \u201csezione di\u201d che rendeva l\u2019associazione subordinata alla Croce d\u2019Oro di Prato. Sul labaro ufficiale appaiono [&hellip;]\" \/>\n<meta property=\"og:url\" content=\"https:\/\/www.noidiqua.it\/Montale\/croce-doro-autonoma\/\" \/>\n<meta property=\"og:site_name\" content=\"Noi di Qua Testata giornalistica e di attualit\u00e0 di Agliana, Montale e Quarrata.\" \/>\n<meta property=\"article:publisher\" content=\"https:\/\/www.facebook.com\/noidiqua.trimestrale\/\" \/>\n<meta property=\"article:published_time\" content=\"2015-06-12T10:00:10+00:00\" \/>\n<meta property=\"article:modified_time\" content=\"2023-01-02T09:19:52+00:00\" \/>\n<meta property=\"og:image\" content=\"https:\/\/www.noidiqua.it\/Montale\/wp-content\/uploads\/2015\/06\/croce-doro.png\" \/>\n<meta name=\"author\" content=\"Giacomo Bini\" \/>\n<meta name=\"twitter:label1\" content=\"Scritto da\" \/>\n\t<meta name=\"twitter:data1\" content=\"Giacomo Bini\" \/>\n\t<meta name=\"twitter:label2\" content=\"Tempo di lettura stimato\" \/>\n\t<meta name=\"twitter:data2\" content=\"3 minuti\" \/>\n<script type=\"application\/ld+json\" class=\"yoast-schema-graph\">{\"@context\":\"https:\/\/schema.org\",\"@graph\":[{\"@type\":\"WebPage\",\"@id\":\"https:\/\/www.noidiqua.it\/Montale\/croce-doro-autonoma\/\",\"url\":\"https:\/\/www.noidiqua.it\/Montale\/croce-doro-autonoma\/\",\"name\":\"Croce d'Oro autonoma - Noi di Qua Testata giornalistica e di attualit\u00e0 di Agliana, Montale e Quarrata.\",\"isPartOf\":{\"@id\":\"https:\/\/www.noidiqua.it\/Montale\/#website\"},\"primaryImageOfPage\":{\"@id\":\"https:\/\/www.noidiqua.it\/Montale\/croce-doro-autonoma\/#primaryimage\"},\"image\":{\"@id\":\"https:\/\/www.noidiqua.it\/Montale\/croce-doro-autonoma\/#primaryimage\"},\"thumbnailUrl\":\"https:\/\/www.noidiqua.it\/Montale\/wp-content\/uploads\/2015\/06\/croce-doro.png\",\"datePublished\":\"2015-06-12T10:00:10+00:00\",\"dateModified\":\"2023-01-02T09:19:52+00:00\",\"author\":{\"@id\":\"https:\/\/www.noidiqua.it\/Montale\/#\/schema\/person\/e2e6f44da50af0dae9c90ad168e471a4\"},\"breadcrumb\":{\"@id\":\"https:\/\/www.noidiqua.it\/Montale\/croce-doro-autonoma\/#breadcrumb\"},\"inLanguage\":\"it-IT\",\"potentialAction\":[{\"@type\":\"ReadAction\",\"target\":[\"https:\/\/www.noidiqua.it\/Montale\/croce-doro-autonoma\/\"]}]},{\"@type\":\"ImageObject\",\"inLanguage\":\"it-IT\",\"@id\":\"https:\/\/www.noidiqua.it\/Montale\/croce-doro-autonoma\/#primaryimage\",\"url\":\"https:\/\/www.noidiqua.it\/Montale\/wp-content\/uploads\/2015\/06\/croce-doro.png\",\"contentUrl\":\"https:\/\/www.noidiqua.it\/Montale\/wp-content\/uploads\/2015\/06\/croce-doro.png\",\"width\":488,\"height\":358},{\"@type\":\"BreadcrumbList\",\"@id\":\"https:\/\/www.noidiqua.it\/Montale\/croce-doro-autonoma\/#breadcrumb\",\"itemListElement\":[{\"@type\":\"ListItem\",\"position\":1,\"name\":\"Home\",\"item\":\"https:\/\/www.noidiqua.it\/Montale\/\"},{\"@type\":\"ListItem\",\"position\":2,\"name\":\"Croce d&#8217;Oro autonoma\"}]},{\"@type\":\"WebSite\",\"@id\":\"https:\/\/www.noidiqua.it\/Montale\/#website\",\"url\":\"https:\/\/www.noidiqua.it\/Montale\/\",\"name\":\"Noi di Qua Testata giornalistica e di attualit\u00e0 di Agliana, Montale e Quarrata.\",\"description\":\"Testata Giornalistica Quarrata Montale Agliana\",\"potentialAction\":[{\"@type\":\"SearchAction\",\"target\":{\"@type\":\"EntryPoint\",\"urlTemplate\":\"https:\/\/www.noidiqua.it\/Montale\/?s={search_term_string}\"},\"query-input\":{\"@type\":\"PropertyValueSpecification\",\"valueRequired\":true,\"valueName\":\"search_term_string\"}}],\"inLanguage\":\"it-IT\"},{\"@type\":\"Person\",\"@id\":\"https:\/\/www.noidiqua.it\/Montale\/#\/schema\/person\/e2e6f44da50af0dae9c90ad168e471a4\",\"name\":\"Giacomo Bini\",\"image\":{\"@type\":\"ImageObject\",\"inLanguage\":\"it-IT\",\"@id\":\"https:\/\/www.noidiqua.it\/Montale\/#\/schema\/person\/image\/\",\"url\":\"https:\/\/secure.gravatar.com\/avatar\/e5c18ae41df5ae37397358f2c6046696187d51a120c5d0b8f0c49f7b606f46f4?s=96&d=mm&r=g\",\"contentUrl\":\"https:\/\/secure.gravatar.com\/avatar\/e5c18ae41df5ae37397358f2c6046696187d51a120c5d0b8f0c49f7b606f46f4?s=96&d=mm&r=g\",\"caption\":\"Giacomo Bini\"},\"url\":\"https:\/\/www.noidiqua.it\/Montale\/author\/giacomo-bini\/\"}]}<\/script>\n<!-- \/ Yoast SEO plugin. -->","yoast_head_json":{"title":"Croce d'Oro autonoma - Noi di Qua Testata giornalistica e di attualit\u00e0 di Agliana, Montale e Quarrata.","robots":{"index":"index","follow":"follow","max-snippet":"max-snippet:-1","max-image-preview":"max-image-preview:large","max-video-preview":"max-video-preview:-1"},"canonical":"https:\/\/www.noidiqua.it\/Montale\/croce-doro-autonoma\/","og_locale":"it_IT","og_type":"article","og_title":"Croce d'Oro autonoma - Noi di Qua Testata giornalistica e di attualit\u00e0 di Agliana, Montale e Quarrata.","og_description":"di Giacomo Bini giugno\u00a02015 La Croce d\u2019Oro ha aperto un nuovo capitolo della sua storia dopo il raggiungimento dell\u2019autonomia dalla ex casa madre di Prato. Nuovo statuto, nuove divise, ma stessi colori e stesso nome, bench\u00e9 senza le parole \u201csezione di\u201d che rendeva l\u2019associazione subordinata alla Croce d\u2019Oro di Prato. Sul labaro ufficiale appaiono [&hellip;]","og_url":"https:\/\/www.noidiqua.it\/Montale\/croce-doro-autonoma\/","og_site_name":"Noi di Qua Testata giornalistica e di attualit\u00e0 di Agliana, Montale e Quarrata.","article_publisher":"https:\/\/www.facebook.com\/noidiqua.trimestrale\/","article_published_time":"2015-06-12T10:00:10+00:00","article_modified_time":"2023-01-02T09:19:52+00:00","og_image":[{"url":"https:\/\/www.noidiqua.it\/Montale\/wp-content\/uploads\/2015\/06\/croce-doro.png","type":"","width":"","height":""}],"author":"Giacomo Bini","twitter_misc":{"Scritto da":"Giacomo Bini","Tempo di lettura stimato":"3 minuti"},"schema":{"@context":"https:\/\/schema.org","@graph":[{"@type":"WebPage","@id":"https:\/\/www.noidiqua.it\/Montale\/croce-doro-autonoma\/","url":"https:\/\/www.noidiqua.it\/Montale\/croce-doro-autonoma\/","name":"Croce d'Oro autonoma - Noi di Qua Testata giornalistica e di attualit\u00e0 di Agliana, Montale e Quarrata.","isPartOf":{"@id":"https:\/\/www.noidiqua.it\/Montale\/#website"},"primaryImageOfPage":{"@id":"https:\/\/www.noidiqua.it\/Montale\/croce-doro-autonoma\/#primaryimage"},"image":{"@id":"https:\/\/www.noidiqua.it\/Montale\/croce-doro-autonoma\/#primaryimage"},"thumbnailUrl":"https:\/\/www.noidiqua.it\/Montale\/wp-content\/uploads\/2015\/06\/croce-doro.png","datePublished":"2015-06-12T10:00:10+00:00","dateModified":"2023-01-02T09:19:52+00:00","author":{"@id":"https:\/\/www.noidiqua.it\/Montale\/#\/schema\/person\/e2e6f44da50af0dae9c90ad168e471a4"},"breadcrumb":{"@id":"https:\/\/www.noidiqua.it\/Montale\/croce-doro-autonoma\/#breadcrumb"},"inLanguage":"it-IT","potentialAction":[{"@type":"ReadAction","target":["https:\/\/www.noidiqua.it\/Montale\/croce-doro-autonoma\/"]}]},{"@type":"ImageObject","inLanguage":"it-IT","@id":"https:\/\/www.noidiqua.it\/Montale\/croce-doro-autonoma\/#primaryimage","url":"https:\/\/www.noidiqua.it\/Montale\/wp-content\/uploads\/2015\/06\/croce-doro.png","contentUrl":"https:\/\/www.noidiqua.it\/Montale\/wp-content\/uploads\/2015\/06\/croce-doro.png","width":488,"height":358},{"@type":"BreadcrumbList","@id":"https:\/\/www.noidiqua.it\/Montale\/croce-doro-autonoma\/#breadcrumb","itemListElement":[{"@type":"ListItem","position":1,"name":"Home","item":"https:\/\/www.noidiqua.it\/Montale\/"},{"@type":"ListItem","position":2,"name":"Croce d&#8217;Oro autonoma"}]},{"@type":"WebSite","@id":"https:\/\/www.noidiqua.it\/Montale\/#website","url":"https:\/\/www.noidiqua.it\/Montale\/","name":"Noi di Qua Testata giornalistica e di attualit\u00e0 di Agliana, Montale e Quarrata.","description":"Testata Giornalistica Quarrata Montale Agliana","potentialAction":[{"@type":"SearchAction","target":{"@type":"EntryPoint","urlTemplate":"https:\/\/www.noidiqua.it\/Montale\/?s={search_term_string}"},"query-input":{"@type":"PropertyValueSpecification","valueRequired":true,"valueName":"search_term_string"}}],"inLanguage":"it-IT"},{"@type":"Person","@id":"https:\/\/www.noidiqua.it\/Montale\/#\/schema\/person\/e2e6f44da50af0dae9c90ad168e471a4","name":"Giacomo Bini","image":{"@type":"ImageObject","inLanguage":"it-IT","@id":"https:\/\/www.noidiqua.it\/Montale\/#\/schema\/person\/image\/","url":"https:\/\/secure.gravatar.com\/avatar\/e5c18ae41df5ae37397358f2c6046696187d51a120c5d0b8f0c49f7b606f46f4?s=96&d=mm&r=g","contentUrl":"https:\/\/secure.gravatar.com\/avatar\/e5c18ae41df5ae37397358f2c6046696187d51a120c5d0b8f0c49f7b606f46f4?s=96&d=mm&r=g","caption":"Giacomo Bini"},"url":"https:\/\/www.noidiqua.it\/Montale\/author\/giacomo-bini\/"}]}},"_links":{"self":[{"href":"https:\/\/www.noidiqua.it\/Montale\/wp-json\/wp\/v2\/posts\/3918","targetHints":{"allow":["GET"]}}],"collection":[{"href":"https:\/\/www.noidiqua.it\/Montale\/wp-json\/wp\/v2\/posts"}],"about":[{"href":"https:\/\/www.noidiqua.it\/Montale\/wp-json\/wp\/v2\/types\/post"}],"author":[{"embeddable":true,"href":"https:\/\/www.noidiqua.it\/Montale\/wp-json\/wp\/v2\/users\/12"}],"replies":[{"embeddable":true,"href":"https:\/\/www.noidiqua.it\/Montale\/wp-json\/wp\/v2\/comments?post=3918"}],"version-history":[{"count":3,"href":"https:\/\/www.noidiqua.it\/Montale\/wp-json\/wp\/v2\/posts\/3918\/revisions"}],"predecessor-version":[{"id":7395,"href":"https:\/\/www.noidiqua.it\/Montale\/wp-json\/wp\/v2\/posts\/3918\/revisions\/7395"}],"wp:attachment":[{"href":"https:\/\/www.noidiqua.it\/Montale\/wp-json\/wp\/v2\/media?parent=3918"}],"wp:term":[{"taxonomy":"category","embeddable":true,"href":"https:\/\/www.noidiqua.it\/Montale\/wp-json\/wp\/v2\/categories?post=3918"},{"taxonomy":"post_tag","embeddable":true,"href":"https:\/\/www.noidiqua.it\/Montale\/wp-json\/wp\/v2\/tags?post=3918"}],"curies":[{"name":"wp","href":"https:\/\/api.w.org\/{rel}","templated":true}]}}