{"id":3925,"date":"2015-06-12T12:09:20","date_gmt":"2015-06-12T10:09:20","guid":{"rendered":"https:\/\/www.noidiqua.it\/Montale\/?p=3925"},"modified":"2022-12-22T09:32:02","modified_gmt":"2022-12-22T08:32:02","slug":"appunti-redazione-4","status":"publish","type":"post","link":"https:\/\/www.noidiqua.it\/Montale\/appunti-redazione-4\/","title":{"rendered":"Appunti di redazione"},"content":{"rendered":"<p><em>di\u00a0Giacomo Bini<\/em><\/p>\n<p>giugno\u00a02015<\/p>\n<p><a href=\"https:\/\/www.noidiqua.it\/Montale\/wp-content\/uploads\/2018\/03\/Logo-Noidiqua.png\" rel=\"wp-prettyPhoto[3925]\"><img loading=\"lazy\" decoding=\"async\" class=\"aligncenter size-full wp-image-6511\" src=\"https:\/\/www.noidiqua.it\/Montale\/wp-content\/uploads\/2018\/03\/Logo-Noidiqua.png\" alt=\"\" width=\"488\" height=\"344\" srcset=\"https:\/\/www.noidiqua.it\/Montale\/wp-content\/uploads\/2018\/03\/Logo-Noidiqua.png 488w, https:\/\/www.noidiqua.it\/Montale\/wp-content\/uploads\/2018\/03\/Logo-Noidiqua-300x211.png 300w\" sizes=\"auto, (max-width: 488px) 100vw, 488px\" \/><\/a><\/p>\n<p>All\u2019<strong>Expo<\/strong>\u00a0di\u00a0<strong>Milano<\/strong>\u00a0\u00e8 presente anche la nostra piana, da\u00a0<strong>Quarrata<\/strong>\u00a0a\u00a0<strong>Montale<\/strong>, con un contributo di altissima qualit\u00e0, molto apprezzato dai visitatori, con il coinvolgimento di decine di aziende. Da questa esperienza nella vetrina internazionale dell\u2019Expo viene un incoraggiamento alle nostre imprese e la conferma, se ce ne fosse stato bisogno, che il nostro territorio ha le carte in regola per presentarsi al mondo, esortando enti pubblici, aziende, associazioni a fare squadra, per promuovere le eccellenze della nostra zona.<\/p>\n<p>Grande successo ha avuto il Fuori Expo\u00a0<strong>\u201cContanima\u201d<\/strong>\u00a0del Comune di Quarrata nello spazio messo a disposizione dalla Regione Toscana presso i Chiostri dell\u2019Umanitaria a Milano. Il progetto \u00e8 stato finanziato dal Comune di Quarrata e da Pistoia Futura, con il contributo della\u00a0<strong>BCC di Vignole e Montagna Pistoiese<\/strong>\u00a0e della\u00a0<strong>Fondazione Banche di Pistoia e Vignole-Montagna Pistoiese<\/strong>\u00a0e il sostegno della\u00a0<strong>Camera di Commercio di Pistoia<\/strong>\u00a0e delle associazioni di categoria. Lo spazio ha coinvolto circa 50 aziende di Quarrata e di Montale in diversi ambiti produttivi, dal mobile alla biancheria, dall\u2019enogastronomia all\u2019artigianato artistico. Il filo conduttore della settimana dedicata a \u201cContanima\u201d \u00e8 stata la combinazione tra i prodotti di eccellenza e una serie di esperienze di arte contemporanea e di design. Pasta, biscotti, vino, caff\u00e8, birra son stati protagonisti di affollate e entusiastiche degustazioni da parte del pubblico internazionale di Expo.<\/p>\n<p>A dimostrazione che i nostri prodotti hanno la forza per competere nel mondo globalizzato ma vanno valorizzati e fatti conoscere insieme ai paesaggi, alla storia e all\u2019arte della nostra terra. Grazie a questo spazio del Fuori Expo anche aziende di piccole dimensione hanno avuto la possibilit\u00e0 di farsi conoscere in un contesto di mercato globale. Ma la piana non era presente all\u2019Expo solo nello spazio espositivo ufficiale della\u00a0<strong>Regione Toscana<\/strong>\u00a0e del Comune di Quarrata. Un&#8217;avventura imprenditoriale straordinaria \u00e8 stata quella dei\u00a0<strong>Vivai Mgf di Quarrata<\/strong>\u00a0dei fratelli Francesco e Giacomo Mungai che hanno allestito il verde per otto padiglioni: Cina, Messico, Uruguay, Malaysia, Israele, Brasile, Cambogia e Sultanato del Brunei. I fratelli Mungai hanno fornito le piante, hanno curato gli allestimenti e si occupano della manutenzione per tutti i sei mesi della durata dell\u2019Expo milanese. I fratelli Mungai, a cui \u00e8 dedicato un servizio di Linda Meoni nel numero quarratino, sono imprenditori giovani, di 30 e 34 anni, che hanno avuto l\u2019intuizione e il merito di farsi conoscere in Cina grazie al loro responsabile commerciale e questo ha aperto loro le porte di molti altri paesi.<\/p>\n<p>La via \u00e8 quella di aprirsi al mondo, operazione difficile, specialmente per una sola azienda, ma destinata a dare molte soddisfazioni per chi riesce ad attuarla. Dall\u2019esperienza dell\u2019Expo viene l\u2019invito a liberarsi da timidezze e individualismi che spesso hanno frenato lo sviluppo economico della nostra zona. Occorre fiducia in se stessi e nelle potenzialit\u00e0 del nostro territorio, ma anche la capacit\u00e0 di lavorare insieme. Pi\u00f9 facile a dirsi che a farsi, ci rendiamo conto, ma \u00e8 la strada da battere.<\/p>\n<p>&nbsp;<\/p>","protected":false},"excerpt":{"rendered":"<p>di\u00a0Giacomo Bini giugno\u00a02015 All\u2019Expo\u00a0di\u00a0Milano\u00a0\u00e8 presente anche la nostra piana, da\u00a0Quarrata\u00a0a\u00a0Montale, con un contributo di altissima qualit\u00e0, molto apprezzato dai visitatori, con il coinvolgimento di decine di aziende. Da questa esperienza nella vetrina internazionale dell\u2019Expo viene un incoraggiamento alle nostre imprese e la conferma, se ce ne fosse stato bisogno, che il nostro territorio ha [&hellip;]<\/p>","protected":false},"author":12,"featured_media":0,"comment_status":"open","ping_status":"open","sticky":false,"template":"","format":"standard","meta":{"footnotes":""},"categories":[14,7],"tags":[42,91,995,109,114,126],"class_list":["post-3925","post","type-post","status-publish","format-standard","hentry","category-appuntired","category-mt","tag-arti-e-mestieri","tag-il-montalese","tag-mt","tag-montalese","tag-noidiqua-il-montalese","tag-redazionale"],"yoast_head":"<!-- This site is optimized with the Yoast SEO plugin v25.5 - https:\/\/yoast.com\/wordpress\/plugins\/seo\/ -->\n<title>Appunti di redazione - Noi di Qua Testata giornalistica e di attualit\u00e0 di Agliana, Montale e Quarrata.<\/title>\n<meta name=\"robots\" content=\"index, follow, max-snippet:-1, max-image-preview:large, max-video-preview:-1\" \/>\n<link rel=\"canonical\" href=\"https:\/\/www.noidiqua.it\/Montale\/appunti-redazione-4\/\" \/>\n<meta property=\"og:locale\" content=\"it_IT\" \/>\n<meta property=\"og:type\" content=\"article\" \/>\n<meta property=\"og:title\" content=\"Appunti di redazione - Noi di Qua Testata giornalistica e di attualit\u00e0 di Agliana, Montale e Quarrata.\" \/>\n<meta property=\"og:description\" content=\"di\u00a0Giacomo Bini giugno\u00a02015 All\u2019Expo\u00a0di\u00a0Milano\u00a0\u00e8 presente anche la nostra piana, da\u00a0Quarrata\u00a0a\u00a0Montale, con un contributo di altissima qualit\u00e0, molto apprezzato dai visitatori, con il coinvolgimento di decine di aziende. Da questa esperienza nella vetrina internazionale dell\u2019Expo viene un incoraggiamento alle nostre imprese e la conferma, se ce ne fosse stato bisogno, che il nostro territorio ha [&hellip;]\" \/>\n<meta property=\"og:url\" content=\"https:\/\/www.noidiqua.it\/Montale\/appunti-redazione-4\/\" \/>\n<meta property=\"og:site_name\" content=\"Noi di Qua Testata giornalistica e di attualit\u00e0 di Agliana, Montale e Quarrata.\" \/>\n<meta property=\"article:publisher\" content=\"https:\/\/www.facebook.com\/noidiqua.trimestrale\/\" \/>\n<meta property=\"article:published_time\" content=\"2015-06-12T10:09:20+00:00\" \/>\n<meta property=\"article:modified_time\" content=\"2022-12-22T08:32:02+00:00\" \/>\n<meta property=\"og:image\" content=\"https:\/\/www.noidiqua.it\/Montale\/wp-content\/uploads\/2018\/03\/Logo-Noidiqua.png\" \/>\n<meta name=\"author\" content=\"Giacomo Bini\" \/>\n<meta name=\"twitter:label1\" content=\"Scritto da\" \/>\n\t<meta name=\"twitter:data1\" content=\"Giacomo Bini\" \/>\n\t<meta name=\"twitter:label2\" content=\"Tempo di lettura stimato\" \/>\n\t<meta name=\"twitter:data2\" content=\"3 minuti\" \/>\n<script type=\"application\/ld+json\" class=\"yoast-schema-graph\">{\"@context\":\"https:\/\/schema.org\",\"@graph\":[{\"@type\":\"WebPage\",\"@id\":\"https:\/\/www.noidiqua.it\/Montale\/appunti-redazione-4\/\",\"url\":\"https:\/\/www.noidiqua.it\/Montale\/appunti-redazione-4\/\",\"name\":\"Appunti di redazione - Noi di Qua Testata giornalistica e di attualit\u00e0 di Agliana, Montale e Quarrata.\",\"isPartOf\":{\"@id\":\"https:\/\/www.noidiqua.it\/Montale\/#website\"},\"primaryImageOfPage\":{\"@id\":\"https:\/\/www.noidiqua.it\/Montale\/appunti-redazione-4\/#primaryimage\"},\"image\":{\"@id\":\"https:\/\/www.noidiqua.it\/Montale\/appunti-redazione-4\/#primaryimage\"},\"thumbnailUrl\":\"https:\/\/www.noidiqua.it\/Montale\/wp-content\/uploads\/2018\/03\/Logo-Noidiqua.png\",\"datePublished\":\"2015-06-12T10:09:20+00:00\",\"dateModified\":\"2022-12-22T08:32:02+00:00\",\"author\":{\"@id\":\"https:\/\/www.noidiqua.it\/Montale\/#\/schema\/person\/e2e6f44da50af0dae9c90ad168e471a4\"},\"breadcrumb\":{\"@id\":\"https:\/\/www.noidiqua.it\/Montale\/appunti-redazione-4\/#breadcrumb\"},\"inLanguage\":\"it-IT\",\"potentialAction\":[{\"@type\":\"ReadAction\",\"target\":[\"https:\/\/www.noidiqua.it\/Montale\/appunti-redazione-4\/\"]}]},{\"@type\":\"ImageObject\",\"inLanguage\":\"it-IT\",\"@id\":\"https:\/\/www.noidiqua.it\/Montale\/appunti-redazione-4\/#primaryimage\",\"url\":\"https:\/\/www.noidiqua.it\/Montale\/wp-content\/uploads\/2018\/03\/Logo-Noidiqua.png\",\"contentUrl\":\"https:\/\/www.noidiqua.it\/Montale\/wp-content\/uploads\/2018\/03\/Logo-Noidiqua.png\",\"width\":488,\"height\":344},{\"@type\":\"BreadcrumbList\",\"@id\":\"https:\/\/www.noidiqua.it\/Montale\/appunti-redazione-4\/#breadcrumb\",\"itemListElement\":[{\"@type\":\"ListItem\",\"position\":1,\"name\":\"Home\",\"item\":\"https:\/\/www.noidiqua.it\/Montale\/\"},{\"@type\":\"ListItem\",\"position\":2,\"name\":\"Appunti di redazione\"}]},{\"@type\":\"WebSite\",\"@id\":\"https:\/\/www.noidiqua.it\/Montale\/#website\",\"url\":\"https:\/\/www.noidiqua.it\/Montale\/\",\"name\":\"Noi di Qua Testata giornalistica e di attualit\u00e0 di Agliana, Montale e Quarrata.\",\"description\":\"Testata Giornalistica Quarrata Montale Agliana\",\"potentialAction\":[{\"@type\":\"SearchAction\",\"target\":{\"@type\":\"EntryPoint\",\"urlTemplate\":\"https:\/\/www.noidiqua.it\/Montale\/?s={search_term_string}\"},\"query-input\":{\"@type\":\"PropertyValueSpecification\",\"valueRequired\":true,\"valueName\":\"search_term_string\"}}],\"inLanguage\":\"it-IT\"},{\"@type\":\"Person\",\"@id\":\"https:\/\/www.noidiqua.it\/Montale\/#\/schema\/person\/e2e6f44da50af0dae9c90ad168e471a4\",\"name\":\"Giacomo Bini\",\"image\":{\"@type\":\"ImageObject\",\"inLanguage\":\"it-IT\",\"@id\":\"https:\/\/www.noidiqua.it\/Montale\/#\/schema\/person\/image\/\",\"url\":\"https:\/\/secure.gravatar.com\/avatar\/e5c18ae41df5ae37397358f2c6046696187d51a120c5d0b8f0c49f7b606f46f4?s=96&d=mm&r=g\",\"contentUrl\":\"https:\/\/secure.gravatar.com\/avatar\/e5c18ae41df5ae37397358f2c6046696187d51a120c5d0b8f0c49f7b606f46f4?s=96&d=mm&r=g\",\"caption\":\"Giacomo Bini\"},\"url\":\"https:\/\/www.noidiqua.it\/Montale\/author\/giacomo-bini\/\"}]}<\/script>\n<!-- \/ Yoast SEO plugin. -->","yoast_head_json":{"title":"Appunti di redazione - Noi di Qua Testata giornalistica e di attualit\u00e0 di Agliana, Montale e Quarrata.","robots":{"index":"index","follow":"follow","max-snippet":"max-snippet:-1","max-image-preview":"max-image-preview:large","max-video-preview":"max-video-preview:-1"},"canonical":"https:\/\/www.noidiqua.it\/Montale\/appunti-redazione-4\/","og_locale":"it_IT","og_type":"article","og_title":"Appunti di redazione - Noi di Qua Testata giornalistica e di attualit\u00e0 di Agliana, Montale e Quarrata.","og_description":"di\u00a0Giacomo Bini giugno\u00a02015 All\u2019Expo\u00a0di\u00a0Milano\u00a0\u00e8 presente anche la nostra piana, da\u00a0Quarrata\u00a0a\u00a0Montale, con un contributo di altissima qualit\u00e0, molto apprezzato dai visitatori, con il coinvolgimento di decine di aziende. Da questa esperienza nella vetrina internazionale dell\u2019Expo viene un incoraggiamento alle nostre imprese e la conferma, se ce ne fosse stato bisogno, che il nostro territorio ha [&hellip;]","og_url":"https:\/\/www.noidiqua.it\/Montale\/appunti-redazione-4\/","og_site_name":"Noi di Qua Testata giornalistica e di attualit\u00e0 di Agliana, Montale e Quarrata.","article_publisher":"https:\/\/www.facebook.com\/noidiqua.trimestrale\/","article_published_time":"2015-06-12T10:09:20+00:00","article_modified_time":"2022-12-22T08:32:02+00:00","og_image":[{"url":"https:\/\/www.noidiqua.it\/Montale\/wp-content\/uploads\/2018\/03\/Logo-Noidiqua.png","type":"","width":"","height":""}],"author":"Giacomo Bini","twitter_misc":{"Scritto da":"Giacomo Bini","Tempo di lettura stimato":"3 minuti"},"schema":{"@context":"https:\/\/schema.org","@graph":[{"@type":"WebPage","@id":"https:\/\/www.noidiqua.it\/Montale\/appunti-redazione-4\/","url":"https:\/\/www.noidiqua.it\/Montale\/appunti-redazione-4\/","name":"Appunti di redazione - Noi di Qua Testata giornalistica e di attualit\u00e0 di Agliana, Montale e Quarrata.","isPartOf":{"@id":"https:\/\/www.noidiqua.it\/Montale\/#website"},"primaryImageOfPage":{"@id":"https:\/\/www.noidiqua.it\/Montale\/appunti-redazione-4\/#primaryimage"},"image":{"@id":"https:\/\/www.noidiqua.it\/Montale\/appunti-redazione-4\/#primaryimage"},"thumbnailUrl":"https:\/\/www.noidiqua.it\/Montale\/wp-content\/uploads\/2018\/03\/Logo-Noidiqua.png","datePublished":"2015-06-12T10:09:20+00:00","dateModified":"2022-12-22T08:32:02+00:00","author":{"@id":"https:\/\/www.noidiqua.it\/Montale\/#\/schema\/person\/e2e6f44da50af0dae9c90ad168e471a4"},"breadcrumb":{"@id":"https:\/\/www.noidiqua.it\/Montale\/appunti-redazione-4\/#breadcrumb"},"inLanguage":"it-IT","potentialAction":[{"@type":"ReadAction","target":["https:\/\/www.noidiqua.it\/Montale\/appunti-redazione-4\/"]}]},{"@type":"ImageObject","inLanguage":"it-IT","@id":"https:\/\/www.noidiqua.it\/Montale\/appunti-redazione-4\/#primaryimage","url":"https:\/\/www.noidiqua.it\/Montale\/wp-content\/uploads\/2018\/03\/Logo-Noidiqua.png","contentUrl":"https:\/\/www.noidiqua.it\/Montale\/wp-content\/uploads\/2018\/03\/Logo-Noidiqua.png","width":488,"height":344},{"@type":"BreadcrumbList","@id":"https:\/\/www.noidiqua.it\/Montale\/appunti-redazione-4\/#breadcrumb","itemListElement":[{"@type":"ListItem","position":1,"name":"Home","item":"https:\/\/www.noidiqua.it\/Montale\/"},{"@type":"ListItem","position":2,"name":"Appunti di redazione"}]},{"@type":"WebSite","@id":"https:\/\/www.noidiqua.it\/Montale\/#website","url":"https:\/\/www.noidiqua.it\/Montale\/","name":"Noi di Qua Testata giornalistica e di attualit\u00e0 di Agliana, Montale e Quarrata.","description":"Testata Giornalistica Quarrata Montale Agliana","potentialAction":[{"@type":"SearchAction","target":{"@type":"EntryPoint","urlTemplate":"https:\/\/www.noidiqua.it\/Montale\/?s={search_term_string}"},"query-input":{"@type":"PropertyValueSpecification","valueRequired":true,"valueName":"search_term_string"}}],"inLanguage":"it-IT"},{"@type":"Person","@id":"https:\/\/www.noidiqua.it\/Montale\/#\/schema\/person\/e2e6f44da50af0dae9c90ad168e471a4","name":"Giacomo Bini","image":{"@type":"ImageObject","inLanguage":"it-IT","@id":"https:\/\/www.noidiqua.it\/Montale\/#\/schema\/person\/image\/","url":"https:\/\/secure.gravatar.com\/avatar\/e5c18ae41df5ae37397358f2c6046696187d51a120c5d0b8f0c49f7b606f46f4?s=96&d=mm&r=g","contentUrl":"https:\/\/secure.gravatar.com\/avatar\/e5c18ae41df5ae37397358f2c6046696187d51a120c5d0b8f0c49f7b606f46f4?s=96&d=mm&r=g","caption":"Giacomo Bini"},"url":"https:\/\/www.noidiqua.it\/Montale\/author\/giacomo-bini\/"}]}},"_links":{"self":[{"href":"https:\/\/www.noidiqua.it\/Montale\/wp-json\/wp\/v2\/posts\/3925","targetHints":{"allow":["GET"]}}],"collection":[{"href":"https:\/\/www.noidiqua.it\/Montale\/wp-json\/wp\/v2\/posts"}],"about":[{"href":"https:\/\/www.noidiqua.it\/Montale\/wp-json\/wp\/v2\/types\/post"}],"author":[{"embeddable":true,"href":"https:\/\/www.noidiqua.it\/Montale\/wp-json\/wp\/v2\/users\/12"}],"replies":[{"embeddable":true,"href":"https:\/\/www.noidiqua.it\/Montale\/wp-json\/wp\/v2\/comments?post=3925"}],"version-history":[{"count":3,"href":"https:\/\/www.noidiqua.it\/Montale\/wp-json\/wp\/v2\/posts\/3925\/revisions"}],"predecessor-version":[{"id":7366,"href":"https:\/\/www.noidiqua.it\/Montale\/wp-json\/wp\/v2\/posts\/3925\/revisions\/7366"}],"wp:attachment":[{"href":"https:\/\/www.noidiqua.it\/Montale\/wp-json\/wp\/v2\/media?parent=3925"}],"wp:term":[{"taxonomy":"category","embeddable":true,"href":"https:\/\/www.noidiqua.it\/Montale\/wp-json\/wp\/v2\/categories?post=3925"},{"taxonomy":"post_tag","embeddable":true,"href":"https:\/\/www.noidiqua.it\/Montale\/wp-json\/wp\/v2\/tags?post=3925"}],"curies":[{"name":"wp","href":"https:\/\/api.w.org\/{rel}","templated":true}]}}