{"id":3930,"date":"2015-06-12T12:16:17","date_gmt":"2015-06-12T10:16:17","guid":{"rendered":"https:\/\/www.noidiqua.it\/Montale\/?p=3930"},"modified":"2023-01-02T10:33:25","modified_gmt":"2023-01-02T09:33:25","slug":"grande-guerra-100-anni-dopo","status":"publish","type":"post","link":"https:\/\/www.noidiqua.it\/Montale\/grande-guerra-100-anni-dopo\/","title":{"rendered":"La Grande guerra 100 anni dopo"},"content":{"rendered":"<p><em>di\u00a0Massimo Cappelli<\/em><\/p>\n<p>giugno\u00a02015<\/p>\n<p><a href=\"https:\/\/www.noidiqua.it\/Montale\/wp-content\/uploads\/2015\/06\/Concludendo-grande-guerra.png\" rel=\"wp-prettyPhoto[3930]\"><img loading=\"lazy\" decoding=\"async\" class=\"aligncenter size-full wp-image-7412\" src=\"https:\/\/www.noidiqua.it\/Montale\/wp-content\/uploads\/2015\/06\/Concludendo-grande-guerra.png\" alt=\"\" width=\"502\" height=\"321\" srcset=\"https:\/\/www.noidiqua.it\/Montale\/wp-content\/uploads\/2015\/06\/Concludendo-grande-guerra.png 502w, https:\/\/www.noidiqua.it\/Montale\/wp-content\/uploads\/2015\/06\/Concludendo-grande-guerra-300x192.png 300w\" sizes=\"auto, (max-width: 502px) 100vw, 502px\" \/><\/a><\/p>\n<p><span class=\"s1\">Concludendo, in queste due pagine, con un racconto un po&#8217; scombinato, mi voglio connettere al malcontento di molti attraverso il compendio di conversazioni fatte sulle vicissitudini che il nostro paese sta vivendo. Sono considerazioni condivise o discusse con altre persone, in casa, al bar, al ristorante o in qualsiasi altro posto. Sono trascorsi cento anni dalla Grande Guerra, settanta dall&#8217;ultimo conflitto mondiale e ventisei dalla fine della guerra fredda, il periodo che intercorre fra la seconda guerra mondiale e la caduta del muro di Berlino. Ma la &#8220;guerra&#8221; che stiamo vivendo oggi, come la ricorderanno gli storici fra cento anni? Ecco, io credo che questo nostro tempo possa essere definito&#8230;\u00a0<strong>Guerriglia Cinica<\/strong>. Come pu\u00f2 essere altrimenti definita un\u2019epoca dove un ex premier come\u00a0<strong>Tony Blair<\/strong>\u00a0chiede 460.000 euro per un discorso di venti minuti, all&#8217;inaugurazione della conferenza mondiale sulla fame nel mondo a<strong>\u00a0Stoccolma<\/strong>? (Notizia riportata da La Stampa n.d.r.). Non lo hanno convocato, ma se lo avessero fatto, qualsiasi cosa avesse detto sarebbe stata inutile, poich\u00e9 \u00e8 giusto che l&#8217;attenzione vada non a quello che si dice, bens\u00ec a quello che si fa. Non ce l&#8217;ho con Tony Blair, avrei potuto fare gli esempi pi\u00f9 disparati, poich\u00e9 oggi, purtroppo cinismo e indifferenza non mancano: siamo tutti schierati l&#8217;uno contro l&#8217;altro facendo prevalere soltanto il tornaconto personale. Siamo tutti, forse, pi\u00f9 poveri e sicuramente pi\u00f9 soli. Solidariet\u00e0, carit\u00e0 e condivisione stanno sparendo dal nostro vocabolario. In molti abbiamo perso il vero senso della ricchezza che non sta solo nell\u2019avere, bens\u00ec nell\u2019essere e nel condividere.<\/span><\/p>\n<p><span class=\"s1\">Mi capita spesso di camminare in citt\u00e0 con la mia canina e noto che la maggior parte delle persone (onestamente non tutte per fortuna) si ferma a fare complimenti a lei, molto spesso non considerando n\u00e9 me (forse io me lo merito) n\u00e9 chi mi sta accanto. Sicuramente queste persone, se trovassero un cucciolo abbandonato lo adotterebbero salvandogli la vita, di questo non ho dubbi. La verit\u00e0 per\u00f2 \u00e8 che questa gente probabilmente \u00e8 la stessa che si oppone a chi cerca, in qualche modo, di gestire l&#8217;emergenza profughi, salvando la vita a tanti migranti, uomini, donne e bambini. Lo Stato italiano \u00e8 sorretto ora come non mai dai pi\u00f9 deboli, dai pi\u00f9 poveri e adesso si aggiungono anche i pi\u00f9 disgraziati. Da quelli che sono tassati alla fonte, come gli operai. Dai i piccoli imprenditori che devono a tutti i costi guadagnare quanto dice il loro redditometro. Da coloro che spendono tutto lo stipendio nei giochi d\u2019azzardo, senza i quali al fisco mancherebbero miliardi di euro di entrate. Le grandi aziende invece spostano la loro sede e le loro fabbriche all&#8217;estero, quelle stesse aziende che, proprio dallo Stato, in passato, hanno avuto una fortuna in agevolazioni fiscali e finanziamenti a fondo perduto.<\/span><\/p>\n<p><span class=\"s1\">I piccoli Comuni hanno sempre meno soldi, anche a causa di tasse tolte per confermare qualche promessa fatta in campagna elettorale dal neo-vincitore di turno. O se i soldi ce li hanno non possono spenderli a causa di qualche curiosa legge, per cui si rifanno con le tasse locali, o con le multe, aumentando il numero di autovelox in citt\u00e0 e nelle periferie. E sono sempre di pi\u00f9 i casi in cui un povero Cristo, per aver oltrepassato di una decina di chilometri il limite di velocit\u00e0, magari perch\u00e9 in ritardo al lavoro, ha dovuto pagare una multa pari al suo guadagno di una settimana. Allora, non sarebbe stato meglio lasciare la tassa sulla prima casa, come hanno in tutti i paesi del mondo? Che nella maggior parte dei casi coincide con una multa, di media portata, per eccesso di velocit\u00e0, senza scalare, peraltro i punti dalla patente. Avete mai avuto bisogno di comunicare con una compagnia telefonica o con una grande azienda? Sicuramente si! Vi sarete accorti allora che il pi\u00f9 delle volte dall\u2019altra parte del telefono non c\u2019\u00e8 una persona ma una voce sintetica che, dopo aver passato due o tre spot pubblicitari della compagnia, vi guida (si fa per dire) alla soluzione del problema. A me quasi sempre, o cade la linea, o resto quarti d\u2019ora inutilmente al telefono senza che il problema sia risolto, ma forse sono io un po&#8217; grullo.\u00a0<b><i>\u201cQuesto \u00e8 il progresso\u201d<\/i><\/b>\u00a0diceva il mi&#8217; nonno<b><i>\u00a0\u201cSi fa i\u2019 brodo co\u2019 i\u2019 dado, e si va \u2019n culo a i\u2019 lesso!\u201d<\/i><\/b><\/span><\/p>\n<p><span class=\"s1\">A differenza del giudizio Divino, la Magistratura, essendo composta da persone, non vede nemmeno da lontano la perfezione, tuttavia non possiamo neanche fare a meno dei giudici terreni. Da oltre venti anni nel nostro paese, \u00e8 stata fatta una campagna, pi\u00f9 o meno subdola, contro i magistrati e questa pubblicit\u00e0, secondo me, ha legittimato i delinquenti. Come per esempio, un tizio condannato in secondo grado per bancarotta fraudolenta, che ha sperperato tutti i suoi averi in bella vita, casini e casin\u00f2, si \u00e8 sentito addirittura parte lesa a tal punto da fare una strage in tribunale a Milano uccidendo giudici, avvocati, ex soci e passanti.\u00a0<\/span><\/p>\n<p><span class=\"s1\">A volte ho la sensazione di vivere in uno di quei film americani, catastrofici, ambientati in un prossimo futuro, dove si fanno guerre a causa della mancanza di acqua. Ecco, il nostro periodo mi pare proprio l\u2019inizio di questo scenario apocalittico; c&#8217;\u00e8 di brutto per\u00f2 che non si tratta di fiction ma di realt\u00e0. Ho voluto sollevare tutti questi problemi, ma \u00e8 chiaro che non ho la soluzione, ho iniziato questo \u201cConcludendo\u201d non a caso, parlando di guerra e definendo, provocatoriamente, una sorta di guerra anche questa nostra epoca. Sono convinto purtroppo per\u00f2 che sarebbe proprio una malaugurata lotta armata a rimettere a posto le cose. Se, disgraziatamente, tornasse un conflitto vero, come una settantina di anni fa, i sopravvissuti si stringerebbero in un comune abbraccio e tornerebbe in loro tutto ci\u00f2 che c\u2019\u00e8 di positivo nell&#8217;essere umano: amore, comprensione, buonsenso, condivisione e giusti ideali.\u00a0<\/span><\/p>\n<p>&nbsp;<\/p>","protected":false},"excerpt":{"rendered":"<p>di\u00a0Massimo Cappelli giugno\u00a02015 Concludendo, in queste due pagine, con un racconto un po&#8217; scombinato, mi voglio connettere al malcontento di molti attraverso il compendio di conversazioni fatte sulle vicissitudini che il nostro paese sta vivendo. Sono considerazioni condivise o discusse con altre persone, in casa, al bar, al ristorante o in qualsiasi altro posto. [&hellip;]<\/p>","protected":false},"author":7,"featured_media":0,"comment_status":"open","ping_status":"open","sticky":false,"template":"","format":"standard","meta":{"footnotes":""},"categories":[24,7],"tags":[995,113,114,127,154],"class_list":["post-3930","post","type-post","status-publish","format-standard","hentry","category-concludendo-qt","category-mt","tag-mt","tag-noidiqua","tag-noidiqua-il-montalese","tag-redazione","tag-territorio"],"yoast_head":"<!-- This site is optimized with the Yoast SEO plugin v25.5 - https:\/\/yoast.com\/wordpress\/plugins\/seo\/ -->\n<title>La Grande guerra 100 anni dopo - Noi di Qua Testata giornalistica e di attualit\u00e0 di Agliana, Montale e Quarrata.<\/title>\n<meta name=\"robots\" content=\"index, follow, max-snippet:-1, max-image-preview:large, max-video-preview:-1\" \/>\n<link rel=\"canonical\" href=\"https:\/\/www.noidiqua.it\/Montale\/grande-guerra-100-anni-dopo\/\" \/>\n<meta property=\"og:locale\" content=\"it_IT\" \/>\n<meta property=\"og:type\" content=\"article\" \/>\n<meta property=\"og:title\" content=\"La Grande guerra 100 anni dopo - Noi di Qua Testata giornalistica e di attualit\u00e0 di Agliana, Montale e Quarrata.\" \/>\n<meta property=\"og:description\" content=\"di\u00a0Massimo Cappelli giugno\u00a02015 Concludendo, in queste due pagine, con un racconto un po&#8217; scombinato, mi voglio connettere al malcontento di molti attraverso il compendio di conversazioni fatte sulle vicissitudini che il nostro paese sta vivendo. Sono considerazioni condivise o discusse con altre persone, in casa, al bar, al ristorante o in qualsiasi altro posto. [&hellip;]\" \/>\n<meta property=\"og:url\" content=\"https:\/\/www.noidiqua.it\/Montale\/grande-guerra-100-anni-dopo\/\" \/>\n<meta property=\"og:site_name\" content=\"Noi di Qua Testata giornalistica e di attualit\u00e0 di Agliana, Montale e Quarrata.\" \/>\n<meta property=\"article:publisher\" content=\"https:\/\/www.facebook.com\/noidiqua.trimestrale\/\" \/>\n<meta property=\"article:published_time\" content=\"2015-06-12T10:16:17+00:00\" \/>\n<meta property=\"article:modified_time\" content=\"2023-01-02T09:33:25+00:00\" \/>\n<meta property=\"og:image\" content=\"https:\/\/www.noidiqua.it\/Montale\/wp-content\/uploads\/2015\/06\/Concludendo-grande-guerra.png\" \/>\n<meta name=\"author\" content=\"Massimo Cappelli\" \/>\n<meta name=\"twitter:label1\" content=\"Scritto da\" \/>\n\t<meta name=\"twitter:data1\" content=\"Massimo Cappelli\" \/>\n\t<meta name=\"twitter:label2\" content=\"Tempo di lettura stimato\" \/>\n\t<meta name=\"twitter:data2\" content=\"5 minuti\" \/>\n<script type=\"application\/ld+json\" class=\"yoast-schema-graph\">{\"@context\":\"https:\/\/schema.org\",\"@graph\":[{\"@type\":\"WebPage\",\"@id\":\"https:\/\/www.noidiqua.it\/Montale\/grande-guerra-100-anni-dopo\/\",\"url\":\"https:\/\/www.noidiqua.it\/Montale\/grande-guerra-100-anni-dopo\/\",\"name\":\"La Grande guerra 100 anni dopo - Noi di Qua Testata giornalistica e di attualit\u00e0 di Agliana, Montale e Quarrata.\",\"isPartOf\":{\"@id\":\"https:\/\/www.noidiqua.it\/Montale\/#website\"},\"primaryImageOfPage\":{\"@id\":\"https:\/\/www.noidiqua.it\/Montale\/grande-guerra-100-anni-dopo\/#primaryimage\"},\"image\":{\"@id\":\"https:\/\/www.noidiqua.it\/Montale\/grande-guerra-100-anni-dopo\/#primaryimage\"},\"thumbnailUrl\":\"https:\/\/www.noidiqua.it\/Montale\/wp-content\/uploads\/2015\/06\/Concludendo-grande-guerra.png\",\"datePublished\":\"2015-06-12T10:16:17+00:00\",\"dateModified\":\"2023-01-02T09:33:25+00:00\",\"author\":{\"@id\":\"https:\/\/www.noidiqua.it\/Montale\/#\/schema\/person\/858b1b9db61101126e5ded39f94daedb\"},\"breadcrumb\":{\"@id\":\"https:\/\/www.noidiqua.it\/Montale\/grande-guerra-100-anni-dopo\/#breadcrumb\"},\"inLanguage\":\"it-IT\",\"potentialAction\":[{\"@type\":\"ReadAction\",\"target\":[\"https:\/\/www.noidiqua.it\/Montale\/grande-guerra-100-anni-dopo\/\"]}]},{\"@type\":\"ImageObject\",\"inLanguage\":\"it-IT\",\"@id\":\"https:\/\/www.noidiqua.it\/Montale\/grande-guerra-100-anni-dopo\/#primaryimage\",\"url\":\"https:\/\/www.noidiqua.it\/Montale\/wp-content\/uploads\/2015\/06\/Concludendo-grande-guerra.png\",\"contentUrl\":\"https:\/\/www.noidiqua.it\/Montale\/wp-content\/uploads\/2015\/06\/Concludendo-grande-guerra.png\",\"width\":502,\"height\":321},{\"@type\":\"BreadcrumbList\",\"@id\":\"https:\/\/www.noidiqua.it\/Montale\/grande-guerra-100-anni-dopo\/#breadcrumb\",\"itemListElement\":[{\"@type\":\"ListItem\",\"position\":1,\"name\":\"Home\",\"item\":\"https:\/\/www.noidiqua.it\/Montale\/\"},{\"@type\":\"ListItem\",\"position\":2,\"name\":\"La Grande guerra 100 anni dopo\"}]},{\"@type\":\"WebSite\",\"@id\":\"https:\/\/www.noidiqua.it\/Montale\/#website\",\"url\":\"https:\/\/www.noidiqua.it\/Montale\/\",\"name\":\"Noi di Qua Testata giornalistica e di attualit\u00e0 di Agliana, Montale e Quarrata.\",\"description\":\"Testata Giornalistica Quarrata Montale Agliana\",\"potentialAction\":[{\"@type\":\"SearchAction\",\"target\":{\"@type\":\"EntryPoint\",\"urlTemplate\":\"https:\/\/www.noidiqua.it\/Montale\/?s={search_term_string}\"},\"query-input\":{\"@type\":\"PropertyValueSpecification\",\"valueRequired\":true,\"valueName\":\"search_term_string\"}}],\"inLanguage\":\"it-IT\"},{\"@type\":\"Person\",\"@id\":\"https:\/\/www.noidiqua.it\/Montale\/#\/schema\/person\/858b1b9db61101126e5ded39f94daedb\",\"name\":\"Massimo Cappelli\",\"image\":{\"@type\":\"ImageObject\",\"inLanguage\":\"it-IT\",\"@id\":\"https:\/\/www.noidiqua.it\/Montale\/#\/schema\/person\/image\/\",\"url\":\"https:\/\/secure.gravatar.com\/avatar\/0e7261535228aa9bb0417ab8f42f3fadaf8ce23bdfde46c689c43410a676cfa9?s=96&d=mm&r=g\",\"contentUrl\":\"https:\/\/secure.gravatar.com\/avatar\/0e7261535228aa9bb0417ab8f42f3fadaf8ce23bdfde46c689c43410a676cfa9?s=96&d=mm&r=g\",\"caption\":\"Massimo Cappelli\"},\"url\":\"https:\/\/www.noidiqua.it\/Montale\/author\/massimo-cappelli\/\"}]}<\/script>\n<!-- \/ Yoast SEO plugin. -->","yoast_head_json":{"title":"La Grande guerra 100 anni dopo - Noi di Qua Testata giornalistica e di attualit\u00e0 di Agliana, Montale e Quarrata.","robots":{"index":"index","follow":"follow","max-snippet":"max-snippet:-1","max-image-preview":"max-image-preview:large","max-video-preview":"max-video-preview:-1"},"canonical":"https:\/\/www.noidiqua.it\/Montale\/grande-guerra-100-anni-dopo\/","og_locale":"it_IT","og_type":"article","og_title":"La Grande guerra 100 anni dopo - Noi di Qua Testata giornalistica e di attualit\u00e0 di Agliana, Montale e Quarrata.","og_description":"di\u00a0Massimo Cappelli giugno\u00a02015 Concludendo, in queste due pagine, con un racconto un po&#8217; scombinato, mi voglio connettere al malcontento di molti attraverso il compendio di conversazioni fatte sulle vicissitudini che il nostro paese sta vivendo. Sono considerazioni condivise o discusse con altre persone, in casa, al bar, al ristorante o in qualsiasi altro posto. [&hellip;]","og_url":"https:\/\/www.noidiqua.it\/Montale\/grande-guerra-100-anni-dopo\/","og_site_name":"Noi di Qua Testata giornalistica e di attualit\u00e0 di Agliana, Montale e Quarrata.","article_publisher":"https:\/\/www.facebook.com\/noidiqua.trimestrale\/","article_published_time":"2015-06-12T10:16:17+00:00","article_modified_time":"2023-01-02T09:33:25+00:00","og_image":[{"url":"https:\/\/www.noidiqua.it\/Montale\/wp-content\/uploads\/2015\/06\/Concludendo-grande-guerra.png","type":"","width":"","height":""}],"author":"Massimo Cappelli","twitter_misc":{"Scritto da":"Massimo Cappelli","Tempo di lettura stimato":"5 minuti"},"schema":{"@context":"https:\/\/schema.org","@graph":[{"@type":"WebPage","@id":"https:\/\/www.noidiqua.it\/Montale\/grande-guerra-100-anni-dopo\/","url":"https:\/\/www.noidiqua.it\/Montale\/grande-guerra-100-anni-dopo\/","name":"La Grande guerra 100 anni dopo - Noi di Qua Testata giornalistica e di attualit\u00e0 di Agliana, Montale e Quarrata.","isPartOf":{"@id":"https:\/\/www.noidiqua.it\/Montale\/#website"},"primaryImageOfPage":{"@id":"https:\/\/www.noidiqua.it\/Montale\/grande-guerra-100-anni-dopo\/#primaryimage"},"image":{"@id":"https:\/\/www.noidiqua.it\/Montale\/grande-guerra-100-anni-dopo\/#primaryimage"},"thumbnailUrl":"https:\/\/www.noidiqua.it\/Montale\/wp-content\/uploads\/2015\/06\/Concludendo-grande-guerra.png","datePublished":"2015-06-12T10:16:17+00:00","dateModified":"2023-01-02T09:33:25+00:00","author":{"@id":"https:\/\/www.noidiqua.it\/Montale\/#\/schema\/person\/858b1b9db61101126e5ded39f94daedb"},"breadcrumb":{"@id":"https:\/\/www.noidiqua.it\/Montale\/grande-guerra-100-anni-dopo\/#breadcrumb"},"inLanguage":"it-IT","potentialAction":[{"@type":"ReadAction","target":["https:\/\/www.noidiqua.it\/Montale\/grande-guerra-100-anni-dopo\/"]}]},{"@type":"ImageObject","inLanguage":"it-IT","@id":"https:\/\/www.noidiqua.it\/Montale\/grande-guerra-100-anni-dopo\/#primaryimage","url":"https:\/\/www.noidiqua.it\/Montale\/wp-content\/uploads\/2015\/06\/Concludendo-grande-guerra.png","contentUrl":"https:\/\/www.noidiqua.it\/Montale\/wp-content\/uploads\/2015\/06\/Concludendo-grande-guerra.png","width":502,"height":321},{"@type":"BreadcrumbList","@id":"https:\/\/www.noidiqua.it\/Montale\/grande-guerra-100-anni-dopo\/#breadcrumb","itemListElement":[{"@type":"ListItem","position":1,"name":"Home","item":"https:\/\/www.noidiqua.it\/Montale\/"},{"@type":"ListItem","position":2,"name":"La Grande guerra 100 anni dopo"}]},{"@type":"WebSite","@id":"https:\/\/www.noidiqua.it\/Montale\/#website","url":"https:\/\/www.noidiqua.it\/Montale\/","name":"Noi di Qua Testata giornalistica e di attualit\u00e0 di Agliana, Montale e Quarrata.","description":"Testata Giornalistica Quarrata Montale Agliana","potentialAction":[{"@type":"SearchAction","target":{"@type":"EntryPoint","urlTemplate":"https:\/\/www.noidiqua.it\/Montale\/?s={search_term_string}"},"query-input":{"@type":"PropertyValueSpecification","valueRequired":true,"valueName":"search_term_string"}}],"inLanguage":"it-IT"},{"@type":"Person","@id":"https:\/\/www.noidiqua.it\/Montale\/#\/schema\/person\/858b1b9db61101126e5ded39f94daedb","name":"Massimo Cappelli","image":{"@type":"ImageObject","inLanguage":"it-IT","@id":"https:\/\/www.noidiqua.it\/Montale\/#\/schema\/person\/image\/","url":"https:\/\/secure.gravatar.com\/avatar\/0e7261535228aa9bb0417ab8f42f3fadaf8ce23bdfde46c689c43410a676cfa9?s=96&d=mm&r=g","contentUrl":"https:\/\/secure.gravatar.com\/avatar\/0e7261535228aa9bb0417ab8f42f3fadaf8ce23bdfde46c689c43410a676cfa9?s=96&d=mm&r=g","caption":"Massimo Cappelli"},"url":"https:\/\/www.noidiqua.it\/Montale\/author\/massimo-cappelli\/"}]}},"_links":{"self":[{"href":"https:\/\/www.noidiqua.it\/Montale\/wp-json\/wp\/v2\/posts\/3930","targetHints":{"allow":["GET"]}}],"collection":[{"href":"https:\/\/www.noidiqua.it\/Montale\/wp-json\/wp\/v2\/posts"}],"about":[{"href":"https:\/\/www.noidiqua.it\/Montale\/wp-json\/wp\/v2\/types\/post"}],"author":[{"embeddable":true,"href":"https:\/\/www.noidiqua.it\/Montale\/wp-json\/wp\/v2\/users\/7"}],"replies":[{"embeddable":true,"href":"https:\/\/www.noidiqua.it\/Montale\/wp-json\/wp\/v2\/comments?post=3930"}],"version-history":[{"count":3,"href":"https:\/\/www.noidiqua.it\/Montale\/wp-json\/wp\/v2\/posts\/3930\/revisions"}],"predecessor-version":[{"id":7413,"href":"https:\/\/www.noidiqua.it\/Montale\/wp-json\/wp\/v2\/posts\/3930\/revisions\/7413"}],"wp:attachment":[{"href":"https:\/\/www.noidiqua.it\/Montale\/wp-json\/wp\/v2\/media?parent=3930"}],"wp:term":[{"taxonomy":"category","embeddable":true,"href":"https:\/\/www.noidiqua.it\/Montale\/wp-json\/wp\/v2\/categories?post=3930"},{"taxonomy":"post_tag","embeddable":true,"href":"https:\/\/www.noidiqua.it\/Montale\/wp-json\/wp\/v2\/tags?post=3930"}],"curies":[{"name":"wp","href":"https:\/\/api.w.org\/{rel}","templated":true}]}}