{"id":3991,"date":"2015-09-05T16:40:15","date_gmt":"2015-09-05T14:40:15","guid":{"rendered":"https:\/\/www.noidiqua.it\/Montale\/?p=3991"},"modified":"2022-08-30T12:01:19","modified_gmt":"2022-08-30T10:01:19","slug":"n-p-i-montale","status":"publish","type":"post","link":"https:\/\/www.noidiqua.it\/Montale\/n-p-i-montale\/","title":{"rendered":"A.N.P.I. Montale"},"content":{"rendered":"<p><em>di\u00a0David Colzi. Ph: Foto Ottica Selene.<\/em><\/p>\n<p>settembre\u00a02015<\/p>\n<p><a href=\"https:\/\/www.noidiqua.it\/Montale\/wp-content\/uploads\/2015\/09\/anpi2.png\" rel=\"wp-prettyPhoto[3991]\"><img loading=\"lazy\" decoding=\"async\" class=\"aligncenter size-full wp-image-7182\" src=\"https:\/\/www.noidiqua.it\/Montale\/wp-content\/uploads\/2015\/09\/anpi2.png\" alt=\"\" width=\"486\" height=\"348\" srcset=\"https:\/\/www.noidiqua.it\/Montale\/wp-content\/uploads\/2015\/09\/anpi2.png 486w, https:\/\/www.noidiqua.it\/Montale\/wp-content\/uploads\/2015\/09\/anpi2-300x215.png 300w\" sizes=\"auto, (max-width: 486px) 100vw, 486px\" \/><\/a><\/p>\n<p><span class=\"s1\"><i>\u201cLa Storia siamo noi attenzione nessuno si senta escluso\u201d&#8230; <\/i>cos\u00ec canta <strong>Francesco De Gregori<\/strong> in una sua celebre canzone, e questo potrebbe essere il motto della sezione montalese dell\u2019A.N.P.I. (<strong>Associazione Nazionale Partigiani d\u2019Italia<\/strong>), ricostituitasi nel 2014 ed intitolata al partigiano Francesco Bertini, deceduto nel 2012 dopo essere stato per diversi anni, presidente dell\u2019associazione a livello locale.\u00a0<\/span>Il nuovo Comitato di sezione lavora perch\u00e9 venga valorizzata la storia di Montale legata alla seconda guerra mondiale e agli episodi tragici (ed eroici) che hanno coinvolto il nostro Comune, cercando allo stesso tempo di coinvolgere i ragazzi delle scuole medie affinch\u00e9 la memoria della Liberazione dal nazi-fascismo non resti qualcosa di lontano, legato a una sola generazione, ma diventi patrimonio vivo e vibrante nella mente dei ragazzi che sono il futuro del Paese.<\/p>\n<p><a href=\"https:\/\/www.noidiqua.it\/Montale\/wp-content\/uploads\/2015\/09\/anpi-Paola-Arcangeli.png\" rel=\"wp-prettyPhoto[3991]\"><img loading=\"lazy\" decoding=\"async\" class=\"aligncenter size-full wp-image-7183\" src=\"https:\/\/www.noidiqua.it\/Montale\/wp-content\/uploads\/2015\/09\/anpi-Paola-Arcangeli.png\" alt=\"\" width=\"339\" height=\"387\" srcset=\"https:\/\/www.noidiqua.it\/Montale\/wp-content\/uploads\/2015\/09\/anpi-Paola-Arcangeli.png 339w, https:\/\/www.noidiqua.it\/Montale\/wp-content\/uploads\/2015\/09\/anpi-Paola-Arcangeli-263x300.png 263w\" sizes=\"auto, (max-width: 339px) 100vw, 339px\" \/><\/a><\/p>\n<p>Un bel risultato \u00e8 stato gi\u00e0 raggiunto; infatti quasi ad un anno dalla nomina del nuovo consiglio, la sezione di Montale \u00e8 gi\u00e0 ai primissimi posti nella provincia di <strong>Pistoia<\/strong> per numero di tesserati, con oltre 100 iscritti, contando anche dei giovani. Tornando a parlare degli scolari, la presidente <strong>Paola Arcangeli<\/strong> ci dice: <i>\u00abA livello nazionale si legge molto della guerra di Liberazione, ma c\u2019\u00e8 anche una realt\u00e0 legata alla nostra gente, e a noi piacerebbe portare i ragazzi nei luoghi di Montale dove sono avvenuti i fatti storici di quel periodo. Quella la direzione in cui ci stiamo muovendo\u00bb. <\/i>Una bella iniziativa recente che ha visto la partecipazione di un pubblico molto variegato, \u00e8 stata la presentazione del libro sulla vita del partigiano <strong>Doriano Monfardini<\/strong>, che ha abitato per tanti anni a Montale e a cui \u00e8 stata dedicata anche una via. Continuando a parlare di progetti, ce n\u2019\u00e8 uno molto ambizioso, che dovrebbe colmare una grande lacuna del nostro Comune, ovvero la creazione di un archivio storico di documenti, dato che attualmente ci sono solo pubblicazioni di memorie legate a persone che hanno vissuto in quegli anni. <i>\u00abAnche in questo caso il coinvolgimento degli alunni sar\u00e0 fondamentale,\u00bb<\/i> dice <strong>Daniele Cipriani<\/strong>, vice presidente <i>\u00abin quanto le famiglie possono avere in casa foto e documenti, magari abbandonati in un cassetto. Qui potremo chiamare anche in causa\u00a0 l\u2019Archivio Storico della Resistenza\u00bb. \u00abTenga presente\u00bb <\/i>prosegue Paola Arcangeli \u00ab<i>che ci stiamo allontanando molto dal periodo della Resistenza, quindi il legame affettivo con chi ha vissuto quei giorni \u00e8 ormai perduto per sempre; per questo bisogna coinvolgere le nuove generazioni. Io ho insegnato per una vita sul territorio, e so per esperienza che i progetti fatti con gli alunni sulla Resistenza , lasciano in loro una traccia e a distanza di anni se lo ricordano\u00bb.<\/i><\/p>\n<p><a href=\"https:\/\/www.noidiqua.it\/Montale\/wp-content\/uploads\/2015\/09\/anpi.png\" rel=\"wp-prettyPhoto[3991]\"><img loading=\"lazy\" decoding=\"async\" class=\"aligncenter size-full wp-image-7185\" src=\"https:\/\/www.noidiqua.it\/Montale\/wp-content\/uploads\/2015\/09\/anpi.png\" alt=\"\" width=\"490\" height=\"383\" srcset=\"https:\/\/www.noidiqua.it\/Montale\/wp-content\/uploads\/2015\/09\/anpi.png 490w, https:\/\/www.noidiqua.it\/Montale\/wp-content\/uploads\/2015\/09\/anpi-300x234.png 300w\" sizes=\"auto, (max-width: 490px) 100vw, 490px\" \/><\/a><\/p>\n<p><span class=\"s1\">L\u2019A.N.P.I. come associazione, non ha un colore politico, \u00e8 aperta al dialogo con tutti e collabora con il Comune per le realizzare le sue iniziative; inoltre quando serve, si affianca alle altre associazioni del territorio. La sede \u00e8 al primo piano del <strong>Circolo Arci<\/strong> in via dei Martiri della Libert\u00e0. Il Comitato di sezione \u00e8 cos\u00ec composto: Presidente &#8211;<strong> Paola Arcangeli<\/strong>, Vice presidente &#8211; <strong>Daniele Cipriani<\/strong>, Segretario &#8211; <strong>Aldo Piantini<\/strong>. Consiglieri: <strong>Daniele Bini<\/strong>, <strong>M. Cristina Fattori<\/strong>, <strong>Giuliana Goracci<\/strong>, <strong>Goretto Goretti<\/strong>, <strong>Loriano Maccari<\/strong>, <strong>Giorgio Orsini<\/strong>, <strong>Alpo Pieraccioli<\/strong>, <strong>Tiziano Pierucci<\/strong> e <strong>Silvana Stella<\/strong>. Sindaci revisori: <strong>Giovanni Fiesoli<\/strong>, <strong>Loriano Lucchesi<\/strong>, <strong>Tiziano Tognaccini<\/strong>.<\/span><\/p>\n<p>&nbsp;<\/p>\n<p class=\"p1\" style=\"text-align: justify;\">","protected":false},"excerpt":{"rendered":"<p>di\u00a0David Colzi. Ph: Foto Ottica Selene. settembre\u00a02015 \u201cLa Storia siamo noi attenzione nessuno si senta escluso\u201d&#8230; cos\u00ec canta Francesco De Gregori in una sua celebre canzone, e questo potrebbe essere il motto della sezione montalese dell\u2019A.N.P.I. (Associazione Nazionale Partigiani d\u2019Italia), ricostituitasi nel 2014 ed intitolata al partigiano Francesco Bertini, deceduto nel 2012 dopo essere [&hellip;]<\/p>","protected":false},"author":5,"featured_media":0,"comment_status":"open","ping_status":"open","sticky":false,"template":"","format":"standard","meta":{"footnotes":""},"categories":[7,12],"tags":[266,267,271,270,269,995,268],"class_list":["post-3991","post","type-post","status-publish","format-standard","hentry","category-mt","category-solidarieta-qt","tag-a-n-p-i","tag-associazione-nazionale-partigiani-ditalia","tag-circolo-arci","tag-daniele-cipriani","tag-doriano-monfardini","tag-mt","tag-paola-arcangeli"],"yoast_head":"<!-- This site is optimized with the Yoast SEO plugin v25.5 - https:\/\/yoast.com\/wordpress\/plugins\/seo\/ -->\n<title>A.N.P.I. Montale - Noi di Qua Testata giornalistica e di attualit\u00e0 di Agliana, Montale e Quarrata.<\/title>\n<meta name=\"robots\" content=\"index, follow, max-snippet:-1, max-image-preview:large, max-video-preview:-1\" \/>\n<link rel=\"canonical\" href=\"https:\/\/www.noidiqua.it\/Montale\/n-p-i-montale\/\" \/>\n<meta property=\"og:locale\" content=\"it_IT\" \/>\n<meta property=\"og:type\" content=\"article\" \/>\n<meta property=\"og:title\" content=\"A.N.P.I. Montale - Noi di Qua Testata giornalistica e di attualit\u00e0 di Agliana, Montale e Quarrata.\" \/>\n<meta property=\"og:description\" content=\"di\u00a0David Colzi. Ph: Foto Ottica Selene. settembre\u00a02015 \u201cLa Storia siamo noi attenzione nessuno si senta escluso\u201d&#8230; cos\u00ec canta Francesco De Gregori in una sua celebre canzone, e questo potrebbe essere il motto della sezione montalese dell\u2019A.N.P.I. (Associazione Nazionale Partigiani d\u2019Italia), ricostituitasi nel 2014 ed intitolata al partigiano Francesco Bertini, deceduto nel 2012 dopo essere [&hellip;]\" \/>\n<meta property=\"og:url\" content=\"https:\/\/www.noidiqua.it\/Montale\/n-p-i-montale\/\" \/>\n<meta property=\"og:site_name\" content=\"Noi di Qua Testata giornalistica e di attualit\u00e0 di Agliana, Montale e Quarrata.\" \/>\n<meta property=\"article:publisher\" content=\"https:\/\/www.facebook.com\/noidiqua.trimestrale\/\" \/>\n<meta property=\"article:published_time\" content=\"2015-09-05T14:40:15+00:00\" \/>\n<meta property=\"article:modified_time\" content=\"2022-08-30T10:01:19+00:00\" \/>\n<meta property=\"og:image\" content=\"https:\/\/www.noidiqua.it\/Montale\/wp-content\/uploads\/2015\/09\/anpi2.png\" \/>\n<meta name=\"author\" content=\"David Colzi\" \/>\n<meta name=\"twitter:label1\" content=\"Scritto da\" \/>\n\t<meta name=\"twitter:data1\" content=\"David Colzi\" \/>\n\t<meta name=\"twitter:label2\" content=\"Tempo di lettura stimato\" \/>\n\t<meta name=\"twitter:data2\" content=\"3 minuti\" \/>\n<script type=\"application\/ld+json\" class=\"yoast-schema-graph\">{\"@context\":\"https:\/\/schema.org\",\"@graph\":[{\"@type\":\"WebPage\",\"@id\":\"https:\/\/www.noidiqua.it\/Montale\/n-p-i-montale\/\",\"url\":\"https:\/\/www.noidiqua.it\/Montale\/n-p-i-montale\/\",\"name\":\"A.N.P.I. Montale - Noi di Qua Testata giornalistica e di attualit\u00e0 di Agliana, Montale e Quarrata.\",\"isPartOf\":{\"@id\":\"https:\/\/www.noidiqua.it\/Montale\/#website\"},\"primaryImageOfPage\":{\"@id\":\"https:\/\/www.noidiqua.it\/Montale\/n-p-i-montale\/#primaryimage\"},\"image\":{\"@id\":\"https:\/\/www.noidiqua.it\/Montale\/n-p-i-montale\/#primaryimage\"},\"thumbnailUrl\":\"https:\/\/www.noidiqua.it\/Montale\/wp-content\/uploads\/2015\/09\/anpi2.png\",\"datePublished\":\"2015-09-05T14:40:15+00:00\",\"dateModified\":\"2022-08-30T10:01:19+00:00\",\"author\":{\"@id\":\"https:\/\/www.noidiqua.it\/Montale\/#\/schema\/person\/3b45dd21eb2367c177b6a6d35c868ccc\"},\"breadcrumb\":{\"@id\":\"https:\/\/www.noidiqua.it\/Montale\/n-p-i-montale\/#breadcrumb\"},\"inLanguage\":\"it-IT\",\"potentialAction\":[{\"@type\":\"ReadAction\",\"target\":[\"https:\/\/www.noidiqua.it\/Montale\/n-p-i-montale\/\"]}]},{\"@type\":\"ImageObject\",\"inLanguage\":\"it-IT\",\"@id\":\"https:\/\/www.noidiqua.it\/Montale\/n-p-i-montale\/#primaryimage\",\"url\":\"https:\/\/www.noidiqua.it\/Montale\/wp-content\/uploads\/2015\/09\/anpi2.png\",\"contentUrl\":\"https:\/\/www.noidiqua.it\/Montale\/wp-content\/uploads\/2015\/09\/anpi2.png\",\"width\":486,\"height\":348},{\"@type\":\"BreadcrumbList\",\"@id\":\"https:\/\/www.noidiqua.it\/Montale\/n-p-i-montale\/#breadcrumb\",\"itemListElement\":[{\"@type\":\"ListItem\",\"position\":1,\"name\":\"Home\",\"item\":\"https:\/\/www.noidiqua.it\/Montale\/\"},{\"@type\":\"ListItem\",\"position\":2,\"name\":\"A.N.P.I. Montale\"}]},{\"@type\":\"WebSite\",\"@id\":\"https:\/\/www.noidiqua.it\/Montale\/#website\",\"url\":\"https:\/\/www.noidiqua.it\/Montale\/\",\"name\":\"Noi di Qua Testata giornalistica e di attualit\u00e0 di Agliana, Montale e Quarrata.\",\"description\":\"Testata Giornalistica Quarrata Montale Agliana\",\"potentialAction\":[{\"@type\":\"SearchAction\",\"target\":{\"@type\":\"EntryPoint\",\"urlTemplate\":\"https:\/\/www.noidiqua.it\/Montale\/?s={search_term_string}\"},\"query-input\":{\"@type\":\"PropertyValueSpecification\",\"valueRequired\":true,\"valueName\":\"search_term_string\"}}],\"inLanguage\":\"it-IT\"},{\"@type\":\"Person\",\"@id\":\"https:\/\/www.noidiqua.it\/Montale\/#\/schema\/person\/3b45dd21eb2367c177b6a6d35c868ccc\",\"name\":\"David Colzi\",\"image\":{\"@type\":\"ImageObject\",\"inLanguage\":\"it-IT\",\"@id\":\"https:\/\/www.noidiqua.it\/Montale\/#\/schema\/person\/image\/\",\"url\":\"https:\/\/secure.gravatar.com\/avatar\/515ac68c0075b78a8243a0f28e5a361c9b5c466a1d6912ac3919ddd928c4db8c?s=96&d=mm&r=g\",\"contentUrl\":\"https:\/\/secure.gravatar.com\/avatar\/515ac68c0075b78a8243a0f28e5a361c9b5c466a1d6912ac3919ddd928c4db8c?s=96&d=mm&r=g\",\"caption\":\"David Colzi\"},\"url\":\"https:\/\/www.noidiqua.it\/Montale\/author\/david-colzi\/\"}]}<\/script>\n<!-- \/ Yoast SEO plugin. -->","yoast_head_json":{"title":"A.N.P.I. Montale - Noi di Qua Testata giornalistica e di attualit\u00e0 di Agliana, Montale e Quarrata.","robots":{"index":"index","follow":"follow","max-snippet":"max-snippet:-1","max-image-preview":"max-image-preview:large","max-video-preview":"max-video-preview:-1"},"canonical":"https:\/\/www.noidiqua.it\/Montale\/n-p-i-montale\/","og_locale":"it_IT","og_type":"article","og_title":"A.N.P.I. Montale - Noi di Qua Testata giornalistica e di attualit\u00e0 di Agliana, Montale e Quarrata.","og_description":"di\u00a0David Colzi. Ph: Foto Ottica Selene. settembre\u00a02015 \u201cLa Storia siamo noi attenzione nessuno si senta escluso\u201d&#8230; cos\u00ec canta Francesco De Gregori in una sua celebre canzone, e questo potrebbe essere il motto della sezione montalese dell\u2019A.N.P.I. (Associazione Nazionale Partigiani d\u2019Italia), ricostituitasi nel 2014 ed intitolata al partigiano Francesco Bertini, deceduto nel 2012 dopo essere [&hellip;]","og_url":"https:\/\/www.noidiqua.it\/Montale\/n-p-i-montale\/","og_site_name":"Noi di Qua Testata giornalistica e di attualit\u00e0 di Agliana, Montale e Quarrata.","article_publisher":"https:\/\/www.facebook.com\/noidiqua.trimestrale\/","article_published_time":"2015-09-05T14:40:15+00:00","article_modified_time":"2022-08-30T10:01:19+00:00","og_image":[{"url":"https:\/\/www.noidiqua.it\/Montale\/wp-content\/uploads\/2015\/09\/anpi2.png","type":"","width":"","height":""}],"author":"David Colzi","twitter_misc":{"Scritto da":"David Colzi","Tempo di lettura stimato":"3 minuti"},"schema":{"@context":"https:\/\/schema.org","@graph":[{"@type":"WebPage","@id":"https:\/\/www.noidiqua.it\/Montale\/n-p-i-montale\/","url":"https:\/\/www.noidiqua.it\/Montale\/n-p-i-montale\/","name":"A.N.P.I. Montale - Noi di Qua Testata giornalistica e di attualit\u00e0 di Agliana, Montale e Quarrata.","isPartOf":{"@id":"https:\/\/www.noidiqua.it\/Montale\/#website"},"primaryImageOfPage":{"@id":"https:\/\/www.noidiqua.it\/Montale\/n-p-i-montale\/#primaryimage"},"image":{"@id":"https:\/\/www.noidiqua.it\/Montale\/n-p-i-montale\/#primaryimage"},"thumbnailUrl":"https:\/\/www.noidiqua.it\/Montale\/wp-content\/uploads\/2015\/09\/anpi2.png","datePublished":"2015-09-05T14:40:15+00:00","dateModified":"2022-08-30T10:01:19+00:00","author":{"@id":"https:\/\/www.noidiqua.it\/Montale\/#\/schema\/person\/3b45dd21eb2367c177b6a6d35c868ccc"},"breadcrumb":{"@id":"https:\/\/www.noidiqua.it\/Montale\/n-p-i-montale\/#breadcrumb"},"inLanguage":"it-IT","potentialAction":[{"@type":"ReadAction","target":["https:\/\/www.noidiqua.it\/Montale\/n-p-i-montale\/"]}]},{"@type":"ImageObject","inLanguage":"it-IT","@id":"https:\/\/www.noidiqua.it\/Montale\/n-p-i-montale\/#primaryimage","url":"https:\/\/www.noidiqua.it\/Montale\/wp-content\/uploads\/2015\/09\/anpi2.png","contentUrl":"https:\/\/www.noidiqua.it\/Montale\/wp-content\/uploads\/2015\/09\/anpi2.png","width":486,"height":348},{"@type":"BreadcrumbList","@id":"https:\/\/www.noidiqua.it\/Montale\/n-p-i-montale\/#breadcrumb","itemListElement":[{"@type":"ListItem","position":1,"name":"Home","item":"https:\/\/www.noidiqua.it\/Montale\/"},{"@type":"ListItem","position":2,"name":"A.N.P.I. Montale"}]},{"@type":"WebSite","@id":"https:\/\/www.noidiqua.it\/Montale\/#website","url":"https:\/\/www.noidiqua.it\/Montale\/","name":"Noi di Qua Testata giornalistica e di attualit\u00e0 di Agliana, Montale e Quarrata.","description":"Testata Giornalistica Quarrata Montale Agliana","potentialAction":[{"@type":"SearchAction","target":{"@type":"EntryPoint","urlTemplate":"https:\/\/www.noidiqua.it\/Montale\/?s={search_term_string}"},"query-input":{"@type":"PropertyValueSpecification","valueRequired":true,"valueName":"search_term_string"}}],"inLanguage":"it-IT"},{"@type":"Person","@id":"https:\/\/www.noidiqua.it\/Montale\/#\/schema\/person\/3b45dd21eb2367c177b6a6d35c868ccc","name":"David Colzi","image":{"@type":"ImageObject","inLanguage":"it-IT","@id":"https:\/\/www.noidiqua.it\/Montale\/#\/schema\/person\/image\/","url":"https:\/\/secure.gravatar.com\/avatar\/515ac68c0075b78a8243a0f28e5a361c9b5c466a1d6912ac3919ddd928c4db8c?s=96&d=mm&r=g","contentUrl":"https:\/\/secure.gravatar.com\/avatar\/515ac68c0075b78a8243a0f28e5a361c9b5c466a1d6912ac3919ddd928c4db8c?s=96&d=mm&r=g","caption":"David Colzi"},"url":"https:\/\/www.noidiqua.it\/Montale\/author\/david-colzi\/"}]}},"_links":{"self":[{"href":"https:\/\/www.noidiqua.it\/Montale\/wp-json\/wp\/v2\/posts\/3991","targetHints":{"allow":["GET"]}}],"collection":[{"href":"https:\/\/www.noidiqua.it\/Montale\/wp-json\/wp\/v2\/posts"}],"about":[{"href":"https:\/\/www.noidiqua.it\/Montale\/wp-json\/wp\/v2\/types\/post"}],"author":[{"embeddable":true,"href":"https:\/\/www.noidiqua.it\/Montale\/wp-json\/wp\/v2\/users\/5"}],"replies":[{"embeddable":true,"href":"https:\/\/www.noidiqua.it\/Montale\/wp-json\/wp\/v2\/comments?post=3991"}],"version-history":[{"count":5,"href":"https:\/\/www.noidiqua.it\/Montale\/wp-json\/wp\/v2\/posts\/3991\/revisions"}],"predecessor-version":[{"id":7186,"href":"https:\/\/www.noidiqua.it\/Montale\/wp-json\/wp\/v2\/posts\/3991\/revisions\/7186"}],"wp:attachment":[{"href":"https:\/\/www.noidiqua.it\/Montale\/wp-json\/wp\/v2\/media?parent=3991"}],"wp:term":[{"taxonomy":"category","embeddable":true,"href":"https:\/\/www.noidiqua.it\/Montale\/wp-json\/wp\/v2\/categories?post=3991"},{"taxonomy":"post_tag","embeddable":true,"href":"https:\/\/www.noidiqua.it\/Montale\/wp-json\/wp\/v2\/tags?post=3991"}],"curies":[{"name":"wp","href":"https:\/\/api.w.org\/{rel}","templated":true}]}}