{"id":4011,"date":"2015-09-05T17:34:48","date_gmt":"2015-09-05T15:34:48","guid":{"rendered":"https:\/\/www.noidiqua.it\/Montale\/?p=4011"},"modified":"2022-08-30T09:38:11","modified_gmt":"2022-08-30T07:38:11","slug":"castagen","status":"publish","type":"post","link":"https:\/\/www.noidiqua.it\/Montale\/castagen\/","title":{"rendered":"Castagneti castagne e canicciaie &#8211; il libro di Andrea Bolognesi"},"content":{"rendered":"<p><em>di\u00a0Giacomo Bini<\/em><\/p>\n<p>settembre\u00a02015<\/p>\n<p><a href=\"https:\/\/www.noidiqua.it\/Montale\/wp-content\/uploads\/2015\/09\/castagne-e1661845084253.png\" rel=\"wp-prettyPhoto[4011]\"><img loading=\"lazy\" decoding=\"async\" class=\"aligncenter wp-image-7162 size-full\" src=\"https:\/\/www.noidiqua.it\/Montale\/wp-content\/uploads\/2015\/09\/castagne-e1661845084253.png\" alt=\"\" width=\"490\" height=\"380\" srcset=\"https:\/\/www.noidiqua.it\/Montale\/wp-content\/uploads\/2015\/09\/castagne-e1661845084253.png 490w, https:\/\/www.noidiqua.it\/Montale\/wp-content\/uploads\/2015\/09\/castagne-e1661845084253-300x233.png 300w\" sizes=\"auto, (max-width: 490px) 100vw, 490px\" \/><\/a><\/p>\n<p>Il libro di <strong>Andrea Bolognesi<\/strong>, <strong>C<i>astagneti, castagne e canicciaie<\/i><\/strong>, edito dalla <strong>Pro Loco<\/strong> di <strong>Tobbiana<\/strong>, \u00e8 un contributo notevole alla storia della nostra terra e alla civilt\u00e0 che ruotava intorno alle castagne che <i>\u201cerano per le popolazioni montane quello che il grano era per i contadini\u201d<\/i> cio\u00e8 la principale fonte di sostentamento e il centro di un mondo di lavoro, di vita individuale e collettiva. Il pregevole volume \u00e8 il primo di una collana che la Pro Loco di Tobbiana ha intitolato <strong>\u201cTobbiana, storia e tradizioni\u201d<\/strong>.<\/p>\n<p>&nbsp;<\/p>\n<p class=\"p1\" style=\"text-align: justify;\">Il libro di Bolognesi contiene una ricerca storica documentata e rigorosa com\u2019\u00e8 nello stile dell\u2019autore e si arricchisce delle belle fotografie di <strong>Alfo Signorini<\/strong> sapientemente inserite nel testo a cura di <strong>Gabriele Signorini<\/strong> che ha curato l\u2019impaginazione e la grafica. Il libro \u00e8 inoltre corredato da un interessantissimo Glossario del castagneto e della castagna in uso nella valle dell\u2019<strong>Agna<\/strong>, da una sezione dedicata ai proverbi e da un elenco dettagliato delle canicciaie presenti nella zona (30 in tutto, menzionate con il loro nome e la localit\u00e0 in cui si trovano). Tra i bellissimi proverbi ne ricordiamo solo uno che riassume in poche parole la dieta delle popolazioni montane: <strong><em>\u201cPan di legno e vin di nuvoli\u201d<\/em><\/strong> che allude alla castagna come frutto del legno del castagno, chiamato anche \u201cl\u2019albero del pane\u201d, mentre ovviamente il \u201cvin di nuvoli\u201d \u00e8 l\u2019acqua. Tra le parole del glossario, solo alcune sono ancora note e di uso comune, come <em><strong>\u201cballotti\u201d<\/strong><\/em>, <strong><em>\u201cfrugiate\u201d<\/em><\/strong> o <em><strong>\u201cmarone\u201d<\/strong><\/em>, mentre le altre fanno parte di un linguaggio legato ad una civilt\u00e0 ormai quasi scomparsa come <em><strong>\u201ccapitozza tura\u201d<\/strong><\/em>, <em><strong>\u201croncare\u201d<\/strong><\/em>, <em><strong>\u201cm\u00e0tero\u201d<\/strong><\/em> e tante altre.<\/p>\n<p><a href=\"https:\/\/www.noidiqua.it\/Montale\/wp-content\/uploads\/2015\/09\/castagne-libro.png\" rel=\"wp-prettyPhoto[4011]\"><img loading=\"lazy\" decoding=\"async\" class=\"aligncenter size-full wp-image-7164\" src=\"https:\/\/www.noidiqua.it\/Montale\/wp-content\/uploads\/2015\/09\/castagne-libro.png\" alt=\"\" width=\"275\" height=\"397\" srcset=\"https:\/\/www.noidiqua.it\/Montale\/wp-content\/uploads\/2015\/09\/castagne-libro.png 275w, https:\/\/www.noidiqua.it\/Montale\/wp-content\/uploads\/2015\/09\/castagne-libro-208x300.png 208w\" sizes=\"auto, (max-width: 275px) 100vw, 275px\" \/><\/a><\/p>\n<p class=\"p1\" style=\"text-align: justify;\">Tra le altre testimonianze il libro contiene quella di <strong>Rita Nesi<\/strong> (nata a Montale nel 1929) che racconta cos\u00ec: \u00ab<i>Si cominciava a raccattare le castagne dopo la festa (la prima domenica d\u2019ottobre) e si finiva dopo i Morti. Si partiva tutte la mattina presto, noi pi\u00f9 grandicelle, ci voleva un\u2019ora per arrivare e non s\u2019andava a scuola. Con noi c\u2019era i\u2019 babbo o i\u2019 zi\u2019 Candido che era senza un braccio perch\u00e9 l\u2019aveva perso in fabbrica alla lupa. Si raccattavano castagne tutto il giorno ni\u2019 castagneto roncato. Poi si portavano alla canicciaia e si buttavano sul caniccio per una finistrina che si chiamava verciatoia. Quando nel caniccio c\u2019erano una certa quantit\u00e0 di castagne, di sotto s\u2019accendeva il foco che bruciava di giorno e di notte. Nella canicciaia non ci si dormiva ma spesso ci si mangiava perch\u00e9 c\u2019era caldo: quante pentole di ballotti ci s\u2019\u00e8 fatto! Quando si venia via, la sera, si pigliva una manata di ballotti per uno e si mangiavano per strada. Nella canicciaia c\u2019era fumo, ma se si stava a sedere bassi bassi non dava noia. Ogni tanto il babbo entrava dalla finestrina che \u00e8 sopra la porta e andava a rigirare le castagne perch\u00e9 seccassero per bene. Gli ultimi sette otto giorni ci stavamo anche a dormire. Verso la met\u00e0 di novembre o anche pi\u00f9 in l\u00e0 le castagne erano secche. [\u2026] Mi ricordo che un anno si fece quattro quintali e mezzo di farina. E a polende la si mangi\u00f2 tutta e ci s\u2019aveva anche un po\u2019 di farina di granturco che i\u2019 babbo aveva seminato. Immagina te quanta polenda ho mangiato\u00bb.<\/i><\/p>\n<p><a href=\"https:\/\/www.noidiqua.it\/Montale\/wp-content\/uploads\/2015\/09\/cannicciaia.png\" rel=\"wp-prettyPhoto[4011]\"><img loading=\"lazy\" decoding=\"async\" class=\"aligncenter size-full wp-image-7165\" src=\"https:\/\/www.noidiqua.it\/Montale\/wp-content\/uploads\/2015\/09\/cannicciaia.png\" alt=\"\" width=\"502\" height=\"347\" srcset=\"https:\/\/www.noidiqua.it\/Montale\/wp-content\/uploads\/2015\/09\/cannicciaia.png 502w, https:\/\/www.noidiqua.it\/Montale\/wp-content\/uploads\/2015\/09\/cannicciaia-300x207.png 300w\" sizes=\"auto, (max-width: 502px) 100vw, 502px\" \/><\/a><\/p>","protected":false},"excerpt":{"rendered":"<p>di\u00a0Giacomo Bini settembre\u00a02015 Il libro di Andrea Bolognesi, Castagneti, castagne e canicciaie, edito dalla Pro Loco di Tobbiana, \u00e8 un contributo notevole alla storia della nostra terra e alla civilt\u00e0 che ruotava intorno alle castagne che \u201cerano per le popolazioni montane quello che il grano era per i contadini\u201d cio\u00e8 la principale fonte di [&hellip;]<\/p>","protected":false},"author":12,"featured_media":0,"comment_status":"open","ping_status":"open","sticky":false,"template":"","format":"standard","meta":{"footnotes":""},"categories":[7,26],"tags":[218,299,294,296,295,301,300,297,302,298,155],"class_list":["post-4011","post","type-post","status-publish","format-standard","hentry","category-mt","category-notizie-dal-passato","tag-agna","tag-alfo-signorini","tag-andrea-bolognesi","tag-castagne-e-canicciaie","tag-castagneti","tag-frugiate","tag-gabriele-signorini","tag-pro-loco","tag-rita-nesi","tag-storia-e-tradizioni","tag-tobbiana"],"yoast_head":"<!-- This site is optimized with the Yoast SEO plugin v25.5 - https:\/\/yoast.com\/wordpress\/plugins\/seo\/ -->\n<title>Castagneti castagne e canicciaie - il libro di Andrea Bolognesi - Noi di Qua Testata giornalistica e di attualit\u00e0 di Agliana, Montale e Quarrata.<\/title>\n<meta name=\"robots\" content=\"index, follow, max-snippet:-1, max-image-preview:large, max-video-preview:-1\" \/>\n<link rel=\"canonical\" href=\"https:\/\/www.noidiqua.it\/Montale\/castagen\/\" \/>\n<meta property=\"og:locale\" content=\"it_IT\" \/>\n<meta property=\"og:type\" content=\"article\" \/>\n<meta property=\"og:title\" content=\"Castagneti castagne e canicciaie - il libro di Andrea Bolognesi - Noi di Qua Testata giornalistica e di attualit\u00e0 di Agliana, Montale e Quarrata.\" \/>\n<meta property=\"og:description\" content=\"di\u00a0Giacomo Bini settembre\u00a02015 Il libro di Andrea Bolognesi, Castagneti, castagne e canicciaie, edito dalla Pro Loco di Tobbiana, \u00e8 un contributo notevole alla storia della nostra terra e alla civilt\u00e0 che ruotava intorno alle castagne che \u201cerano per le popolazioni montane quello che il grano era per i contadini\u201d cio\u00e8 la principale fonte di [&hellip;]\" \/>\n<meta property=\"og:url\" content=\"https:\/\/www.noidiqua.it\/Montale\/castagen\/\" \/>\n<meta property=\"og:site_name\" content=\"Noi di Qua Testata giornalistica e di attualit\u00e0 di Agliana, Montale e Quarrata.\" \/>\n<meta property=\"article:publisher\" content=\"https:\/\/www.facebook.com\/noidiqua.trimestrale\/\" \/>\n<meta property=\"article:published_time\" content=\"2015-09-05T15:34:48+00:00\" \/>\n<meta property=\"article:modified_time\" content=\"2022-08-30T07:38:11+00:00\" \/>\n<meta property=\"og:image\" content=\"https:\/\/www.noidiqua.it\/Montale\/wp-content\/uploads\/2015\/09\/castagne-e1661845084253.png\" \/>\n<meta name=\"author\" content=\"Giacomo Bini\" \/>\n<meta name=\"twitter:label1\" content=\"Scritto da\" \/>\n\t<meta name=\"twitter:data1\" content=\"Giacomo Bini\" \/>\n\t<meta name=\"twitter:label2\" content=\"Tempo di lettura stimato\" \/>\n\t<meta name=\"twitter:data2\" content=\"3 minuti\" \/>\n<script type=\"application\/ld+json\" class=\"yoast-schema-graph\">{\"@context\":\"https:\/\/schema.org\",\"@graph\":[{\"@type\":\"WebPage\",\"@id\":\"https:\/\/www.noidiqua.it\/Montale\/castagen\/\",\"url\":\"https:\/\/www.noidiqua.it\/Montale\/castagen\/\",\"name\":\"Castagneti castagne e canicciaie - il libro di Andrea Bolognesi - Noi di Qua Testata giornalistica e di attualit\u00e0 di Agliana, Montale e Quarrata.\",\"isPartOf\":{\"@id\":\"https:\/\/www.noidiqua.it\/Montale\/#website\"},\"primaryImageOfPage\":{\"@id\":\"https:\/\/www.noidiqua.it\/Montale\/castagen\/#primaryimage\"},\"image\":{\"@id\":\"https:\/\/www.noidiqua.it\/Montale\/castagen\/#primaryimage\"},\"thumbnailUrl\":\"https:\/\/www.noidiqua.it\/Montale\/wp-content\/uploads\/2015\/09\/castagne-e1661845084253.png\",\"datePublished\":\"2015-09-05T15:34:48+00:00\",\"dateModified\":\"2022-08-30T07:38:11+00:00\",\"author\":{\"@id\":\"https:\/\/www.noidiqua.it\/Montale\/#\/schema\/person\/e2e6f44da50af0dae9c90ad168e471a4\"},\"breadcrumb\":{\"@id\":\"https:\/\/www.noidiqua.it\/Montale\/castagen\/#breadcrumb\"},\"inLanguage\":\"it-IT\",\"potentialAction\":[{\"@type\":\"ReadAction\",\"target\":[\"https:\/\/www.noidiqua.it\/Montale\/castagen\/\"]}]},{\"@type\":\"ImageObject\",\"inLanguage\":\"it-IT\",\"@id\":\"https:\/\/www.noidiqua.it\/Montale\/castagen\/#primaryimage\",\"url\":\"https:\/\/www.noidiqua.it\/Montale\/wp-content\/uploads\/2015\/09\/castagne-e1661845084253.png\",\"contentUrl\":\"https:\/\/www.noidiqua.it\/Montale\/wp-content\/uploads\/2015\/09\/castagne-e1661845084253.png\",\"width\":490,\"height\":380},{\"@type\":\"BreadcrumbList\",\"@id\":\"https:\/\/www.noidiqua.it\/Montale\/castagen\/#breadcrumb\",\"itemListElement\":[{\"@type\":\"ListItem\",\"position\":1,\"name\":\"Home\",\"item\":\"https:\/\/www.noidiqua.it\/Montale\/\"},{\"@type\":\"ListItem\",\"position\":2,\"name\":\"Castagneti castagne e canicciaie &#8211; il libro di Andrea Bolognesi\"}]},{\"@type\":\"WebSite\",\"@id\":\"https:\/\/www.noidiqua.it\/Montale\/#website\",\"url\":\"https:\/\/www.noidiqua.it\/Montale\/\",\"name\":\"Noi di Qua Testata giornalistica e di attualit\u00e0 di Agliana, Montale e Quarrata.\",\"description\":\"Testata Giornalistica Quarrata Montale Agliana\",\"potentialAction\":[{\"@type\":\"SearchAction\",\"target\":{\"@type\":\"EntryPoint\",\"urlTemplate\":\"https:\/\/www.noidiqua.it\/Montale\/?s={search_term_string}\"},\"query-input\":{\"@type\":\"PropertyValueSpecification\",\"valueRequired\":true,\"valueName\":\"search_term_string\"}}],\"inLanguage\":\"it-IT\"},{\"@type\":\"Person\",\"@id\":\"https:\/\/www.noidiqua.it\/Montale\/#\/schema\/person\/e2e6f44da50af0dae9c90ad168e471a4\",\"name\":\"Giacomo Bini\",\"image\":{\"@type\":\"ImageObject\",\"inLanguage\":\"it-IT\",\"@id\":\"https:\/\/www.noidiqua.it\/Montale\/#\/schema\/person\/image\/\",\"url\":\"https:\/\/secure.gravatar.com\/avatar\/e5c18ae41df5ae37397358f2c6046696187d51a120c5d0b8f0c49f7b606f46f4?s=96&d=mm&r=g\",\"contentUrl\":\"https:\/\/secure.gravatar.com\/avatar\/e5c18ae41df5ae37397358f2c6046696187d51a120c5d0b8f0c49f7b606f46f4?s=96&d=mm&r=g\",\"caption\":\"Giacomo Bini\"},\"url\":\"https:\/\/www.noidiqua.it\/Montale\/author\/giacomo-bini\/\"}]}<\/script>\n<!-- \/ Yoast SEO plugin. -->","yoast_head_json":{"title":"Castagneti castagne e canicciaie - il libro di Andrea Bolognesi - Noi di Qua Testata giornalistica e di attualit\u00e0 di Agliana, Montale e Quarrata.","robots":{"index":"index","follow":"follow","max-snippet":"max-snippet:-1","max-image-preview":"max-image-preview:large","max-video-preview":"max-video-preview:-1"},"canonical":"https:\/\/www.noidiqua.it\/Montale\/castagen\/","og_locale":"it_IT","og_type":"article","og_title":"Castagneti castagne e canicciaie - il libro di Andrea Bolognesi - Noi di Qua Testata giornalistica e di attualit\u00e0 di Agliana, Montale e Quarrata.","og_description":"di\u00a0Giacomo Bini settembre\u00a02015 Il libro di Andrea Bolognesi, Castagneti, castagne e canicciaie, edito dalla Pro Loco di Tobbiana, \u00e8 un contributo notevole alla storia della nostra terra e alla civilt\u00e0 che ruotava intorno alle castagne che \u201cerano per le popolazioni montane quello che il grano era per i contadini\u201d cio\u00e8 la principale fonte di [&hellip;]","og_url":"https:\/\/www.noidiqua.it\/Montale\/castagen\/","og_site_name":"Noi di Qua Testata giornalistica e di attualit\u00e0 di Agliana, Montale e Quarrata.","article_publisher":"https:\/\/www.facebook.com\/noidiqua.trimestrale\/","article_published_time":"2015-09-05T15:34:48+00:00","article_modified_time":"2022-08-30T07:38:11+00:00","og_image":[{"url":"https:\/\/www.noidiqua.it\/Montale\/wp-content\/uploads\/2015\/09\/castagne-e1661845084253.png","type":"","width":"","height":""}],"author":"Giacomo Bini","twitter_misc":{"Scritto da":"Giacomo Bini","Tempo di lettura stimato":"3 minuti"},"schema":{"@context":"https:\/\/schema.org","@graph":[{"@type":"WebPage","@id":"https:\/\/www.noidiqua.it\/Montale\/castagen\/","url":"https:\/\/www.noidiqua.it\/Montale\/castagen\/","name":"Castagneti castagne e canicciaie - il libro di Andrea Bolognesi - Noi di Qua Testata giornalistica e di attualit\u00e0 di Agliana, Montale e Quarrata.","isPartOf":{"@id":"https:\/\/www.noidiqua.it\/Montale\/#website"},"primaryImageOfPage":{"@id":"https:\/\/www.noidiqua.it\/Montale\/castagen\/#primaryimage"},"image":{"@id":"https:\/\/www.noidiqua.it\/Montale\/castagen\/#primaryimage"},"thumbnailUrl":"https:\/\/www.noidiqua.it\/Montale\/wp-content\/uploads\/2015\/09\/castagne-e1661845084253.png","datePublished":"2015-09-05T15:34:48+00:00","dateModified":"2022-08-30T07:38:11+00:00","author":{"@id":"https:\/\/www.noidiqua.it\/Montale\/#\/schema\/person\/e2e6f44da50af0dae9c90ad168e471a4"},"breadcrumb":{"@id":"https:\/\/www.noidiqua.it\/Montale\/castagen\/#breadcrumb"},"inLanguage":"it-IT","potentialAction":[{"@type":"ReadAction","target":["https:\/\/www.noidiqua.it\/Montale\/castagen\/"]}]},{"@type":"ImageObject","inLanguage":"it-IT","@id":"https:\/\/www.noidiqua.it\/Montale\/castagen\/#primaryimage","url":"https:\/\/www.noidiqua.it\/Montale\/wp-content\/uploads\/2015\/09\/castagne-e1661845084253.png","contentUrl":"https:\/\/www.noidiqua.it\/Montale\/wp-content\/uploads\/2015\/09\/castagne-e1661845084253.png","width":490,"height":380},{"@type":"BreadcrumbList","@id":"https:\/\/www.noidiqua.it\/Montale\/castagen\/#breadcrumb","itemListElement":[{"@type":"ListItem","position":1,"name":"Home","item":"https:\/\/www.noidiqua.it\/Montale\/"},{"@type":"ListItem","position":2,"name":"Castagneti castagne e canicciaie &#8211; il libro di Andrea Bolognesi"}]},{"@type":"WebSite","@id":"https:\/\/www.noidiqua.it\/Montale\/#website","url":"https:\/\/www.noidiqua.it\/Montale\/","name":"Noi di Qua Testata giornalistica e di attualit\u00e0 di Agliana, Montale e Quarrata.","description":"Testata Giornalistica Quarrata Montale Agliana","potentialAction":[{"@type":"SearchAction","target":{"@type":"EntryPoint","urlTemplate":"https:\/\/www.noidiqua.it\/Montale\/?s={search_term_string}"},"query-input":{"@type":"PropertyValueSpecification","valueRequired":true,"valueName":"search_term_string"}}],"inLanguage":"it-IT"},{"@type":"Person","@id":"https:\/\/www.noidiqua.it\/Montale\/#\/schema\/person\/e2e6f44da50af0dae9c90ad168e471a4","name":"Giacomo Bini","image":{"@type":"ImageObject","inLanguage":"it-IT","@id":"https:\/\/www.noidiqua.it\/Montale\/#\/schema\/person\/image\/","url":"https:\/\/secure.gravatar.com\/avatar\/e5c18ae41df5ae37397358f2c6046696187d51a120c5d0b8f0c49f7b606f46f4?s=96&d=mm&r=g","contentUrl":"https:\/\/secure.gravatar.com\/avatar\/e5c18ae41df5ae37397358f2c6046696187d51a120c5d0b8f0c49f7b606f46f4?s=96&d=mm&r=g","caption":"Giacomo Bini"},"url":"https:\/\/www.noidiqua.it\/Montale\/author\/giacomo-bini\/"}]}},"_links":{"self":[{"href":"https:\/\/www.noidiqua.it\/Montale\/wp-json\/wp\/v2\/posts\/4011","targetHints":{"allow":["GET"]}}],"collection":[{"href":"https:\/\/www.noidiqua.it\/Montale\/wp-json\/wp\/v2\/posts"}],"about":[{"href":"https:\/\/www.noidiqua.it\/Montale\/wp-json\/wp\/v2\/types\/post"}],"author":[{"embeddable":true,"href":"https:\/\/www.noidiqua.it\/Montale\/wp-json\/wp\/v2\/users\/12"}],"replies":[{"embeddable":true,"href":"https:\/\/www.noidiqua.it\/Montale\/wp-json\/wp\/v2\/comments?post=4011"}],"version-history":[{"count":6,"href":"https:\/\/www.noidiqua.it\/Montale\/wp-json\/wp\/v2\/posts\/4011\/revisions"}],"predecessor-version":[{"id":7167,"href":"https:\/\/www.noidiqua.it\/Montale\/wp-json\/wp\/v2\/posts\/4011\/revisions\/7167"}],"wp:attachment":[{"href":"https:\/\/www.noidiqua.it\/Montale\/wp-json\/wp\/v2\/media?parent=4011"}],"wp:term":[{"taxonomy":"category","embeddable":true,"href":"https:\/\/www.noidiqua.it\/Montale\/wp-json\/wp\/v2\/categories?post=4011"},{"taxonomy":"post_tag","embeddable":true,"href":"https:\/\/www.noidiqua.it\/Montale\/wp-json\/wp\/v2\/tags?post=4011"}],"curies":[{"name":"wp","href":"https:\/\/api.w.org\/{rel}","templated":true}]}}