{"id":4134,"date":"2016-03-13T16:13:10","date_gmt":"2016-03-13T15:13:10","guid":{"rendered":"https:\/\/www.noidiqua.it\/Montale\/?p=4134"},"modified":"2022-07-25T16:17:14","modified_gmt":"2022-07-25T14:17:14","slug":"samuele-spampani","status":"publish","type":"post","link":"https:\/\/www.noidiqua.it\/Montale\/samuele-spampani\/","title":{"rendered":"Samuele Spampani"},"content":{"rendered":"<p><em>di\u00a0David Colzi. Foto: <a href=\"http:\/\/www.bellinigabriele.it\">Gabriele Bellini<\/a>.<\/em><\/p>\n<p>marzo 2016<\/p>\n<p><a href=\"https:\/\/www.noidiqua.it\/Montale\/wp-content\/uploads\/2016\/03\/GABRIELE-SPAMPANI-.png\" rel=\"wp-prettyPhoto[4134]\"><img loading=\"lazy\" decoding=\"async\" class=\"aligncenter size-full wp-image-7075\" src=\"https:\/\/www.noidiqua.it\/Montale\/wp-content\/uploads\/2016\/03\/GABRIELE-SPAMPANI-.png\" alt=\"\" width=\"450\" height=\"368\" srcset=\"https:\/\/www.noidiqua.it\/Montale\/wp-content\/uploads\/2016\/03\/GABRIELE-SPAMPANI-.png 450w, https:\/\/www.noidiqua.it\/Montale\/wp-content\/uploads\/2016\/03\/GABRIELE-SPAMPANI--300x245.png 300w\" sizes=\"auto, (max-width: 450px) 100vw, 450px\" \/><\/a><\/p>\n<p>La storia sportiva di <strong>Samuele Spampani<\/strong> \u00e8 interessante sotto tutti i punti di vista, perch\u00e9 ci racconta di ascese e cadute, del coraggio di rimettersi in gioco e di traguardi raggiunti; in pratica \u00e8 fatta di tutto ci\u00f2 che di nobile c\u2019\u00e8 nello sport.<\/p>\n<p>Classe 1984, Samuele ha incontrato il tennis a 4 anni, grazie a nonno Rino che faceva il giardiniere al Circolo della <strong>Tennistica Montalese<\/strong>, e grazie a babbo Gianfranco, che gi\u00e0 praticava questo sport. <i>\u00abAll\u2019et\u00e0 di 5 anni, presi in mano la racchetta per la prima volta\u00bb <\/i>precisa Spampani. Da allora la passione per il tennis fu totale e Samuele, grazie a un prodigioso talento, inizi\u00f2 a farsi strada arrivando ad essere fra i primi 15 giocatori in Italia, nelle categorie under 12\/14\/16, oltre a essere campione toscano a squadre sempre nelle stesse categorie e campione toscano di singolo under 12\/14. Chi sono stati i tuoi maestri? \u00ab<i><strong>Stefano Pagliai<\/strong>, diventato quasi un fratello maggiore, e <strong>Massimo Moschini<\/strong>, che \u00e8 stato per me come un secondo padre; entrambi dell\u2019<strong>A.T. Montalese<\/strong>\u00bb.<\/i> Visti tutti questi traguardi, il professionismo sembrava davvero dietro l\u2019angolo, ma come ci dice lui, gli mancava la <i>\u00abmentalit\u00e0 giusta\u00bb<\/i>, in quanto il tennis era principalmente divertimento. Cos\u00ec a 17 anni arriv\u00f2 la crisi, ovvero un periodo di <i>\u00abbuio cosmico\u00bb<\/i>; per 12 mesi cess\u00f2 completamente l\u2019attivit\u00e0 sportiva e si dedic\u00f2 ad altro, lavorando come cameriere in un noto ristorante di <strong>Montemurlo<\/strong>, proprio con l\u2019intento di staccare la spina dal tennis. A Montemurlo per\u00f2 incontr\u00f2 Nicola Pagliai, fratello di Stefano, all\u2019epoca presidente A.T. Montalese, che contribu\u00ec a riavvicinarlo alla racchetta. Cos\u00ec l\u2019anno dopo ricominci\u00f2 ad allenarsi e da allora non si \u00e8 pi\u00f9 fermato.<\/p>\n<p><a href=\"https:\/\/www.noidiqua.it\/Montale\/wp-content\/uploads\/2016\/03\/GABRIELE-SPAMPANI-2.png\" rel=\"wp-prettyPhoto[4134]\"><img loading=\"lazy\" decoding=\"async\" class=\"aligncenter size-full wp-image-7076\" src=\"https:\/\/www.noidiqua.it\/Montale\/wp-content\/uploads\/2016\/03\/GABRIELE-SPAMPANI-2.png\" alt=\"\" width=\"253\" height=\"380\" srcset=\"https:\/\/www.noidiqua.it\/Montale\/wp-content\/uploads\/2016\/03\/GABRIELE-SPAMPANI-2.png 253w, https:\/\/www.noidiqua.it\/Montale\/wp-content\/uploads\/2016\/03\/GABRIELE-SPAMPANI-2-200x300.png 200w\" sizes=\"auto, (max-width: 253px) 100vw, 253px\" \/><\/a><\/p>\n<p>La pi\u00f9 bella vittoria della tua carriera? <i>\u00abIn verit\u00e0 ricordo con piacere una sconfitta!\u00bb <\/i>dice sorridendo Samuele<i> \u00abMi trovavo a Rovereto a disputare un torneo internazionale nel \u201898 e fronteggiai un giocatore diventato poi un grande campione, Andreas Seppi. Fu una partita lottatissima e alla fine persi anche se avevo dominato per tutto il tempo. Da allora io e Andreas siamo diventati buoni amici\u00bb<\/i>.<\/p>\n<p>All\u2019et\u00e0 di vent\u2019anni Samuele ha iniziato anche ad occuparsi di insegnamento per A.T. Montalese, specializzandosi nel tempo con corsi prestigiosi, divenendo <strong>Maestro nazionale Uisp<\/strong> e Coach internazionale della <strong>GPTCA<\/strong> (Global Professional Tennis Coach Association); in pi\u00f9 \u00e8 Responsabile delle politiche giovanili nella <strong>Lega Tennis Nazionale UISP<\/strong>. Attualmente Samuele lavora in pianta stabile all\u2019A.T. Montalese, e si occupa di allievi a tutti i livelli, dai pi\u00f9 piccoli agli adulti; l\u2019associazione sportiva infatti vanta 110 bambini iscritti (dai 5 anni in poi) e 70 corsisti adulti. Da sottolineare che grazie a Samuele, all\u2019interno della struttura si \u00e8 allenato per due anni <strong>Claudio Grassi<\/strong>, tennista professionista di Massa Carrara, che si era affidato a Spampani per gli allenamenti, nonostante fra i due ci fosse solo un anno di differenza.<i> \u00abGrazie a lui e grazie alla struttura che gli avevamo creato attorno qui a Montale per farlo giocare al meglio, ho avuto la possibilit\u00e0 di girare il mondo nei vari tornei, e Grassi ha ottenuto ottimi risultati\u00bb <\/i>ricorda Samuele<i>. <\/i>Tu che hai vissuto cos\u00ec intensamente questo sport, come ti comporti quando individui tra gli allievi, un giovane \u201cdi belle speranze\u201d? <i>\u00abOltre all\u2019insegnamento cerco sempre di parlarci molto come farebbe un fratello maggiore, raccontandogli anche la mia esperienza nel tennis. In pratica tento di aiutare i talenti a sbocciare, senza per\u00f2 rovinare i ragazzi ossessionandoli, perch\u00e9 oltre allo sport c\u2019\u00e8 tutta una vita da vivere. Alla fine se uno \u00e8 bravo, la sua strada la trova da s\u00e9\u00bb<\/i>. E tu che bilancio fai della tua carriera? <i>\u00abSono molto contento di quello che ho fatto e non rimpiango nulla, neanche quello a cui ho rinunciato. Mi sento realizzato come insegnante e voglio continuare su questa strada, specializzandomi sempre pi\u00f9\u00bb<\/i>.<\/p>\n<p>&nbsp;<\/p>","protected":false},"excerpt":{"rendered":"<p>di\u00a0David Colzi. Foto: Gabriele Bellini. marzo 2016 La storia sportiva di Samuele Spampani \u00e8 interessante sotto tutti i punti di vista, perch\u00e9 ci racconta di ascese e cadute, del coraggio di rimettersi in gioco e di traguardi raggiunti; in pratica \u00e8 fatta di tutto ci\u00f2 che di nobile c\u2019\u00e8 nello sport. Classe 1984, Samuele [&hellip;]<\/p>","protected":false},"author":5,"featured_media":0,"comment_status":"open","ping_status":"open","sticky":false,"template":"","format":"standard","meta":{"footnotes":""},"categories":[171,7],"tags":[396,400,398,399,397,395,238,392,394,393],"class_list":["post-4134","post","type-post","status-publish","format-standard","hentry","category-lo-sport-di-qua","category-mt","tag-a-t-montalese","tag-claudio-grassi","tag-gptca","tag-lega-tennis-nazionale-uisp","tag-maestro-nazionale-uisp","tag-massimo-moschini","tag-montemurlo","tag-samuele-spampani","tag-stefano-pagliai","tag-tennistica-montalese"],"yoast_head":"<!-- This site is optimized with the Yoast SEO plugin v25.5 - https:\/\/yoast.com\/wordpress\/plugins\/seo\/ -->\n<title>Samuele Spampani - Noi di Qua Testata giornalistica e di attualit\u00e0 di Agliana, Montale e Quarrata.<\/title>\n<meta name=\"robots\" content=\"index, follow, max-snippet:-1, max-image-preview:large, max-video-preview:-1\" \/>\n<link rel=\"canonical\" href=\"https:\/\/www.noidiqua.it\/Montale\/samuele-spampani\/\" \/>\n<meta property=\"og:locale\" content=\"it_IT\" \/>\n<meta property=\"og:type\" content=\"article\" \/>\n<meta property=\"og:title\" content=\"Samuele Spampani - Noi di Qua Testata giornalistica e di attualit\u00e0 di Agliana, Montale e Quarrata.\" \/>\n<meta property=\"og:description\" content=\"di\u00a0David Colzi. Foto: Gabriele Bellini. marzo 2016 La storia sportiva di Samuele Spampani \u00e8 interessante sotto tutti i punti di vista, perch\u00e9 ci racconta di ascese e cadute, del coraggio di rimettersi in gioco e di traguardi raggiunti; in pratica \u00e8 fatta di tutto ci\u00f2 che di nobile c\u2019\u00e8 nello sport. Classe 1984, Samuele [&hellip;]\" \/>\n<meta property=\"og:url\" content=\"https:\/\/www.noidiqua.it\/Montale\/samuele-spampani\/\" \/>\n<meta property=\"og:site_name\" content=\"Noi di Qua Testata giornalistica e di attualit\u00e0 di Agliana, Montale e Quarrata.\" \/>\n<meta property=\"article:publisher\" content=\"https:\/\/www.facebook.com\/noidiqua.trimestrale\/\" \/>\n<meta property=\"article:published_time\" content=\"2016-03-13T15:13:10+00:00\" \/>\n<meta property=\"article:modified_time\" content=\"2022-07-25T14:17:14+00:00\" \/>\n<meta property=\"og:image\" content=\"https:\/\/www.noidiqua.it\/Montale\/wp-content\/uploads\/2016\/03\/GABRIELE-SPAMPANI-.png\" \/>\n<meta name=\"author\" content=\"David Colzi\" \/>\n<meta name=\"twitter:label1\" content=\"Scritto da\" \/>\n\t<meta name=\"twitter:data1\" content=\"David Colzi\" \/>\n\t<meta name=\"twitter:label2\" content=\"Tempo di lettura stimato\" \/>\n\t<meta name=\"twitter:data2\" content=\"3 minuti\" \/>\n<script type=\"application\/ld+json\" class=\"yoast-schema-graph\">{\"@context\":\"https:\/\/schema.org\",\"@graph\":[{\"@type\":\"WebPage\",\"@id\":\"https:\/\/www.noidiqua.it\/Montale\/samuele-spampani\/\",\"url\":\"https:\/\/www.noidiqua.it\/Montale\/samuele-spampani\/\",\"name\":\"Samuele Spampani - Noi di Qua Testata giornalistica e di attualit\u00e0 di Agliana, Montale e Quarrata.\",\"isPartOf\":{\"@id\":\"https:\/\/www.noidiqua.it\/Montale\/#website\"},\"primaryImageOfPage\":{\"@id\":\"https:\/\/www.noidiqua.it\/Montale\/samuele-spampani\/#primaryimage\"},\"image\":{\"@id\":\"https:\/\/www.noidiqua.it\/Montale\/samuele-spampani\/#primaryimage\"},\"thumbnailUrl\":\"https:\/\/www.noidiqua.it\/Montale\/wp-content\/uploads\/2016\/03\/GABRIELE-SPAMPANI-.png\",\"datePublished\":\"2016-03-13T15:13:10+00:00\",\"dateModified\":\"2022-07-25T14:17:14+00:00\",\"author\":{\"@id\":\"https:\/\/www.noidiqua.it\/Montale\/#\/schema\/person\/3b45dd21eb2367c177b6a6d35c868ccc\"},\"breadcrumb\":{\"@id\":\"https:\/\/www.noidiqua.it\/Montale\/samuele-spampani\/#breadcrumb\"},\"inLanguage\":\"it-IT\",\"potentialAction\":[{\"@type\":\"ReadAction\",\"target\":[\"https:\/\/www.noidiqua.it\/Montale\/samuele-spampani\/\"]}]},{\"@type\":\"ImageObject\",\"inLanguage\":\"it-IT\",\"@id\":\"https:\/\/www.noidiqua.it\/Montale\/samuele-spampani\/#primaryimage\",\"url\":\"https:\/\/www.noidiqua.it\/Montale\/wp-content\/uploads\/2016\/03\/GABRIELE-SPAMPANI-.png\",\"contentUrl\":\"https:\/\/www.noidiqua.it\/Montale\/wp-content\/uploads\/2016\/03\/GABRIELE-SPAMPANI-.png\",\"width\":450,\"height\":368},{\"@type\":\"BreadcrumbList\",\"@id\":\"https:\/\/www.noidiqua.it\/Montale\/samuele-spampani\/#breadcrumb\",\"itemListElement\":[{\"@type\":\"ListItem\",\"position\":1,\"name\":\"Home\",\"item\":\"https:\/\/www.noidiqua.it\/Montale\/\"},{\"@type\":\"ListItem\",\"position\":2,\"name\":\"Samuele Spampani\"}]},{\"@type\":\"WebSite\",\"@id\":\"https:\/\/www.noidiqua.it\/Montale\/#website\",\"url\":\"https:\/\/www.noidiqua.it\/Montale\/\",\"name\":\"Noi di Qua Testata giornalistica e di attualit\u00e0 di Agliana, Montale e Quarrata.\",\"description\":\"Testata Giornalistica Quarrata Montale Agliana\",\"potentialAction\":[{\"@type\":\"SearchAction\",\"target\":{\"@type\":\"EntryPoint\",\"urlTemplate\":\"https:\/\/www.noidiqua.it\/Montale\/?s={search_term_string}\"},\"query-input\":{\"@type\":\"PropertyValueSpecification\",\"valueRequired\":true,\"valueName\":\"search_term_string\"}}],\"inLanguage\":\"it-IT\"},{\"@type\":\"Person\",\"@id\":\"https:\/\/www.noidiqua.it\/Montale\/#\/schema\/person\/3b45dd21eb2367c177b6a6d35c868ccc\",\"name\":\"David Colzi\",\"image\":{\"@type\":\"ImageObject\",\"inLanguage\":\"it-IT\",\"@id\":\"https:\/\/www.noidiqua.it\/Montale\/#\/schema\/person\/image\/\",\"url\":\"https:\/\/secure.gravatar.com\/avatar\/515ac68c0075b78a8243a0f28e5a361c9b5c466a1d6912ac3919ddd928c4db8c?s=96&d=mm&r=g\",\"contentUrl\":\"https:\/\/secure.gravatar.com\/avatar\/515ac68c0075b78a8243a0f28e5a361c9b5c466a1d6912ac3919ddd928c4db8c?s=96&d=mm&r=g\",\"caption\":\"David Colzi\"},\"url\":\"https:\/\/www.noidiqua.it\/Montale\/author\/david-colzi\/\"}]}<\/script>\n<!-- \/ Yoast SEO plugin. -->","yoast_head_json":{"title":"Samuele Spampani - Noi di Qua Testata giornalistica e di attualit\u00e0 di Agliana, Montale e Quarrata.","robots":{"index":"index","follow":"follow","max-snippet":"max-snippet:-1","max-image-preview":"max-image-preview:large","max-video-preview":"max-video-preview:-1"},"canonical":"https:\/\/www.noidiqua.it\/Montale\/samuele-spampani\/","og_locale":"it_IT","og_type":"article","og_title":"Samuele Spampani - Noi di Qua Testata giornalistica e di attualit\u00e0 di Agliana, Montale e Quarrata.","og_description":"di\u00a0David Colzi. Foto: Gabriele Bellini. marzo 2016 La storia sportiva di Samuele Spampani \u00e8 interessante sotto tutti i punti di vista, perch\u00e9 ci racconta di ascese e cadute, del coraggio di rimettersi in gioco e di traguardi raggiunti; in pratica \u00e8 fatta di tutto ci\u00f2 che di nobile c\u2019\u00e8 nello sport. Classe 1984, Samuele [&hellip;]","og_url":"https:\/\/www.noidiqua.it\/Montale\/samuele-spampani\/","og_site_name":"Noi di Qua Testata giornalistica e di attualit\u00e0 di Agliana, Montale e Quarrata.","article_publisher":"https:\/\/www.facebook.com\/noidiqua.trimestrale\/","article_published_time":"2016-03-13T15:13:10+00:00","article_modified_time":"2022-07-25T14:17:14+00:00","og_image":[{"url":"https:\/\/www.noidiqua.it\/Montale\/wp-content\/uploads\/2016\/03\/GABRIELE-SPAMPANI-.png","type":"","width":"","height":""}],"author":"David Colzi","twitter_misc":{"Scritto da":"David Colzi","Tempo di lettura stimato":"3 minuti"},"schema":{"@context":"https:\/\/schema.org","@graph":[{"@type":"WebPage","@id":"https:\/\/www.noidiqua.it\/Montale\/samuele-spampani\/","url":"https:\/\/www.noidiqua.it\/Montale\/samuele-spampani\/","name":"Samuele Spampani - Noi di Qua Testata giornalistica e di attualit\u00e0 di Agliana, Montale e Quarrata.","isPartOf":{"@id":"https:\/\/www.noidiqua.it\/Montale\/#website"},"primaryImageOfPage":{"@id":"https:\/\/www.noidiqua.it\/Montale\/samuele-spampani\/#primaryimage"},"image":{"@id":"https:\/\/www.noidiqua.it\/Montale\/samuele-spampani\/#primaryimage"},"thumbnailUrl":"https:\/\/www.noidiqua.it\/Montale\/wp-content\/uploads\/2016\/03\/GABRIELE-SPAMPANI-.png","datePublished":"2016-03-13T15:13:10+00:00","dateModified":"2022-07-25T14:17:14+00:00","author":{"@id":"https:\/\/www.noidiqua.it\/Montale\/#\/schema\/person\/3b45dd21eb2367c177b6a6d35c868ccc"},"breadcrumb":{"@id":"https:\/\/www.noidiqua.it\/Montale\/samuele-spampani\/#breadcrumb"},"inLanguage":"it-IT","potentialAction":[{"@type":"ReadAction","target":["https:\/\/www.noidiqua.it\/Montale\/samuele-spampani\/"]}]},{"@type":"ImageObject","inLanguage":"it-IT","@id":"https:\/\/www.noidiqua.it\/Montale\/samuele-spampani\/#primaryimage","url":"https:\/\/www.noidiqua.it\/Montale\/wp-content\/uploads\/2016\/03\/GABRIELE-SPAMPANI-.png","contentUrl":"https:\/\/www.noidiqua.it\/Montale\/wp-content\/uploads\/2016\/03\/GABRIELE-SPAMPANI-.png","width":450,"height":368},{"@type":"BreadcrumbList","@id":"https:\/\/www.noidiqua.it\/Montale\/samuele-spampani\/#breadcrumb","itemListElement":[{"@type":"ListItem","position":1,"name":"Home","item":"https:\/\/www.noidiqua.it\/Montale\/"},{"@type":"ListItem","position":2,"name":"Samuele Spampani"}]},{"@type":"WebSite","@id":"https:\/\/www.noidiqua.it\/Montale\/#website","url":"https:\/\/www.noidiqua.it\/Montale\/","name":"Noi di Qua Testata giornalistica e di attualit\u00e0 di Agliana, Montale e Quarrata.","description":"Testata Giornalistica Quarrata Montale Agliana","potentialAction":[{"@type":"SearchAction","target":{"@type":"EntryPoint","urlTemplate":"https:\/\/www.noidiqua.it\/Montale\/?s={search_term_string}"},"query-input":{"@type":"PropertyValueSpecification","valueRequired":true,"valueName":"search_term_string"}}],"inLanguage":"it-IT"},{"@type":"Person","@id":"https:\/\/www.noidiqua.it\/Montale\/#\/schema\/person\/3b45dd21eb2367c177b6a6d35c868ccc","name":"David Colzi","image":{"@type":"ImageObject","inLanguage":"it-IT","@id":"https:\/\/www.noidiqua.it\/Montale\/#\/schema\/person\/image\/","url":"https:\/\/secure.gravatar.com\/avatar\/515ac68c0075b78a8243a0f28e5a361c9b5c466a1d6912ac3919ddd928c4db8c?s=96&d=mm&r=g","contentUrl":"https:\/\/secure.gravatar.com\/avatar\/515ac68c0075b78a8243a0f28e5a361c9b5c466a1d6912ac3919ddd928c4db8c?s=96&d=mm&r=g","caption":"David Colzi"},"url":"https:\/\/www.noidiqua.it\/Montale\/author\/david-colzi\/"}]}},"_links":{"self":[{"href":"https:\/\/www.noidiqua.it\/Montale\/wp-json\/wp\/v2\/posts\/4134","targetHints":{"allow":["GET"]}}],"collection":[{"href":"https:\/\/www.noidiqua.it\/Montale\/wp-json\/wp\/v2\/posts"}],"about":[{"href":"https:\/\/www.noidiqua.it\/Montale\/wp-json\/wp\/v2\/types\/post"}],"author":[{"embeddable":true,"href":"https:\/\/www.noidiqua.it\/Montale\/wp-json\/wp\/v2\/users\/5"}],"replies":[{"embeddable":true,"href":"https:\/\/www.noidiqua.it\/Montale\/wp-json\/wp\/v2\/comments?post=4134"}],"version-history":[{"count":7,"href":"https:\/\/www.noidiqua.it\/Montale\/wp-json\/wp\/v2\/posts\/4134\/revisions"}],"predecessor-version":[{"id":7077,"href":"https:\/\/www.noidiqua.it\/Montale\/wp-json\/wp\/v2\/posts\/4134\/revisions\/7077"}],"wp:attachment":[{"href":"https:\/\/www.noidiqua.it\/Montale\/wp-json\/wp\/v2\/media?parent=4134"}],"wp:term":[{"taxonomy":"category","embeddable":true,"href":"https:\/\/www.noidiqua.it\/Montale\/wp-json\/wp\/v2\/categories?post=4134"},{"taxonomy":"post_tag","embeddable":true,"href":"https:\/\/www.noidiqua.it\/Montale\/wp-json\/wp\/v2\/tags?post=4134"}],"curies":[{"name":"wp","href":"https:\/\/api.w.org\/{rel}","templated":true}]}}